{"id":34623,"date":"2017-09-14T09:10:02","date_gmt":"2017-09-14T07:10:02","guid":{"rendered":"https:\/\/www.justiceinfo.net\/34623-tchad-amesty-denonce-l-accentuation-de-la-repression-rapport.html"},"modified":"2017-09-14T09:10:02","modified_gmt":"2017-09-14T07:10:02","slug":"tchad-amesty-denonce-l-accentuation-de-la-repression-rapport","status":"publish","type":"post","link":"https:\/\/www.justiceinfo.net\/fr\/34623-tchad-amesty-denonce-l-accentuation-de-la-repression-rapport.html","title":{"rendered":"Tchad: Amesty d\u00e9nonce la r\u00e9pression"},"content":{"rendered":"<div class=\"content-excerpt\">\n<p>La r\u00e9pression envers les acteurs de la soci\u00e9t\u00e9 civile a augment\u00e9 au Tchad ces derni\u00e8res ann\u00e9es, d\u00e9nonce dans un rapport publi\u00e9 jeudi l'ONG Amnesty international, qui appelle les autorit\u00e9s \u00e0 modifier ces pratiques.<\/p>\n<\/div>\n<p>\"Les d\u00e9fenseurs des droits humains, les membres de mouvements citoyens, les syndicalistes et les journalistes qui critiquent le r\u00e9gime sont de plus en plus menac\u00e9s\", s'inqui\u00e8te dans son communiqu\u00e9 de presse l'ONG de d\u00e9fense des droits de l'homme, qui demande aux autorit\u00e9s de \"modifier les lois restrictives\" et de lib\u00e9rer les \"prisonniers d'opinion\".<\/p>\n<p>Amnesty d\u00e9nonce l'arrestation et la d\u00e9tention de membres de la soci\u00e9t\u00e9 civile, l'interdiction croissante des manifestations et les restrictions de la libert\u00e9 d'expression. Elle d\u00e9nombre 65 associations interdites de manifester en deux ans et plus de 10 sites internet bloqu\u00e9s en 2016.<\/p>\n<p>En ligne de mire: l'Agence nationale de S\u00e9curit\u00e9 (ANS), qui arr\u00eate et d\u00e9tient ill\u00e9galement dans des lieux non-officiels des personnes coup\u00e9es de leur famille et de leur avocat, selon l'ONG.<\/p>\n<p>\"J'\u00e9tais les pieds encha\u00een\u00e9s, les mains menott\u00e9es, et pendant l'interrogatoire, on me mettait un sac avec des piments sur la t\u00eate. Je ne pouvais pas respirer pendant trois ou quatre minutes. J'agonisais\", avait t\u00e9moign\u00e9 en juillet \u00e0 l'AFP \u00e0 visage d\u00e9couvert Nadjo Kaina, du mouvement citoyen Iyina (\"Nous sommes fatigu\u00e9s\" en arabe dialectal), arr\u00eat\u00e9 en avril par l'ANS et d\u00e9tenu au secret 21 jours.<\/p>\n<p>Le pr\u00e9sident tchadien Idriss D\u00e9by Itno avait promis, au moment de son accession au pouvoir 1990, de rompre avec les pratiques de son pr\u00e9d\u00e9cesseur Hiss\u00e8ne Habr\u00e9 qui purge aujourd'hui une peine de prison \u00e0 vie pour \"crimes contre l'humanit\u00e9\", rappelle Amnesty.<\/p>\n<p>Une premi\u00e8re intensification des violations des droits humains s'est faite ressentir en 2006-2008, p\u00e9riode o\u00f9 le r\u00e9gime d'Idriss D\u00e9by a connu deux tentatives de renversement.<\/p>\n<p>La r\u00e9pression s'est encore accentu\u00e9e depuis 2016, ann\u00e9e \u00e9lectorale aboutissant \u00e0 la r\u00e9\u00e9lection de M. D\u00e9by pour un cinqui\u00e8me mandat. Une r\u00e9\u00e9lection contest\u00e9e par l'opposition.<\/p>\n<p>Amnesty international, qui dit avoir sollicit\u00e9 les autorit\u00e9s tchadiennes il y a six semaines, assure ne pas avoir re\u00e7u de r\u00e9ponse de leur part.<\/p>\n<p>Expos\u00e9 depuis 2015 aux attaques du groupe jihadiste nig\u00e9rian Boko Haram, le Tchad est un partenaire militaire strat\u00e9gique dans la lutte contre le jihadisme au Sahel, pour de nombreux pays occidentaux - notamment la France ou les Etats-unis.<\/p>\n<p>Ces Etats \"sont moins enclins \u00e0 faire pression sur le Tchad au sujet de la situation des droits humains dans le pays\", selon \"plusieurs sources diplomatiques et de la soci\u00e9t\u00e9 civile\", \u00e9crit Amnesty.<\/p>\n","protected":false},"excerpt":{"rendered":"<p>La r\u00e9pression envers les acteurs de la soci\u00e9t\u00e9 civile a augment\u00e9 au Tchad ces derni\u00e8res ann\u00e9es, d\u00e9nonce dans un rapport publi\u00e9 jeudi l'ONG Amnesty international, qui appelle les autorit\u00e9s \u00e0 modifier ces pratiques. \"Les d\u00e9fenseurs des droits humains, les membres de mouvements citoyens, les syndicalistes et les journalistes qui critiquent le r\u00e9gime sont de plus [&hellip;]<\/p>\n","protected":false},"author":60,"featured_media":0,"comment_status":"open","ping_status":"closed","sticky":false,"template":"","format":"standard","meta":{"_acf_changed":false,"footnotes":""},"categories":[556],"tags":[],"ji_location":[2166],"class_list":["post-34623","post","type-post","status-publish","format-standard","hentry","category-divers","ji_location-tchad"],"acf":[],"yoast_head":"<!-- This site is optimized with the Yoast SEO Premium plugin v25.3.1 (Yoast SEO v25.3.1) - https:\/\/yoast.com\/wordpress\/plugins\/seo\/ -->\n<title>Tchad: Amesty d\u00e9nonce la r\u00e9pression - JusticeInfo.net<\/title>\n<meta name=\"robots\" content=\"index, follow, max-snippet:-1, max-image-preview:large, max-video-preview:-1\" \/>\n<link rel=\"canonical\" href=\"https:\/\/www.justiceinfo.net\/fr\/34623-tchad-amesty-denonce-l-accentuation-de-la-repression-rapport.html\" \/>\n<meta property=\"og:locale\" content=\"fr_FR\" \/>\n<meta property=\"og:type\" content=\"article\" \/>\n<meta property=\"og:title\" content=\"Tchad: Amesty d\u00e9nonce la r\u00e9pression\" \/>\n<meta property=\"og:description\" content=\"La r\u00e9pression envers les acteurs de la soci\u00e9t\u00e9 civile a augment\u00e9 au Tchad ces derni\u00e8res ann\u00e9es, d\u00e9nonce dans un rapport publi\u00e9 jeudi l&#039;ONG Amnesty international, qui appelle les autorit\u00e9s \u00e0 modifier ces pratiques. &quot;Les d\u00e9fenseurs des droits humains, les membres de mouvements citoyens, les syndicalistes et les journalistes qui critiquent le r\u00e9gime sont de plus [&hellip;]\" \/>\n<meta property=\"og:url\" content=\"https:\/\/www.justiceinfo.net\/fr\/34623-tchad-amesty-denonce-l-accentuation-de-la-repression-rapport.html\" \/>\n<meta property=\"og:site_name\" content=\"JusticeInfo.net\" \/>\n<meta property=\"article:publisher\" content=\"https:\/\/www.facebook.com\/JusticeInfo\/\" \/>\n<meta property=\"article:published_time\" content=\"2017-09-14T07:10:02+00:00\" \/>\n<meta property=\"og:image\" content=\"https:\/\/www.justiceinfo.net\/wp-content\/uploads\/JusticeInfoNet_logo_1200x630px.jpg\" \/>\n\t<meta property=\"og:image:width\" content=\"1200\" \/>\n\t<meta property=\"og:image:height\" content=\"630\" \/>\n\t<meta property=\"og:image:type\" content=\"image\/jpeg\" \/>\n<meta name=\"author\" content=\"AFP\" \/>\n<meta name=\"twitter:card\" content=\"summary_large_image\" \/>\n<meta name=\"twitter:creator\" content=\"@justiceinfonet\" \/>\n<meta name=\"twitter:site\" content=\"@justiceinfonet\" \/>\n<meta name=\"twitter:label1\" content=\"\u00c9crit par\" \/>\n\t<meta name=\"twitter:data1\" content=\"AFP\" \/>\n\t<meta name=\"twitter:label2\" content=\"Dur\u00e9e de lecture estim\u00e9e\" \/>\n\t<meta name=\"twitter:data2\" content=\"2 minutes\" \/>\n<script type=\"application\/ld+json\" class=\"yoast-schema-graph\">{\"@context\":\"https:\/\/schema.org\",\"@graph\":[{\"@type\":\"NewsArticle\",\"@id\":\"https:\/\/www.justiceinfo.net\/fr\/34623-tchad-amesty-denonce-l-accentuation-de-la-repression-rapport.html#article\",\"isPartOf\":{\"@id\":\"https:\/\/www.justiceinfo.net\/fr\/34623-tchad-amesty-denonce-l-accentuation-de-la-repression-rapport.html\"},\"author\":{\"name\":\"afp\",\"@id\":\"https:\/\/www.justiceinfo.net\/fr#\/schema\/person\/713d340ef5f218fc36ce9b4244364a7f\"},\"headline\":\"Tchad: Amesty d\u00e9nonce la r\u00e9pression\",\"datePublished\":\"2017-09-14T07:10:02+00:00\",\"mainEntityOfPage\":{\"@id\":\"https:\/\/www.justiceinfo.net\/fr\/34623-tchad-amesty-denonce-l-accentuation-de-la-repression-rapport.html\"},\"wordCount\":478,\"commentCount\":0,\"publisher\":{\"@id\":\"https:\/\/www.justiceinfo.net\/fr#organization\"},\"articleSection\":[\"Divers\"],\"inLanguage\":\"fr-FR\",\"potentialAction\":[{\"@type\":\"CommentAction\",\"name\":\"Comment\",\"target\":[\"https:\/\/www.justiceinfo.net\/fr\/34623-tchad-amesty-denonce-l-accentuation-de-la-repression-rapport.html#respond\"]}]},{\"@type\":\"WebPage\",\"@id\":\"https:\/\/www.justiceinfo.net\/fr\/34623-tchad-amesty-denonce-l-accentuation-de-la-repression-rapport.html\",\"url\":\"https:\/\/www.justiceinfo.net\/fr\/34623-tchad-amesty-denonce-l-accentuation-de-la-repression-rapport.html\",\"name\":\"Tchad: Amesty d\u00e9nonce la r\u00e9pression - JusticeInfo.net\",\"isPartOf\":{\"@id\":\"https:\/\/www.justiceinfo.net\/fr#website\"},\"datePublished\":\"2017-09-14T07:10:02+00:00\",\"breadcrumb\":{\"@id\":\"https:\/\/www.justiceinfo.net\/fr\/34623-tchad-amesty-denonce-l-accentuation-de-la-repression-rapport.html#breadcrumb\"},\"inLanguage\":\"fr-FR\",\"potentialAction\":[{\"@type\":\"ReadAction\",\"target\":[\"https:\/\/www.justiceinfo.net\/fr\/34623-tchad-amesty-denonce-l-accentuation-de-la-repression-rapport.html\"]}]},{\"@type\":\"BreadcrumbList\",\"@id\":\"https:\/\/www.justiceinfo.net\/fr\/34623-tchad-amesty-denonce-l-accentuation-de-la-repression-rapport.html#breadcrumb\",\"itemListElement\":[{\"@type\":\"ListItem\",\"position\":1,\"name\":\"Home\",\"item\":\"https:\/\/www.justiceinfo.net\/fr\"},{\"@type\":\"ListItem\",\"position\":2,\"name\":\"Tchad: Amesty d\u00e9nonce la r\u00e9pression\"}]},{\"@type\":\"WebSite\",\"@id\":\"https:\/\/www.justiceinfo.net\/fr#website\",\"url\":\"https:\/\/www.justiceinfo.net\/fr\",\"name\":\"JusticeInfo.net\",\"description\":\"La justice doit \u00eatre vue pour \u00eatre rendue\",\"publisher\":{\"@id\":\"https:\/\/www.justiceinfo.net\/fr#organization\"},\"potentialAction\":[{\"@type\":\"SearchAction\",\"target\":{\"@type\":\"EntryPoint\",\"urlTemplate\":\"https:\/\/www.justiceinfo.net\/fr?s={search_term_string}\"},\"query-input\":{\"@type\":\"PropertyValueSpecification\",\"valueRequired\":true,\"valueName\":\"search_term_string\"}}],\"inLanguage\":\"fr-FR\"},{\"@type\":\"Organization\",\"@id\":\"https:\/\/www.justiceinfo.net\/fr#organization\",\"name\":\"Justice Info\",\"url\":\"https:\/\/www.justiceinfo.net\/fr\",\"logo\":{\"@type\":\"ImageObject\",\"inLanguage\":\"fr-FR\",\"@id\":\"https:\/\/www.justiceinfo.net\/fr#\/schema\/logo\/image\/\",\"url\":\"https:\/\/www.justiceinfo.net\/wp-content\/uploads\/justiceinfo_logo-trans_1200x1200px.png\",\"contentUrl\":\"https:\/\/www.justiceinfo.net\/wp-content\/uploads\/justiceinfo_logo-trans_1200x1200px.png\",\"width\":1199,\"height\":1200,\"caption\":\"Justice Info\"},\"image\":{\"@id\":\"https:\/\/www.justiceinfo.net\/fr#\/schema\/logo\/image\/\"},\"sameAs\":[\"https:\/\/www.facebook.com\/JusticeInfo\/\",\"https:\/\/x.com\/justiceinfonet\",\"https:\/\/www.linkedin.com\/company\/justice-info\",\"https:\/\/www.youtube.com\/channel\/UCyCEsARodyuWtkWyhn-e7pA\"]},{\"@type\":\"Person\",\"name\":\"AFP\",\"url\":\"\/fr\/?s=AFP\"}]}<\/script>\n<!-- \/ Yoast SEO Premium plugin. -->","yoast_head_json":{"title":"Tchad: Amesty d\u00e9nonce la r\u00e9pression - JusticeInfo.net","robots":{"index":"index","follow":"follow","max-snippet":"max-snippet:-1","max-image-preview":"max-image-preview:large","max-video-preview":"max-video-preview:-1"},"canonical":"https:\/\/www.justiceinfo.net\/fr\/34623-tchad-amesty-denonce-l-accentuation-de-la-repression-rapport.html","og_locale":"fr_FR","og_type":"article","og_title":"Tchad: Amesty d\u00e9nonce la r\u00e9pression","og_description":"La r\u00e9pression envers les acteurs de la soci\u00e9t\u00e9 civile a augment\u00e9 au Tchad ces derni\u00e8res ann\u00e9es, d\u00e9nonce dans un rapport publi\u00e9 jeudi l'ONG Amnesty international, qui appelle les autorit\u00e9s \u00e0 modifier ces pratiques. \"Les d\u00e9fenseurs des droits humains, les membres de mouvements citoyens, les syndicalistes et les journalistes qui critiquent le r\u00e9gime sont de plus [&hellip;]","og_url":"https:\/\/www.justiceinfo.net\/fr\/34623-tchad-amesty-denonce-l-accentuation-de-la-repression-rapport.html","og_site_name":"JusticeInfo.net","article_publisher":"https:\/\/www.facebook.com\/JusticeInfo\/","article_published_time":"2017-09-14T07:10:02+00:00","og_image":[{"width":1200,"height":630,"url":"https:\/\/www.justiceinfo.net\/wp-content\/uploads\/JusticeInfoNet_logo_1200x630px.jpg","type":"image\/jpeg"}],"author":"AFP","twitter_card":"summary_large_image","twitter_creator":"@justiceinfonet","twitter_site":"@justiceinfonet","twitter_misc":{"\u00c9crit par":"AFP","Dur\u00e9e de lecture estim\u00e9e":"2 minutes"},"schema":{"@context":"https:\/\/schema.org","@graph":[{"@type":"NewsArticle","@id":"https:\/\/www.justiceinfo.net\/fr\/34623-tchad-amesty-denonce-l-accentuation-de-la-repression-rapport.html#article","isPartOf":{"@id":"https:\/\/www.justiceinfo.net\/fr\/34623-tchad-amesty-denonce-l-accentuation-de-la-repression-rapport.html"},"author":{"name":"afp","@id":"https:\/\/www.justiceinfo.net\/fr#\/schema\/person\/713d340ef5f218fc36ce9b4244364a7f"},"headline":"Tchad: Amesty d\u00e9nonce la r\u00e9pression","datePublished":"2017-09-14T07:10:02+00:00","mainEntityOfPage":{"@id":"https:\/\/www.justiceinfo.net\/fr\/34623-tchad-amesty-denonce-l-accentuation-de-la-repression-rapport.html"},"wordCount":478,"commentCount":0,"publisher":{"@id":"https:\/\/www.justiceinfo.net\/fr#organization"},"articleSection":["Divers"],"inLanguage":"fr-FR","potentialAction":[{"@type":"CommentAction","name":"Comment","target":["https:\/\/www.justiceinfo.net\/fr\/34623-tchad-amesty-denonce-l-accentuation-de-la-repression-rapport.html#respond"]}]},{"@type":"WebPage","@id":"https:\/\/www.justiceinfo.net\/fr\/34623-tchad-amesty-denonce-l-accentuation-de-la-repression-rapport.html","url":"https:\/\/www.justiceinfo.net\/fr\/34623-tchad-amesty-denonce-l-accentuation-de-la-repression-rapport.html","name":"Tchad: Amesty d\u00e9nonce la r\u00e9pression - JusticeInfo.net","isPartOf":{"@id":"https:\/\/www.justiceinfo.net\/fr#website"},"datePublished":"2017-09-14T07:10:02+00:00","breadcrumb":{"@id":"https:\/\/www.justiceinfo.net\/fr\/34623-tchad-amesty-denonce-l-accentuation-de-la-repression-rapport.html#breadcrumb"},"inLanguage":"fr-FR","potentialAction":[{"@type":"ReadAction","target":["https:\/\/www.justiceinfo.net\/fr\/34623-tchad-amesty-denonce-l-accentuation-de-la-repression-rapport.html"]}]},{"@type":"BreadcrumbList","@id":"https:\/\/www.justiceinfo.net\/fr\/34623-tchad-amesty-denonce-l-accentuation-de-la-repression-rapport.html#breadcrumb","itemListElement":[{"@type":"ListItem","position":1,"name":"Home","item":"https:\/\/www.justiceinfo.net\/fr"},{"@type":"ListItem","position":2,"name":"Tchad: Amesty d\u00e9nonce la r\u00e9pression"}]},{"@type":"WebSite","@id":"https:\/\/www.justiceinfo.net\/fr#website","url":"https:\/\/www.justiceinfo.net\/fr","name":"JusticeInfo.net","description":"La justice doit \u00eatre vue pour \u00eatre rendue","publisher":{"@id":"https:\/\/www.justiceinfo.net\/fr#organization"},"potentialAction":[{"@type":"SearchAction","target":{"@type":"EntryPoint","urlTemplate":"https:\/\/www.justiceinfo.net\/fr?s={search_term_string}"},"query-input":{"@type":"PropertyValueSpecification","valueRequired":true,"valueName":"search_term_string"}}],"inLanguage":"fr-FR"},{"@type":"Organization","@id":"https:\/\/www.justiceinfo.net\/fr#organization","name":"Justice Info","url":"https:\/\/www.justiceinfo.net\/fr","logo":{"@type":"ImageObject","inLanguage":"fr-FR","@id":"https:\/\/www.justiceinfo.net\/fr#\/schema\/logo\/image\/","url":"https:\/\/www.justiceinfo.net\/wp-content\/uploads\/justiceinfo_logo-trans_1200x1200px.png","contentUrl":"https:\/\/www.justiceinfo.net\/wp-content\/uploads\/justiceinfo_logo-trans_1200x1200px.png","width":1199,"height":1200,"caption":"Justice Info"},"image":{"@id":"https:\/\/www.justiceinfo.net\/fr#\/schema\/logo\/image\/"},"sameAs":["https:\/\/www.facebook.com\/JusticeInfo\/","https:\/\/x.com\/justiceinfonet","https:\/\/www.linkedin.com\/company\/justice-info","https:\/\/www.youtube.com\/channel\/UCyCEsARodyuWtkWyhn-e7pA"]},{"@type":"Person","name":"AFP","url":"\/fr\/?s=AFP"}]}},"_links":{"self":[{"href":"https:\/\/www.justiceinfo.net\/fr\/wp-json\/wp\/v2\/posts\/34623","targetHints":{"allow":["GET"]}}],"collection":[{"href":"https:\/\/www.justiceinfo.net\/fr\/wp-json\/wp\/v2\/posts"}],"about":[{"href":"https:\/\/www.justiceinfo.net\/fr\/wp-json\/wp\/v2\/types\/post"}],"author":[{"embeddable":true,"href":"https:\/\/www.justiceinfo.net\/fr\/wp-json\/wp\/v2\/users\/60"}],"replies":[{"embeddable":true,"href":"https:\/\/www.justiceinfo.net\/fr\/wp-json\/wp\/v2\/comments?post=34623"}],"version-history":[{"count":0,"href":"https:\/\/www.justiceinfo.net\/fr\/wp-json\/wp\/v2\/posts\/34623\/revisions"}],"wp:attachment":[{"href":"https:\/\/www.justiceinfo.net\/fr\/wp-json\/wp\/v2\/media?parent=34623"}],"wp:term":[{"taxonomy":"category","embeddable":true,"href":"https:\/\/www.justiceinfo.net\/fr\/wp-json\/wp\/v2\/categories?post=34623"},{"taxonomy":"post_tag","embeddable":true,"href":"https:\/\/www.justiceinfo.net\/fr\/wp-json\/wp\/v2\/tags?post=34623"},{"taxonomy":"ji_location","embeddable":true,"href":"https:\/\/www.justiceinfo.net\/fr\/wp-json\/wp\/v2\/ji_location?post=34623"}],"curies":[{"name":"wp","href":"https:\/\/api.w.org\/{rel}","templated":true}]}}