{"id":34659,"date":"2017-09-18T08:48:30","date_gmt":"2017-09-18T06:48:30","guid":{"rendered":"https:\/\/www.justiceinfo.net\/34659-la-semaine-de-la-justice-transitionnelle-question-de-mots.html"},"modified":"2017-09-18T08:48:30","modified_gmt":"2017-09-18T06:48:30","slug":"la-semaine-de-la-justice-transitionnelle-question-de-mots","status":"publish","type":"post","link":"https:\/\/www.justiceinfo.net\/fr\/34659-la-semaine-de-la-justice-transitionnelle-question-de-mots.html","title":{"rendered":"La semaine de la justice transitionnelle : question de mots"},"content":{"rendered":"<div class=\"content-excerpt\">\n<p>La justice transitionnelle est aussi question de mots. Comme \u00ab\u00a0g\u00e9nocide\u00a0\u00bb ou \u00ab\u00a0nettoyage ethnique\u00a0\u00bb marqu\u00e9s par les m\u00e9moires sanglantes du Rwanda ou des Balkans.<\/p>\n<\/div>\n<p>\u00c0 court de <a href=\"fr\/justice-reconciliation\/34617-rohingyas-guterres-veut-l-arret-du-genocide-suu-kyi-va-sortir-du-silence.html\">mots<\/a>, le secr\u00e9taire g\u00e9n\u00e9ral de l\u2019ONU a reconnu que le massacre des Rohingyas par l\u2019arm\u00e9e du Myanmar \u00e9tait bien \u00ab\u00a0un nettoyage ethnique\u00a0\u00bb.<\/p>\n<p>\"Quand un tiers de la population Rohingya doit fuir le pays, pensez-vous pouvoir trouver un meilleur mot pour d\u00e9crire\" la situation, a ainsi r\u00e9pondu Ant\u00f3nio Guterres. Mais pour la dirigeante de fait du pays et Prix Nobel de la Paix, Aung San Suu Kyi il s\u2019agit d\u2019un \u00ab\u00a0iceberg de d\u00e9sinformation\u00a0\u00bb. Et, plus que jamais otage de l\u2019arm\u00e9e, elle a d\u00e9fendu ses militaires.<\/p>\n<p>Rappelons que plus de 400.000 Rohingyas se sont r\u00e9fugi\u00e9s au Bangladesh depuis fin ao\u00fbt pour fuir une campagne de r\u00e9pression de l'arm\u00e9e birmane. Et des milliers d'autres hommes, femmes et enfants sont toujours en train de errer entre leur pays et un hypoth\u00e9tique et fragile refuge.<\/p>\n<h3>G\u00e9nocide<\/h3>\n<p>Question de mot toujours en R\u00e9publique Centrafricaine, menac\u00e9e selon plusieurs responsables de l\u2019ONU de \u00ab\u00a0g\u00e9nocide\u00a0\u00bb alors que la plupart des experts dispute l\u2019emploi de ce mot. \u00ab\u00a0En convoquant trop h\u00e2tivement \u00ab le crime des crimes \u00bb, n\u2019y a-t-il pas un risque de d\u00e9valoriser le terme de \u00ab g\u00e9nocide \u00bb au risque qu\u2019il perde sa capacit\u00e9 d\u2019alerte ?\u00a0\u00bb, <a href=\"fr\/justice-reconciliation\/34585-crier-au-%C2%AB-g%C3%A9nocide-%C2%BB-en-centrafrique-ou-l-aveu-d-impuissance-des-nations-unies.html\">\u00e9crit<\/a> ainsi Pierre Hazan. Et de rappeler que le g\u00e9nocide est une cat\u00e9gorie juridique et historique pr\u00e9cise. Comme le juriste Didier Niewiadowski <a href=\"fr\/justice-reconciliation\/34299-centrafrique-%C2%AB-jamais-le-danger-d-une-explosion-nationale-n-a-%C3%A9t%C3%A9-aussi-grand-%C2%BB.html\">interview\u00e9<\/a> par JusticeInfo.Net, qui affirme\u00a0: \u00ab\u00a0Y a-t-il actuellement une planification de l'\u00e9limination physique syst\u00e9matique, quelque soit l'\u00e2ge o\u00f9 le sexe, d'un groupe ethnique ou religieux ? La r\u00e9ponse est non\u00a0\u00bb.<\/p>\n<p>Bien s\u00fbr, nul ne disconvient que la situation en Centrafrique soit \u00e9pouvantable. Mais, \u00e0 crier au loup, se demande Pierre Hazan, n\u2019est ce pas avant tout pour l\u2019ONU\u00a0: \u00ab\u00a0 un aveu d\u2019impuissance et un appel au secours\u00a0\u00bb.<\/p>\n<p>Concr\u00e8tement sur le terrain centrafricain, le d\u00e9sarmement des milices qui contr\u00f4lent l\u2019essentiel du territoire, est un \u00ab\u00a0leurre\u00a0\u00bb comme le d\u00e9crivent Ephrem Rugiririza de JusticeInfo.net et Hippolyte Marboua de Radio Ndeke Luka. Quelques vieilles p\u00e9toires ont \u00e9t\u00e9 remises au gouvernement impuissant. Mais, <a href=\"fr\/justice-reconciliation\/34593-centrafrique-un-leurre-de-d%C3%A9sarmement.html\">explique<\/a> JusticeInfo.net\u00a0: \u00ab\u00a0Pendant que les autorit\u00e9s pr\u00e9parent la destruction de ces vieilles kalachnikovs, des armes plus puissantes cr\u00e9pitent, fauchant, non plus seulement des civils, mais aussi des Casques bleus des Nations unies, des humanitaires et des hommes d\u2019\u00e9glise\u00a0\u00bb.<\/p>\n<h3>Massacre impuni<\/h3>\n<p>Ces exemples birman ou centafricain, aux confins du monde, ne sont pas sans cons\u00e9quence comme le rappelle cet \u00e9pisode oubli\u00e9 de massacres de tutsis en R\u00e9publique D\u00e9mocratique du Congo.<\/p>\n<p>Que se passe-t-il lorsque l\u2019impunit\u00e9 perdure et le travail de justice est oubli\u00e9\u00a0? C\u2019est ce que vivent depuis pr\u00e8s de 15 ans les tutsis du Congo au Sud Kivu. Oubli\u00e9s de leur pays d\u2019origine, la RDC, mais aussi du Burundi, o\u00f9 le mouvement rebelle qui avait revendiqu\u00e9 un massacre de membres de leur communaut\u00e9, le 13 ao\u00fbt 2014, au camp de r\u00e9fugi\u00e9s de Gatumba, pr\u00e8s de la fronti\u00e8re congolaise, participe aujourd'hui \u00e0 la gestion politique du pays . Ce jour-l\u00e0, pr\u00e8s de 200 personnes - hommes, femmes et enfants - furent tu\u00e9es. Le carnage - partie de fait du g\u00e9nocide des tutsis - fut revendiqu\u00e9 par le Front national de lib\u00e9ration (FNL) d\u2019Agathon Rwasa, actuellement vice-pr\u00e9sident de l\u2019Assembl\u00e9e nationale du Burundi.<\/p>\n<p>Dans une <a href=\"fr\/justice-reconciliation\/34608-rdc-calvaire-tutsis-gatumba-oubli-justice.html\">interview<\/a> \u00e0 JusticeInfo.net, un anthropologue rwandais, le Professeur D\u00e9o Mbonyinkebe, demande que justice leur soit rendue<em> : \u00ab\u00a0<\/em>Au niveau local et r\u00e9gional, de fait et de droit, la R\u00e9publique d\u00e9mocratique du Congo, le Burundi et le Rwanda sont des alli\u00e9s potentiels sur cette question. La plupart pour se rattraper sur des responsabilit\u00e9s manqu\u00e9es ou mal assum\u00e9es\u00a0! Alli\u00e9e et juge, l\u2019Organisation des Nations unies, par son commissariat aux refugi\u00e9s, devrait, en plus de ces pays, se sentir coupable d\u2019avoir expos\u00e9 ces r\u00e9fugi\u00e9s aux fronti\u00e8res d\u2019un pays qu\u2019ils avaient fui.\u00a0\u00bb<\/p>\n<p>\u00a0<\/p>\n<p>\u00a0<\/p>\n<p>\u00a0<\/p>\n","protected":false},"excerpt":{"rendered":"<p>La justice transitionnelle est aussi question de mots. Comme \u00ab\u00a0g\u00e9nocide\u00a0\u00bb ou \u00ab\u00a0nettoyage ethnique\u00a0\u00bb marqu\u00e9s par les m\u00e9moires sanglantes du Rwanda ou des Balkans. \u00c0 court de mots, le secr\u00e9taire g\u00e9n\u00e9ral de l\u2019ONU a reconnu que le massacre des Rohingyas par l\u2019arm\u00e9e du Myanmar \u00e9tait bien \u00ab\u00a0un nettoyage ethnique\u00a0\u00bb. \"Quand un tiers de la population Rohingya [&hellip;]<\/p>\n","protected":false},"author":58,"featured_media":67995,"comment_status":"open","ping_status":"closed","sticky":false,"template":"","format":"standard","meta":{"_acf_changed":false,"footnotes":""},"categories":[556],"tags":[],"ji_location":[2566],"class_list":["post-34659","post","type-post","status-publish","format-standard","has-post-thumbnail","hentry","category-divers","ji_location-international"],"acf":[],"yoast_head":"<!-- This site is optimized with the Yoast SEO Premium plugin v25.3.1 (Yoast SEO v25.3.1) - https:\/\/yoast.com\/wordpress\/plugins\/seo\/ -->\n<title>La semaine de la justice transitionnelle : question de mots - JusticeInfo.net<\/title>\n<meta name=\"robots\" content=\"index, follow, max-snippet:-1, max-image-preview:large, max-video-preview:-1\" \/>\n<link rel=\"canonical\" href=\"https:\/\/www.justiceinfo.net\/fr\/34659-la-semaine-de-la-justice-transitionnelle-question-de-mots.html\" \/>\n<meta property=\"og:locale\" content=\"fr_FR\" \/>\n<meta property=\"og:type\" content=\"article\" \/>\n<meta property=\"og:title\" content=\"La semaine de la justice transitionnelle : question de mots\" \/>\n<meta property=\"og:description\" content=\"La justice transitionnelle est aussi question de mots. Comme \u00ab\u00a0g\u00e9nocide\u00a0\u00bb ou \u00ab\u00a0nettoyage ethnique\u00a0\u00bb marqu\u00e9s par les m\u00e9moires sanglantes du Rwanda ou des Balkans. \u00c0 court de mots, le secr\u00e9taire g\u00e9n\u00e9ral de l\u2019ONU a reconnu que le massacre des Rohingyas par l\u2019arm\u00e9e du Myanmar \u00e9tait bien \u00ab\u00a0un nettoyage ethnique\u00a0\u00bb. &quot;Quand un tiers de la population Rohingya [&hellip;]\" \/>\n<meta property=\"og:url\" content=\"https:\/\/www.justiceinfo.net\/fr\/34659-la-semaine-de-la-justice-transitionnelle-question-de-mots.html\" \/>\n<meta property=\"og:site_name\" content=\"JusticeInfo.net\" \/>\n<meta property=\"article:publisher\" content=\"https:\/\/www.facebook.com\/JusticeInfo\/\" \/>\n<meta property=\"article:author\" content=\"https:\/\/www.facebook.com\/profile.php?id=100004809918727\" \/>\n<meta property=\"article:published_time\" content=\"2017-09-18T06:48:30+00:00\" \/>\n<meta property=\"og:image\" content=\"https:\/\/www.justiceinfo.net\/wp-content\/uploads\/c026d870d3cb9d2f3c359ec9f1124a90.jpg\" \/>\n\t<meta property=\"og:image:width\" content=\"2048\" \/>\n\t<meta property=\"og:image:height\" content=\"1536\" \/>\n\t<meta property=\"og:image:type\" content=\"image\/jpeg\" \/>\n<meta name=\"author\" content=\"Fran\u00e7ois Sergent\" \/>\n<meta name=\"twitter:card\" content=\"summary_large_image\" \/>\n<meta name=\"twitter:creator\" content=\"@FrancoisSergent\" \/>\n<meta name=\"twitter:site\" content=\"@justiceinfonet\" \/>\n<meta name=\"twitter:label1\" content=\"\u00c9crit par\" \/>\n\t<meta name=\"twitter:data1\" content=\"Fran\u00e7ois Sergent\" \/>\n\t<meta name=\"twitter:label2\" content=\"Dur\u00e9e de lecture estim\u00e9e\" \/>\n\t<meta name=\"twitter:data2\" content=\"4 minutes\" \/>\n<script type=\"application\/ld+json\" class=\"yoast-schema-graph\">{\"@context\":\"https:\/\/schema.org\",\"@graph\":[{\"@type\":\"NewsArticle\",\"@id\":\"https:\/\/www.justiceinfo.net\/fr\/34659-la-semaine-de-la-justice-transitionnelle-question-de-mots.html#article\",\"isPartOf\":{\"@id\":\"https:\/\/www.justiceinfo.net\/fr\/34659-la-semaine-de-la-justice-transitionnelle-question-de-mots.html\"},\"author\":{\"name\":\"fsergent\",\"@id\":\"https:\/\/www.justiceinfo.net\/fr#\/schema\/person\/724414fc3a7779fc189a73a27563e5e1\"},\"headline\":\"La semaine de la justice transitionnelle : question de mots\",\"datePublished\":\"2017-09-18T06:48:30+00:00\",\"mainEntityOfPage\":{\"@id\":\"https:\/\/www.justiceinfo.net\/fr\/34659-la-semaine-de-la-justice-transitionnelle-question-de-mots.html\"},\"wordCount\":718,\"commentCount\":0,\"publisher\":{\"@id\":\"https:\/\/www.justiceinfo.net\/fr#organization\"},\"image\":{\"@id\":\"https:\/\/www.justiceinfo.net\/fr\/34659-la-semaine-de-la-justice-transitionnelle-question-de-mots.html#primaryimage\"},\"thumbnailUrl\":\"https:\/\/www.justiceinfo.net\/wp-content\/uploads\/c026d870d3cb9d2f3c359ec9f1124a90.jpg\",\"articleSection\":[\"Divers\"],\"inLanguage\":\"fr-FR\",\"potentialAction\":[{\"@type\":\"CommentAction\",\"name\":\"Comment\",\"target\":[\"https:\/\/www.justiceinfo.net\/fr\/34659-la-semaine-de-la-justice-transitionnelle-question-de-mots.html#respond\"]}]},{\"@type\":\"WebPage\",\"@id\":\"https:\/\/www.justiceinfo.net\/fr\/34659-la-semaine-de-la-justice-transitionnelle-question-de-mots.html\",\"url\":\"https:\/\/www.justiceinfo.net\/fr\/34659-la-semaine-de-la-justice-transitionnelle-question-de-mots.html\",\"name\":\"La semaine de la justice transitionnelle : question de mots - JusticeInfo.net\",\"isPartOf\":{\"@id\":\"https:\/\/www.justiceinfo.net\/fr#website\"},\"primaryImageOfPage\":{\"@id\":\"https:\/\/www.justiceinfo.net\/fr\/34659-la-semaine-de-la-justice-transitionnelle-question-de-mots.html#primaryimage\"},\"image\":{\"@id\":\"https:\/\/www.justiceinfo.net\/fr\/34659-la-semaine-de-la-justice-transitionnelle-question-de-mots.html#primaryimage\"},\"thumbnailUrl\":\"https:\/\/www.justiceinfo.net\/wp-content\/uploads\/c026d870d3cb9d2f3c359ec9f1124a90.jpg\",\"datePublished\":\"2017-09-18T06:48:30+00:00\",\"breadcrumb\":{\"@id\":\"https:\/\/www.justiceinfo.net\/fr\/34659-la-semaine-de-la-justice-transitionnelle-question-de-mots.html#breadcrumb\"},\"inLanguage\":\"fr-FR\",\"potentialAction\":[{\"@type\":\"ReadAction\",\"target\":[\"https:\/\/www.justiceinfo.net\/fr\/34659-la-semaine-de-la-justice-transitionnelle-question-de-mots.html\"]}]},{\"@type\":\"ImageObject\",\"inLanguage\":\"fr-FR\",\"@id\":\"https:\/\/www.justiceinfo.net\/fr\/34659-la-semaine-de-la-justice-transitionnelle-question-de-mots.html#primaryimage\",\"url\":\"https:\/\/www.justiceinfo.net\/wp-content\/uploads\/c026d870d3cb9d2f3c359ec9f1124a90.jpg\",\"contentUrl\":\"https:\/\/www.justiceinfo.net\/wp-content\/uploads\/c026d870d3cb9d2f3c359ec9f1124a90.jpg\",\"width\":2048,\"height\":1536},{\"@type\":\"BreadcrumbList\",\"@id\":\"https:\/\/www.justiceinfo.net\/fr\/34659-la-semaine-de-la-justice-transitionnelle-question-de-mots.html#breadcrumb\",\"itemListElement\":[{\"@type\":\"ListItem\",\"position\":1,\"name\":\"Home\",\"item\":\"https:\/\/www.justiceinfo.net\/fr\"},{\"@type\":\"ListItem\",\"position\":2,\"name\":\"La semaine de la justice transitionnelle : question de mots\"}]},{\"@type\":\"WebSite\",\"@id\":\"https:\/\/www.justiceinfo.net\/fr#website\",\"url\":\"https:\/\/www.justiceinfo.net\/fr\",\"name\":\"JusticeInfo.net\",\"description\":\"La justice doit \u00eatre vue pour \u00eatre rendue\",\"publisher\":{\"@id\":\"https:\/\/www.justiceinfo.net\/fr#organization\"},\"potentialAction\":[{\"@type\":\"SearchAction\",\"target\":{\"@type\":\"EntryPoint\",\"urlTemplate\":\"https:\/\/www.justiceinfo.net\/fr?s={search_term_string}\"},\"query-input\":{\"@type\":\"PropertyValueSpecification\",\"valueRequired\":true,\"valueName\":\"search_term_string\"}}],\"inLanguage\":\"fr-FR\"},{\"@type\":\"Organization\",\"@id\":\"https:\/\/www.justiceinfo.net\/fr#organization\",\"name\":\"Justice Info\",\"url\":\"https:\/\/www.justiceinfo.net\/fr\",\"logo\":{\"@type\":\"ImageObject\",\"inLanguage\":\"fr-FR\",\"@id\":\"https:\/\/www.justiceinfo.net\/fr#\/schema\/logo\/image\/\",\"url\":\"https:\/\/www.justiceinfo.net\/wp-content\/uploads\/justiceinfo_logo-trans_1200x1200px.png\",\"contentUrl\":\"https:\/\/www.justiceinfo.net\/wp-content\/uploads\/justiceinfo_logo-trans_1200x1200px.png\",\"width\":1199,\"height\":1200,\"caption\":\"Justice Info\"},\"image\":{\"@id\":\"https:\/\/www.justiceinfo.net\/fr#\/schema\/logo\/image\/\"},\"sameAs\":[\"https:\/\/www.facebook.com\/JusticeInfo\/\",\"https:\/\/x.com\/justiceinfonet\",\"https:\/\/www.linkedin.com\/company\/justice-info\",\"https:\/\/www.youtube.com\/channel\/UCyCEsARodyuWtkWyhn-e7pA\"]},{\"@type\":\"Person\",\"name\":\"Fran\u00e7ois Sergent\",\"sameAs\":[\"https:\/\/www.facebook.com\/profile.php?id=100004809918727\",\"https:\/\/x.com\/FrancoisSergent\"],\"url\":\"https:\/\/www.justiceinfo.net\/fr\/auteur\/fsergent\"}]}<\/script>\n<!-- \/ Yoast SEO Premium plugin. -->","yoast_head_json":{"title":"La semaine de la justice transitionnelle : question de mots - JusticeInfo.net","robots":{"index":"index","follow":"follow","max-snippet":"max-snippet:-1","max-image-preview":"max-image-preview:large","max-video-preview":"max-video-preview:-1"},"canonical":"https:\/\/www.justiceinfo.net\/fr\/34659-la-semaine-de-la-justice-transitionnelle-question-de-mots.html","og_locale":"fr_FR","og_type":"article","og_title":"La semaine de la justice transitionnelle : question de mots","og_description":"La justice transitionnelle est aussi question de mots. Comme \u00ab\u00a0g\u00e9nocide\u00a0\u00bb ou \u00ab\u00a0nettoyage ethnique\u00a0\u00bb marqu\u00e9s par les m\u00e9moires sanglantes du Rwanda ou des Balkans. \u00c0 court de mots, le secr\u00e9taire g\u00e9n\u00e9ral de l\u2019ONU a reconnu que le massacre des Rohingyas par l\u2019arm\u00e9e du Myanmar \u00e9tait bien \u00ab\u00a0un nettoyage ethnique\u00a0\u00bb. \"Quand un tiers de la population Rohingya [&hellip;]","og_url":"https:\/\/www.justiceinfo.net\/fr\/34659-la-semaine-de-la-justice-transitionnelle-question-de-mots.html","og_site_name":"JusticeInfo.net","article_publisher":"https:\/\/www.facebook.com\/JusticeInfo\/","article_author":"https:\/\/www.facebook.com\/profile.php?id=100004809918727","article_published_time":"2017-09-18T06:48:30+00:00","og_image":[{"width":2048,"height":1536,"url":"https:\/\/www.justiceinfo.net\/wp-content\/uploads\/c026d870d3cb9d2f3c359ec9f1124a90.jpg","type":"image\/jpeg"}],"author":"Fran\u00e7ois Sergent","twitter_card":"summary_large_image","twitter_creator":"@FrancoisSergent","twitter_site":"@justiceinfonet","twitter_misc":{"\u00c9crit par":"Fran\u00e7ois Sergent","Dur\u00e9e de lecture estim\u00e9e":"4 minutes"},"schema":{"@context":"https:\/\/schema.org","@graph":[{"@type":"NewsArticle","@id":"https:\/\/www.justiceinfo.net\/fr\/34659-la-semaine-de-la-justice-transitionnelle-question-de-mots.html#article","isPartOf":{"@id":"https:\/\/www.justiceinfo.net\/fr\/34659-la-semaine-de-la-justice-transitionnelle-question-de-mots.html"},"author":{"name":"fsergent","@id":"https:\/\/www.justiceinfo.net\/fr#\/schema\/person\/724414fc3a7779fc189a73a27563e5e1"},"headline":"La semaine de la justice transitionnelle : question de mots","datePublished":"2017-09-18T06:48:30+00:00","mainEntityOfPage":{"@id":"https:\/\/www.justiceinfo.net\/fr\/34659-la-semaine-de-la-justice-transitionnelle-question-de-mots.html"},"wordCount":718,"commentCount":0,"publisher":{"@id":"https:\/\/www.justiceinfo.net\/fr#organization"},"image":{"@id":"https:\/\/www.justiceinfo.net\/fr\/34659-la-semaine-de-la-justice-transitionnelle-question-de-mots.html#primaryimage"},"thumbnailUrl":"https:\/\/www.justiceinfo.net\/wp-content\/uploads\/c026d870d3cb9d2f3c359ec9f1124a90.jpg","articleSection":["Divers"],"inLanguage":"fr-FR","potentialAction":[{"@type":"CommentAction","name":"Comment","target":["https:\/\/www.justiceinfo.net\/fr\/34659-la-semaine-de-la-justice-transitionnelle-question-de-mots.html#respond"]}]},{"@type":"WebPage","@id":"https:\/\/www.justiceinfo.net\/fr\/34659-la-semaine-de-la-justice-transitionnelle-question-de-mots.html","url":"https:\/\/www.justiceinfo.net\/fr\/34659-la-semaine-de-la-justice-transitionnelle-question-de-mots.html","name":"La semaine de la justice transitionnelle : question de mots - JusticeInfo.net","isPartOf":{"@id":"https:\/\/www.justiceinfo.net\/fr#website"},"primaryImageOfPage":{"@id":"https:\/\/www.justiceinfo.net\/fr\/34659-la-semaine-de-la-justice-transitionnelle-question-de-mots.html#primaryimage"},"image":{"@id":"https:\/\/www.justiceinfo.net\/fr\/34659-la-semaine-de-la-justice-transitionnelle-question-de-mots.html#primaryimage"},"thumbnailUrl":"https:\/\/www.justiceinfo.net\/wp-content\/uploads\/c026d870d3cb9d2f3c359ec9f1124a90.jpg","datePublished":"2017-09-18T06:48:30+00:00","breadcrumb":{"@id":"https:\/\/www.justiceinfo.net\/fr\/34659-la-semaine-de-la-justice-transitionnelle-question-de-mots.html#breadcrumb"},"inLanguage":"fr-FR","potentialAction":[{"@type":"ReadAction","target":["https:\/\/www.justiceinfo.net\/fr\/34659-la-semaine-de-la-justice-transitionnelle-question-de-mots.html"]}]},{"@type":"ImageObject","inLanguage":"fr-FR","@id":"https:\/\/www.justiceinfo.net\/fr\/34659-la-semaine-de-la-justice-transitionnelle-question-de-mots.html#primaryimage","url":"https:\/\/www.justiceinfo.net\/wp-content\/uploads\/c026d870d3cb9d2f3c359ec9f1124a90.jpg","contentUrl":"https:\/\/www.justiceinfo.net\/wp-content\/uploads\/c026d870d3cb9d2f3c359ec9f1124a90.jpg","width":2048,"height":1536},{"@type":"BreadcrumbList","@id":"https:\/\/www.justiceinfo.net\/fr\/34659-la-semaine-de-la-justice-transitionnelle-question-de-mots.html#breadcrumb","itemListElement":[{"@type":"ListItem","position":1,"name":"Home","item":"https:\/\/www.justiceinfo.net\/fr"},{"@type":"ListItem","position":2,"name":"La semaine de la justice transitionnelle : question de mots"}]},{"@type":"WebSite","@id":"https:\/\/www.justiceinfo.net\/fr#website","url":"https:\/\/www.justiceinfo.net\/fr","name":"JusticeInfo.net","description":"La justice doit \u00eatre vue pour \u00eatre rendue","publisher":{"@id":"https:\/\/www.justiceinfo.net\/fr#organization"},"potentialAction":[{"@type":"SearchAction","target":{"@type":"EntryPoint","urlTemplate":"https:\/\/www.justiceinfo.net\/fr?s={search_term_string}"},"query-input":{"@type":"PropertyValueSpecification","valueRequired":true,"valueName":"search_term_string"}}],"inLanguage":"fr-FR"},{"@type":"Organization","@id":"https:\/\/www.justiceinfo.net\/fr#organization","name":"Justice Info","url":"https:\/\/www.justiceinfo.net\/fr","logo":{"@type":"ImageObject","inLanguage":"fr-FR","@id":"https:\/\/www.justiceinfo.net\/fr#\/schema\/logo\/image\/","url":"https:\/\/www.justiceinfo.net\/wp-content\/uploads\/justiceinfo_logo-trans_1200x1200px.png","contentUrl":"https:\/\/www.justiceinfo.net\/wp-content\/uploads\/justiceinfo_logo-trans_1200x1200px.png","width":1199,"height":1200,"caption":"Justice Info"},"image":{"@id":"https:\/\/www.justiceinfo.net\/fr#\/schema\/logo\/image\/"},"sameAs":["https:\/\/www.facebook.com\/JusticeInfo\/","https:\/\/x.com\/justiceinfonet","https:\/\/www.linkedin.com\/company\/justice-info","https:\/\/www.youtube.com\/channel\/UCyCEsARodyuWtkWyhn-e7pA"]},{"@type":"Person","name":"Fran\u00e7ois Sergent","sameAs":["https:\/\/www.facebook.com\/profile.php?id=100004809918727","https:\/\/x.com\/FrancoisSergent"],"url":"https:\/\/www.justiceinfo.net\/fr\/auteur\/fsergent"}]}},"_links":{"self":[{"href":"https:\/\/www.justiceinfo.net\/fr\/wp-json\/wp\/v2\/posts\/34659","targetHints":{"allow":["GET"]}}],"collection":[{"href":"https:\/\/www.justiceinfo.net\/fr\/wp-json\/wp\/v2\/posts"}],"about":[{"href":"https:\/\/www.justiceinfo.net\/fr\/wp-json\/wp\/v2\/types\/post"}],"author":[{"embeddable":true,"href":"https:\/\/www.justiceinfo.net\/fr\/wp-json\/wp\/v2\/users\/58"}],"replies":[{"embeddable":true,"href":"https:\/\/www.justiceinfo.net\/fr\/wp-json\/wp\/v2\/comments?post=34659"}],"version-history":[{"count":0,"href":"https:\/\/www.justiceinfo.net\/fr\/wp-json\/wp\/v2\/posts\/34659\/revisions"}],"wp:featuredmedia":[{"embeddable":true,"href":"https:\/\/www.justiceinfo.net\/fr\/wp-json\/wp\/v2\/media\/67995"}],"wp:attachment":[{"href":"https:\/\/www.justiceinfo.net\/fr\/wp-json\/wp\/v2\/media?parent=34659"}],"wp:term":[{"taxonomy":"category","embeddable":true,"href":"https:\/\/www.justiceinfo.net\/fr\/wp-json\/wp\/v2\/categories?post=34659"},{"taxonomy":"post_tag","embeddable":true,"href":"https:\/\/www.justiceinfo.net\/fr\/wp-json\/wp\/v2\/tags?post=34659"},{"taxonomy":"ji_location","embeddable":true,"href":"https:\/\/www.justiceinfo.net\/fr\/wp-json\/wp\/v2\/ji_location?post=34659"}],"curies":[{"name":"wp","href":"https:\/\/api.w.org\/{rel}","templated":true}]}}