{"id":34662,"date":"2017-09-18T14:20:02","date_gmt":"2017-09-18T12:20:02","guid":{"rendered":"https:\/\/www.justiceinfo.net\/34662-syrie-plaidoyer-de-carla-del-ponte-pour-un-tribunal-international.html"},"modified":"2017-09-18T14:20:02","modified_gmt":"2017-09-18T12:20:02","slug":"syrie-plaidoyer-de-carla-del-ponte-pour-un-tribunal-international","status":"publish","type":"post","link":"https:\/\/www.justiceinfo.net\/fr\/34662-syrie-plaidoyer-de-carla-del-ponte-pour-un-tribunal-international.html","title":{"rendered":"Syrie : plaidoyer de Carla Del Ponte pour un tribunal international"},"content":{"rendered":"<div class=\"content-excerpt\">\n<p>Carla Del Ponte, d\u00e9missionnaire de son poste de membre de la Commission d'enqu\u00eate sur la Syrie, a fait lundi un ultime plaidoyer en faveur d'un tribunal international, d\u00e9non\u00e7ant sept ann\u00e9es de compl\u00e8te impunit\u00e9.<\/p>\n<p>\u00a0<\/p>\n<\/div>\n<p>\"Sept ans de crimes en Syrie et une totale impunit\u00e9. Ce n'est pas acceptable\", a d\u00e9clar\u00e9 l'ex-magistrate, connue pour son franc-parler et sa soif de justice, \u00e0 l'occasion de sa derni\u00e8re apparition devant le Conseil des droits de l'Homme de l'ONU \u00e0 Gen\u00e8ve.<\/p>\n<p>\"Nous aurions pu obtenir de la communaut\u00e9 internationale et du Conseil de s\u00e9curit\u00e9 (de l'ONU) la mise en place d'un tribunal (...) pour tous les crimes commis en Syrie\", a-t-elle ajout\u00e9, avant de l<a href=\"http:\/\/webtv.un.org\/meetings-events\/human-rights-council\/watch\/id-commission-of-inquiry-on-syria-contd-15th-meeting-36th-regular-session-human-rights-council-\/5579446801001\/?term=\" target=\"_blank\" rel=\"noopener\">ancer<\/a> : \"Pourquoi n'est-il pas possible d'avoir un tribunal ?\".<\/p>\n<p>La <a href=\"http:\/\/www.ohchr.org\/EN\/HRBodies\/HRC\/IICISyria\/Pages\/PressReleases.aspx\" target=\"_blank\" rel=\"noopener\">Commission <\/a>d'enqu\u00eate sur la Syrie a demand\u00e9 \u00e0 de maintes reprises que le Conseil de s\u00e9curit\u00e9 saisisse la Cour p\u00e9nale internationale dans le dossier syrien. Une tentative en ce sens en mai 2014 du Conseil de s\u00e9curit\u00e9 s'\u00e9tait heurt\u00e9e \u00e0 une opposition de la Chine et de la Russie, principal soutien de Damas.<\/p>\n<p>Le conflit en Syrie a fait plus de 330.000 morts et des millions de d\u00e9plac\u00e9s et r\u00e9fugi\u00e9s.<\/p>\n<p>\"On a besoin d'un tribunal, il faut vous tous que vous nous aidiez \u00e0 l'obtenir et \u00e0 l'avoir et je serai heureuse de voir aussi justice rendue pour les crimes commis en Syrie\", a soulign\u00e9 Mme Del Ponte.<\/p>\n<p>Ag\u00e9e de 70 ans et de nationalit\u00e9 suisse, elle \u00e9tait membre de la Commission d'enqu\u00eate de l'ONU depuis septembre 2012 mais a annonc\u00e9 d\u00e9but ao\u00fbt son retrait en raison notamment de l'inaction du Conseil de s\u00e9curit\u00e9.<\/p>\n<p>\"Au d\u00e9but, il y avait le bien et le mal. L'opposition du c\u00f4t\u00e9 du bien et le gouvernement dans le r\u00f4le du mal\" mais d\u00e9sormais \"tous en Syrie sont du c\u00f4t\u00e9 du mal\", avait-elle dit aux m\u00e9dias suisses au moment de l'annonce de sa d\u00e9mission.<\/p>\n<p>La Commission elle-m\u00eame, pr\u00e9sid\u00e9e par le Br\u00e9silien Paulo Pinheiro, a d\u00e9j\u00e0 rendu 14 rapports mais n'a jamais \u00e9t\u00e9 autoris\u00e9e par Damas \u00e0 se rendre en Syrie.<\/p>\n<p>Carla Del Ponte a \u00e9t\u00e9 procureur du Tribunal p\u00e9nal international pour l'ex-Yougoslavie (TPIY) de 1999 \u00e0 2007 et a r\u00e9ussi \u00e0 obtenir qu'un ancien chef d'Etat, le Serbe Slobodan Milosevic, r\u00e9ponde de crimes de guerre devant la justice internationale.<\/p>\n<p>Elle a aussi acquis une solide r\u00e9putation pour sa chasse aux criminels de guerre au Rwanda.<\/p>\n","protected":false},"excerpt":{"rendered":"<p>Carla Del Ponte, d\u00e9missionnaire de son poste de membre de la Commission d'enqu\u00eate sur la Syrie, a fait lundi un ultime plaidoyer en faveur d'un tribunal international, d\u00e9non\u00e7ant sept ann\u00e9es de compl\u00e8te impunit\u00e9. \u00a0 \"Sept ans de crimes en Syrie et une totale impunit\u00e9. Ce n'est pas acceptable\", a d\u00e9clar\u00e9 l'ex-magistrate, connue pour son franc-parler [&hellip;]<\/p>\n","protected":false},"author":60,"featured_media":64429,"comment_status":"open","ping_status":"closed","sticky":false,"template":"","format":"standard","meta":{"_acf_changed":false,"footnotes":""},"categories":[556],"tags":[],"ji_location":[2498],"class_list":["post-34662","post","type-post","status-publish","format-standard","has-post-thumbnail","hentry","category-divers","ji_location-syrie"],"acf":[],"yoast_head":"<!-- This site is optimized with the Yoast SEO Premium plugin v25.3.1 (Yoast SEO v25.3.1) - https:\/\/yoast.com\/wordpress\/plugins\/seo\/ -->\n<title>Syrie : plaidoyer de Carla Del Ponte pour un tribunal international - JusticeInfo.net<\/title>\n<meta name=\"robots\" content=\"index, follow, max-snippet:-1, max-image-preview:large, max-video-preview:-1\" \/>\n<link rel=\"canonical\" href=\"https:\/\/www.justiceinfo.net\/fr\/34662-syrie-plaidoyer-de-carla-del-ponte-pour-un-tribunal-international.html\" \/>\n<meta property=\"og:locale\" content=\"fr_FR\" \/>\n<meta property=\"og:type\" content=\"article\" \/>\n<meta property=\"og:title\" content=\"Syrie : plaidoyer de Carla Del Ponte pour un tribunal international\" \/>\n<meta property=\"og:description\" content=\"Carla Del Ponte, d\u00e9missionnaire de son poste de membre de la Commission d&#039;enqu\u00eate sur la Syrie, a fait lundi un ultime plaidoyer en faveur d&#039;un tribunal international, d\u00e9non\u00e7ant sept ann\u00e9es de compl\u00e8te impunit\u00e9. \u00a0 &quot;Sept ans de crimes en Syrie et une totale impunit\u00e9. Ce n&#039;est pas acceptable&quot;, a d\u00e9clar\u00e9 l&#039;ex-magistrate, connue pour son franc-parler [&hellip;]\" \/>\n<meta property=\"og:url\" content=\"https:\/\/www.justiceinfo.net\/fr\/34662-syrie-plaidoyer-de-carla-del-ponte-pour-un-tribunal-international.html\" \/>\n<meta property=\"og:site_name\" content=\"JusticeInfo.net\" \/>\n<meta property=\"article:publisher\" content=\"https:\/\/www.facebook.com\/JusticeInfo\/\" \/>\n<meta property=\"article:published_time\" content=\"2017-09-18T12:20:02+00:00\" \/>\n<meta property=\"og:image\" content=\"https:\/\/www.justiceinfo.net\/wp-content\/uploads\/9cfa0a4f267d54308b5b683e72183780-scaled.jpg\" \/>\n\t<meta property=\"og:image:width\" content=\"2560\" \/>\n\t<meta property=\"og:image:height\" content=\"1707\" \/>\n\t<meta property=\"og:image:type\" content=\"image\/jpeg\" \/>\n<meta name=\"author\" content=\"AFP\" \/>\n<meta name=\"twitter:card\" content=\"summary_large_image\" \/>\n<meta name=\"twitter:creator\" content=\"@justiceinfonet\" \/>\n<meta name=\"twitter:site\" content=\"@justiceinfonet\" \/>\n<meta name=\"twitter:label1\" content=\"\u00c9crit par\" \/>\n\t<meta name=\"twitter:data1\" content=\"AFP\" \/>\n\t<meta name=\"twitter:label2\" content=\"Dur\u00e9e de lecture estim\u00e9e\" \/>\n\t<meta name=\"twitter:data2\" content=\"2 minutes\" \/>\n<script type=\"application\/ld+json\" class=\"yoast-schema-graph\">{\"@context\":\"https:\/\/schema.org\",\"@graph\":[{\"@type\":\"NewsArticle\",\"@id\":\"https:\/\/www.justiceinfo.net\/fr\/34662-syrie-plaidoyer-de-carla-del-ponte-pour-un-tribunal-international.html#article\",\"isPartOf\":{\"@id\":\"https:\/\/www.justiceinfo.net\/fr\/34662-syrie-plaidoyer-de-carla-del-ponte-pour-un-tribunal-international.html\"},\"author\":{\"name\":\"afp\",\"@id\":\"https:\/\/www.justiceinfo.net\/fr#\/schema\/person\/713d340ef5f218fc36ce9b4244364a7f\"},\"headline\":\"Syrie : plaidoyer de Carla Del Ponte pour un tribunal international\",\"datePublished\":\"2017-09-18T12:20:02+00:00\",\"mainEntityOfPage\":{\"@id\":\"https:\/\/www.justiceinfo.net\/fr\/34662-syrie-plaidoyer-de-carla-del-ponte-pour-un-tribunal-international.html\"},\"wordCount\":447,\"commentCount\":0,\"publisher\":{\"@id\":\"https:\/\/www.justiceinfo.net\/fr#organization\"},\"image\":{\"@id\":\"https:\/\/www.justiceinfo.net\/fr\/34662-syrie-plaidoyer-de-carla-del-ponte-pour-un-tribunal-international.html#primaryimage\"},\"thumbnailUrl\":\"https:\/\/www.justiceinfo.net\/wp-content\/uploads\/9cfa0a4f267d54308b5b683e72183780-scaled.jpg\",\"articleSection\":[\"Divers\"],\"inLanguage\":\"fr-FR\",\"potentialAction\":[{\"@type\":\"CommentAction\",\"name\":\"Comment\",\"target\":[\"https:\/\/www.justiceinfo.net\/fr\/34662-syrie-plaidoyer-de-carla-del-ponte-pour-un-tribunal-international.html#respond\"]}]},{\"@type\":\"WebPage\",\"@id\":\"https:\/\/www.justiceinfo.net\/fr\/34662-syrie-plaidoyer-de-carla-del-ponte-pour-un-tribunal-international.html\",\"url\":\"https:\/\/www.justiceinfo.net\/fr\/34662-syrie-plaidoyer-de-carla-del-ponte-pour-un-tribunal-international.html\",\"name\":\"Syrie : plaidoyer de Carla Del Ponte pour un tribunal international - JusticeInfo.net\",\"isPartOf\":{\"@id\":\"https:\/\/www.justiceinfo.net\/fr#website\"},\"primaryImageOfPage\":{\"@id\":\"https:\/\/www.justiceinfo.net\/fr\/34662-syrie-plaidoyer-de-carla-del-ponte-pour-un-tribunal-international.html#primaryimage\"},\"image\":{\"@id\":\"https:\/\/www.justiceinfo.net\/fr\/34662-syrie-plaidoyer-de-carla-del-ponte-pour-un-tribunal-international.html#primaryimage\"},\"thumbnailUrl\":\"https:\/\/www.justiceinfo.net\/wp-content\/uploads\/9cfa0a4f267d54308b5b683e72183780-scaled.jpg\",\"datePublished\":\"2017-09-18T12:20:02+00:00\",\"breadcrumb\":{\"@id\":\"https:\/\/www.justiceinfo.net\/fr\/34662-syrie-plaidoyer-de-carla-del-ponte-pour-un-tribunal-international.html#breadcrumb\"},\"inLanguage\":\"fr-FR\",\"potentialAction\":[{\"@type\":\"ReadAction\",\"target\":[\"https:\/\/www.justiceinfo.net\/fr\/34662-syrie-plaidoyer-de-carla-del-ponte-pour-un-tribunal-international.html\"]}]},{\"@type\":\"ImageObject\",\"inLanguage\":\"fr-FR\",\"@id\":\"https:\/\/www.justiceinfo.net\/fr\/34662-syrie-plaidoyer-de-carla-del-ponte-pour-un-tribunal-international.html#primaryimage\",\"url\":\"https:\/\/www.justiceinfo.net\/wp-content\/uploads\/9cfa0a4f267d54308b5b683e72183780-scaled.jpg\",\"contentUrl\":\"https:\/\/www.justiceinfo.net\/wp-content\/uploads\/9cfa0a4f267d54308b5b683e72183780-scaled.jpg\",\"width\":2560,\"height\":1707},{\"@type\":\"BreadcrumbList\",\"@id\":\"https:\/\/www.justiceinfo.net\/fr\/34662-syrie-plaidoyer-de-carla-del-ponte-pour-un-tribunal-international.html#breadcrumb\",\"itemListElement\":[{\"@type\":\"ListItem\",\"position\":1,\"name\":\"Home\",\"item\":\"https:\/\/www.justiceinfo.net\/fr\"},{\"@type\":\"ListItem\",\"position\":2,\"name\":\"Syrie : plaidoyer de Carla Del Ponte pour un tribunal international\"}]},{\"@type\":\"WebSite\",\"@id\":\"https:\/\/www.justiceinfo.net\/fr#website\",\"url\":\"https:\/\/www.justiceinfo.net\/fr\",\"name\":\"JusticeInfo.net\",\"description\":\"La justice doit \u00eatre vue pour \u00eatre rendue\",\"publisher\":{\"@id\":\"https:\/\/www.justiceinfo.net\/fr#organization\"},\"potentialAction\":[{\"@type\":\"SearchAction\",\"target\":{\"@type\":\"EntryPoint\",\"urlTemplate\":\"https:\/\/www.justiceinfo.net\/fr?s={search_term_string}\"},\"query-input\":{\"@type\":\"PropertyValueSpecification\",\"valueRequired\":true,\"valueName\":\"search_term_string\"}}],\"inLanguage\":\"fr-FR\"},{\"@type\":\"Organization\",\"@id\":\"https:\/\/www.justiceinfo.net\/fr#organization\",\"name\":\"Justice Info\",\"url\":\"https:\/\/www.justiceinfo.net\/fr\",\"logo\":{\"@type\":\"ImageObject\",\"inLanguage\":\"fr-FR\",\"@id\":\"https:\/\/www.justiceinfo.net\/fr#\/schema\/logo\/image\/\",\"url\":\"https:\/\/www.justiceinfo.net\/wp-content\/uploads\/justiceinfo_logo-trans_1200x1200px.png\",\"contentUrl\":\"https:\/\/www.justiceinfo.net\/wp-content\/uploads\/justiceinfo_logo-trans_1200x1200px.png\",\"width\":1199,\"height\":1200,\"caption\":\"Justice Info\"},\"image\":{\"@id\":\"https:\/\/www.justiceinfo.net\/fr#\/schema\/logo\/image\/\"},\"sameAs\":[\"https:\/\/www.facebook.com\/JusticeInfo\/\",\"https:\/\/x.com\/justiceinfonet\",\"https:\/\/www.linkedin.com\/company\/justice-info\",\"https:\/\/www.youtube.com\/channel\/UCyCEsARodyuWtkWyhn-e7pA\"]},{\"@type\":\"Person\",\"name\":\"AFP\",\"url\":\"\/fr\/?s=AFP\"}]}<\/script>\n<!-- \/ Yoast SEO Premium plugin. -->","yoast_head_json":{"title":"Syrie : plaidoyer de Carla Del Ponte pour un tribunal international - JusticeInfo.net","robots":{"index":"index","follow":"follow","max-snippet":"max-snippet:-1","max-image-preview":"max-image-preview:large","max-video-preview":"max-video-preview:-1"},"canonical":"https:\/\/www.justiceinfo.net\/fr\/34662-syrie-plaidoyer-de-carla-del-ponte-pour-un-tribunal-international.html","og_locale":"fr_FR","og_type":"article","og_title":"Syrie : plaidoyer de Carla Del Ponte pour un tribunal international","og_description":"Carla Del Ponte, d\u00e9missionnaire de son poste de membre de la Commission d'enqu\u00eate sur la Syrie, a fait lundi un ultime plaidoyer en faveur d'un tribunal international, d\u00e9non\u00e7ant sept ann\u00e9es de compl\u00e8te impunit\u00e9. \u00a0 \"Sept ans de crimes en Syrie et une totale impunit\u00e9. Ce n'est pas acceptable\", a d\u00e9clar\u00e9 l'ex-magistrate, connue pour son franc-parler [&hellip;]","og_url":"https:\/\/www.justiceinfo.net\/fr\/34662-syrie-plaidoyer-de-carla-del-ponte-pour-un-tribunal-international.html","og_site_name":"JusticeInfo.net","article_publisher":"https:\/\/www.facebook.com\/JusticeInfo\/","article_published_time":"2017-09-18T12:20:02+00:00","og_image":[{"width":2560,"height":1707,"url":"https:\/\/www.justiceinfo.net\/wp-content\/uploads\/9cfa0a4f267d54308b5b683e72183780-scaled.jpg","type":"image\/jpeg"}],"author":"AFP","twitter_card":"summary_large_image","twitter_creator":"@justiceinfonet","twitter_site":"@justiceinfonet","twitter_misc":{"\u00c9crit par":"AFP","Dur\u00e9e de lecture estim\u00e9e":"2 minutes"},"schema":{"@context":"https:\/\/schema.org","@graph":[{"@type":"NewsArticle","@id":"https:\/\/www.justiceinfo.net\/fr\/34662-syrie-plaidoyer-de-carla-del-ponte-pour-un-tribunal-international.html#article","isPartOf":{"@id":"https:\/\/www.justiceinfo.net\/fr\/34662-syrie-plaidoyer-de-carla-del-ponte-pour-un-tribunal-international.html"},"author":{"name":"afp","@id":"https:\/\/www.justiceinfo.net\/fr#\/schema\/person\/713d340ef5f218fc36ce9b4244364a7f"},"headline":"Syrie : plaidoyer de Carla Del Ponte pour un tribunal international","datePublished":"2017-09-18T12:20:02+00:00","mainEntityOfPage":{"@id":"https:\/\/www.justiceinfo.net\/fr\/34662-syrie-plaidoyer-de-carla-del-ponte-pour-un-tribunal-international.html"},"wordCount":447,"commentCount":0,"publisher":{"@id":"https:\/\/www.justiceinfo.net\/fr#organization"},"image":{"@id":"https:\/\/www.justiceinfo.net\/fr\/34662-syrie-plaidoyer-de-carla-del-ponte-pour-un-tribunal-international.html#primaryimage"},"thumbnailUrl":"https:\/\/www.justiceinfo.net\/wp-content\/uploads\/9cfa0a4f267d54308b5b683e72183780-scaled.jpg","articleSection":["Divers"],"inLanguage":"fr-FR","potentialAction":[{"@type":"CommentAction","name":"Comment","target":["https:\/\/www.justiceinfo.net\/fr\/34662-syrie-plaidoyer-de-carla-del-ponte-pour-un-tribunal-international.html#respond"]}]},{"@type":"WebPage","@id":"https:\/\/www.justiceinfo.net\/fr\/34662-syrie-plaidoyer-de-carla-del-ponte-pour-un-tribunal-international.html","url":"https:\/\/www.justiceinfo.net\/fr\/34662-syrie-plaidoyer-de-carla-del-ponte-pour-un-tribunal-international.html","name":"Syrie : plaidoyer de Carla Del Ponte pour un tribunal international - JusticeInfo.net","isPartOf":{"@id":"https:\/\/www.justiceinfo.net\/fr#website"},"primaryImageOfPage":{"@id":"https:\/\/www.justiceinfo.net\/fr\/34662-syrie-plaidoyer-de-carla-del-ponte-pour-un-tribunal-international.html#primaryimage"},"image":{"@id":"https:\/\/www.justiceinfo.net\/fr\/34662-syrie-plaidoyer-de-carla-del-ponte-pour-un-tribunal-international.html#primaryimage"},"thumbnailUrl":"https:\/\/www.justiceinfo.net\/wp-content\/uploads\/9cfa0a4f267d54308b5b683e72183780-scaled.jpg","datePublished":"2017-09-18T12:20:02+00:00","breadcrumb":{"@id":"https:\/\/www.justiceinfo.net\/fr\/34662-syrie-plaidoyer-de-carla-del-ponte-pour-un-tribunal-international.html#breadcrumb"},"inLanguage":"fr-FR","potentialAction":[{"@type":"ReadAction","target":["https:\/\/www.justiceinfo.net\/fr\/34662-syrie-plaidoyer-de-carla-del-ponte-pour-un-tribunal-international.html"]}]},{"@type":"ImageObject","inLanguage":"fr-FR","@id":"https:\/\/www.justiceinfo.net\/fr\/34662-syrie-plaidoyer-de-carla-del-ponte-pour-un-tribunal-international.html#primaryimage","url":"https:\/\/www.justiceinfo.net\/wp-content\/uploads\/9cfa0a4f267d54308b5b683e72183780-scaled.jpg","contentUrl":"https:\/\/www.justiceinfo.net\/wp-content\/uploads\/9cfa0a4f267d54308b5b683e72183780-scaled.jpg","width":2560,"height":1707},{"@type":"BreadcrumbList","@id":"https:\/\/www.justiceinfo.net\/fr\/34662-syrie-plaidoyer-de-carla-del-ponte-pour-un-tribunal-international.html#breadcrumb","itemListElement":[{"@type":"ListItem","position":1,"name":"Home","item":"https:\/\/www.justiceinfo.net\/fr"},{"@type":"ListItem","position":2,"name":"Syrie : plaidoyer de Carla Del Ponte pour un tribunal international"}]},{"@type":"WebSite","@id":"https:\/\/www.justiceinfo.net\/fr#website","url":"https:\/\/www.justiceinfo.net\/fr","name":"JusticeInfo.net","description":"La justice doit \u00eatre vue pour \u00eatre rendue","publisher":{"@id":"https:\/\/www.justiceinfo.net\/fr#organization"},"potentialAction":[{"@type":"SearchAction","target":{"@type":"EntryPoint","urlTemplate":"https:\/\/www.justiceinfo.net\/fr?s={search_term_string}"},"query-input":{"@type":"PropertyValueSpecification","valueRequired":true,"valueName":"search_term_string"}}],"inLanguage":"fr-FR"},{"@type":"Organization","@id":"https:\/\/www.justiceinfo.net\/fr#organization","name":"Justice Info","url":"https:\/\/www.justiceinfo.net\/fr","logo":{"@type":"ImageObject","inLanguage":"fr-FR","@id":"https:\/\/www.justiceinfo.net\/fr#\/schema\/logo\/image\/","url":"https:\/\/www.justiceinfo.net\/wp-content\/uploads\/justiceinfo_logo-trans_1200x1200px.png","contentUrl":"https:\/\/www.justiceinfo.net\/wp-content\/uploads\/justiceinfo_logo-trans_1200x1200px.png","width":1199,"height":1200,"caption":"Justice Info"},"image":{"@id":"https:\/\/www.justiceinfo.net\/fr#\/schema\/logo\/image\/"},"sameAs":["https:\/\/www.facebook.com\/JusticeInfo\/","https:\/\/x.com\/justiceinfonet","https:\/\/www.linkedin.com\/company\/justice-info","https:\/\/www.youtube.com\/channel\/UCyCEsARodyuWtkWyhn-e7pA"]},{"@type":"Person","name":"AFP","url":"\/fr\/?s=AFP"}]}},"_links":{"self":[{"href":"https:\/\/www.justiceinfo.net\/fr\/wp-json\/wp\/v2\/posts\/34662","targetHints":{"allow":["GET"]}}],"collection":[{"href":"https:\/\/www.justiceinfo.net\/fr\/wp-json\/wp\/v2\/posts"}],"about":[{"href":"https:\/\/www.justiceinfo.net\/fr\/wp-json\/wp\/v2\/types\/post"}],"author":[{"embeddable":true,"href":"https:\/\/www.justiceinfo.net\/fr\/wp-json\/wp\/v2\/users\/60"}],"replies":[{"embeddable":true,"href":"https:\/\/www.justiceinfo.net\/fr\/wp-json\/wp\/v2\/comments?post=34662"}],"version-history":[{"count":0,"href":"https:\/\/www.justiceinfo.net\/fr\/wp-json\/wp\/v2\/posts\/34662\/revisions"}],"wp:featuredmedia":[{"embeddable":true,"href":"https:\/\/www.justiceinfo.net\/fr\/wp-json\/wp\/v2\/media\/64429"}],"wp:attachment":[{"href":"https:\/\/www.justiceinfo.net\/fr\/wp-json\/wp\/v2\/media?parent=34662"}],"wp:term":[{"taxonomy":"category","embeddable":true,"href":"https:\/\/www.justiceinfo.net\/fr\/wp-json\/wp\/v2\/categories?post=34662"},{"taxonomy":"post_tag","embeddable":true,"href":"https:\/\/www.justiceinfo.net\/fr\/wp-json\/wp\/v2\/tags?post=34662"},{"taxonomy":"ji_location","embeddable":true,"href":"https:\/\/www.justiceinfo.net\/fr\/wp-json\/wp\/v2\/ji_location?post=34662"}],"curies":[{"name":"wp","href":"https:\/\/api.w.org\/{rel}","templated":true}]}}