{"id":34713,"date":"2017-09-25T06:46:17","date_gmt":"2017-09-25T04:46:17","guid":{"rendered":"https:\/\/www.justiceinfo.net\/34713-la-semaine-de-la-justice-transitionnelle-le-calvaire-des-rohingyas-continue.html"},"modified":"2017-09-25T06:46:17","modified_gmt":"2017-09-25T04:46:17","slug":"la-semaine-de-la-justice-transitionnelle-le-calvaire-des-rohingyas-continue","status":"publish","type":"post","link":"https:\/\/www.justiceinfo.net\/fr\/34713-la-semaine-de-la-justice-transitionnelle-le-calvaire-des-rohingyas-continue.html","title":{"rendered":"La semaine de la justice transitionnelle : le calvaire des Rohingyas continue"},"content":{"rendered":"<div class=\"content-excerpt\">\n<p>L\u2019exode et le massacre des Rohingyas, une minorit\u00e9 ethnique du Myanmar de confession musulmane a domin\u00e9 la semaine de la justice transitionnelle. Il s\u2019agit d\u2019un \u00ab\u00a0g\u00e9nocide\u00a0\u00bb, selon le Pr\u00e9sident fran\u00e7ais Emmanuel Macron, d\u2019un \u00ab\u00a0nettoyage ethnique\u00a0\u00bb, selon le secr\u00e9taire g\u00e9n\u00e9ral de l\u2019ONU. Mais selon la dirigeante de fait de l\u2019ancienne Birmanie et Prix Nobel de la Paix, Aung San Suu Kyi, il s\u2019agit d\u2019un\u00ab\u00a0iceberg de d\u00e9sinformation\u00a0\u00bb.<\/p>\n<\/div>\n<p>Tout montre et d\u00e9montre pourtant que pr\u00e8s de 400 000 Rohingyas, soit pr\u00e8s de la moiti\u00e9 de cette communaut\u00e9 vivant dans un \u00e9tat occidental du Myanmar le Rakhine ou Arakan, ont du fuir leur pays pourchass\u00e9s par l\u2019arm\u00e9e et que des centaine ont \u00e9t\u00e9 tu\u00e9s par balles ou ont p\u00e9ri dans l\u2019incendie de leurs maisons brul\u00e9es par les militaires birmans.<\/p>\n<p>Human Rights Watch a diffus\u00e9 vendredi des photographies satellitaires montrant la politique de la terre br\u00fbl\u00e9e pratiqu\u00e9e par l\u2019arm\u00e9e. Selon l\u2019ONG, plus de 200 villages Rohingyas ont \u00e9t\u00e9 incendi\u00e9s et d\u00e9truits.<\/p>\n<p>Cette minorit\u00e9 musulmane est martyris\u00e9e depuis l\u2019ind\u00e9pendance de la Birmanie dont le h\u00e9ros est le propre p\u00e8re et mod\u00e8le d\u2019Aung San Suu Kyi, un nationaliste birman pur et dur. Accus\u00e9s d\u2019avoir collabor\u00e9 avec le colonisateur britannique, ils ont \u00e9t\u00e9 d\u00e9chus la citoyennet\u00e9 birmane en 1982 et les Birmans, Aung San Suu Kyi la premi\u00e8re leur d\u00e9nient m\u00eame leur nom de Rohingyas. Ils les appellent \u00ab\u00a0Bengalis\u00a0\u00bb, un terme p\u00e9joratif, afin de les assimiler au Bangla Desh frontalier.<\/p>\n<p>La Prix Nobel de la Paix sans remettre en cause les m\u00e9thodes de l\u2019arm\u00e9e dont elle est otage a finalement appel\u00e9 \u00e0 l\u2019 \u00ab\u00a0apaisement\u00a0\u00bb entre communaut\u00e9s, le conseil de s\u00e9curit\u00e9 a vigoureusement condamn\u00e9 le Myanmar mais le calvaire de la communaut\u00e9 continue.<\/p>\n<p>Une situation qui entache la transition vers une r\u00e9gime d\u00e9mocratique et un Etat de droit de l\u2019ancienne Birmanie toujours domin\u00e9e par l\u2019arm\u00e9e. Quant \u00e0 Aung San Suu Kyi, des millions d\u2019internautes ont demand\u00e9 dans une p\u00e9tition issue d\u2019Indon\u00e9sie qu\u2019elle soit d\u00e9chue de son Prix Nobel. \u00ab\u00a0Impossible\u00a0\u00bb, a r\u00e9pondu le Comit\u00e9 \u00e9ponyme, selon lequel\u00a0: \u00ab\u00a0Seuls les efforts d'un laur\u00e9at jusqu'\u00e0 l'attribution du prix sont \u00e9valu\u00e9s par la comit\u00e9 Nobel, pas son action ult\u00e9rieure\u201d.<\/p>\n<p>Pour l\u2019heure, l\u2019arm\u00e9e birmane peut poursuivre ses massacres en toute impunit\u00e9.<\/p>\n<h3>Douze plans de paix en RCA, la guerre continue<\/h3>\n<p>Une impunit\u00e9 qui emp\u00eache toute v\u00e9ritable transition ou r\u00e9conciliation quel que soit le continent.<\/p>\n<p>Pierre Hazan, conseiller \u00e9ditorial de JusticeInfo.net rappelle ainsi que la R\u00e9publique Centrafricaine en est \u00e0 son douzi\u00e8me plan de paix et est toujours en guerre faute de s\u2019\u00eatre attaqu\u00e9e aux racines du mal. \u201cIl ne peut y avoir de v\u00e9ritable paix sans justice ainsi que le demandent les populations qui se sont exprim\u00e9es lors des consultations populaires sur ce sujet\u201d, \u201d, rappelle Pierre Hazan, qui ajoute \u201cFace \u00e0 un gouvernement de Bangui sans arm\u00e9e, ni syst\u00e8me judiciaire \u00a0qui ne tient qu\u2019avec le soutien d\u2019une communaut\u00e9 internationale de plus en plus divis\u00e9e, et la fragmentation et la criminalisation des groupes arm\u00e9s qui pillent l\u2019or et le diamant du sous-sol, la population n\u2019en finit plus de souffrir\u201c. M\u00eame sch\u00e9ma au Burundi en proie \u00e0 une r\u00e9pression f\u00e9roce de son Pr\u00e9sident Pierre Nkurunziza. Comme l\u2019explique Carine Kanez, porte-parole d\u2019une ONG de femmes burundaise. Dans une interview \u00e0 JusticeInfo.net, elle d\u00e9nonce les complicit\u00e9s et l\u2019aveugl\u00e9ment des chefs d\u2019Etat africains. \u201c Quand on parle de la terreur comme outil de gouvernance, quand on parle de crime contre l\u2019humanit\u00e9, de fosses communes, de viols, de discours de haine, il ne s\u2019agit plus de privil\u00e9gier une solution africaine, puisque ces crimes touchent notre humanit\u00e9\u00a0\u00bb. Et d\u2019ass\u00e9ner, \u00ab\u00a0Le panafricanisme est un concept de plus en plus manipul\u00e9 par un d\u00e9bat biais\u00e9 d\u00e9non\u00e7ant le pseudo n\u00e9ocolonialisme d\u2019organes comme la CPI. Ce qui entrave la capacit\u00e9 d\u2019assurer une transition politique de mani\u00e8re pacifique\u00a0\u00bb. Comme le dit la militante des droits de l\u2019homme : \u201cIl faut que la communaut\u00e9 internationale r\u00e9alise que ce gouvernement est en plein d\u00e9ni.\u00a0\u00bb.<\/p>\n","protected":false},"excerpt":{"rendered":"<p>L\u2019exode et le massacre des Rohingyas, une minorit\u00e9 ethnique du Myanmar de confession musulmane a domin\u00e9 la semaine de la justice transitionnelle. Il s\u2019agit d\u2019un \u00ab\u00a0g\u00e9nocide\u00a0\u00bb, selon le Pr\u00e9sident fran\u00e7ais Emmanuel Macron, d\u2019un \u00ab\u00a0nettoyage ethnique\u00a0\u00bb, selon le secr\u00e9taire g\u00e9n\u00e9ral de l\u2019ONU. Mais selon la dirigeante de fait de l\u2019ancienne Birmanie et Prix Nobel de la [&hellip;]<\/p>\n","protected":false},"author":58,"featured_media":64539,"comment_status":"open","ping_status":"closed","sticky":false,"template":"","format":"standard","meta":{"_acf_changed":false,"footnotes":""},"categories":[575],"tags":[],"ji_location":[2364],"class_list":["post-34713","post","type-post","status-publish","format-standard","has-post-thumbnail","hentry","category-opinions","ji_location-myanmar"],"acf":[],"yoast_head":"<!-- This site is optimized with the Yoast SEO Premium plugin v25.3.1 (Yoast SEO v25.3.1) - https:\/\/yoast.com\/wordpress\/plugins\/seo\/ -->\n<title>La semaine de la justice transitionnelle : le calvaire des Rohingyas continue - JusticeInfo.net<\/title>\n<meta name=\"robots\" content=\"index, follow, max-snippet:-1, max-image-preview:large, max-video-preview:-1\" \/>\n<link rel=\"canonical\" href=\"https:\/\/www.justiceinfo.net\/fr\/34713-la-semaine-de-la-justice-transitionnelle-le-calvaire-des-rohingyas-continue.html\" \/>\n<meta property=\"og:locale\" content=\"fr_FR\" \/>\n<meta property=\"og:type\" content=\"article\" \/>\n<meta property=\"og:title\" content=\"La semaine de la justice transitionnelle : le calvaire des Rohingyas continue\" \/>\n<meta property=\"og:description\" content=\"L\u2019exode et le massacre des Rohingyas, une minorit\u00e9 ethnique du Myanmar de confession musulmane a domin\u00e9 la semaine de la justice transitionnelle. Il s\u2019agit d\u2019un \u00ab\u00a0g\u00e9nocide\u00a0\u00bb, selon le Pr\u00e9sident fran\u00e7ais Emmanuel Macron, d\u2019un \u00ab\u00a0nettoyage ethnique\u00a0\u00bb, selon le secr\u00e9taire g\u00e9n\u00e9ral de l\u2019ONU. Mais selon la dirigeante de fait de l\u2019ancienne Birmanie et Prix Nobel de la [&hellip;]\" \/>\n<meta property=\"og:url\" content=\"https:\/\/www.justiceinfo.net\/fr\/34713-la-semaine-de-la-justice-transitionnelle-le-calvaire-des-rohingyas-continue.html\" \/>\n<meta property=\"og:site_name\" content=\"JusticeInfo.net\" \/>\n<meta property=\"article:publisher\" content=\"https:\/\/www.facebook.com\/JusticeInfo\/\" \/>\n<meta property=\"article:author\" content=\"https:\/\/www.facebook.com\/profile.php?id=100004809918727\" \/>\n<meta property=\"article:published_time\" content=\"2017-09-25T04:46:17+00:00\" \/>\n<meta property=\"og:image\" content=\"https:\/\/www.justiceinfo.net\/wp-content\/uploads\/a6a04b8119926f3944b13280b351946d.jpg\" \/>\n\t<meta property=\"og:image:width\" content=\"350\" \/>\n\t<meta property=\"og:image:height\" content=\"232\" \/>\n\t<meta property=\"og:image:type\" content=\"image\/jpeg\" \/>\n<meta name=\"author\" content=\"Fran\u00e7ois Sergent\" \/>\n<meta name=\"twitter:card\" content=\"summary_large_image\" \/>\n<meta name=\"twitter:creator\" content=\"@FrancoisSergent\" \/>\n<meta name=\"twitter:site\" content=\"@justiceinfonet\" \/>\n<meta name=\"twitter:label1\" content=\"\u00c9crit par\" \/>\n\t<meta name=\"twitter:data1\" content=\"Fran\u00e7ois Sergent\" \/>\n\t<meta name=\"twitter:label2\" content=\"Dur\u00e9e de lecture estim\u00e9e\" \/>\n\t<meta name=\"twitter:data2\" content=\"4 minutes\" \/>\n<script type=\"application\/ld+json\" class=\"yoast-schema-graph\">{\"@context\":\"https:\/\/schema.org\",\"@graph\":[{\"@type\":\"NewsArticle\",\"@id\":\"https:\/\/www.justiceinfo.net\/fr\/34713-la-semaine-de-la-justice-transitionnelle-le-calvaire-des-rohingyas-continue.html#article\",\"isPartOf\":{\"@id\":\"https:\/\/www.justiceinfo.net\/fr\/34713-la-semaine-de-la-justice-transitionnelle-le-calvaire-des-rohingyas-continue.html\"},\"author\":{\"name\":\"fsergent\",\"@id\":\"https:\/\/www.justiceinfo.net\/fr#\/schema\/person\/724414fc3a7779fc189a73a27563e5e1\"},\"headline\":\"La semaine de la justice transitionnelle : le calvaire des Rohingyas continue\",\"datePublished\":\"2017-09-25T04:46:17+00:00\",\"mainEntityOfPage\":{\"@id\":\"https:\/\/www.justiceinfo.net\/fr\/34713-la-semaine-de-la-justice-transitionnelle-le-calvaire-des-rohingyas-continue.html\"},\"wordCount\":755,\"commentCount\":0,\"publisher\":{\"@id\":\"https:\/\/www.justiceinfo.net\/fr#organization\"},\"image\":{\"@id\":\"https:\/\/www.justiceinfo.net\/fr\/34713-la-semaine-de-la-justice-transitionnelle-le-calvaire-des-rohingyas-continue.html#primaryimage\"},\"thumbnailUrl\":\"https:\/\/www.justiceinfo.net\/wp-content\/uploads\/a6a04b8119926f3944b13280b351946d.jpg\",\"articleSection\":[\"Opinions\"],\"inLanguage\":\"fr-FR\",\"potentialAction\":[{\"@type\":\"CommentAction\",\"name\":\"Comment\",\"target\":[\"https:\/\/www.justiceinfo.net\/fr\/34713-la-semaine-de-la-justice-transitionnelle-le-calvaire-des-rohingyas-continue.html#respond\"]}]},{\"@type\":\"WebPage\",\"@id\":\"https:\/\/www.justiceinfo.net\/fr\/34713-la-semaine-de-la-justice-transitionnelle-le-calvaire-des-rohingyas-continue.html\",\"url\":\"https:\/\/www.justiceinfo.net\/fr\/34713-la-semaine-de-la-justice-transitionnelle-le-calvaire-des-rohingyas-continue.html\",\"name\":\"La semaine de la justice transitionnelle : le calvaire des Rohingyas continue - JusticeInfo.net\",\"isPartOf\":{\"@id\":\"https:\/\/www.justiceinfo.net\/fr#website\"},\"primaryImageOfPage\":{\"@id\":\"https:\/\/www.justiceinfo.net\/fr\/34713-la-semaine-de-la-justice-transitionnelle-le-calvaire-des-rohingyas-continue.html#primaryimage\"},\"image\":{\"@id\":\"https:\/\/www.justiceinfo.net\/fr\/34713-la-semaine-de-la-justice-transitionnelle-le-calvaire-des-rohingyas-continue.html#primaryimage\"},\"thumbnailUrl\":\"https:\/\/www.justiceinfo.net\/wp-content\/uploads\/a6a04b8119926f3944b13280b351946d.jpg\",\"datePublished\":\"2017-09-25T04:46:17+00:00\",\"breadcrumb\":{\"@id\":\"https:\/\/www.justiceinfo.net\/fr\/34713-la-semaine-de-la-justice-transitionnelle-le-calvaire-des-rohingyas-continue.html#breadcrumb\"},\"inLanguage\":\"fr-FR\",\"potentialAction\":[{\"@type\":\"ReadAction\",\"target\":[\"https:\/\/www.justiceinfo.net\/fr\/34713-la-semaine-de-la-justice-transitionnelle-le-calvaire-des-rohingyas-continue.html\"]}]},{\"@type\":\"ImageObject\",\"inLanguage\":\"fr-FR\",\"@id\":\"https:\/\/www.justiceinfo.net\/fr\/34713-la-semaine-de-la-justice-transitionnelle-le-calvaire-des-rohingyas-continue.html#primaryimage\",\"url\":\"https:\/\/www.justiceinfo.net\/wp-content\/uploads\/a6a04b8119926f3944b13280b351946d.jpg\",\"contentUrl\":\"https:\/\/www.justiceinfo.net\/wp-content\/uploads\/a6a04b8119926f3944b13280b351946d.jpg\",\"width\":350,\"height\":232},{\"@type\":\"BreadcrumbList\",\"@id\":\"https:\/\/www.justiceinfo.net\/fr\/34713-la-semaine-de-la-justice-transitionnelle-le-calvaire-des-rohingyas-continue.html#breadcrumb\",\"itemListElement\":[{\"@type\":\"ListItem\",\"position\":1,\"name\":\"Home\",\"item\":\"https:\/\/www.justiceinfo.net\/fr\"},{\"@type\":\"ListItem\",\"position\":2,\"name\":\"La semaine de la justice transitionnelle : le calvaire des Rohingyas continue\"}]},{\"@type\":\"WebSite\",\"@id\":\"https:\/\/www.justiceinfo.net\/fr#website\",\"url\":\"https:\/\/www.justiceinfo.net\/fr\",\"name\":\"JusticeInfo.net\",\"description\":\"La justice doit \u00eatre vue pour \u00eatre rendue\",\"publisher\":{\"@id\":\"https:\/\/www.justiceinfo.net\/fr#organization\"},\"potentialAction\":[{\"@type\":\"SearchAction\",\"target\":{\"@type\":\"EntryPoint\",\"urlTemplate\":\"https:\/\/www.justiceinfo.net\/fr?s={search_term_string}\"},\"query-input\":{\"@type\":\"PropertyValueSpecification\",\"valueRequired\":true,\"valueName\":\"search_term_string\"}}],\"inLanguage\":\"fr-FR\"},{\"@type\":\"Organization\",\"@id\":\"https:\/\/www.justiceinfo.net\/fr#organization\",\"name\":\"Justice Info\",\"url\":\"https:\/\/www.justiceinfo.net\/fr\",\"logo\":{\"@type\":\"ImageObject\",\"inLanguage\":\"fr-FR\",\"@id\":\"https:\/\/www.justiceinfo.net\/fr#\/schema\/logo\/image\/\",\"url\":\"https:\/\/www.justiceinfo.net\/wp-content\/uploads\/justiceinfo_logo-trans_1200x1200px.png\",\"contentUrl\":\"https:\/\/www.justiceinfo.net\/wp-content\/uploads\/justiceinfo_logo-trans_1200x1200px.png\",\"width\":1199,\"height\":1200,\"caption\":\"Justice Info\"},\"image\":{\"@id\":\"https:\/\/www.justiceinfo.net\/fr#\/schema\/logo\/image\/\"},\"sameAs\":[\"https:\/\/www.facebook.com\/JusticeInfo\/\",\"https:\/\/x.com\/justiceinfonet\",\"https:\/\/www.linkedin.com\/company\/justice-info\",\"https:\/\/www.youtube.com\/channel\/UCyCEsARodyuWtkWyhn-e7pA\"]},{\"@type\":\"Person\",\"name\":\"Fran\u00e7ois Sergent\",\"sameAs\":[\"https:\/\/www.facebook.com\/profile.php?id=100004809918727\",\"https:\/\/x.com\/FrancoisSergent\"],\"url\":\"https:\/\/www.justiceinfo.net\/fr\/auteur\/fsergent\"}]}<\/script>\n<!-- \/ Yoast SEO Premium plugin. -->","yoast_head_json":{"title":"La semaine de la justice transitionnelle : le calvaire des Rohingyas continue - JusticeInfo.net","robots":{"index":"index","follow":"follow","max-snippet":"max-snippet:-1","max-image-preview":"max-image-preview:large","max-video-preview":"max-video-preview:-1"},"canonical":"https:\/\/www.justiceinfo.net\/fr\/34713-la-semaine-de-la-justice-transitionnelle-le-calvaire-des-rohingyas-continue.html","og_locale":"fr_FR","og_type":"article","og_title":"La semaine de la justice transitionnelle : le calvaire des Rohingyas continue","og_description":"L\u2019exode et le massacre des Rohingyas, une minorit\u00e9 ethnique du Myanmar de confession musulmane a domin\u00e9 la semaine de la justice transitionnelle. Il s\u2019agit d\u2019un \u00ab\u00a0g\u00e9nocide\u00a0\u00bb, selon le Pr\u00e9sident fran\u00e7ais Emmanuel Macron, d\u2019un \u00ab\u00a0nettoyage ethnique\u00a0\u00bb, selon le secr\u00e9taire g\u00e9n\u00e9ral de l\u2019ONU. Mais selon la dirigeante de fait de l\u2019ancienne Birmanie et Prix Nobel de la [&hellip;]","og_url":"https:\/\/www.justiceinfo.net\/fr\/34713-la-semaine-de-la-justice-transitionnelle-le-calvaire-des-rohingyas-continue.html","og_site_name":"JusticeInfo.net","article_publisher":"https:\/\/www.facebook.com\/JusticeInfo\/","article_author":"https:\/\/www.facebook.com\/profile.php?id=100004809918727","article_published_time":"2017-09-25T04:46:17+00:00","og_image":[{"width":350,"height":232,"url":"https:\/\/www.justiceinfo.net\/wp-content\/uploads\/a6a04b8119926f3944b13280b351946d.jpg","type":"image\/jpeg"}],"author":"Fran\u00e7ois Sergent","twitter_card":"summary_large_image","twitter_creator":"@FrancoisSergent","twitter_site":"@justiceinfonet","twitter_misc":{"\u00c9crit par":"Fran\u00e7ois Sergent","Dur\u00e9e de lecture estim\u00e9e":"4 minutes"},"schema":{"@context":"https:\/\/schema.org","@graph":[{"@type":"NewsArticle","@id":"https:\/\/www.justiceinfo.net\/fr\/34713-la-semaine-de-la-justice-transitionnelle-le-calvaire-des-rohingyas-continue.html#article","isPartOf":{"@id":"https:\/\/www.justiceinfo.net\/fr\/34713-la-semaine-de-la-justice-transitionnelle-le-calvaire-des-rohingyas-continue.html"},"author":{"name":"fsergent","@id":"https:\/\/www.justiceinfo.net\/fr#\/schema\/person\/724414fc3a7779fc189a73a27563e5e1"},"headline":"La semaine de la justice transitionnelle : le calvaire des Rohingyas continue","datePublished":"2017-09-25T04:46:17+00:00","mainEntityOfPage":{"@id":"https:\/\/www.justiceinfo.net\/fr\/34713-la-semaine-de-la-justice-transitionnelle-le-calvaire-des-rohingyas-continue.html"},"wordCount":755,"commentCount":0,"publisher":{"@id":"https:\/\/www.justiceinfo.net\/fr#organization"},"image":{"@id":"https:\/\/www.justiceinfo.net\/fr\/34713-la-semaine-de-la-justice-transitionnelle-le-calvaire-des-rohingyas-continue.html#primaryimage"},"thumbnailUrl":"https:\/\/www.justiceinfo.net\/wp-content\/uploads\/a6a04b8119926f3944b13280b351946d.jpg","articleSection":["Opinions"],"inLanguage":"fr-FR","potentialAction":[{"@type":"CommentAction","name":"Comment","target":["https:\/\/www.justiceinfo.net\/fr\/34713-la-semaine-de-la-justice-transitionnelle-le-calvaire-des-rohingyas-continue.html#respond"]}]},{"@type":"WebPage","@id":"https:\/\/www.justiceinfo.net\/fr\/34713-la-semaine-de-la-justice-transitionnelle-le-calvaire-des-rohingyas-continue.html","url":"https:\/\/www.justiceinfo.net\/fr\/34713-la-semaine-de-la-justice-transitionnelle-le-calvaire-des-rohingyas-continue.html","name":"La semaine de la justice transitionnelle : le calvaire des Rohingyas continue - JusticeInfo.net","isPartOf":{"@id":"https:\/\/www.justiceinfo.net\/fr#website"},"primaryImageOfPage":{"@id":"https:\/\/www.justiceinfo.net\/fr\/34713-la-semaine-de-la-justice-transitionnelle-le-calvaire-des-rohingyas-continue.html#primaryimage"},"image":{"@id":"https:\/\/www.justiceinfo.net\/fr\/34713-la-semaine-de-la-justice-transitionnelle-le-calvaire-des-rohingyas-continue.html#primaryimage"},"thumbnailUrl":"https:\/\/www.justiceinfo.net\/wp-content\/uploads\/a6a04b8119926f3944b13280b351946d.jpg","datePublished":"2017-09-25T04:46:17+00:00","breadcrumb":{"@id":"https:\/\/www.justiceinfo.net\/fr\/34713-la-semaine-de-la-justice-transitionnelle-le-calvaire-des-rohingyas-continue.html#breadcrumb"},"inLanguage":"fr-FR","potentialAction":[{"@type":"ReadAction","target":["https:\/\/www.justiceinfo.net\/fr\/34713-la-semaine-de-la-justice-transitionnelle-le-calvaire-des-rohingyas-continue.html"]}]},{"@type":"ImageObject","inLanguage":"fr-FR","@id":"https:\/\/www.justiceinfo.net\/fr\/34713-la-semaine-de-la-justice-transitionnelle-le-calvaire-des-rohingyas-continue.html#primaryimage","url":"https:\/\/www.justiceinfo.net\/wp-content\/uploads\/a6a04b8119926f3944b13280b351946d.jpg","contentUrl":"https:\/\/www.justiceinfo.net\/wp-content\/uploads\/a6a04b8119926f3944b13280b351946d.jpg","width":350,"height":232},{"@type":"BreadcrumbList","@id":"https:\/\/www.justiceinfo.net\/fr\/34713-la-semaine-de-la-justice-transitionnelle-le-calvaire-des-rohingyas-continue.html#breadcrumb","itemListElement":[{"@type":"ListItem","position":1,"name":"Home","item":"https:\/\/www.justiceinfo.net\/fr"},{"@type":"ListItem","position":2,"name":"La semaine de la justice transitionnelle : le calvaire des Rohingyas continue"}]},{"@type":"WebSite","@id":"https:\/\/www.justiceinfo.net\/fr#website","url":"https:\/\/www.justiceinfo.net\/fr","name":"JusticeInfo.net","description":"La justice doit \u00eatre vue pour \u00eatre rendue","publisher":{"@id":"https:\/\/www.justiceinfo.net\/fr#organization"},"potentialAction":[{"@type":"SearchAction","target":{"@type":"EntryPoint","urlTemplate":"https:\/\/www.justiceinfo.net\/fr?s={search_term_string}"},"query-input":{"@type":"PropertyValueSpecification","valueRequired":true,"valueName":"search_term_string"}}],"inLanguage":"fr-FR"},{"@type":"Organization","@id":"https:\/\/www.justiceinfo.net\/fr#organization","name":"Justice Info","url":"https:\/\/www.justiceinfo.net\/fr","logo":{"@type":"ImageObject","inLanguage":"fr-FR","@id":"https:\/\/www.justiceinfo.net\/fr#\/schema\/logo\/image\/","url":"https:\/\/www.justiceinfo.net\/wp-content\/uploads\/justiceinfo_logo-trans_1200x1200px.png","contentUrl":"https:\/\/www.justiceinfo.net\/wp-content\/uploads\/justiceinfo_logo-trans_1200x1200px.png","width":1199,"height":1200,"caption":"Justice Info"},"image":{"@id":"https:\/\/www.justiceinfo.net\/fr#\/schema\/logo\/image\/"},"sameAs":["https:\/\/www.facebook.com\/JusticeInfo\/","https:\/\/x.com\/justiceinfonet","https:\/\/www.linkedin.com\/company\/justice-info","https:\/\/www.youtube.com\/channel\/UCyCEsARodyuWtkWyhn-e7pA"]},{"@type":"Person","name":"Fran\u00e7ois Sergent","sameAs":["https:\/\/www.facebook.com\/profile.php?id=100004809918727","https:\/\/x.com\/FrancoisSergent"],"url":"https:\/\/www.justiceinfo.net\/fr\/auteur\/fsergent"}]}},"_links":{"self":[{"href":"https:\/\/www.justiceinfo.net\/fr\/wp-json\/wp\/v2\/posts\/34713","targetHints":{"allow":["GET"]}}],"collection":[{"href":"https:\/\/www.justiceinfo.net\/fr\/wp-json\/wp\/v2\/posts"}],"about":[{"href":"https:\/\/www.justiceinfo.net\/fr\/wp-json\/wp\/v2\/types\/post"}],"author":[{"embeddable":true,"href":"https:\/\/www.justiceinfo.net\/fr\/wp-json\/wp\/v2\/users\/58"}],"replies":[{"embeddable":true,"href":"https:\/\/www.justiceinfo.net\/fr\/wp-json\/wp\/v2\/comments?post=34713"}],"version-history":[{"count":0,"href":"https:\/\/www.justiceinfo.net\/fr\/wp-json\/wp\/v2\/posts\/34713\/revisions"}],"wp:featuredmedia":[{"embeddable":true,"href":"https:\/\/www.justiceinfo.net\/fr\/wp-json\/wp\/v2\/media\/64539"}],"wp:attachment":[{"href":"https:\/\/www.justiceinfo.net\/fr\/wp-json\/wp\/v2\/media?parent=34713"}],"wp:term":[{"taxonomy":"category","embeddable":true,"href":"https:\/\/www.justiceinfo.net\/fr\/wp-json\/wp\/v2\/categories?post=34713"},{"taxonomy":"post_tag","embeddable":true,"href":"https:\/\/www.justiceinfo.net\/fr\/wp-json\/wp\/v2\/tags?post=34713"},{"taxonomy":"ji_location","embeddable":true,"href":"https:\/\/www.justiceinfo.net\/fr\/wp-json\/wp\/v2\/ji_location?post=34713"}],"curies":[{"name":"wp","href":"https:\/\/api.w.org\/{rel}","templated":true}]}}