{"id":34744,"date":"2017-09-26T00:00:00","date_gmt":"2017-09-25T22:00:00","guid":{"rendered":"https:\/\/www.justiceinfo.net\/34744-guinee-huit-ans-plus-tard-justice-doit-etre-rendue-pour-le-massacre.html"},"modified":"2017-09-26T00:00:00","modified_gmt":"2017-09-25T22:00:00","slug":"guinee-huit-ans-plus-tard-justice-doit-etre-rendue-pour-le-massacre","status":"publish","type":"post","link":"https:\/\/www.justiceinfo.net\/fr\/34744-guinee-huit-ans-plus-tard-justice-doit-etre-rendue-pour-le-massacre.html","title":{"rendered":"Guin\u00e9e : Huit ans plus tard, justice doit \u00eatre rendue pour le massacre (ONG)"},"content":{"rendered":"<div class=\"content-excerpt\">\n<p>(Conakry) \u2013 La Guin\u00e9e devrait s\u2019employer \u00e0 rendre justice, \u00e0 \u00e9tablir la v\u00e9rit\u00e9 et d\u00e9dommager les victimes pour les crimes graves commis le 28 septembre 2009 dans un stade de Conakry, ont d\u00e9clar\u00e9 aujourd\u2019hui Human Rights Watch, Amnesty International et l'Association des Victimes, Parents et Ami-e-s du 28 Septembre 2009 aujourd\u2019hui, \u00e0 la veille du huiti\u00e8me anniversaire du massacre. Ce jour-l\u00e0, les forces de s\u00e9curit\u00e9 ont massacr\u00e9 plus de 150 manifestants pacifiques, et plus de 100 femmes ont \u00e9t\u00e9 viol\u00e9es. Des centaines de bless\u00e9s et des pillages g\u00e9n\u00e9ralis\u00e9s ont \u00e9galement \u00e9t\u00e9 document\u00e9s.<\/p>\n<\/div>\n<p>L'enqu\u00eate sur les crimes men\u00e9e par un groupe de juges d'instruction guin\u00e9ens a \u00e9t\u00e9 lanc\u00e9e en f\u00e9vrier 2010 mais elle n'a pas encore \u00e9t\u00e9 finalis\u00e9e, huit ans apr\u00e8s que les crimes ont \u00e9t\u00e9 commis.<\/p>\n<p>\u00ab\u00a0<em>Les juges enqu\u00eatant sur le massacre du 28 septembre 2009 ont fait des progr\u00e8s impressionnants\u00a0<\/em>\u00bb, a d\u00e9clar\u00e9\u00a0<a href=\"https:\/\/www.hrw.org\/fr\/about\/people\/elise-keppler\">Elise Keppler<\/a>, directrice adjointe du programme Justice internationale \u00e0 Human Rights Watch. \u00ab\u00a0<em>Mais l'enqu\u00eate doit \u00eatre termin\u00e9e afin que les responsables du massacre du stade puissent \u00eatre jug\u00e9s sans plus tarder<\/em>. \u00bb<\/p>\n<p>L'enqu\u00eate a progress\u00e9, surmontant les obstacles politiques, financiers et logistiques.<\/p>\n<p>Des responsables de haut niveau, dont certains sont encore en fonction, ont \u00e9t\u00e9 mis en accusation, notamment Moussa Dadis Camara, l'ancien chef de la junte du Conseil national de la d\u00e9mocratie et du d\u00e9veloppement qui gouvernait la Guin\u00e9e en septembre 2009, ainsi que son vice-pr\u00e9sident, Mamadouba Toto Camara. Abubakar \u00ab\u00a0Toumba\u00a0\u00bb Diakit\u00e9, aide-de-camp de Moussa Dadis Camara, a \u00e9galement \u00e9t\u00e9 inculp\u00e9 et il a \u00e9t\u00e9 extrad\u00e9 en Guin\u00e9e en mars, apr\u00e8s avoir \u00e9t\u00e9 en fuite pendant plus de cinq ans. Toutefois, plusieurs personnes qui font face \u00e0 des accusations conservent encore des postes officiels influents en Guin\u00e9e.\u00a0<\/p>\n<p>\u00ab\u00a0<em>Que des personnes soup\u00e7onn\u00e9es de responsabilit\u00e9 p\u00e9nale pour le massacre du stade continuent \u00e0 occuper des postes officiels de haut niveau et de pouvoir est un affront envers les victimes et leurs familles et cela envoie le message n\u00e9gatif selon lequel l'impunit\u00e9 est tol\u00e9r\u00e9e<\/em>\u00a0en Guin\u00e9e \u00bb, a d\u00e9clar\u00e9\u00a0<a href=\"https:\/\/twitter.com\/francoispatuel?lang=en\" target=\"_blank\" rel=\"noopener\">Fran\u00e7ois Patuel<\/a>, chercheur sur l'Afrique de l'Ouest \u00e0 Amnesty International. \u00ab\u00a0<em>Toute personne faisant l\u2019objet d\u2019accusations devrait \u00eatre mise en cong\u00e9 administratif jusqu\u2019\u00e0 ce qu'un jugement d'innocence ou de culpabilit\u00e9 soit rend, afin d\u2019assurer qu\u2019elles n\u2019utilisent pas leur position et leur influence pour porter atteinte aux proc\u00e9dures<\/em>. \u00bb<\/p>\n<p>Les juges ont entendu le t\u00e9moignage de plus de 400 victimes et des membres de leur famille et ils ont \u00e9galement interrog\u00e9 des t\u00e9moins, notamment des membres des services de s\u00e9curit\u00e9.\u00a0<\/p>\n<p>Certains aspects de l'enqu\u00eate sont en suspens, comme la localisation de fosses communes cens\u00e9es contenir les corps d'une centaine de victimes qui demeurent disparues \u00e0 ce jour. Plusieurs personnes ayant exerc\u00e9 des fonctions de haut niveau \u00e0 l\u2019\u00e9poque n\u2019ont \u00e9t\u00e9 ni entendues ni poursuivies. Mais cela ne devrait pas \u00eatre un motif pour que les autorit\u00e9s judiciaires guin\u00e9ennes retardent l'ach\u00e8vement de l'enqu\u00eate.\u00a0 \u00a0<\/p>\n<p>Les autorit\u00e9s guin\u00e9ennes devraient \u00e9galement veiller \u00e0 ce que les violations des droits humains et les abus commis depuis le massacre du stade, notamment environ 70 morts lors de manifestations, soient examin\u00e9s de mani\u00e8re ad\u00e9quate et que les responsables soient traduits en justice dans des proc\u00e8s \u00e9quitables.<\/p>\n<p>La Cour p\u00e9nale internationale (CPI), qui a ouvert un examen pr\u00e9liminaire sur la situation en Guin\u00e9e en octobre 2009, a r\u00e9guli\u00e8rement rappel\u00e9 au gouvernement guin\u00e9en son obligation de rendre justice pour les crimes de 2009. Le gouvernement guin\u00e9en devrait veiller \u00e0 ce que la phase d'enqu\u00eate de l'affaire passe \u00e0 la phase de proc\u00e8s.<\/p>\n<p>La CPI est con\u00e7ue comme un tribunal de dernier recours. Conform\u00e9ment au principe de compl\u00e9mentarit\u00e9, la CPI intervient uniquement lorsque les tribunaux nationaux ne peuvent ou ne veulent pas enqu\u00eater et poursuivre les affaires relevant de son autorit\u00e9.<\/p>\n<p>La Commission internationale d'enqu\u00eate, cr\u00e9\u00e9e par le Secr\u00e9taire g\u00e9n\u00e9ral des Nations Unies et charg\u00e9e d'enqu\u00eater sur les \u00e9v\u00e9nements de Conakry, a conclu que les massacres et autres actes de violence commis le 28 septembre et les jours suivants constituent des \u00ab\u00a0<em>crimes contre l\u2019humanit\u00e9<\/em>\u00a0\u00bb.<\/p>\n<p>\u00ab\u00a0<em>Je n\u2019arrive pas \u00e0 surmonter ma souffrance<\/em>\u00a0\u00bb, a confi\u00e9 l\u2019une des victimes de viol \u00e0 Amnesty International. \u00ab\u00a0<em>Ma vie a vol\u00e9 en \u00e9clats. Le jour apr\u00e8s que les soldats m\u2019ont viol\u00e9e, mon mari nous a abandonn\u00e9es ma fille et moi. La justice doit \u00eatre rendue et les victimes doivent obtenir des r\u00e9parations.\u00a0<\/em>\u00bb<\/p>\n<p>\u00ab\u00a0<em>Les victimes des \u00e9v\u00e9nements du 28 septembre ont subi les pires formes de brutalit\u00e9 et r\u00e9clament des poursuites judiciaires depuis huit ans<\/em>\u00a0\u00bb, a d\u00e9clar\u00e9 Asmaou Diallo, de l'Association des Victimes, Parents et Ami-e-s du 28 Septembre 2009. \u00ab\u00a0<em>Les victimes m\u00e9ritent de voir progresser les rouages de la justice<\/em>. \u00bb<\/p>\n<p>Cet article a \u00e9t\u00e9 publi\u00e9 pr\u00e9c\u00e9demment par <a href=\"https:\/\/www.hrw.org\/fr\/news\/2017\/09\/27\/guinee-huit-ans-plus-tard-justice-doit-etre-rendue-pour-le-massacre\" target=\"_blank\" rel=\"noopener\">HRW<\/a><\/p>\n","protected":false},"excerpt":{"rendered":"<p>(Conakry) \u2013 La Guin\u00e9e devrait s\u2019employer \u00e0 rendre justice, \u00e0 \u00e9tablir la v\u00e9rit\u00e9 et d\u00e9dommager les victimes pour les crimes graves commis le 28 septembre 2009 dans un stade de Conakry, ont d\u00e9clar\u00e9 aujourd\u2019hui Human Rights Watch, Amnesty International et l'Association des Victimes, Parents et Ami-e-s du 28 Septembre 2009 aujourd\u2019hui, \u00e0 la veille du [&hellip;]<\/p>\n","protected":false},"author":63,"featured_media":62690,"comment_status":"open","ping_status":"closed","sticky":false,"template":"","format":"standard","meta":{"_acf_changed":false,"footnotes":""},"categories":[575],"tags":[],"ji_location":[2256],"class_list":["post-34744","post","type-post","status-publish","format-standard","has-post-thumbnail","hentry","category-opinions","ji_location-guinee"],"acf":[],"yoast_head":"<!-- This site is optimized with the Yoast SEO Premium plugin v25.3.1 (Yoast SEO v25.3.1) - https:\/\/yoast.com\/wordpress\/plugins\/seo\/ -->\n<title>Guin\u00e9e : Huit ans plus tard, justice doit \u00eatre rendue pour le massacre (ONG) - JusticeInfo.net<\/title>\n<meta name=\"robots\" content=\"index, follow, max-snippet:-1, max-image-preview:large, max-video-preview:-1\" \/>\n<link rel=\"canonical\" href=\"https:\/\/www.justiceinfo.net\/fr\/34744-guinee-huit-ans-plus-tard-justice-doit-etre-rendue-pour-le-massacre.html\" \/>\n<meta property=\"og:locale\" content=\"fr_FR\" \/>\n<meta property=\"og:type\" content=\"article\" \/>\n<meta property=\"og:title\" content=\"Guin\u00e9e : Huit ans plus tard, justice doit \u00eatre rendue pour le massacre (ONG)\" \/>\n<meta property=\"og:description\" content=\"(Conakry) \u2013 La Guin\u00e9e devrait s\u2019employer \u00e0 rendre justice, \u00e0 \u00e9tablir la v\u00e9rit\u00e9 et d\u00e9dommager les victimes pour les crimes graves commis le 28 septembre 2009 dans un stade de Conakry, ont d\u00e9clar\u00e9 aujourd\u2019hui Human Rights Watch, Amnesty International et l&#039;Association des Victimes, Parents et Ami-e-s du 28 Septembre 2009 aujourd\u2019hui, \u00e0 la veille du [&hellip;]\" \/>\n<meta property=\"og:url\" content=\"https:\/\/www.justiceinfo.net\/fr\/34744-guinee-huit-ans-plus-tard-justice-doit-etre-rendue-pour-le-massacre.html\" \/>\n<meta property=\"og:site_name\" content=\"JusticeInfo.net\" \/>\n<meta property=\"article:publisher\" content=\"https:\/\/www.facebook.com\/JusticeInfo\/\" \/>\n<meta property=\"article:published_time\" content=\"2017-09-25T22:00:00+00:00\" \/>\n<meta property=\"og:image\" content=\"https:\/\/www.justiceinfo.net\/wp-content\/uploads\/252a8f0c042de7d9a8b7b2d7ec804014.jpg\" \/>\n\t<meta property=\"og:image:width\" content=\"658\" \/>\n\t<meta property=\"og:image:height\" content=\"438\" \/>\n\t<meta property=\"og:image:type\" content=\"image\/jpeg\" \/>\n<meta name=\"author\" content=\"HRW\" \/>\n<meta name=\"twitter:card\" content=\"summary_large_image\" \/>\n<meta name=\"twitter:creator\" content=\"@justiceinfonet\" \/>\n<meta name=\"twitter:site\" content=\"@justiceinfonet\" \/>\n<meta name=\"twitter:label1\" content=\"\u00c9crit par\" \/>\n\t<meta name=\"twitter:data1\" content=\"HRW\" \/>\n\t<meta name=\"twitter:label2\" content=\"Dur\u00e9e de lecture estim\u00e9e\" \/>\n\t<meta name=\"twitter:data2\" content=\"4 minutes\" \/>\n<script type=\"application\/ld+json\" class=\"yoast-schema-graph\">{\"@context\":\"https:\/\/schema.org\",\"@graph\":[{\"@type\":\"NewsArticle\",\"@id\":\"https:\/\/www.justiceinfo.net\/fr\/34744-guinee-huit-ans-plus-tard-justice-doit-etre-rendue-pour-le-massacre.html#article\",\"isPartOf\":{\"@id\":\"https:\/\/www.justiceinfo.net\/fr\/34744-guinee-huit-ans-plus-tard-justice-doit-etre-rendue-pour-le-massacre.html\"},\"author\":{\"name\":\"civiliste\",\"@id\":\"https:\/\/www.justiceinfo.net\/fr#\/schema\/person\/015ad428615c9bd082c2b6aa8df6cad0\"},\"headline\":\"Guin\u00e9e : Huit ans plus tard, justice doit \u00eatre rendue pour le massacre (ONG)\",\"datePublished\":\"2017-09-25T22:00:00+00:00\",\"mainEntityOfPage\":{\"@id\":\"https:\/\/www.justiceinfo.net\/fr\/34744-guinee-huit-ans-plus-tard-justice-doit-etre-rendue-pour-le-massacre.html\"},\"wordCount\":862,\"commentCount\":0,\"publisher\":{\"@id\":\"https:\/\/www.justiceinfo.net\/fr#organization\"},\"image\":{\"@id\":\"https:\/\/www.justiceinfo.net\/fr\/34744-guinee-huit-ans-plus-tard-justice-doit-etre-rendue-pour-le-massacre.html#primaryimage\"},\"thumbnailUrl\":\"https:\/\/www.justiceinfo.net\/wp-content\/uploads\/252a8f0c042de7d9a8b7b2d7ec804014.jpg\",\"articleSection\":[\"Opinions\"],\"inLanguage\":\"fr-FR\",\"potentialAction\":[{\"@type\":\"CommentAction\",\"name\":\"Comment\",\"target\":[\"https:\/\/www.justiceinfo.net\/fr\/34744-guinee-huit-ans-plus-tard-justice-doit-etre-rendue-pour-le-massacre.html#respond\"]}]},{\"@type\":\"WebPage\",\"@id\":\"https:\/\/www.justiceinfo.net\/fr\/34744-guinee-huit-ans-plus-tard-justice-doit-etre-rendue-pour-le-massacre.html\",\"url\":\"https:\/\/www.justiceinfo.net\/fr\/34744-guinee-huit-ans-plus-tard-justice-doit-etre-rendue-pour-le-massacre.html\",\"name\":\"Guin\u00e9e : Huit ans plus tard, justice doit \u00eatre rendue pour le massacre (ONG) - JusticeInfo.net\",\"isPartOf\":{\"@id\":\"https:\/\/www.justiceinfo.net\/fr#website\"},\"primaryImageOfPage\":{\"@id\":\"https:\/\/www.justiceinfo.net\/fr\/34744-guinee-huit-ans-plus-tard-justice-doit-etre-rendue-pour-le-massacre.html#primaryimage\"},\"image\":{\"@id\":\"https:\/\/www.justiceinfo.net\/fr\/34744-guinee-huit-ans-plus-tard-justice-doit-etre-rendue-pour-le-massacre.html#primaryimage\"},\"thumbnailUrl\":\"https:\/\/www.justiceinfo.net\/wp-content\/uploads\/252a8f0c042de7d9a8b7b2d7ec804014.jpg\",\"datePublished\":\"2017-09-25T22:00:00+00:00\",\"breadcrumb\":{\"@id\":\"https:\/\/www.justiceinfo.net\/fr\/34744-guinee-huit-ans-plus-tard-justice-doit-etre-rendue-pour-le-massacre.html#breadcrumb\"},\"inLanguage\":\"fr-FR\",\"potentialAction\":[{\"@type\":\"ReadAction\",\"target\":[\"https:\/\/www.justiceinfo.net\/fr\/34744-guinee-huit-ans-plus-tard-justice-doit-etre-rendue-pour-le-massacre.html\"]}]},{\"@type\":\"ImageObject\",\"inLanguage\":\"fr-FR\",\"@id\":\"https:\/\/www.justiceinfo.net\/fr\/34744-guinee-huit-ans-plus-tard-justice-doit-etre-rendue-pour-le-massacre.html#primaryimage\",\"url\":\"https:\/\/www.justiceinfo.net\/wp-content\/uploads\/252a8f0c042de7d9a8b7b2d7ec804014.jpg\",\"contentUrl\":\"https:\/\/www.justiceinfo.net\/wp-content\/uploads\/252a8f0c042de7d9a8b7b2d7ec804014.jpg\",\"width\":658,\"height\":438},{\"@type\":\"BreadcrumbList\",\"@id\":\"https:\/\/www.justiceinfo.net\/fr\/34744-guinee-huit-ans-plus-tard-justice-doit-etre-rendue-pour-le-massacre.html#breadcrumb\",\"itemListElement\":[{\"@type\":\"ListItem\",\"position\":1,\"name\":\"Home\",\"item\":\"https:\/\/www.justiceinfo.net\/fr\"},{\"@type\":\"ListItem\",\"position\":2,\"name\":\"Guin\u00e9e : Huit ans plus tard, justice doit \u00eatre rendue pour le massacre (ONG)\"}]},{\"@type\":\"WebSite\",\"@id\":\"https:\/\/www.justiceinfo.net\/fr#website\",\"url\":\"https:\/\/www.justiceinfo.net\/fr\",\"name\":\"JusticeInfo.net\",\"description\":\"La justice doit \u00eatre vue pour \u00eatre rendue\",\"publisher\":{\"@id\":\"https:\/\/www.justiceinfo.net\/fr#organization\"},\"potentialAction\":[{\"@type\":\"SearchAction\",\"target\":{\"@type\":\"EntryPoint\",\"urlTemplate\":\"https:\/\/www.justiceinfo.net\/fr?s={search_term_string}\"},\"query-input\":{\"@type\":\"PropertyValueSpecification\",\"valueRequired\":true,\"valueName\":\"search_term_string\"}}],\"inLanguage\":\"fr-FR\"},{\"@type\":\"Organization\",\"@id\":\"https:\/\/www.justiceinfo.net\/fr#organization\",\"name\":\"Justice Info\",\"url\":\"https:\/\/www.justiceinfo.net\/fr\",\"logo\":{\"@type\":\"ImageObject\",\"inLanguage\":\"fr-FR\",\"@id\":\"https:\/\/www.justiceinfo.net\/fr#\/schema\/logo\/image\/\",\"url\":\"https:\/\/www.justiceinfo.net\/wp-content\/uploads\/justiceinfo_logo-trans_1200x1200px.png\",\"contentUrl\":\"https:\/\/www.justiceinfo.net\/wp-content\/uploads\/justiceinfo_logo-trans_1200x1200px.png\",\"width\":1199,\"height\":1200,\"caption\":\"Justice Info\"},\"image\":{\"@id\":\"https:\/\/www.justiceinfo.net\/fr#\/schema\/logo\/image\/\"},\"sameAs\":[\"https:\/\/www.facebook.com\/JusticeInfo\/\",\"https:\/\/x.com\/justiceinfonet\",\"https:\/\/www.linkedin.com\/company\/justice-info\",\"https:\/\/www.youtube.com\/channel\/UCyCEsARodyuWtkWyhn-e7pA\"]},{\"@type\":\"Person\",\"name\":\"HRW\",\"url\":\"\/fr\/?s=HRW\"}]}<\/script>\n<!-- \/ Yoast SEO Premium plugin. -->","yoast_head_json":{"title":"Guin\u00e9e : Huit ans plus tard, justice doit \u00eatre rendue pour le massacre (ONG) - JusticeInfo.net","robots":{"index":"index","follow":"follow","max-snippet":"max-snippet:-1","max-image-preview":"max-image-preview:large","max-video-preview":"max-video-preview:-1"},"canonical":"https:\/\/www.justiceinfo.net\/fr\/34744-guinee-huit-ans-plus-tard-justice-doit-etre-rendue-pour-le-massacre.html","og_locale":"fr_FR","og_type":"article","og_title":"Guin\u00e9e : Huit ans plus tard, justice doit \u00eatre rendue pour le massacre (ONG)","og_description":"(Conakry) \u2013 La Guin\u00e9e devrait s\u2019employer \u00e0 rendre justice, \u00e0 \u00e9tablir la v\u00e9rit\u00e9 et d\u00e9dommager les victimes pour les crimes graves commis le 28 septembre 2009 dans un stade de Conakry, ont d\u00e9clar\u00e9 aujourd\u2019hui Human Rights Watch, Amnesty International et l'Association des Victimes, Parents et Ami-e-s du 28 Septembre 2009 aujourd\u2019hui, \u00e0 la veille du [&hellip;]","og_url":"https:\/\/www.justiceinfo.net\/fr\/34744-guinee-huit-ans-plus-tard-justice-doit-etre-rendue-pour-le-massacre.html","og_site_name":"JusticeInfo.net","article_publisher":"https:\/\/www.facebook.com\/JusticeInfo\/","article_published_time":"2017-09-25T22:00:00+00:00","og_image":[{"width":658,"height":438,"url":"https:\/\/www.justiceinfo.net\/wp-content\/uploads\/252a8f0c042de7d9a8b7b2d7ec804014.jpg","type":"image\/jpeg"}],"author":"HRW","twitter_card":"summary_large_image","twitter_creator":"@justiceinfonet","twitter_site":"@justiceinfonet","twitter_misc":{"\u00c9crit par":"HRW","Dur\u00e9e de lecture estim\u00e9e":"4 minutes"},"schema":{"@context":"https:\/\/schema.org","@graph":[{"@type":"NewsArticle","@id":"https:\/\/www.justiceinfo.net\/fr\/34744-guinee-huit-ans-plus-tard-justice-doit-etre-rendue-pour-le-massacre.html#article","isPartOf":{"@id":"https:\/\/www.justiceinfo.net\/fr\/34744-guinee-huit-ans-plus-tard-justice-doit-etre-rendue-pour-le-massacre.html"},"author":{"name":"civiliste","@id":"https:\/\/www.justiceinfo.net\/fr#\/schema\/person\/015ad428615c9bd082c2b6aa8df6cad0"},"headline":"Guin\u00e9e : Huit ans plus tard, justice doit \u00eatre rendue pour le massacre (ONG)","datePublished":"2017-09-25T22:00:00+00:00","mainEntityOfPage":{"@id":"https:\/\/www.justiceinfo.net\/fr\/34744-guinee-huit-ans-plus-tard-justice-doit-etre-rendue-pour-le-massacre.html"},"wordCount":862,"commentCount":0,"publisher":{"@id":"https:\/\/www.justiceinfo.net\/fr#organization"},"image":{"@id":"https:\/\/www.justiceinfo.net\/fr\/34744-guinee-huit-ans-plus-tard-justice-doit-etre-rendue-pour-le-massacre.html#primaryimage"},"thumbnailUrl":"https:\/\/www.justiceinfo.net\/wp-content\/uploads\/252a8f0c042de7d9a8b7b2d7ec804014.jpg","articleSection":["Opinions"],"inLanguage":"fr-FR","potentialAction":[{"@type":"CommentAction","name":"Comment","target":["https:\/\/www.justiceinfo.net\/fr\/34744-guinee-huit-ans-plus-tard-justice-doit-etre-rendue-pour-le-massacre.html#respond"]}]},{"@type":"WebPage","@id":"https:\/\/www.justiceinfo.net\/fr\/34744-guinee-huit-ans-plus-tard-justice-doit-etre-rendue-pour-le-massacre.html","url":"https:\/\/www.justiceinfo.net\/fr\/34744-guinee-huit-ans-plus-tard-justice-doit-etre-rendue-pour-le-massacre.html","name":"Guin\u00e9e : Huit ans plus tard, justice doit \u00eatre rendue pour le massacre (ONG) - JusticeInfo.net","isPartOf":{"@id":"https:\/\/www.justiceinfo.net\/fr#website"},"primaryImageOfPage":{"@id":"https:\/\/www.justiceinfo.net\/fr\/34744-guinee-huit-ans-plus-tard-justice-doit-etre-rendue-pour-le-massacre.html#primaryimage"},"image":{"@id":"https:\/\/www.justiceinfo.net\/fr\/34744-guinee-huit-ans-plus-tard-justice-doit-etre-rendue-pour-le-massacre.html#primaryimage"},"thumbnailUrl":"https:\/\/www.justiceinfo.net\/wp-content\/uploads\/252a8f0c042de7d9a8b7b2d7ec804014.jpg","datePublished":"2017-09-25T22:00:00+00:00","breadcrumb":{"@id":"https:\/\/www.justiceinfo.net\/fr\/34744-guinee-huit-ans-plus-tard-justice-doit-etre-rendue-pour-le-massacre.html#breadcrumb"},"inLanguage":"fr-FR","potentialAction":[{"@type":"ReadAction","target":["https:\/\/www.justiceinfo.net\/fr\/34744-guinee-huit-ans-plus-tard-justice-doit-etre-rendue-pour-le-massacre.html"]}]},{"@type":"ImageObject","inLanguage":"fr-FR","@id":"https:\/\/www.justiceinfo.net\/fr\/34744-guinee-huit-ans-plus-tard-justice-doit-etre-rendue-pour-le-massacre.html#primaryimage","url":"https:\/\/www.justiceinfo.net\/wp-content\/uploads\/252a8f0c042de7d9a8b7b2d7ec804014.jpg","contentUrl":"https:\/\/www.justiceinfo.net\/wp-content\/uploads\/252a8f0c042de7d9a8b7b2d7ec804014.jpg","width":658,"height":438},{"@type":"BreadcrumbList","@id":"https:\/\/www.justiceinfo.net\/fr\/34744-guinee-huit-ans-plus-tard-justice-doit-etre-rendue-pour-le-massacre.html#breadcrumb","itemListElement":[{"@type":"ListItem","position":1,"name":"Home","item":"https:\/\/www.justiceinfo.net\/fr"},{"@type":"ListItem","position":2,"name":"Guin\u00e9e : Huit ans plus tard, justice doit \u00eatre rendue pour le massacre (ONG)"}]},{"@type":"WebSite","@id":"https:\/\/www.justiceinfo.net\/fr#website","url":"https:\/\/www.justiceinfo.net\/fr","name":"JusticeInfo.net","description":"La justice doit \u00eatre vue pour \u00eatre rendue","publisher":{"@id":"https:\/\/www.justiceinfo.net\/fr#organization"},"potentialAction":[{"@type":"SearchAction","target":{"@type":"EntryPoint","urlTemplate":"https:\/\/www.justiceinfo.net\/fr?s={search_term_string}"},"query-input":{"@type":"PropertyValueSpecification","valueRequired":true,"valueName":"search_term_string"}}],"inLanguage":"fr-FR"},{"@type":"Organization","@id":"https:\/\/www.justiceinfo.net\/fr#organization","name":"Justice Info","url":"https:\/\/www.justiceinfo.net\/fr","logo":{"@type":"ImageObject","inLanguage":"fr-FR","@id":"https:\/\/www.justiceinfo.net\/fr#\/schema\/logo\/image\/","url":"https:\/\/www.justiceinfo.net\/wp-content\/uploads\/justiceinfo_logo-trans_1200x1200px.png","contentUrl":"https:\/\/www.justiceinfo.net\/wp-content\/uploads\/justiceinfo_logo-trans_1200x1200px.png","width":1199,"height":1200,"caption":"Justice Info"},"image":{"@id":"https:\/\/www.justiceinfo.net\/fr#\/schema\/logo\/image\/"},"sameAs":["https:\/\/www.facebook.com\/JusticeInfo\/","https:\/\/x.com\/justiceinfonet","https:\/\/www.linkedin.com\/company\/justice-info","https:\/\/www.youtube.com\/channel\/UCyCEsARodyuWtkWyhn-e7pA"]},{"@type":"Person","name":"HRW","url":"\/fr\/?s=HRW"}]}},"_links":{"self":[{"href":"https:\/\/www.justiceinfo.net\/fr\/wp-json\/wp\/v2\/posts\/34744","targetHints":{"allow":["GET"]}}],"collection":[{"href":"https:\/\/www.justiceinfo.net\/fr\/wp-json\/wp\/v2\/posts"}],"about":[{"href":"https:\/\/www.justiceinfo.net\/fr\/wp-json\/wp\/v2\/types\/post"}],"author":[{"embeddable":true,"href":"https:\/\/www.justiceinfo.net\/fr\/wp-json\/wp\/v2\/users\/63"}],"replies":[{"embeddable":true,"href":"https:\/\/www.justiceinfo.net\/fr\/wp-json\/wp\/v2\/comments?post=34744"}],"version-history":[{"count":0,"href":"https:\/\/www.justiceinfo.net\/fr\/wp-json\/wp\/v2\/posts\/34744\/revisions"}],"wp:featuredmedia":[{"embeddable":true,"href":"https:\/\/www.justiceinfo.net\/fr\/wp-json\/wp\/v2\/media\/62690"}],"wp:attachment":[{"href":"https:\/\/www.justiceinfo.net\/fr\/wp-json\/wp\/v2\/media?parent=34744"}],"wp:term":[{"taxonomy":"category","embeddable":true,"href":"https:\/\/www.justiceinfo.net\/fr\/wp-json\/wp\/v2\/categories?post=34744"},{"taxonomy":"post_tag","embeddable":true,"href":"https:\/\/www.justiceinfo.net\/fr\/wp-json\/wp\/v2\/tags?post=34744"},{"taxonomy":"ji_location","embeddable":true,"href":"https:\/\/www.justiceinfo.net\/fr\/wp-json\/wp\/v2\/ji_location?post=34744"}],"curies":[{"name":"wp","href":"https:\/\/api.w.org\/{rel}","templated":true}]}}