{"id":34789,"date":"2017-10-02T05:15:42","date_gmt":"2017-10-02T03:15:42","guid":{"rendered":"https:\/\/www.justiceinfo.net\/34789-cameroun-proclamation-symbolique-d-independance-au-moins-sept-morts-lors-d-incidents.html"},"modified":"2017-10-02T05:15:42","modified_gmt":"2017-10-02T03:15:42","slug":"cameroun-proclamation-symbolique-d-independance-au-moins-sept-morts-lors-d-incidents","status":"publish","type":"post","link":"https:\/\/www.justiceinfo.net\/fr\/34789-cameroun-proclamation-symbolique-d-independance-au-moins-sept-morts-lors-d-incidents.html","title":{"rendered":"Cameroun : proclamation symbolique d'\"ind\u00e9pendance\", au moins sept morts lors d'incidents"},"content":{"rendered":"<div class=\"txt-textContent\">\n<div class=\"text fontsize_0 jq_Content jq_langdir\">\n<p>Au moins sept personnes ont \u00e9t\u00e9 tu\u00e9es dans des incidents s\u00e9par\u00e9s qui ont eu lieu ce week-end dans les r\u00e9gions anglophones du Cameroun, quadrill\u00e9es par les forces de l'ordre camerounaises, en marge d'une proclamation symbolique d'\"ind\u00e9pendance\" vis-\u00e0-vis de Yaound\u00e9.<\/p>\n<p>Les s\u00e9paratistes anglophones ont choisi le 1er octobre, jour de la r\u00e9unification officielle des parties anglophone et francophone du Cameroun, en 1961, pour proclamer unilat\u00e9ralement cette \"ind\u00e9pendance\".<\/p>\n<p>Depuis novembre 2016, la minorit\u00e9 anglophone, qui repr\u00e9sente environ 20% des 22 millions de Camerounais, proteste contre ce qu'elle appelle sa \"marginalisation\" dans la soci\u00e9t\u00e9.<\/p>\n<p>Le sc\u00e9nario de cette \"ind\u00e9pendance\" est cat\u00e9goriquement rejet\u00e9 par Yaound\u00e9 qui a d\u00e9ploy\u00e9 d'importantes forces de s\u00e9curit\u00e9 ce week-end dans les r\u00e9gions anglophones, et notamment \u00e0 Buea, chef-lieu du Sud-Ouest, et Bamenda, chef-lieu du Nord-Ouest, o\u00f9 plusieurs personnes ont \u00e9t\u00e9 admises \u00e0 l'h\u00f4pital de la ville dimanche, selon une source m\u00e9dicale, apr\u00e8s des \u00e9chauffour\u00e9es entre manifestants et la police.<\/p>\n<p>\"Au moins une personne a \u00e9t\u00e9 bless\u00e9e par balle\" dimanche, selon une source proche des autorit\u00e9s sur place \u00e0 l'AFP, qui a fait \u00e9tat d'une situation \"tr\u00e8s tendue\".<\/p>\n<p>A Bamenda, \"les forces de s\u00e9curit\u00e9s ont d\u00fb recourir au gaz lacrymog\u00e8ne et parfois aux coups de feu pour disperser les manifestants\", selon la source proche des autorit\u00e9s sur place, jointe par t\u00e9l\u00e9phone.<\/p>\n<p>Des habitants de Bamenda, contact\u00e9s par l'AFP au t\u00e9l\u00e9phone, ont fait \u00e9tat de \"tirs\" par les forces de s\u00e9curit\u00e9 sans toutefois donner davantage de pr\u00e9cisions.<\/p>\n<p>Deux personnes ont \u00e9t\u00e9 \"tu\u00e9es par balles\" \u00e0 Ndop, \u00e0 40 kilom\u00e8tres de Bamenda (nord-ouest), selon des sources concordants, et une \u00e0 Kumbo, selon le maire de la ville, Donatus Njong, en marge de manifestations.<\/p>\n<p>Trois prisonniers du p\u00e9nitencier de la m\u00eame ville de Kumbo, qui voulaient \"profiter\" de la mobilisation des forces de s\u00e9curit\u00e9 pour s'\u00e9chapper, ont \u00e9t\u00e9 tu\u00e9s par les gardiens dimanche, et trois autres bless\u00e9s, selon une source proche des autorit\u00e9s r\u00e9gionales.<\/p>\n<p>Samedi, un jeune avait \u00e9t\u00e9 tu\u00e9 par des forces de s\u00e9curit\u00e9 \u00e0 Kumba, ville r\u00e9put\u00e9e frondeuse dans le Sud-Ouest anglophone.\u00a0<\/p>\n<p>\u00a0<\/p>\n<h2>- 'Tirs \u00e0 balles r\u00e9elles'-<\/h2>\n<p>\u00a0<\/p>\n<p>R\u00e9agissant sur les r\u00e9seaux sociaux, le pr\u00e9sident camerounais Paul Biya, a condamn\u00e9 \"de fa\u00e7on \u00e9nergique tous les actes de violence, d'o\u00f9 qu'ils viennent, quels qu'en soient les auteurs\", appelant au \"dialogue\".<\/p>\n<p>Certains anglophones exigent le retour au f\u00e9d\u00e9ralisme, tandis qu'une minorit\u00e9 r\u00e9clame la partition du Cameroun, deux sc\u00e9narios que Yaound\u00e9 ne veut pas entendre.<\/p>\n<p>La crise provoqu\u00e9e par cette contestation, exacerb\u00e9e d\u00e9but 2017 avec une coupure d'internet de trois mois, s'est amplifi\u00e9e ces derni\u00e8res semaines avec la volont\u00e9 de proclamer symboliquement l'ind\u00e9pendance des r\u00e9gions anglophones.<\/p>\n<p>Le 22 septembre, \"entre 30 et 50.000\" s\u00e9paratistes y ont manifest\u00e9, selon un d\u00e9compte de l'organisation International Crisis Group (ICG), qui rel\u00e8ve que c'est la plus grande manifestation depuis f\u00e9vrier 2008 et les violences li\u00e9es \u00e0 l'augmentation du prix de l'essence.-\u00a0<\/p>\n<h2>- Couvre-feu -<\/h2>\n<p>\u00a0<\/p>\n<p>La d\u00e9claration symbolique d'\"ind\u00e9pendance\" a \u00e9t\u00e9 faite sur les r\u00e9seaux sociaux dimanche matin par Sisiku Ayuk, \"pr\u00e9sident\" de l'Ambazonie, du nom de la R\u00e9publique s\u00e9paratiste que les ind\u00e9pendantistes entendent cr\u00e9er.<\/p>\n<p>Auparavant, Yaound\u00e9 avait pris des mesures fortes: couvre-feu instaur\u00e9 dans les deux r\u00e9gions anglophones, interdiction des r\u00e9unions de plus de quatre personnes dans l'espace public et des d\u00e9placements entre les localit\u00e9s.<\/p>\n<p>L'acc\u00e8s \u00e0 internet y \u00e9tait perturb\u00e9 depuis vendredi, selon un journaliste de l'AFP, malgr\u00e9 les assurances donn\u00e9es mercredi par le gouvernement qu'il n'y aurait pas de coupure d'internet dans les r\u00e9gions anglophones.<\/p>\n<p>Joint par l'AFP depuis Buea, le vice-pr\u00e9sident du Social democratic front (SDF, principal parti d'opposition) Joshua Osih, s'est insurg\u00e9 contre les \"forces de l'ordre\" qui \"tirent \u00e0 balles r\u00e9elles sur les manifestants\". \"Lever un drapeau ne m\u00e9rite pas la mort\", a-t-il d\u00e9clar\u00e9 tout en soulignant \u00eatre contre toute s\u00e9cession.<\/p>\n<p>\"Depuis le d\u00e9but de la crise c'est le durcissement du gouvernement qui a radicalis\u00e9 la population. Ils se sont rendus compte (le 22, ndlr) que les s\u00e9cessionnistes ne sont pas que sur Facebook et qu'ils ne sont pas si minoritaires que \u00e7a. D'o\u00f9 une surr\u00e9action du r\u00e9gime qui est depuis une d\u00e9cennie sur la d\u00e9fensive\", analyse Hans de Marie Heungoup, chercheur sur le Cameroun \u00e0 l'ICG, joint par l'AFP depuis Libreville.<\/p>\n<p>L'Union europ\u00e9enne a appel\u00e9 samedi \"tous les acteurs\" \u00e0 \"faire preuve de retenue et de responsabilit\u00e9\". Jeudi, le secr\u00e9taire g\u00e9n\u00e9ral des Nations unies Antonio Guterres a exhort\u00e9 les autorit\u00e9s camerounaises \"\u00e0 promouvoir des mesures de r\u00e9conciliation nationale\".<\/p>\n<\/div>\n<\/div>\n","protected":false},"excerpt":{"rendered":"<p>Au moins sept personnes ont \u00e9t\u00e9 tu\u00e9es dans des incidents s\u00e9par\u00e9s qui ont eu lieu ce week-end dans les r\u00e9gions anglophones du Cameroun, quadrill\u00e9es par les forces de l'ordre camerounaises, en marge d'une proclamation symbolique d'\"ind\u00e9pendance\" vis-\u00e0-vis de Yaound\u00e9. Les s\u00e9paratistes anglophones ont choisi le 1er octobre, jour de la r\u00e9unification officielle des parties anglophone [&hellip;]<\/p>\n","protected":false},"author":60,"featured_media":0,"comment_status":"open","ping_status":"closed","sticky":false,"template":"","format":"standard","meta":{"_acf_changed":false,"footnotes":""},"categories":[2576],"tags":[],"ji_location":[2156],"class_list":["post-34789","post","type-post","status-publish","format-standard","hentry","category-fil-d-actualite","ji_location-cameroun"],"acf":[],"yoast_head":"<!-- This site is optimized with the Yoast SEO Premium plugin v25.3.1 (Yoast SEO v25.3.1) - https:\/\/yoast.com\/wordpress\/plugins\/seo\/ -->\n<title>Cameroun : proclamation symbolique d&#039;&quot;ind\u00e9pendance&quot;, au moins sept morts lors d&#039;incidents - JusticeInfo.net<\/title>\n<meta name=\"robots\" content=\"index, follow, max-snippet:-1, max-image-preview:large, max-video-preview:-1\" \/>\n<link rel=\"canonical\" href=\"https:\/\/www.justiceinfo.net\/fr\/34789-cameroun-proclamation-symbolique-d-independance-au-moins-sept-morts-lors-d-incidents.html\" \/>\n<meta property=\"og:locale\" content=\"fr_FR\" \/>\n<meta property=\"og:type\" content=\"article\" \/>\n<meta property=\"og:title\" content=\"Cameroun : proclamation symbolique d&#039;&quot;ind\u00e9pendance&quot;, au moins sept morts lors d&#039;incidents\" \/>\n<meta property=\"og:description\" content=\"Au moins sept personnes ont \u00e9t\u00e9 tu\u00e9es dans des incidents s\u00e9par\u00e9s qui ont eu lieu ce week-end dans les r\u00e9gions anglophones du Cameroun, quadrill\u00e9es par les forces de l&#039;ordre camerounaises, en marge d&#039;une proclamation symbolique d&#039;&quot;ind\u00e9pendance&quot; vis-\u00e0-vis de Yaound\u00e9. Les s\u00e9paratistes anglophones ont choisi le 1er octobre, jour de la r\u00e9unification officielle des parties anglophone [&hellip;]\" \/>\n<meta property=\"og:url\" content=\"https:\/\/www.justiceinfo.net\/fr\/34789-cameroun-proclamation-symbolique-d-independance-au-moins-sept-morts-lors-d-incidents.html\" \/>\n<meta property=\"og:site_name\" content=\"JusticeInfo.net\" \/>\n<meta property=\"article:publisher\" content=\"https:\/\/www.facebook.com\/JusticeInfo\/\" \/>\n<meta property=\"article:published_time\" content=\"2017-10-02T03:15:42+00:00\" \/>\n<meta property=\"og:image\" content=\"https:\/\/www.justiceinfo.net\/wp-content\/uploads\/JusticeInfoNet_logo_1200x630px.jpg\" \/>\n\t<meta property=\"og:image:width\" content=\"1200\" \/>\n\t<meta property=\"og:image:height\" content=\"630\" \/>\n\t<meta property=\"og:image:type\" content=\"image\/jpeg\" \/>\n<meta name=\"author\" content=\"AFP\" \/>\n<meta name=\"twitter:card\" content=\"summary_large_image\" \/>\n<meta name=\"twitter:creator\" content=\"@justiceinfonet\" \/>\n<meta name=\"twitter:site\" content=\"@justiceinfonet\" \/>\n<meta name=\"twitter:label1\" content=\"\u00c9crit par\" \/>\n\t<meta name=\"twitter:data1\" content=\"AFP\" \/>\n\t<meta name=\"twitter:label2\" content=\"Dur\u00e9e de lecture estim\u00e9e\" \/>\n\t<meta name=\"twitter:data2\" content=\"4 minutes\" \/>\n<script type=\"application\/ld+json\" class=\"yoast-schema-graph\">{\"@context\":\"https:\/\/schema.org\",\"@graph\":[{\"@type\":\"NewsArticle\",\"@id\":\"https:\/\/www.justiceinfo.net\/fr\/34789-cameroun-proclamation-symbolique-d-independance-au-moins-sept-morts-lors-d-incidents.html#article\",\"isPartOf\":{\"@id\":\"https:\/\/www.justiceinfo.net\/fr\/34789-cameroun-proclamation-symbolique-d-independance-au-moins-sept-morts-lors-d-incidents.html\"},\"author\":{\"name\":\"afp\",\"@id\":\"https:\/\/www.justiceinfo.net\/fr#\/schema\/person\/713d340ef5f218fc36ce9b4244364a7f\"},\"headline\":\"Cameroun : proclamation symbolique d'\\\"ind\u00e9pendance\\\", au moins sept morts lors d'incidents\",\"datePublished\":\"2017-10-02T03:15:42+00:00\",\"mainEntityOfPage\":{\"@id\":\"https:\/\/www.justiceinfo.net\/fr\/34789-cameroun-proclamation-symbolique-d-independance-au-moins-sept-morts-lors-d-incidents.html\"},\"wordCount\":846,\"commentCount\":0,\"publisher\":{\"@id\":\"https:\/\/www.justiceinfo.net\/fr#organization\"},\"articleSection\":[\"Fil d'info AFP\"],\"inLanguage\":\"fr-FR\",\"potentialAction\":[{\"@type\":\"CommentAction\",\"name\":\"Comment\",\"target\":[\"https:\/\/www.justiceinfo.net\/fr\/34789-cameroun-proclamation-symbolique-d-independance-au-moins-sept-morts-lors-d-incidents.html#respond\"]}]},{\"@type\":\"WebPage\",\"@id\":\"https:\/\/www.justiceinfo.net\/fr\/34789-cameroun-proclamation-symbolique-d-independance-au-moins-sept-morts-lors-d-incidents.html\",\"url\":\"https:\/\/www.justiceinfo.net\/fr\/34789-cameroun-proclamation-symbolique-d-independance-au-moins-sept-morts-lors-d-incidents.html\",\"name\":\"Cameroun : proclamation symbolique d'\\\"ind\u00e9pendance\\\", au moins sept morts lors d'incidents - JusticeInfo.net\",\"isPartOf\":{\"@id\":\"https:\/\/www.justiceinfo.net\/fr#website\"},\"datePublished\":\"2017-10-02T03:15:42+00:00\",\"breadcrumb\":{\"@id\":\"https:\/\/www.justiceinfo.net\/fr\/34789-cameroun-proclamation-symbolique-d-independance-au-moins-sept-morts-lors-d-incidents.html#breadcrumb\"},\"inLanguage\":\"fr-FR\",\"potentialAction\":[{\"@type\":\"ReadAction\",\"target\":[\"https:\/\/www.justiceinfo.net\/fr\/34789-cameroun-proclamation-symbolique-d-independance-au-moins-sept-morts-lors-d-incidents.html\"]}]},{\"@type\":\"BreadcrumbList\",\"@id\":\"https:\/\/www.justiceinfo.net\/fr\/34789-cameroun-proclamation-symbolique-d-independance-au-moins-sept-morts-lors-d-incidents.html#breadcrumb\",\"itemListElement\":[{\"@type\":\"ListItem\",\"position\":1,\"name\":\"Home\",\"item\":\"https:\/\/www.justiceinfo.net\/fr\"},{\"@type\":\"ListItem\",\"position\":2,\"name\":\"Cameroun : proclamation symbolique d'\\\"ind\u00e9pendance\\\", au moins sept morts lors d'incidents\"}]},{\"@type\":\"WebSite\",\"@id\":\"https:\/\/www.justiceinfo.net\/fr#website\",\"url\":\"https:\/\/www.justiceinfo.net\/fr\",\"name\":\"JusticeInfo.net\",\"description\":\"La justice doit \u00eatre vue pour \u00eatre rendue\",\"publisher\":{\"@id\":\"https:\/\/www.justiceinfo.net\/fr#organization\"},\"potentialAction\":[{\"@type\":\"SearchAction\",\"target\":{\"@type\":\"EntryPoint\",\"urlTemplate\":\"https:\/\/www.justiceinfo.net\/fr?s={search_term_string}\"},\"query-input\":{\"@type\":\"PropertyValueSpecification\",\"valueRequired\":true,\"valueName\":\"search_term_string\"}}],\"inLanguage\":\"fr-FR\"},{\"@type\":\"Organization\",\"@id\":\"https:\/\/www.justiceinfo.net\/fr#organization\",\"name\":\"Justice Info\",\"url\":\"https:\/\/www.justiceinfo.net\/fr\",\"logo\":{\"@type\":\"ImageObject\",\"inLanguage\":\"fr-FR\",\"@id\":\"https:\/\/www.justiceinfo.net\/fr#\/schema\/logo\/image\/\",\"url\":\"https:\/\/www.justiceinfo.net\/wp-content\/uploads\/justiceinfo_logo-trans_1200x1200px.png\",\"contentUrl\":\"https:\/\/www.justiceinfo.net\/wp-content\/uploads\/justiceinfo_logo-trans_1200x1200px.png\",\"width\":1199,\"height\":1200,\"caption\":\"Justice Info\"},\"image\":{\"@id\":\"https:\/\/www.justiceinfo.net\/fr#\/schema\/logo\/image\/\"},\"sameAs\":[\"https:\/\/www.facebook.com\/JusticeInfo\/\",\"https:\/\/x.com\/justiceinfonet\",\"https:\/\/www.linkedin.com\/company\/justice-info\",\"https:\/\/www.youtube.com\/channel\/UCyCEsARodyuWtkWyhn-e7pA\"]},{\"@type\":\"Person\",\"name\":\"AFP\",\"url\":\"\/fr\/?s=AFP\"}]}<\/script>\n<!-- \/ Yoast SEO Premium plugin. -->","yoast_head_json":{"title":"Cameroun : proclamation symbolique d'\"ind\u00e9pendance\", au moins sept morts lors d'incidents - JusticeInfo.net","robots":{"index":"index","follow":"follow","max-snippet":"max-snippet:-1","max-image-preview":"max-image-preview:large","max-video-preview":"max-video-preview:-1"},"canonical":"https:\/\/www.justiceinfo.net\/fr\/34789-cameroun-proclamation-symbolique-d-independance-au-moins-sept-morts-lors-d-incidents.html","og_locale":"fr_FR","og_type":"article","og_title":"Cameroun : proclamation symbolique d'\"ind\u00e9pendance\", au moins sept morts lors d'incidents","og_description":"Au moins sept personnes ont \u00e9t\u00e9 tu\u00e9es dans des incidents s\u00e9par\u00e9s qui ont eu lieu ce week-end dans les r\u00e9gions anglophones du Cameroun, quadrill\u00e9es par les forces de l'ordre camerounaises, en marge d'une proclamation symbolique d'\"ind\u00e9pendance\" vis-\u00e0-vis de Yaound\u00e9. Les s\u00e9paratistes anglophones ont choisi le 1er octobre, jour de la r\u00e9unification officielle des parties anglophone [&hellip;]","og_url":"https:\/\/www.justiceinfo.net\/fr\/34789-cameroun-proclamation-symbolique-d-independance-au-moins-sept-morts-lors-d-incidents.html","og_site_name":"JusticeInfo.net","article_publisher":"https:\/\/www.facebook.com\/JusticeInfo\/","article_published_time":"2017-10-02T03:15:42+00:00","og_image":[{"width":1200,"height":630,"url":"https:\/\/www.justiceinfo.net\/wp-content\/uploads\/JusticeInfoNet_logo_1200x630px.jpg","type":"image\/jpeg"}],"author":"AFP","twitter_card":"summary_large_image","twitter_creator":"@justiceinfonet","twitter_site":"@justiceinfonet","twitter_misc":{"\u00c9crit par":"AFP","Dur\u00e9e de lecture estim\u00e9e":"4 minutes"},"schema":{"@context":"https:\/\/schema.org","@graph":[{"@type":"NewsArticle","@id":"https:\/\/www.justiceinfo.net\/fr\/34789-cameroun-proclamation-symbolique-d-independance-au-moins-sept-morts-lors-d-incidents.html#article","isPartOf":{"@id":"https:\/\/www.justiceinfo.net\/fr\/34789-cameroun-proclamation-symbolique-d-independance-au-moins-sept-morts-lors-d-incidents.html"},"author":{"name":"afp","@id":"https:\/\/www.justiceinfo.net\/fr#\/schema\/person\/713d340ef5f218fc36ce9b4244364a7f"},"headline":"Cameroun : proclamation symbolique d'\"ind\u00e9pendance\", au moins sept morts lors d'incidents","datePublished":"2017-10-02T03:15:42+00:00","mainEntityOfPage":{"@id":"https:\/\/www.justiceinfo.net\/fr\/34789-cameroun-proclamation-symbolique-d-independance-au-moins-sept-morts-lors-d-incidents.html"},"wordCount":846,"commentCount":0,"publisher":{"@id":"https:\/\/www.justiceinfo.net\/fr#organization"},"articleSection":["Fil d'info AFP"],"inLanguage":"fr-FR","potentialAction":[{"@type":"CommentAction","name":"Comment","target":["https:\/\/www.justiceinfo.net\/fr\/34789-cameroun-proclamation-symbolique-d-independance-au-moins-sept-morts-lors-d-incidents.html#respond"]}]},{"@type":"WebPage","@id":"https:\/\/www.justiceinfo.net\/fr\/34789-cameroun-proclamation-symbolique-d-independance-au-moins-sept-morts-lors-d-incidents.html","url":"https:\/\/www.justiceinfo.net\/fr\/34789-cameroun-proclamation-symbolique-d-independance-au-moins-sept-morts-lors-d-incidents.html","name":"Cameroun : proclamation symbolique d'\"ind\u00e9pendance\", au moins sept morts lors d'incidents - JusticeInfo.net","isPartOf":{"@id":"https:\/\/www.justiceinfo.net\/fr#website"},"datePublished":"2017-10-02T03:15:42+00:00","breadcrumb":{"@id":"https:\/\/www.justiceinfo.net\/fr\/34789-cameroun-proclamation-symbolique-d-independance-au-moins-sept-morts-lors-d-incidents.html#breadcrumb"},"inLanguage":"fr-FR","potentialAction":[{"@type":"ReadAction","target":["https:\/\/www.justiceinfo.net\/fr\/34789-cameroun-proclamation-symbolique-d-independance-au-moins-sept-morts-lors-d-incidents.html"]}]},{"@type":"BreadcrumbList","@id":"https:\/\/www.justiceinfo.net\/fr\/34789-cameroun-proclamation-symbolique-d-independance-au-moins-sept-morts-lors-d-incidents.html#breadcrumb","itemListElement":[{"@type":"ListItem","position":1,"name":"Home","item":"https:\/\/www.justiceinfo.net\/fr"},{"@type":"ListItem","position":2,"name":"Cameroun : proclamation symbolique d'\"ind\u00e9pendance\", au moins sept morts lors d'incidents"}]},{"@type":"WebSite","@id":"https:\/\/www.justiceinfo.net\/fr#website","url":"https:\/\/www.justiceinfo.net\/fr","name":"JusticeInfo.net","description":"La justice doit \u00eatre vue pour \u00eatre rendue","publisher":{"@id":"https:\/\/www.justiceinfo.net\/fr#organization"},"potentialAction":[{"@type":"SearchAction","target":{"@type":"EntryPoint","urlTemplate":"https:\/\/www.justiceinfo.net\/fr?s={search_term_string}"},"query-input":{"@type":"PropertyValueSpecification","valueRequired":true,"valueName":"search_term_string"}}],"inLanguage":"fr-FR"},{"@type":"Organization","@id":"https:\/\/www.justiceinfo.net\/fr#organization","name":"Justice Info","url":"https:\/\/www.justiceinfo.net\/fr","logo":{"@type":"ImageObject","inLanguage":"fr-FR","@id":"https:\/\/www.justiceinfo.net\/fr#\/schema\/logo\/image\/","url":"https:\/\/www.justiceinfo.net\/wp-content\/uploads\/justiceinfo_logo-trans_1200x1200px.png","contentUrl":"https:\/\/www.justiceinfo.net\/wp-content\/uploads\/justiceinfo_logo-trans_1200x1200px.png","width":1199,"height":1200,"caption":"Justice Info"},"image":{"@id":"https:\/\/www.justiceinfo.net\/fr#\/schema\/logo\/image\/"},"sameAs":["https:\/\/www.facebook.com\/JusticeInfo\/","https:\/\/x.com\/justiceinfonet","https:\/\/www.linkedin.com\/company\/justice-info","https:\/\/www.youtube.com\/channel\/UCyCEsARodyuWtkWyhn-e7pA"]},{"@type":"Person","name":"AFP","url":"\/fr\/?s=AFP"}]}},"_links":{"self":[{"href":"https:\/\/www.justiceinfo.net\/fr\/wp-json\/wp\/v2\/posts\/34789","targetHints":{"allow":["GET"]}}],"collection":[{"href":"https:\/\/www.justiceinfo.net\/fr\/wp-json\/wp\/v2\/posts"}],"about":[{"href":"https:\/\/www.justiceinfo.net\/fr\/wp-json\/wp\/v2\/types\/post"}],"author":[{"embeddable":true,"href":"https:\/\/www.justiceinfo.net\/fr\/wp-json\/wp\/v2\/users\/60"}],"replies":[{"embeddable":true,"href":"https:\/\/www.justiceinfo.net\/fr\/wp-json\/wp\/v2\/comments?post=34789"}],"version-history":[{"count":0,"href":"https:\/\/www.justiceinfo.net\/fr\/wp-json\/wp\/v2\/posts\/34789\/revisions"}],"wp:attachment":[{"href":"https:\/\/www.justiceinfo.net\/fr\/wp-json\/wp\/v2\/media?parent=34789"}],"wp:term":[{"taxonomy":"category","embeddable":true,"href":"https:\/\/www.justiceinfo.net\/fr\/wp-json\/wp\/v2\/categories?post=34789"},{"taxonomy":"post_tag","embeddable":true,"href":"https:\/\/www.justiceinfo.net\/fr\/wp-json\/wp\/v2\/tags?post=34789"},{"taxonomy":"ji_location","embeddable":true,"href":"https:\/\/www.justiceinfo.net\/fr\/wp-json\/wp\/v2\/ji_location?post=34789"}],"curies":[{"name":"wp","href":"https:\/\/api.w.org\/{rel}","templated":true}]}}