{"id":34804,"date":"2017-10-03T08:55:20","date_gmt":"2017-10-03T06:55:20","guid":{"rendered":"https:\/\/www.justiceinfo.net\/34804-le-gouvernement-palestinien-se-reunit-a-gaza-une-premiere-depuis-2014.html"},"modified":"2017-10-03T08:55:20","modified_gmt":"2017-10-03T06:55:20","slug":"le-gouvernement-palestinien-se-reunit-a-gaza-une-premiere-depuis-2014","status":"publish","type":"post","link":"https:\/\/www.justiceinfo.net\/fr\/34804-le-gouvernement-palestinien-se-reunit-a-gaza-une-premiere-depuis-2014.html","title":{"rendered":"Le gouvernement palestinien se r\u00e9unit \u00e0 Gaza, une premi\u00e8re depuis 2014"},"content":{"rendered":"<div class=\"txt-textContent\">\n<div class=\"text fontsize_0 jq_Content jq_langdir\">\n<p>Le Premier ministre palestinien Rami Hamdallah a r\u00e9uni son gouvernement dans la bande de Gaza mardi, une premi\u00e8re depuis 2014 cens\u00e9e mat\u00e9rialiser le retour de l'Autorit\u00e9 palestinienne internationalement reconnue aux commandes du territoire aux mains du Hamas.<\/p>\n<p>\"Nous sommes ici pour tourner la page de la division et restituer au projet national son juste cap qui est la cr\u00e9ation d'un Etat\" palestinien, a d\u00e9clar\u00e9 M. Hamdallah devant ses ministres r\u00e9unis sous les portraits du leader historique Yasser Arafat et de l'actuel pr\u00e9sident de l'Autorit\u00e9 palestinienne Mahmoud Abbas.<\/p>\n<p>Malgr\u00e9 la circonspection nourrie par l'\u00e9chec des pr\u00e9c\u00e9dentes tentatives de rapprochement, la tenue de ce conseil des ministres plac\u00e9 sous tr\u00e8s haute protection arm\u00e9e est, apr\u00e8s l'arriv\u00e9e elle-m\u00eame de M. Hamdallah \u00e0 Gaza lundi, une avanc\u00e9e significative dans l'effort des groupes palestiniens pour surmonter une d\u00e9cennie de d\u00e9chirements d\u00e9vastateurs.<\/p>\n<p>La visite de M. Hamdallah doit pr\u00e9parer le terrain \u00e0 un transfert progressif de responsabilit\u00e9s -au moins civiles- du Hamas \u00e0 l'Autorit\u00e9 palestinienne, dont \u00e9mane le gouvernement palestinien.<\/p>\n<p>Le Hamas, consid\u00e9r\u00e9 comme terroriste par Isra\u00ebl, les Etats-Unis ou l'Union europ\u00e9enne et comme infr\u00e9quentable par certains pays arabes, a \u00e9vinc\u00e9 l'Autorit\u00e9 de Gaza en 2007 au prix d'une quasi-guerre civile avec le Fatah, son grand rival qui domine cette entit\u00e9 int\u00e9rimaire cr\u00e9\u00e9e par les Accords d'Oslo et cens\u00e9e pr\u00e9figurer un Etat palestinien ind\u00e9pendant.<\/p>\n<p>\u00a0<\/p>\n<h2>- En 2014 d\u00e9j\u00e0... -<\/h2>\n<p>\u00a0<\/p>\n<p>Depuis, l'Autorit\u00e9 n'exerce plus son pouvoir, limit\u00e9, que sur la Cisjordanie, territoire palestinien occup\u00e9 par Isra\u00ebl depuis 50 ans et distant de Gaza de quelques dizaines de kilom\u00e8tres.<\/p>\n<p>Les dissensions palestiniennes sont consid\u00e9r\u00e9es comme l'un des principaux obstacles \u00e0 un r\u00e8glement du conflit isra\u00e9lo-palestinien et l'une des causes des maux endur\u00e9s par les deux millions de Gazaouis: guerres, blocus isra\u00e9lien et \u00e9gyptien, p\u00e9nuries d'eau et d'\u00e9lectricit\u00e9, ch\u00f4mage...<\/p>\n<p>Le gouvernement palestinien avait si\u00e9g\u00e9 \u00e0 Gaza pour la derni\u00e8re fois fin 2014, au lendemain d'une nouvelle guerre destructrice, la troisi\u00e8me dans le territoire entre Isra\u00ebl, le Hamas et ses alli\u00e9s depuis 2008.<\/p>\n<p>Le gouvernement d'alors, dit de \"consensus national\" et constitu\u00e9 de technocrates approuv\u00e9s par le Fatah et le Hamas, \u00e9tait le fruit d'une \u00e9ni\u00e8me entreprise de r\u00e9conciliation men\u00e9e avant la guerre.<\/p>\n<p>Devant l'ampleur des d\u00e9g\u00e2ts, les responsables palestiniens avaient proclam\u00e9 que les divisions \u00e9taient derri\u00e8re eux. Malgr\u00e9 l'imp\u00e9ratif de la reconstruction et l'insistance de la communaut\u00e9 internationale sur le n\u00e9cessaire retour de l'Autorit\u00e9 \u00e0 Gaza pour la mener \u00e0 bien, les groupes palestiniens s'\u00e9taient \u00e0 nouveau rapidement d\u00e9chir\u00e9s, M. Abbas accusant le Hamas de maintenir un gouvernement \"parall\u00e8le\" dans le territoire.<\/p>\n<p>En septembre, le Hamas a fini par accepter le retour de l'Autorit\u00e9 sous la pression du grand voisin \u00e9gyptien, des d\u00e9convenues diplomatiques de son alli\u00e9 qatari et d'un s\u00e9v\u00e8re tour de vis financier donn\u00e9 par M. Abbas, qui a notamment cess\u00e9 de payer la facture de l'\u00e9lectricit\u00e9 fournie par Isra\u00ebl \u00e0 Gaza.<\/p>\n<p>\u00a0<\/p>\n<h2>- 'Merci l'Egypte' -<\/h2>\n<p>Ces mesures ont rendu encore plus p\u00e9nible la vie quotidienne dans l'enclave. Les Gazaouis \u00e9prouv\u00e9s attendent \u00e0 pr\u00e9sent que M. Abbas ou M. Hamdallah annonce leur lev\u00e9e.<\/p>\n<p>Le scepticisme est largement r\u00e9pandu quant aux chances de succ\u00e8s de cette nouvelle tentative de raccommodement. L'une des questions essentielles est de savoir si le Hamas, commandant \u00e0 une force arm\u00e9e estim\u00e9e \u00e0 environ 25.000 hommes, est pr\u00eat \u00e0 c\u00e9der le contr\u00f4le de la s\u00e9curit\u00e9 \u00e0 l'Autorit\u00e9.<\/p>\n<p>Des questions aussi \u00e9pineuses pourraient \u00eatre renvoy\u00e9es \u00e0 plus tard, la priorit\u00e9 affirm\u00e9e par le Premier ministre palestinien \u00e9tant de soulager les souffrances des Gazaouis. Les d\u00e9tails d'un transfert ult\u00e9rieur de responsabilit\u00e9s doivent \u00eatre discut\u00e9s au Caire dans les prochains jours.<\/p>\n<p>Certains observateurs notent cependant qu'isol\u00e9, redoutant une explosion sociale et peut-\u00eatre plus pragmatique qu'avant, le Hamas n'a gu\u00e8re d'autre choix que la r\u00e9conciliation.<\/p>\n<p>L'envoy\u00e9 sp\u00e9cial de l'ONU Nickolay Mladenov se disait lundi aupr\u00e8s de l'AFP \"prudemment optimiste\", en relevant la \"volont\u00e9 politique r\u00e9elle\" du Hamas et du Fatah, ainsi que l'implication forte, jusqu'alors, de l'Egypte, puissance r\u00e9gionale voisine et acteur historique \u00e0 Gaza.<\/p>\n<p>Spectacle rare, un immense poster du pr\u00e9sident palestinien au c\u00f4t\u00e9 du pr\u00e9sident \u00e9gyptien Abdel Fattah al-Sissi a \u00e9t\u00e9 placard\u00e9 dans la bande de Gaza pr\u00e8s du b\u00e2timent o\u00f9 se tenait le conseil des ministres, avec ces mots: \"Merci \u00e0 l'Egypte, merci au pr\u00e9sident Sissi\". Un gigantesque drapeau \u00e9gyptien a \u00e9t\u00e9 hiss\u00e9 sur une autre b\u00e2tisse.<\/p>\n<p>Le g\u00e9n\u00e9ral Khaled Fawzi, chef des services de Renseignement \u00e9gyptiens qui ont jou\u00e9 un r\u00f4le \u00e9minent dans le rapprochement palestinien, est attendu mardi apr\u00e8s-midi \u00e0 Gaza, a indiqu\u00e9 \u00e0 l'AFP un officiel appartenant \u00e0 une d\u00e9l\u00e9gation \u00e9gyptienne entrant mardi dans le territoire.<\/p>\n<\/div>\n<\/div>\n","protected":false},"excerpt":{"rendered":"<p>Le Premier ministre palestinien Rami Hamdallah a r\u00e9uni son gouvernement dans la bande de Gaza mardi, une premi\u00e8re depuis 2014 cens\u00e9e mat\u00e9rialiser le retour de l'Autorit\u00e9 palestinienne internationalement reconnue aux commandes du territoire aux mains du Hamas. \"Nous sommes ici pour tourner la page de la division et restituer au projet national son juste cap [&hellip;]<\/p>\n","protected":false},"author":60,"featured_media":0,"comment_status":"open","ping_status":"closed","sticky":false,"template":"","format":"standard","meta":{"_acf_changed":false,"footnotes":""},"categories":[2576],"tags":[],"ji_location":[2402],"class_list":["post-34804","post","type-post","status-publish","format-standard","hentry","category-fil-d-actualite","ji_location-palestine"],"acf":[],"yoast_head":"<!-- This site is optimized with the Yoast SEO Premium plugin v25.3.1 (Yoast SEO v25.3.1) - https:\/\/yoast.com\/wordpress\/plugins\/seo\/ -->\n<title>Le gouvernement palestinien se r\u00e9unit \u00e0 Gaza, une premi\u00e8re depuis 2014 - JusticeInfo.net<\/title>\n<meta name=\"robots\" content=\"index, follow, max-snippet:-1, max-image-preview:large, max-video-preview:-1\" \/>\n<link rel=\"canonical\" href=\"https:\/\/www.justiceinfo.net\/fr\/34804-le-gouvernement-palestinien-se-reunit-a-gaza-une-premiere-depuis-2014.html\" \/>\n<meta property=\"og:locale\" content=\"fr_FR\" \/>\n<meta property=\"og:type\" content=\"article\" \/>\n<meta property=\"og:title\" content=\"Le gouvernement palestinien se r\u00e9unit \u00e0 Gaza, une premi\u00e8re depuis 2014\" \/>\n<meta property=\"og:description\" content=\"Le Premier ministre palestinien Rami Hamdallah a r\u00e9uni son gouvernement dans la bande de Gaza mardi, une premi\u00e8re depuis 2014 cens\u00e9e mat\u00e9rialiser le retour de l&#039;Autorit\u00e9 palestinienne internationalement reconnue aux commandes du territoire aux mains du Hamas. &quot;Nous sommes ici pour tourner la page de la division et restituer au projet national son juste cap [&hellip;]\" \/>\n<meta property=\"og:url\" content=\"https:\/\/www.justiceinfo.net\/fr\/34804-le-gouvernement-palestinien-se-reunit-a-gaza-une-premiere-depuis-2014.html\" \/>\n<meta property=\"og:site_name\" content=\"JusticeInfo.net\" \/>\n<meta property=\"article:publisher\" content=\"https:\/\/www.facebook.com\/JusticeInfo\/\" \/>\n<meta property=\"article:published_time\" content=\"2017-10-03T06:55:20+00:00\" \/>\n<meta property=\"og:image\" content=\"https:\/\/www.justiceinfo.net\/wp-content\/uploads\/JusticeInfoNet_logo_1200x630px.jpg\" \/>\n\t<meta property=\"og:image:width\" content=\"1200\" \/>\n\t<meta property=\"og:image:height\" content=\"630\" \/>\n\t<meta property=\"og:image:type\" content=\"image\/jpeg\" \/>\n<meta name=\"author\" content=\"AFP\" \/>\n<meta name=\"twitter:card\" content=\"summary_large_image\" \/>\n<meta name=\"twitter:creator\" content=\"@justiceinfonet\" \/>\n<meta name=\"twitter:site\" content=\"@justiceinfonet\" \/>\n<meta name=\"twitter:label1\" content=\"\u00c9crit par\" \/>\n\t<meta name=\"twitter:data1\" content=\"AFP\" \/>\n\t<meta name=\"twitter:label2\" content=\"Dur\u00e9e de lecture estim\u00e9e\" \/>\n\t<meta name=\"twitter:data2\" content=\"4 minutes\" \/>\n<script type=\"application\/ld+json\" class=\"yoast-schema-graph\">{\"@context\":\"https:\/\/schema.org\",\"@graph\":[{\"@type\":\"NewsArticle\",\"@id\":\"https:\/\/www.justiceinfo.net\/fr\/34804-le-gouvernement-palestinien-se-reunit-a-gaza-une-premiere-depuis-2014.html#article\",\"isPartOf\":{\"@id\":\"https:\/\/www.justiceinfo.net\/fr\/34804-le-gouvernement-palestinien-se-reunit-a-gaza-une-premiere-depuis-2014.html\"},\"author\":{\"name\":\"afp\",\"@id\":\"https:\/\/www.justiceinfo.net\/fr#\/schema\/person\/713d340ef5f218fc36ce9b4244364a7f\"},\"headline\":\"Le gouvernement palestinien se r\u00e9unit \u00e0 Gaza, une premi\u00e8re depuis 2014\",\"datePublished\":\"2017-10-03T06:55:20+00:00\",\"mainEntityOfPage\":{\"@id\":\"https:\/\/www.justiceinfo.net\/fr\/34804-le-gouvernement-palestinien-se-reunit-a-gaza-une-premiere-depuis-2014.html\"},\"wordCount\":874,\"commentCount\":0,\"publisher\":{\"@id\":\"https:\/\/www.justiceinfo.net\/fr#organization\"},\"articleSection\":[\"Fil d'info AFP\"],\"inLanguage\":\"fr-FR\",\"potentialAction\":[{\"@type\":\"CommentAction\",\"name\":\"Comment\",\"target\":[\"https:\/\/www.justiceinfo.net\/fr\/34804-le-gouvernement-palestinien-se-reunit-a-gaza-une-premiere-depuis-2014.html#respond\"]}]},{\"@type\":\"WebPage\",\"@id\":\"https:\/\/www.justiceinfo.net\/fr\/34804-le-gouvernement-palestinien-se-reunit-a-gaza-une-premiere-depuis-2014.html\",\"url\":\"https:\/\/www.justiceinfo.net\/fr\/34804-le-gouvernement-palestinien-se-reunit-a-gaza-une-premiere-depuis-2014.html\",\"name\":\"Le gouvernement palestinien se r\u00e9unit \u00e0 Gaza, une premi\u00e8re depuis 2014 - JusticeInfo.net\",\"isPartOf\":{\"@id\":\"https:\/\/www.justiceinfo.net\/fr#website\"},\"datePublished\":\"2017-10-03T06:55:20+00:00\",\"breadcrumb\":{\"@id\":\"https:\/\/www.justiceinfo.net\/fr\/34804-le-gouvernement-palestinien-se-reunit-a-gaza-une-premiere-depuis-2014.html#breadcrumb\"},\"inLanguage\":\"fr-FR\",\"potentialAction\":[{\"@type\":\"ReadAction\",\"target\":[\"https:\/\/www.justiceinfo.net\/fr\/34804-le-gouvernement-palestinien-se-reunit-a-gaza-une-premiere-depuis-2014.html\"]}]},{\"@type\":\"BreadcrumbList\",\"@id\":\"https:\/\/www.justiceinfo.net\/fr\/34804-le-gouvernement-palestinien-se-reunit-a-gaza-une-premiere-depuis-2014.html#breadcrumb\",\"itemListElement\":[{\"@type\":\"ListItem\",\"position\":1,\"name\":\"Home\",\"item\":\"https:\/\/www.justiceinfo.net\/fr\"},{\"@type\":\"ListItem\",\"position\":2,\"name\":\"Le gouvernement palestinien se r\u00e9unit \u00e0 Gaza, une premi\u00e8re depuis 2014\"}]},{\"@type\":\"WebSite\",\"@id\":\"https:\/\/www.justiceinfo.net\/fr#website\",\"url\":\"https:\/\/www.justiceinfo.net\/fr\",\"name\":\"JusticeInfo.net\",\"description\":\"La justice doit \u00eatre vue pour \u00eatre rendue\",\"publisher\":{\"@id\":\"https:\/\/www.justiceinfo.net\/fr#organization\"},\"potentialAction\":[{\"@type\":\"SearchAction\",\"target\":{\"@type\":\"EntryPoint\",\"urlTemplate\":\"https:\/\/www.justiceinfo.net\/fr?s={search_term_string}\"},\"query-input\":{\"@type\":\"PropertyValueSpecification\",\"valueRequired\":true,\"valueName\":\"search_term_string\"}}],\"inLanguage\":\"fr-FR\"},{\"@type\":\"Organization\",\"@id\":\"https:\/\/www.justiceinfo.net\/fr#organization\",\"name\":\"Justice Info\",\"url\":\"https:\/\/www.justiceinfo.net\/fr\",\"logo\":{\"@type\":\"ImageObject\",\"inLanguage\":\"fr-FR\",\"@id\":\"https:\/\/www.justiceinfo.net\/fr#\/schema\/logo\/image\/\",\"url\":\"https:\/\/www.justiceinfo.net\/wp-content\/uploads\/justiceinfo_logo-trans_1200x1200px.png\",\"contentUrl\":\"https:\/\/www.justiceinfo.net\/wp-content\/uploads\/justiceinfo_logo-trans_1200x1200px.png\",\"width\":1199,\"height\":1200,\"caption\":\"Justice Info\"},\"image\":{\"@id\":\"https:\/\/www.justiceinfo.net\/fr#\/schema\/logo\/image\/\"},\"sameAs\":[\"https:\/\/www.facebook.com\/JusticeInfo\/\",\"https:\/\/x.com\/justiceinfonet\",\"https:\/\/www.linkedin.com\/company\/justice-info\",\"https:\/\/www.youtube.com\/channel\/UCyCEsARodyuWtkWyhn-e7pA\"]},{\"@type\":\"Person\",\"name\":\"AFP\",\"url\":\"\/fr\/?s=AFP\"}]}<\/script>\n<!-- \/ Yoast SEO Premium plugin. -->","yoast_head_json":{"title":"Le gouvernement palestinien se r\u00e9unit \u00e0 Gaza, une premi\u00e8re depuis 2014 - JusticeInfo.net","robots":{"index":"index","follow":"follow","max-snippet":"max-snippet:-1","max-image-preview":"max-image-preview:large","max-video-preview":"max-video-preview:-1"},"canonical":"https:\/\/www.justiceinfo.net\/fr\/34804-le-gouvernement-palestinien-se-reunit-a-gaza-une-premiere-depuis-2014.html","og_locale":"fr_FR","og_type":"article","og_title":"Le gouvernement palestinien se r\u00e9unit \u00e0 Gaza, une premi\u00e8re depuis 2014","og_description":"Le Premier ministre palestinien Rami Hamdallah a r\u00e9uni son gouvernement dans la bande de Gaza mardi, une premi\u00e8re depuis 2014 cens\u00e9e mat\u00e9rialiser le retour de l'Autorit\u00e9 palestinienne internationalement reconnue aux commandes du territoire aux mains du Hamas. \"Nous sommes ici pour tourner la page de la division et restituer au projet national son juste cap [&hellip;]","og_url":"https:\/\/www.justiceinfo.net\/fr\/34804-le-gouvernement-palestinien-se-reunit-a-gaza-une-premiere-depuis-2014.html","og_site_name":"JusticeInfo.net","article_publisher":"https:\/\/www.facebook.com\/JusticeInfo\/","article_published_time":"2017-10-03T06:55:20+00:00","og_image":[{"width":1200,"height":630,"url":"https:\/\/www.justiceinfo.net\/wp-content\/uploads\/JusticeInfoNet_logo_1200x630px.jpg","type":"image\/jpeg"}],"author":"AFP","twitter_card":"summary_large_image","twitter_creator":"@justiceinfonet","twitter_site":"@justiceinfonet","twitter_misc":{"\u00c9crit par":"AFP","Dur\u00e9e de lecture estim\u00e9e":"4 minutes"},"schema":{"@context":"https:\/\/schema.org","@graph":[{"@type":"NewsArticle","@id":"https:\/\/www.justiceinfo.net\/fr\/34804-le-gouvernement-palestinien-se-reunit-a-gaza-une-premiere-depuis-2014.html#article","isPartOf":{"@id":"https:\/\/www.justiceinfo.net\/fr\/34804-le-gouvernement-palestinien-se-reunit-a-gaza-une-premiere-depuis-2014.html"},"author":{"name":"afp","@id":"https:\/\/www.justiceinfo.net\/fr#\/schema\/person\/713d340ef5f218fc36ce9b4244364a7f"},"headline":"Le gouvernement palestinien se r\u00e9unit \u00e0 Gaza, une premi\u00e8re depuis 2014","datePublished":"2017-10-03T06:55:20+00:00","mainEntityOfPage":{"@id":"https:\/\/www.justiceinfo.net\/fr\/34804-le-gouvernement-palestinien-se-reunit-a-gaza-une-premiere-depuis-2014.html"},"wordCount":874,"commentCount":0,"publisher":{"@id":"https:\/\/www.justiceinfo.net\/fr#organization"},"articleSection":["Fil d'info AFP"],"inLanguage":"fr-FR","potentialAction":[{"@type":"CommentAction","name":"Comment","target":["https:\/\/www.justiceinfo.net\/fr\/34804-le-gouvernement-palestinien-se-reunit-a-gaza-une-premiere-depuis-2014.html#respond"]}]},{"@type":"WebPage","@id":"https:\/\/www.justiceinfo.net\/fr\/34804-le-gouvernement-palestinien-se-reunit-a-gaza-une-premiere-depuis-2014.html","url":"https:\/\/www.justiceinfo.net\/fr\/34804-le-gouvernement-palestinien-se-reunit-a-gaza-une-premiere-depuis-2014.html","name":"Le gouvernement palestinien se r\u00e9unit \u00e0 Gaza, une premi\u00e8re depuis 2014 - JusticeInfo.net","isPartOf":{"@id":"https:\/\/www.justiceinfo.net\/fr#website"},"datePublished":"2017-10-03T06:55:20+00:00","breadcrumb":{"@id":"https:\/\/www.justiceinfo.net\/fr\/34804-le-gouvernement-palestinien-se-reunit-a-gaza-une-premiere-depuis-2014.html#breadcrumb"},"inLanguage":"fr-FR","potentialAction":[{"@type":"ReadAction","target":["https:\/\/www.justiceinfo.net\/fr\/34804-le-gouvernement-palestinien-se-reunit-a-gaza-une-premiere-depuis-2014.html"]}]},{"@type":"BreadcrumbList","@id":"https:\/\/www.justiceinfo.net\/fr\/34804-le-gouvernement-palestinien-se-reunit-a-gaza-une-premiere-depuis-2014.html#breadcrumb","itemListElement":[{"@type":"ListItem","position":1,"name":"Home","item":"https:\/\/www.justiceinfo.net\/fr"},{"@type":"ListItem","position":2,"name":"Le gouvernement palestinien se r\u00e9unit \u00e0 Gaza, une premi\u00e8re depuis 2014"}]},{"@type":"WebSite","@id":"https:\/\/www.justiceinfo.net\/fr#website","url":"https:\/\/www.justiceinfo.net\/fr","name":"JusticeInfo.net","description":"La justice doit \u00eatre vue pour \u00eatre rendue","publisher":{"@id":"https:\/\/www.justiceinfo.net\/fr#organization"},"potentialAction":[{"@type":"SearchAction","target":{"@type":"EntryPoint","urlTemplate":"https:\/\/www.justiceinfo.net\/fr?s={search_term_string}"},"query-input":{"@type":"PropertyValueSpecification","valueRequired":true,"valueName":"search_term_string"}}],"inLanguage":"fr-FR"},{"@type":"Organization","@id":"https:\/\/www.justiceinfo.net\/fr#organization","name":"Justice Info","url":"https:\/\/www.justiceinfo.net\/fr","logo":{"@type":"ImageObject","inLanguage":"fr-FR","@id":"https:\/\/www.justiceinfo.net\/fr#\/schema\/logo\/image\/","url":"https:\/\/www.justiceinfo.net\/wp-content\/uploads\/justiceinfo_logo-trans_1200x1200px.png","contentUrl":"https:\/\/www.justiceinfo.net\/wp-content\/uploads\/justiceinfo_logo-trans_1200x1200px.png","width":1199,"height":1200,"caption":"Justice Info"},"image":{"@id":"https:\/\/www.justiceinfo.net\/fr#\/schema\/logo\/image\/"},"sameAs":["https:\/\/www.facebook.com\/JusticeInfo\/","https:\/\/x.com\/justiceinfonet","https:\/\/www.linkedin.com\/company\/justice-info","https:\/\/www.youtube.com\/channel\/UCyCEsARodyuWtkWyhn-e7pA"]},{"@type":"Person","name":"AFP","url":"\/fr\/?s=AFP"}]}},"_links":{"self":[{"href":"https:\/\/www.justiceinfo.net\/fr\/wp-json\/wp\/v2\/posts\/34804","targetHints":{"allow":["GET"]}}],"collection":[{"href":"https:\/\/www.justiceinfo.net\/fr\/wp-json\/wp\/v2\/posts"}],"about":[{"href":"https:\/\/www.justiceinfo.net\/fr\/wp-json\/wp\/v2\/types\/post"}],"author":[{"embeddable":true,"href":"https:\/\/www.justiceinfo.net\/fr\/wp-json\/wp\/v2\/users\/60"}],"replies":[{"embeddable":true,"href":"https:\/\/www.justiceinfo.net\/fr\/wp-json\/wp\/v2\/comments?post=34804"}],"version-history":[{"count":0,"href":"https:\/\/www.justiceinfo.net\/fr\/wp-json\/wp\/v2\/posts\/34804\/revisions"}],"wp:attachment":[{"href":"https:\/\/www.justiceinfo.net\/fr\/wp-json\/wp\/v2\/media?parent=34804"}],"wp:term":[{"taxonomy":"category","embeddable":true,"href":"https:\/\/www.justiceinfo.net\/fr\/wp-json\/wp\/v2\/categories?post=34804"},{"taxonomy":"post_tag","embeddable":true,"href":"https:\/\/www.justiceinfo.net\/fr\/wp-json\/wp\/v2\/tags?post=34804"},{"taxonomy":"ji_location","embeddable":true,"href":"https:\/\/www.justiceinfo.net\/fr\/wp-json\/wp\/v2\/ji_location?post=34804"}],"curies":[{"name":"wp","href":"https:\/\/api.w.org\/{rel}","templated":true}]}}