{"id":34833,"date":"2017-10-05T06:03:12","date_gmt":"2017-10-05T04:03:12","guid":{"rendered":"https:\/\/www.justiceinfo.net\/34833-au-bresil-incertitude-totale-a-un-an-de-la-presidentielle.html"},"modified":"2017-10-05T06:03:12","modified_gmt":"2017-10-05T04:03:12","slug":"au-bresil-incertitude-totale-a-un-an-de-la-presidentielle","status":"publish","type":"post","link":"https:\/\/www.justiceinfo.net\/fr\/34833-au-bresil-incertitude-totale-a-un-an-de-la-presidentielle.html","title":{"rendered":"Au Br\u00e9sil, incertitude totale \u00e0 un an de la pr\u00e9sidentielle"},"content":{"rendered":"<div class=\"txt-textContent\">\n<div class=\"text fontsize_0 jq_Content jq_langdir\">\n<p>Dire que personne ne sait qui gagnera l'\u00e9lection pr\u00e9sidentielle du Br\u00e9sil dans un an est un euph\u00e9misme. M\u00eame les plus \u00e9minents sp\u00e9cialistes ignorent quels seront les candidats et si le favori des sondages sera ou non en prison.<\/p>\n<p>L'incertitude est la plus totale, dans un pays secou\u00e9 par les scandales de corruption \u00e0 r\u00e9p\u00e9tition et dont l'\u00e9conomie se r\u00e9l\u00e8ve timidement d'une r\u00e9cession historique.<\/p>\n<p>Lui-m\u00eame vis\u00e9 par de graves accusations de corruption, le pr\u00e9sident Michel Temer a d\u00e9j\u00e0 annonc\u00e9 qu'il ne briguerait pas un nouveau mandat. Sa cote de popularit\u00e9 s'est effondr\u00e9e \u00e0 un tel point (\u00e0 peine 3% d'opinions favorables) qu'il n'aura certainement pas grande influence sur le choix de son successeur.<\/p>\n<p>Les derniers sondages donnent l'ex-pr\u00e9sident Luiz Inacio Lula da Silva (2003-2010) en t\u00eate des intentions de vote.<\/p>\n<p>Mais l'ancien ouvrier, qui a quitt\u00e9 le pouvoir avec une popularit\u00e9 record, a aussi \u00e9t\u00e9 rattrap\u00e9 par les affaires. Condamn\u00e9 \u00e0 pr\u00e8s de dix ans de prison pour corruption, il a \u00e9t\u00e9 laiss\u00e9 en libert\u00e9 le temps de son jugement en appel.\u00a0<\/p>\n<p>En cas de condamnation en deuxi\u00e8me instance, il risque de se retrouver derri\u00e8re les barreaux ou au moins de ne pas pouvoir se pr\u00e9senter \u00e0 l'\u00e9lection.<\/p>\n<p>Le verdict ne devrait pas tomber avant plusieurs mois, augmentant encore plus l'incertitude autour du scrutin. Sans compter le fait que Lula est aussi vis\u00e9 par six autres proc\u00e9dures judiciaires.<\/p>\n<p>\u00a0<\/p>\n<h2>- L'\u00e9nigme Lula -<\/h2>\n<p>\u00a0<\/p>\n<p>Malgr\u00e9 toutes ces casseroles, Lula, 71 ans, est cr\u00e9dit\u00e9 de 35 \u00e0 36% des intentions de vote au premier tour, pr\u00e9vu le 7 octobre, selon un sondage publi\u00e9 la semaine derni\u00e8re. Au second tour, qui aura lieu trois semaines plus tard, il l'emporterait dans tous les sc\u00e9narios.<\/p>\n<p>Une autre enqu\u00eate publi\u00e9e lundi montre n\u00e9anmoins que 54% des Br\u00e9siliens interrog\u00e9s souhaitent le voir en prison.<\/p>\n<p>En seconde position dans les sondages pointe le d\u00e9put\u00e9 d'extr\u00eame droite Jair Bolsonaro.<\/p>\n<p>Au coeur de nombreuses pol\u00e9miques pour ses prises de position machistes, homophobes et son apologie de la dictature militaire (1964-1985), il obtiendrait pourtant 16 \u00e0 18% des voix au premier tour.<\/p>\n<p>Juste derri\u00e8re lui, figure l'\u00e9cologiste Marina Silva, qui \u00e9tait arriv\u00e9e en troisi\u00e8me place de la derni\u00e8re pr\u00e9sentielle, en 2014, avec\u00a020% des voix.\u00a0<\/p>\n<p>Elle pourrait \u00eatre l'une des principales b\u00e9n\u00e9ficiaires d'une \u00e9ventuelle absence de Lula du scrutin, au m\u00eame titre que Ciro Gomes, ancien gouverneur de l'\u00c9tat du Ceara (Nord-est).<\/p>\n<p>Leur principal atout: leur nom n'a jamais \u00e9t\u00e9 mentionn\u00e9 dans des affaires de corruption.<\/p>\n<p>\u00a0<\/p>\n<h2>- Trump br\u00e9silien -<\/h2>\n<p>\u00a0<\/p>\n<p>Les analystes n'ont qu'une certitude: les candidats de l'establishment n'ont pas la cote, tant les Br\u00e9siliens sont exasp\u00e9r\u00e9s par les scandales qui touchent la classe politique.<\/p>\n<p>L'un des noms pressentis pour le Parti Social D\u00e9mocrate (PSDB, centre), l'une des\u00a0principales formations du Br\u00e9sil, est le gouverneur de Sao Paulo, Geraldo Alckmin, d\u00e9fait par Lula lors du dernier tour de l'\u00e9lection de 2006.<\/p>\n<p>Dans une situation normale, il ferait partie des favoris, mais il est \u00e0 la tra\u00eene dans les sondages. Les analystes le comparent \u00e0 Hillary Clinton: un candidat de l'establishment qui entre dans la course au mauvais moment.<\/p>\n<p>La mont\u00e9e en puissance de Jair Bolsonaro semble montrer au contraire la volont\u00e9 d'une partie de l'\u00e9lectorat de voir \u00e9merger une sorte de Donald Trump br\u00e9silien.<\/p>\n<p>\"Il mise sur un fort m\u00e9contentement de la population, qui n'est pas pr\u00e8s de se dissiper, m\u00eame si l'\u00e9conomie repart\", consid\u00e8re le cabinet d'analyse Eurasia.<\/p>\n<p>Bien moins radical que M. Bolsonaro, le maire de Sao Paulo Joao Doria est une autre personnalit\u00e9 hors du s\u00e9rail politique traditionnel qui pourrait tirer son \u00e9pingle du jeu.<\/p>\n<p>La comparaison avec Donald Trump est aussi toute trouv\u00e9e: ce multimilliardaire a pr\u00e9sent\u00e9 la version br\u00e9silienne de \"The Apprentice\", l'\u00e9mission de t\u00e9l\u00e9-r\u00e9alit\u00e9 qui a rendu c\u00e9l\u00e8bre le pr\u00e9sident am\u00e9ricain.<\/p>\n<p>La liste de candidats potentiels pourrait s'allonger consid\u00e9rablement si la Cour supr\u00eame autorise des citoyens \u00e0 se pr\u00e9senter comme ind\u00e9pendants, mettant fin \u00e0 l'obligation d'appartenir \u00e0 un parti.<\/p>\n<p>Des noms comme ceux du juge anticorruption Sergio Moro ou m\u00eame du s\u00e9lectionneur de l'\u00e9quipe de football Tite ont \u00e9t\u00e9 mentionn\u00e9s, m\u00eame si les deux nient toute intention de faire carri\u00e8re dans la politique.<\/p>\n<p>\"Nous avons beaucoup de questions, mais aucune r\u00e9ponse\", r\u00e9sume Sylvio Costa, analyste politique du site Congresso em Foco.<\/p>\n<\/div>\n<\/div>\n","protected":false},"excerpt":{"rendered":"<p>Dire que personne ne sait qui gagnera l'\u00e9lection pr\u00e9sidentielle du Br\u00e9sil dans un an est un euph\u00e9misme. M\u00eame les plus \u00e9minents sp\u00e9cialistes ignorent quels seront les candidats et si le favori des sondages sera ou non en prison. L'incertitude est la plus totale, dans un pays secou\u00e9 par les scandales de corruption \u00e0 r\u00e9p\u00e9tition et [&hellip;]<\/p>\n","protected":false},"author":60,"featured_media":0,"comment_status":"open","ping_status":"closed","sticky":false,"template":"","format":"standard","meta":{"_acf_changed":false,"footnotes":""},"categories":[2576],"tags":[],"ji_location":[2140],"class_list":["post-34833","post","type-post","status-publish","format-standard","hentry","category-fil-d-actualite","ji_location-bresil"],"acf":[],"yoast_head":"<!-- This site is optimized with the Yoast SEO Premium plugin v25.3.1 (Yoast SEO v25.3.1) - https:\/\/yoast.com\/wordpress\/plugins\/seo\/ -->\n<title>Au Br\u00e9sil, incertitude totale \u00e0 un an de la pr\u00e9sidentielle - JusticeInfo.net<\/title>\n<meta name=\"robots\" content=\"index, follow, max-snippet:-1, max-image-preview:large, max-video-preview:-1\" \/>\n<link rel=\"canonical\" href=\"https:\/\/www.justiceinfo.net\/fr\/34833-au-bresil-incertitude-totale-a-un-an-de-la-presidentielle.html\" \/>\n<meta property=\"og:locale\" content=\"fr_FR\" \/>\n<meta property=\"og:type\" content=\"article\" \/>\n<meta property=\"og:title\" content=\"Au Br\u00e9sil, incertitude totale \u00e0 un an de la pr\u00e9sidentielle\" \/>\n<meta property=\"og:description\" content=\"Dire que personne ne sait qui gagnera l&#039;\u00e9lection pr\u00e9sidentielle du Br\u00e9sil dans un an est un euph\u00e9misme. M\u00eame les plus \u00e9minents sp\u00e9cialistes ignorent quels seront les candidats et si le favori des sondages sera ou non en prison. L&#039;incertitude est la plus totale, dans un pays secou\u00e9 par les scandales de corruption \u00e0 r\u00e9p\u00e9tition et [&hellip;]\" \/>\n<meta property=\"og:url\" content=\"https:\/\/www.justiceinfo.net\/fr\/34833-au-bresil-incertitude-totale-a-un-an-de-la-presidentielle.html\" \/>\n<meta property=\"og:site_name\" content=\"JusticeInfo.net\" \/>\n<meta property=\"article:publisher\" content=\"https:\/\/www.facebook.com\/JusticeInfo\/\" \/>\n<meta property=\"article:published_time\" content=\"2017-10-05T04:03:12+00:00\" \/>\n<meta property=\"og:image\" content=\"https:\/\/www.justiceinfo.net\/wp-content\/uploads\/JusticeInfoNet_logo_1200x630px.jpg\" \/>\n\t<meta property=\"og:image:width\" content=\"1200\" \/>\n\t<meta property=\"og:image:height\" content=\"630\" \/>\n\t<meta property=\"og:image:type\" content=\"image\/jpeg\" \/>\n<meta name=\"author\" content=\"AFP\" \/>\n<meta name=\"twitter:card\" content=\"summary_large_image\" \/>\n<meta name=\"twitter:creator\" content=\"@justiceinfonet\" \/>\n<meta name=\"twitter:site\" content=\"@justiceinfonet\" \/>\n<meta name=\"twitter:label1\" content=\"\u00c9crit par\" \/>\n\t<meta name=\"twitter:data1\" content=\"AFP\" \/>\n\t<meta name=\"twitter:label2\" content=\"Dur\u00e9e de lecture estim\u00e9e\" \/>\n\t<meta name=\"twitter:data2\" content=\"4 minutes\" \/>\n<script type=\"application\/ld+json\" class=\"yoast-schema-graph\">{\"@context\":\"https:\/\/schema.org\",\"@graph\":[{\"@type\":\"NewsArticle\",\"@id\":\"https:\/\/www.justiceinfo.net\/fr\/34833-au-bresil-incertitude-totale-a-un-an-de-la-presidentielle.html#article\",\"isPartOf\":{\"@id\":\"https:\/\/www.justiceinfo.net\/fr\/34833-au-bresil-incertitude-totale-a-un-an-de-la-presidentielle.html\"},\"author\":{\"name\":\"afp\",\"@id\":\"https:\/\/www.justiceinfo.net\/fr#\/schema\/person\/713d340ef5f218fc36ce9b4244364a7f\"},\"headline\":\"Au Br\u00e9sil, incertitude totale \u00e0 un an de la pr\u00e9sidentielle\",\"datePublished\":\"2017-10-05T04:03:12+00:00\",\"mainEntityOfPage\":{\"@id\":\"https:\/\/www.justiceinfo.net\/fr\/34833-au-bresil-incertitude-totale-a-un-an-de-la-presidentielle.html\"},\"wordCount\":799,\"commentCount\":0,\"publisher\":{\"@id\":\"https:\/\/www.justiceinfo.net\/fr#organization\"},\"articleSection\":[\"Fil d'info AFP\"],\"inLanguage\":\"fr-FR\",\"potentialAction\":[{\"@type\":\"CommentAction\",\"name\":\"Comment\",\"target\":[\"https:\/\/www.justiceinfo.net\/fr\/34833-au-bresil-incertitude-totale-a-un-an-de-la-presidentielle.html#respond\"]}]},{\"@type\":\"WebPage\",\"@id\":\"https:\/\/www.justiceinfo.net\/fr\/34833-au-bresil-incertitude-totale-a-un-an-de-la-presidentielle.html\",\"url\":\"https:\/\/www.justiceinfo.net\/fr\/34833-au-bresil-incertitude-totale-a-un-an-de-la-presidentielle.html\",\"name\":\"Au Br\u00e9sil, incertitude totale \u00e0 un an de la pr\u00e9sidentielle - JusticeInfo.net\",\"isPartOf\":{\"@id\":\"https:\/\/www.justiceinfo.net\/fr#website\"},\"datePublished\":\"2017-10-05T04:03:12+00:00\",\"breadcrumb\":{\"@id\":\"https:\/\/www.justiceinfo.net\/fr\/34833-au-bresil-incertitude-totale-a-un-an-de-la-presidentielle.html#breadcrumb\"},\"inLanguage\":\"fr-FR\",\"potentialAction\":[{\"@type\":\"ReadAction\",\"target\":[\"https:\/\/www.justiceinfo.net\/fr\/34833-au-bresil-incertitude-totale-a-un-an-de-la-presidentielle.html\"]}]},{\"@type\":\"BreadcrumbList\",\"@id\":\"https:\/\/www.justiceinfo.net\/fr\/34833-au-bresil-incertitude-totale-a-un-an-de-la-presidentielle.html#breadcrumb\",\"itemListElement\":[{\"@type\":\"ListItem\",\"position\":1,\"name\":\"Home\",\"item\":\"https:\/\/www.justiceinfo.net\/fr\"},{\"@type\":\"ListItem\",\"position\":2,\"name\":\"Au Br\u00e9sil, incertitude totale \u00e0 un an de la pr\u00e9sidentielle\"}]},{\"@type\":\"WebSite\",\"@id\":\"https:\/\/www.justiceinfo.net\/fr#website\",\"url\":\"https:\/\/www.justiceinfo.net\/fr\",\"name\":\"JusticeInfo.net\",\"description\":\"La justice doit \u00eatre vue pour \u00eatre rendue\",\"publisher\":{\"@id\":\"https:\/\/www.justiceinfo.net\/fr#organization\"},\"potentialAction\":[{\"@type\":\"SearchAction\",\"target\":{\"@type\":\"EntryPoint\",\"urlTemplate\":\"https:\/\/www.justiceinfo.net\/fr?s={search_term_string}\"},\"query-input\":{\"@type\":\"PropertyValueSpecification\",\"valueRequired\":true,\"valueName\":\"search_term_string\"}}],\"inLanguage\":\"fr-FR\"},{\"@type\":\"Organization\",\"@id\":\"https:\/\/www.justiceinfo.net\/fr#organization\",\"name\":\"Justice Info\",\"url\":\"https:\/\/www.justiceinfo.net\/fr\",\"logo\":{\"@type\":\"ImageObject\",\"inLanguage\":\"fr-FR\",\"@id\":\"https:\/\/www.justiceinfo.net\/fr#\/schema\/logo\/image\/\",\"url\":\"https:\/\/www.justiceinfo.net\/wp-content\/uploads\/justiceinfo_logo-trans_1200x1200px.png\",\"contentUrl\":\"https:\/\/www.justiceinfo.net\/wp-content\/uploads\/justiceinfo_logo-trans_1200x1200px.png\",\"width\":1199,\"height\":1200,\"caption\":\"Justice Info\"},\"image\":{\"@id\":\"https:\/\/www.justiceinfo.net\/fr#\/schema\/logo\/image\/\"},\"sameAs\":[\"https:\/\/www.facebook.com\/JusticeInfo\/\",\"https:\/\/x.com\/justiceinfonet\",\"https:\/\/www.linkedin.com\/company\/justice-info\",\"https:\/\/www.youtube.com\/channel\/UCyCEsARodyuWtkWyhn-e7pA\"]},{\"@type\":\"Person\",\"name\":\"AFP\",\"url\":\"\/fr\/?s=AFP\"}]}<\/script>\n<!-- \/ Yoast SEO Premium plugin. -->","yoast_head_json":{"title":"Au Br\u00e9sil, incertitude totale \u00e0 un an de la pr\u00e9sidentielle - JusticeInfo.net","robots":{"index":"index","follow":"follow","max-snippet":"max-snippet:-1","max-image-preview":"max-image-preview:large","max-video-preview":"max-video-preview:-1"},"canonical":"https:\/\/www.justiceinfo.net\/fr\/34833-au-bresil-incertitude-totale-a-un-an-de-la-presidentielle.html","og_locale":"fr_FR","og_type":"article","og_title":"Au Br\u00e9sil, incertitude totale \u00e0 un an de la pr\u00e9sidentielle","og_description":"Dire que personne ne sait qui gagnera l'\u00e9lection pr\u00e9sidentielle du Br\u00e9sil dans un an est un euph\u00e9misme. M\u00eame les plus \u00e9minents sp\u00e9cialistes ignorent quels seront les candidats et si le favori des sondages sera ou non en prison. L'incertitude est la plus totale, dans un pays secou\u00e9 par les scandales de corruption \u00e0 r\u00e9p\u00e9tition et [&hellip;]","og_url":"https:\/\/www.justiceinfo.net\/fr\/34833-au-bresil-incertitude-totale-a-un-an-de-la-presidentielle.html","og_site_name":"JusticeInfo.net","article_publisher":"https:\/\/www.facebook.com\/JusticeInfo\/","article_published_time":"2017-10-05T04:03:12+00:00","og_image":[{"width":1200,"height":630,"url":"https:\/\/www.justiceinfo.net\/wp-content\/uploads\/JusticeInfoNet_logo_1200x630px.jpg","type":"image\/jpeg"}],"author":"AFP","twitter_card":"summary_large_image","twitter_creator":"@justiceinfonet","twitter_site":"@justiceinfonet","twitter_misc":{"\u00c9crit par":"AFP","Dur\u00e9e de lecture estim\u00e9e":"4 minutes"},"schema":{"@context":"https:\/\/schema.org","@graph":[{"@type":"NewsArticle","@id":"https:\/\/www.justiceinfo.net\/fr\/34833-au-bresil-incertitude-totale-a-un-an-de-la-presidentielle.html#article","isPartOf":{"@id":"https:\/\/www.justiceinfo.net\/fr\/34833-au-bresil-incertitude-totale-a-un-an-de-la-presidentielle.html"},"author":{"name":"afp","@id":"https:\/\/www.justiceinfo.net\/fr#\/schema\/person\/713d340ef5f218fc36ce9b4244364a7f"},"headline":"Au Br\u00e9sil, incertitude totale \u00e0 un an de la pr\u00e9sidentielle","datePublished":"2017-10-05T04:03:12+00:00","mainEntityOfPage":{"@id":"https:\/\/www.justiceinfo.net\/fr\/34833-au-bresil-incertitude-totale-a-un-an-de-la-presidentielle.html"},"wordCount":799,"commentCount":0,"publisher":{"@id":"https:\/\/www.justiceinfo.net\/fr#organization"},"articleSection":["Fil d'info AFP"],"inLanguage":"fr-FR","potentialAction":[{"@type":"CommentAction","name":"Comment","target":["https:\/\/www.justiceinfo.net\/fr\/34833-au-bresil-incertitude-totale-a-un-an-de-la-presidentielle.html#respond"]}]},{"@type":"WebPage","@id":"https:\/\/www.justiceinfo.net\/fr\/34833-au-bresil-incertitude-totale-a-un-an-de-la-presidentielle.html","url":"https:\/\/www.justiceinfo.net\/fr\/34833-au-bresil-incertitude-totale-a-un-an-de-la-presidentielle.html","name":"Au Br\u00e9sil, incertitude totale \u00e0 un an de la pr\u00e9sidentielle - JusticeInfo.net","isPartOf":{"@id":"https:\/\/www.justiceinfo.net\/fr#website"},"datePublished":"2017-10-05T04:03:12+00:00","breadcrumb":{"@id":"https:\/\/www.justiceinfo.net\/fr\/34833-au-bresil-incertitude-totale-a-un-an-de-la-presidentielle.html#breadcrumb"},"inLanguage":"fr-FR","potentialAction":[{"@type":"ReadAction","target":["https:\/\/www.justiceinfo.net\/fr\/34833-au-bresil-incertitude-totale-a-un-an-de-la-presidentielle.html"]}]},{"@type":"BreadcrumbList","@id":"https:\/\/www.justiceinfo.net\/fr\/34833-au-bresil-incertitude-totale-a-un-an-de-la-presidentielle.html#breadcrumb","itemListElement":[{"@type":"ListItem","position":1,"name":"Home","item":"https:\/\/www.justiceinfo.net\/fr"},{"@type":"ListItem","position":2,"name":"Au Br\u00e9sil, incertitude totale \u00e0 un an de la pr\u00e9sidentielle"}]},{"@type":"WebSite","@id":"https:\/\/www.justiceinfo.net\/fr#website","url":"https:\/\/www.justiceinfo.net\/fr","name":"JusticeInfo.net","description":"La justice doit \u00eatre vue pour \u00eatre rendue","publisher":{"@id":"https:\/\/www.justiceinfo.net\/fr#organization"},"potentialAction":[{"@type":"SearchAction","target":{"@type":"EntryPoint","urlTemplate":"https:\/\/www.justiceinfo.net\/fr?s={search_term_string}"},"query-input":{"@type":"PropertyValueSpecification","valueRequired":true,"valueName":"search_term_string"}}],"inLanguage":"fr-FR"},{"@type":"Organization","@id":"https:\/\/www.justiceinfo.net\/fr#organization","name":"Justice Info","url":"https:\/\/www.justiceinfo.net\/fr","logo":{"@type":"ImageObject","inLanguage":"fr-FR","@id":"https:\/\/www.justiceinfo.net\/fr#\/schema\/logo\/image\/","url":"https:\/\/www.justiceinfo.net\/wp-content\/uploads\/justiceinfo_logo-trans_1200x1200px.png","contentUrl":"https:\/\/www.justiceinfo.net\/wp-content\/uploads\/justiceinfo_logo-trans_1200x1200px.png","width":1199,"height":1200,"caption":"Justice Info"},"image":{"@id":"https:\/\/www.justiceinfo.net\/fr#\/schema\/logo\/image\/"},"sameAs":["https:\/\/www.facebook.com\/JusticeInfo\/","https:\/\/x.com\/justiceinfonet","https:\/\/www.linkedin.com\/company\/justice-info","https:\/\/www.youtube.com\/channel\/UCyCEsARodyuWtkWyhn-e7pA"]},{"@type":"Person","name":"AFP","url":"\/fr\/?s=AFP"}]}},"_links":{"self":[{"href":"https:\/\/www.justiceinfo.net\/fr\/wp-json\/wp\/v2\/posts\/34833","targetHints":{"allow":["GET"]}}],"collection":[{"href":"https:\/\/www.justiceinfo.net\/fr\/wp-json\/wp\/v2\/posts"}],"about":[{"href":"https:\/\/www.justiceinfo.net\/fr\/wp-json\/wp\/v2\/types\/post"}],"author":[{"embeddable":true,"href":"https:\/\/www.justiceinfo.net\/fr\/wp-json\/wp\/v2\/users\/60"}],"replies":[{"embeddable":true,"href":"https:\/\/www.justiceinfo.net\/fr\/wp-json\/wp\/v2\/comments?post=34833"}],"version-history":[{"count":0,"href":"https:\/\/www.justiceinfo.net\/fr\/wp-json\/wp\/v2\/posts\/34833\/revisions"}],"wp:attachment":[{"href":"https:\/\/www.justiceinfo.net\/fr\/wp-json\/wp\/v2\/media?parent=34833"}],"wp:term":[{"taxonomy":"category","embeddable":true,"href":"https:\/\/www.justiceinfo.net\/fr\/wp-json\/wp\/v2\/categories?post=34833"},{"taxonomy":"post_tag","embeddable":true,"href":"https:\/\/www.justiceinfo.net\/fr\/wp-json\/wp\/v2\/tags?post=34833"},{"taxonomy":"ji_location","embeddable":true,"href":"https:\/\/www.justiceinfo.net\/fr\/wp-json\/wp\/v2\/ji_location?post=34833"}],"curies":[{"name":"wp","href":"https:\/\/api.w.org\/{rel}","templated":true}]}}