{"id":34845,"date":"2017-10-06T09:48:34","date_gmt":"2017-10-06T07:48:34","guid":{"rendered":"https:\/\/www.justiceinfo.net\/34845-au-liberia-les-femmes-jeunent-pour-des-elections-sans-violences.html"},"modified":"2017-10-06T09:48:34","modified_gmt":"2017-10-06T07:48:34","slug":"au-liberia-les-femmes-jeunent-pour-des-elections-sans-violences","status":"publish","type":"post","link":"https:\/\/www.justiceinfo.net\/fr\/34845-au-liberia-les-femmes-jeunent-pour-des-elections-sans-violences.html","title":{"rendered":"Au Liberia, les femmes je\u00fbnent pour des \u00e9lections sans violences"},"content":{"rendered":"<div class=\"txt-textContent\">\n<div class=\"text fontsize_0 jq_Content jq_langdir\">\n<p>V\u00eatues de tuniques identiques proclamant \"Souvenez-vous du pass\u00e9\", une centaine de Lib\u00e9riennes prient, agenouill\u00e9es, au terme d'une nouvelle journ\u00e9e de je\u00fbne entam\u00e9 il y a trois semaines pour exhorter leurs compatriotes \u00e0 \u00e9viter toute violence lors des \u00e9lections g\u00e9n\u00e9rales de mardi.<\/p>\n<p>Ces femmes de tous \u00e2ges se r\u00e9unissent de l'aube au coucher du soleil en bord de route dans la capitale Monrovia, devant les quartiers g\u00e9n\u00e9raux de plusieurs candidats \u00e0 la pr\u00e9sidentielle, rappelant les manifestations pacifistes qui avaient aid\u00e9 \u00e0 en finir avec les guerres civiles (1989-2003).<\/p>\n<p>\"Nous avions men\u00e9 le processus en 2002 et 2003 pour le mouvement de masse des femmes en faveur de la paix. Nous voulons poursuivre cette action en participant au maintien de cette paix obtenue\", explique Delphine Morris, coordinatrice nationale du R\u00e9seau des femmes pour la paix (Women in Peacebuilding Network, WIPNET).<\/p>\n<p>\"Pendant cette p\u00e9riode \u00e9lectorale, nous pensons qu'il est sage de se rassembler \u00e0 nouveau, pour unir nos fois et nous assurer que les \u00e9lections seront bien libres et transparentes\", ajoute-t-elle.<\/p>\n<p>Dans leur petit campement, les militantes de WIPNET terminent la journ\u00e9e en chantant, et, mercredi, elles ont m\u00eame enregistr\u00e9 un clip vid\u00e9o musical, pour le plus grand plaisir des passants et des automobilistes.<\/p>\n<p>Les femmes aux tuniques proclamant \"Souvenez-vous du pass\u00e9\" et \"Le viol est un crime\" dansent au passage de convois appelant \u00e0 voter pour les diff\u00e9rents candidats, qui klaxonnent \u00e0 plein volume.<\/p>\n<p>\u00a0<\/p>\n<h2>- 'Nous craignons des violences' -<\/h2>\n<p>\u00a0<\/p>\n<p>Au cours de la guerre civile particuli\u00e8rement cruelle dans ce pays, le mouvement des femmes pour la paix a men\u00e9 des sit-in et des pri\u00e8res publiques pour obtenir la fin des violences et la r\u00e9conciliation, et l'une de ses fondatrices, Leymah Gbowee, a obtenu, en 2011, le prix Nobel de la Paix.<\/p>\n<p>\"Pendant la guerre, nous priions, et nous je\u00fbnions, et la guerre a cess\u00e9\", se souvient Jassah Ganyan, une vieille dame qui se repose \u00e0 l'abri d'une b\u00e2che. \"Nous ne voulons plus de guerre\", lance-t-elle.<\/p>\n<p>Mais beaucoup de participantes pensent que le spectre d'un conflit r\u00f4de toujours, dans la mesure o\u00f9 la pr\u00e9sidente, Ellen Johnson Sirleaf, se retire apr\u00e8s 12 ann\u00e9es de pouvoir.<\/p>\n<p>\"Nous craignons des violences \u00e9lectorales\", confie Delphine Morris, tout en regardant un v\u00e9hicule blind\u00e9 de la police passer sur la route. \"En 2011, une fois le r\u00e9sultat annonc\u00e9, il y a eu des sc\u00e8nes de violence, et une ou deux personnes sont mortes. Nous ne voulons plus voir \u00e7a\".<\/p>\n<p>En 2011, Winston Tubman - le candidat devanc\u00e9 par Ellen Johnson Sirleaf - avait appel\u00e9 ses partisans \u00e0 boycotter le second tour. Deux personnes avaient \u00e9t\u00e9 tu\u00e9es devant son quartier g\u00e9n\u00e9ral la veille du scrutin.<\/p>\n<p>Delphine Morris craint surtout que certains candidats n'enveniment la situation en proclamant pr\u00e9matur\u00e9ment leur victoire, dans la mesure o\u00f9 le scrutin semble cette ann\u00e9e tr\u00e8s ouvert. Ils sont vingt candidats \u00e0 se pr\u00e9senter.<\/p>\n<p>\"Tous les partis \u00e0 qui vous parlez vous disent qu'ils doivent gagner et ils pensent d\u00e9j\u00e0 avoir gagn\u00e9!\", s'inqui\u00e8te-t-elle.<\/p>\n<p>Le mouvement des femmes a r\u00e9dig\u00e9 un memorandum contre la violence et l'a pr\u00e9sent\u00e9 aux candidats, mais Mme Morris n'a pas \u00e9t\u00e9 en mesure de pr\u00e9ciser si tous les partis avaient sign\u00e9 cet engagement.<\/p>\n<p>\"Si vous ne gagnez pas, c'est peut-\u00eatre que ce n'est pas votre moment, ou que vous devez mieux faire votre travail\", lance-t-elle d'ores et d\u00e9j\u00e0 \u00e0 l'adresse des candidats<\/p>\n<\/div>\n<\/div>\n","protected":false},"excerpt":{"rendered":"<p>V\u00eatues de tuniques identiques proclamant \"Souvenez-vous du pass\u00e9\", une centaine de Lib\u00e9riennes prient, agenouill\u00e9es, au terme d'une nouvelle journ\u00e9e de je\u00fbne entam\u00e9 il y a trois semaines pour exhorter leurs compatriotes \u00e0 \u00e9viter toute violence lors des \u00e9lections g\u00e9n\u00e9rales de mardi. Ces femmes de tous \u00e2ges se r\u00e9unissent de l'aube au coucher du soleil en [&hellip;]<\/p>\n","protected":false},"author":60,"featured_media":0,"comment_status":"open","ping_status":"closed","sticky":false,"template":"","format":"standard","meta":{"_acf_changed":false,"footnotes":""},"categories":[2576],"tags":[],"ji_location":[2316],"class_list":["post-34845","post","type-post","status-publish","format-standard","hentry","category-fil-d-actualite","ji_location-liberia"],"acf":[],"yoast_head":"<!-- This site is optimized with the Yoast SEO Premium plugin v25.3.1 (Yoast SEO v25.3.1) - https:\/\/yoast.com\/wordpress\/plugins\/seo\/ -->\n<title>Au Liberia, les femmes je\u00fbnent pour des \u00e9lections sans violences - JusticeInfo.net<\/title>\n<meta name=\"robots\" content=\"index, follow, max-snippet:-1, max-image-preview:large, max-video-preview:-1\" \/>\n<link rel=\"canonical\" href=\"https:\/\/www.justiceinfo.net\/fr\/34845-au-liberia-les-femmes-jeunent-pour-des-elections-sans-violences.html\" \/>\n<meta property=\"og:locale\" content=\"fr_FR\" \/>\n<meta property=\"og:type\" content=\"article\" \/>\n<meta property=\"og:title\" content=\"Au Liberia, les femmes je\u00fbnent pour des \u00e9lections sans violences\" \/>\n<meta property=\"og:description\" content=\"V\u00eatues de tuniques identiques proclamant &quot;Souvenez-vous du pass\u00e9&quot;, une centaine de Lib\u00e9riennes prient, agenouill\u00e9es, au terme d&#039;une nouvelle journ\u00e9e de je\u00fbne entam\u00e9 il y a trois semaines pour exhorter leurs compatriotes \u00e0 \u00e9viter toute violence lors des \u00e9lections g\u00e9n\u00e9rales de mardi. Ces femmes de tous \u00e2ges se r\u00e9unissent de l&#039;aube au coucher du soleil en [&hellip;]\" \/>\n<meta property=\"og:url\" content=\"https:\/\/www.justiceinfo.net\/fr\/34845-au-liberia-les-femmes-jeunent-pour-des-elections-sans-violences.html\" \/>\n<meta property=\"og:site_name\" content=\"JusticeInfo.net\" \/>\n<meta property=\"article:publisher\" content=\"https:\/\/www.facebook.com\/JusticeInfo\/\" \/>\n<meta property=\"article:published_time\" content=\"2017-10-06T07:48:34+00:00\" \/>\n<meta property=\"og:image\" content=\"https:\/\/www.justiceinfo.net\/wp-content\/uploads\/JusticeInfoNet_logo_1200x630px.jpg\" \/>\n\t<meta property=\"og:image:width\" content=\"1200\" \/>\n\t<meta property=\"og:image:height\" content=\"630\" \/>\n\t<meta property=\"og:image:type\" content=\"image\/jpeg\" \/>\n<meta name=\"author\" content=\"AFP\" \/>\n<meta name=\"twitter:card\" content=\"summary_large_image\" \/>\n<meta name=\"twitter:creator\" content=\"@justiceinfonet\" \/>\n<meta name=\"twitter:site\" content=\"@justiceinfonet\" \/>\n<meta name=\"twitter:label1\" content=\"\u00c9crit par\" \/>\n\t<meta name=\"twitter:data1\" content=\"AFP\" \/>\n\t<meta name=\"twitter:label2\" content=\"Dur\u00e9e de lecture estim\u00e9e\" \/>\n\t<meta name=\"twitter:data2\" content=\"3 minutes\" \/>\n<script type=\"application\/ld+json\" class=\"yoast-schema-graph\">{\"@context\":\"https:\/\/schema.org\",\"@graph\":[{\"@type\":\"NewsArticle\",\"@id\":\"https:\/\/www.justiceinfo.net\/fr\/34845-au-liberia-les-femmes-jeunent-pour-des-elections-sans-violences.html#article\",\"isPartOf\":{\"@id\":\"https:\/\/www.justiceinfo.net\/fr\/34845-au-liberia-les-femmes-jeunent-pour-des-elections-sans-violences.html\"},\"author\":{\"name\":\"afp\",\"@id\":\"https:\/\/www.justiceinfo.net\/fr#\/schema\/person\/713d340ef5f218fc36ce9b4244364a7f\"},\"headline\":\"Au Liberia, les femmes je\u00fbnent pour des \u00e9lections sans violences\",\"datePublished\":\"2017-10-06T07:48:34+00:00\",\"mainEntityOfPage\":{\"@id\":\"https:\/\/www.justiceinfo.net\/fr\/34845-au-liberia-les-femmes-jeunent-pour-des-elections-sans-violences.html\"},\"wordCount\":605,\"commentCount\":0,\"publisher\":{\"@id\":\"https:\/\/www.justiceinfo.net\/fr#organization\"},\"articleSection\":[\"Fil d'info AFP\"],\"inLanguage\":\"fr-FR\",\"potentialAction\":[{\"@type\":\"CommentAction\",\"name\":\"Comment\",\"target\":[\"https:\/\/www.justiceinfo.net\/fr\/34845-au-liberia-les-femmes-jeunent-pour-des-elections-sans-violences.html#respond\"]}]},{\"@type\":\"WebPage\",\"@id\":\"https:\/\/www.justiceinfo.net\/fr\/34845-au-liberia-les-femmes-jeunent-pour-des-elections-sans-violences.html\",\"url\":\"https:\/\/www.justiceinfo.net\/fr\/34845-au-liberia-les-femmes-jeunent-pour-des-elections-sans-violences.html\",\"name\":\"Au Liberia, les femmes je\u00fbnent pour des \u00e9lections sans violences - JusticeInfo.net\",\"isPartOf\":{\"@id\":\"https:\/\/www.justiceinfo.net\/fr#website\"},\"datePublished\":\"2017-10-06T07:48:34+00:00\",\"breadcrumb\":{\"@id\":\"https:\/\/www.justiceinfo.net\/fr\/34845-au-liberia-les-femmes-jeunent-pour-des-elections-sans-violences.html#breadcrumb\"},\"inLanguage\":\"fr-FR\",\"potentialAction\":[{\"@type\":\"ReadAction\",\"target\":[\"https:\/\/www.justiceinfo.net\/fr\/34845-au-liberia-les-femmes-jeunent-pour-des-elections-sans-violences.html\"]}]},{\"@type\":\"BreadcrumbList\",\"@id\":\"https:\/\/www.justiceinfo.net\/fr\/34845-au-liberia-les-femmes-jeunent-pour-des-elections-sans-violences.html#breadcrumb\",\"itemListElement\":[{\"@type\":\"ListItem\",\"position\":1,\"name\":\"Home\",\"item\":\"https:\/\/www.justiceinfo.net\/fr\"},{\"@type\":\"ListItem\",\"position\":2,\"name\":\"Au Liberia, les femmes je\u00fbnent pour des \u00e9lections sans violences\"}]},{\"@type\":\"WebSite\",\"@id\":\"https:\/\/www.justiceinfo.net\/fr#website\",\"url\":\"https:\/\/www.justiceinfo.net\/fr\",\"name\":\"JusticeInfo.net\",\"description\":\"La justice doit \u00eatre vue pour \u00eatre rendue\",\"publisher\":{\"@id\":\"https:\/\/www.justiceinfo.net\/fr#organization\"},\"potentialAction\":[{\"@type\":\"SearchAction\",\"target\":{\"@type\":\"EntryPoint\",\"urlTemplate\":\"https:\/\/www.justiceinfo.net\/fr?s={search_term_string}\"},\"query-input\":{\"@type\":\"PropertyValueSpecification\",\"valueRequired\":true,\"valueName\":\"search_term_string\"}}],\"inLanguage\":\"fr-FR\"},{\"@type\":\"Organization\",\"@id\":\"https:\/\/www.justiceinfo.net\/fr#organization\",\"name\":\"Justice Info\",\"url\":\"https:\/\/www.justiceinfo.net\/fr\",\"logo\":{\"@type\":\"ImageObject\",\"inLanguage\":\"fr-FR\",\"@id\":\"https:\/\/www.justiceinfo.net\/fr#\/schema\/logo\/image\/\",\"url\":\"https:\/\/www.justiceinfo.net\/wp-content\/uploads\/justiceinfo_logo-trans_1200x1200px.png\",\"contentUrl\":\"https:\/\/www.justiceinfo.net\/wp-content\/uploads\/justiceinfo_logo-trans_1200x1200px.png\",\"width\":1199,\"height\":1200,\"caption\":\"Justice Info\"},\"image\":{\"@id\":\"https:\/\/www.justiceinfo.net\/fr#\/schema\/logo\/image\/\"},\"sameAs\":[\"https:\/\/www.facebook.com\/JusticeInfo\/\",\"https:\/\/x.com\/justiceinfonet\",\"https:\/\/www.linkedin.com\/company\/justice-info\",\"https:\/\/www.youtube.com\/channel\/UCyCEsARodyuWtkWyhn-e7pA\"]},{\"@type\":\"Person\",\"name\":\"AFP\",\"url\":\"\/fr\/?s=AFP\"}]}<\/script>\n<!-- \/ Yoast SEO Premium plugin. -->","yoast_head_json":{"title":"Au Liberia, les femmes je\u00fbnent pour des \u00e9lections sans violences - JusticeInfo.net","robots":{"index":"index","follow":"follow","max-snippet":"max-snippet:-1","max-image-preview":"max-image-preview:large","max-video-preview":"max-video-preview:-1"},"canonical":"https:\/\/www.justiceinfo.net\/fr\/34845-au-liberia-les-femmes-jeunent-pour-des-elections-sans-violences.html","og_locale":"fr_FR","og_type":"article","og_title":"Au Liberia, les femmes je\u00fbnent pour des \u00e9lections sans violences","og_description":"V\u00eatues de tuniques identiques proclamant \"Souvenez-vous du pass\u00e9\", une centaine de Lib\u00e9riennes prient, agenouill\u00e9es, au terme d'une nouvelle journ\u00e9e de je\u00fbne entam\u00e9 il y a trois semaines pour exhorter leurs compatriotes \u00e0 \u00e9viter toute violence lors des \u00e9lections g\u00e9n\u00e9rales de mardi. Ces femmes de tous \u00e2ges se r\u00e9unissent de l'aube au coucher du soleil en [&hellip;]","og_url":"https:\/\/www.justiceinfo.net\/fr\/34845-au-liberia-les-femmes-jeunent-pour-des-elections-sans-violences.html","og_site_name":"JusticeInfo.net","article_publisher":"https:\/\/www.facebook.com\/JusticeInfo\/","article_published_time":"2017-10-06T07:48:34+00:00","og_image":[{"width":1200,"height":630,"url":"https:\/\/www.justiceinfo.net\/wp-content\/uploads\/JusticeInfoNet_logo_1200x630px.jpg","type":"image\/jpeg"}],"author":"AFP","twitter_card":"summary_large_image","twitter_creator":"@justiceinfonet","twitter_site":"@justiceinfonet","twitter_misc":{"\u00c9crit par":"AFP","Dur\u00e9e de lecture estim\u00e9e":"3 minutes"},"schema":{"@context":"https:\/\/schema.org","@graph":[{"@type":"NewsArticle","@id":"https:\/\/www.justiceinfo.net\/fr\/34845-au-liberia-les-femmes-jeunent-pour-des-elections-sans-violences.html#article","isPartOf":{"@id":"https:\/\/www.justiceinfo.net\/fr\/34845-au-liberia-les-femmes-jeunent-pour-des-elections-sans-violences.html"},"author":{"name":"afp","@id":"https:\/\/www.justiceinfo.net\/fr#\/schema\/person\/713d340ef5f218fc36ce9b4244364a7f"},"headline":"Au Liberia, les femmes je\u00fbnent pour des \u00e9lections sans violences","datePublished":"2017-10-06T07:48:34+00:00","mainEntityOfPage":{"@id":"https:\/\/www.justiceinfo.net\/fr\/34845-au-liberia-les-femmes-jeunent-pour-des-elections-sans-violences.html"},"wordCount":605,"commentCount":0,"publisher":{"@id":"https:\/\/www.justiceinfo.net\/fr#organization"},"articleSection":["Fil d'info AFP"],"inLanguage":"fr-FR","potentialAction":[{"@type":"CommentAction","name":"Comment","target":["https:\/\/www.justiceinfo.net\/fr\/34845-au-liberia-les-femmes-jeunent-pour-des-elections-sans-violences.html#respond"]}]},{"@type":"WebPage","@id":"https:\/\/www.justiceinfo.net\/fr\/34845-au-liberia-les-femmes-jeunent-pour-des-elections-sans-violences.html","url":"https:\/\/www.justiceinfo.net\/fr\/34845-au-liberia-les-femmes-jeunent-pour-des-elections-sans-violences.html","name":"Au Liberia, les femmes je\u00fbnent pour des \u00e9lections sans violences - JusticeInfo.net","isPartOf":{"@id":"https:\/\/www.justiceinfo.net\/fr#website"},"datePublished":"2017-10-06T07:48:34+00:00","breadcrumb":{"@id":"https:\/\/www.justiceinfo.net\/fr\/34845-au-liberia-les-femmes-jeunent-pour-des-elections-sans-violences.html#breadcrumb"},"inLanguage":"fr-FR","potentialAction":[{"@type":"ReadAction","target":["https:\/\/www.justiceinfo.net\/fr\/34845-au-liberia-les-femmes-jeunent-pour-des-elections-sans-violences.html"]}]},{"@type":"BreadcrumbList","@id":"https:\/\/www.justiceinfo.net\/fr\/34845-au-liberia-les-femmes-jeunent-pour-des-elections-sans-violences.html#breadcrumb","itemListElement":[{"@type":"ListItem","position":1,"name":"Home","item":"https:\/\/www.justiceinfo.net\/fr"},{"@type":"ListItem","position":2,"name":"Au Liberia, les femmes je\u00fbnent pour des \u00e9lections sans violences"}]},{"@type":"WebSite","@id":"https:\/\/www.justiceinfo.net\/fr#website","url":"https:\/\/www.justiceinfo.net\/fr","name":"JusticeInfo.net","description":"La justice doit \u00eatre vue pour \u00eatre rendue","publisher":{"@id":"https:\/\/www.justiceinfo.net\/fr#organization"},"potentialAction":[{"@type":"SearchAction","target":{"@type":"EntryPoint","urlTemplate":"https:\/\/www.justiceinfo.net\/fr?s={search_term_string}"},"query-input":{"@type":"PropertyValueSpecification","valueRequired":true,"valueName":"search_term_string"}}],"inLanguage":"fr-FR"},{"@type":"Organization","@id":"https:\/\/www.justiceinfo.net\/fr#organization","name":"Justice Info","url":"https:\/\/www.justiceinfo.net\/fr","logo":{"@type":"ImageObject","inLanguage":"fr-FR","@id":"https:\/\/www.justiceinfo.net\/fr#\/schema\/logo\/image\/","url":"https:\/\/www.justiceinfo.net\/wp-content\/uploads\/justiceinfo_logo-trans_1200x1200px.png","contentUrl":"https:\/\/www.justiceinfo.net\/wp-content\/uploads\/justiceinfo_logo-trans_1200x1200px.png","width":1199,"height":1200,"caption":"Justice Info"},"image":{"@id":"https:\/\/www.justiceinfo.net\/fr#\/schema\/logo\/image\/"},"sameAs":["https:\/\/www.facebook.com\/JusticeInfo\/","https:\/\/x.com\/justiceinfonet","https:\/\/www.linkedin.com\/company\/justice-info","https:\/\/www.youtube.com\/channel\/UCyCEsARodyuWtkWyhn-e7pA"]},{"@type":"Person","name":"AFP","url":"\/fr\/?s=AFP"}]}},"_links":{"self":[{"href":"https:\/\/www.justiceinfo.net\/fr\/wp-json\/wp\/v2\/posts\/34845","targetHints":{"allow":["GET"]}}],"collection":[{"href":"https:\/\/www.justiceinfo.net\/fr\/wp-json\/wp\/v2\/posts"}],"about":[{"href":"https:\/\/www.justiceinfo.net\/fr\/wp-json\/wp\/v2\/types\/post"}],"author":[{"embeddable":true,"href":"https:\/\/www.justiceinfo.net\/fr\/wp-json\/wp\/v2\/users\/60"}],"replies":[{"embeddable":true,"href":"https:\/\/www.justiceinfo.net\/fr\/wp-json\/wp\/v2\/comments?post=34845"}],"version-history":[{"count":0,"href":"https:\/\/www.justiceinfo.net\/fr\/wp-json\/wp\/v2\/posts\/34845\/revisions"}],"wp:attachment":[{"href":"https:\/\/www.justiceinfo.net\/fr\/wp-json\/wp\/v2\/media?parent=34845"}],"wp:term":[{"taxonomy":"category","embeddable":true,"href":"https:\/\/www.justiceinfo.net\/fr\/wp-json\/wp\/v2\/categories?post=34845"},{"taxonomy":"post_tag","embeddable":true,"href":"https:\/\/www.justiceinfo.net\/fr\/wp-json\/wp\/v2\/tags?post=34845"},{"taxonomy":"ji_location","embeddable":true,"href":"https:\/\/www.justiceinfo.net\/fr\/wp-json\/wp\/v2\/ji_location?post=34845"}],"curies":[{"name":"wp","href":"https:\/\/api.w.org\/{rel}","templated":true}]}}