{"id":3485,"date":"2008-02-23T05:53:28","date_gmt":"2008-02-23T04:53:28","guid":{"rendered":"https:\/\/www.justiceinfo.net\/3485-220208-tpirsynthese-hebdomadaire-le-tpir-ne-compte-plus-que-treize-fugitifs275.html"},"modified":"2008-02-23T05:53:28","modified_gmt":"2008-02-23T04:53:28","slug":"220208-tpirsynthese-hebdomadaire-le-tpir-ne-compte-plus-que-treize-fugitifs275","status":"publish","type":"post","link":"https:\/\/www.justiceinfo.net\/fr\/3485-220208-tpirsynthese-hebdomadaire-le-tpir-ne-compte-plus-que-treize-fugitifs275.html","title":{"rendered":"22.02.08 - TPIR\/SYNTHESE HEBDOMADAIRE  - LE TPIR NE COMPTE PLUS QUE TREIZE FUGITIFS"},"content":{"rendered":"<p  >\nArusha, 22 f\u00e9vrier 2008 (FH) -  Le nombre de personnes recherch\u00e9es par le Tribunal p\u00e9nal international pour le Rwanda est pass\u00e9 cette semaine \u00e0 treize apr\u00e8s l\u2019arrestation de l\u2019ancien ministre de la jeunesse, Callixte Nzabonimana, lundi \u00e0 Kigoma dans l\u2019ouest de la Tanzanie.<br \/>\n Nzabonimana a \u00e9t\u00e9 transf\u00e9r\u00e9 le lendemain au centre de d\u00e9tention du TPIR \u00e0 Arusha et, mercredi, il a comparu devant un juge.\n<\/p>\n<p><!--more--><\/p>\n<p  >\nLa date du d\u00e9but de son proc\u00e8s n\u2019a pas encore \u00e9t\u00e9 fix\u00e9e.<br \/>\n L\u2019ancien ministre a plaid\u00e9 non coupable de tous les 11 chefs d\u2019accusation retenus contre lui. Il est poursuivi pour des massacres de Tutsis dans sa r\u00e9gion natale de Gitarama (centre).<br \/>\nLa derni\u00e8re interpellation d\u2019un suspect remontait au 16 octobre 2007. Le concern\u00e9, Dominique Ntawukuriryayo, ancien sous pr\u00e9fet de Gisagara (sud), est depuis lors incarc\u00e9r\u00e9 en France o\u00f9 il r\u00e9sidait avant sa capture. La Cour d\u2019appel de Paris vient cependant d\u2019ordonner son transfert \u00e0 Arusha. Sa d\u00e9fense pr\u00e9voit n\u00e9anmoins un pourvoi en cassation.<br \/>\nL\u2019actualit\u00e9 au TPIR cette semaine a \u00e9t\u00e9 par  ailleurs marqu\u00e9e par les r\u00e9quisitions du procureur et les plaidoiries de la d\u00e9fense dans le proc\u00e8s d\u2019Emmanuel Rukundo, un pr\u00eatre catholique accus\u00e9 de g\u00e9nocide.<br \/>\nLe procureur a requis la prison \u00e0 vie contre lui arguant notamment la gravit\u00e9 des crimes et la pr\u00e9m\u00e9ditation. La d\u00e9fense, de son c\u00f4t\u00e9, a plaid\u00e9 l\u2019acquittement. Selon les avocats du pr\u00eatre, le procureur n\u2019a pas prouv\u00e9 au-del\u00e0 de tout doute raisonnable la culpabilit\u00e9 de l\u2019accus\u00e9. La chambre s\u2019est retir\u00e9e pour le d\u00e9lib\u00e9r\u00e9. La date de prononc\u00e9 du jugement sera annonc\u00e9e ult\u00e9rieurement.<br \/>\nLes audiences se sont par ailleurs poursuivies dans trois affaires: Butare, Gouvernement II et Militaires II.<br \/>\nButare est la plus vieux proc\u00e8s de ceux qui sont en cours. Il a commenc\u00e9 en juin 2001. Actuellement, c\u2019est l\u2019avant dernier des six coaccus\u00e9s qui pr\u00e9sente sa d\u00e9fense.<br \/>\nLe proc\u00e8s Gouvernement II, pour sa part, concerne quatre anciens ministres du gouvernement int\u00e9rimaire en place pendant le g\u00e9nocide de 1994. Cette semaine, le dernier accus\u00e9 sur la liste, l\u2019ancien ministre de la fonction publique, Prosper Mugiraneza, a commenc\u00e9 sa d\u00e9fense.<br \/>\nDans sa d\u00e9claration liminaire, l\u2019avocat de Mugiraneza, Me Tom Moran (Etats-Unis) a indiqu\u00e9 que  \u00ab le simple fait d\u2019appartenir  au gouvernement int\u00e9rimaire ne sugg\u00e8re pas l\u2019appartenance \u00e0 une organisation criminelle \u00bb.<br \/>\nMe Moran a plaid\u00e9 que des t\u00e9moins \u00e0 charge se sont contredits, fait preuve d\u2019une d\u00e9faillance de la m\u00e9moire ou carr\u00e9ment menti.<br \/>\nMugiraneza est jug\u00e9 depuis le 6 novembre 2003 avec ses anciens coll\u00e8gues Casimir Bizimungu (sant\u00e9), Justin Mugenzi (commerce) et J\u00e9r\u00f4me Bicamumpaka (affaires \u00e9trang\u00e8res).<br \/>\nDans Militaires II, qui concerne quatre hauts grad\u00e9s dont les chefs d\u2019\u00e9tat major de l\u2019arm\u00e9e et de la gendarmerie, le tribunal entendu le t\u00e9moignage d\u2019Alain de Brouwer, un homme politique belge, au fait des \u00e9v\u00e9nements qui se sont d\u00e9roul\u00e9s durant la p\u00e9riode autour du g\u00e9nocide. Il a \u00e9t\u00e9 cit\u00e9 par la d\u00e9fense du chef d\u2019\u00e9tat-major de la gendarmerie rwandaise en 1994, le g\u00e9n\u00e9ral Augustin Ndindiliyimana.<br \/>\nLes trois affaires devraient se poursuivre au cours de la semaine prochaine.<br \/>\nAT\/PB\/GF<\/p>\n","protected":false},"excerpt":{"rendered":"<p>Arusha, 22 f\u00e9vrier 2008 (FH) - Le nombre de personnes recherch\u00e9es par le Tribunal p\u00e9nal international pour le Rwanda est pass\u00e9 cette semaine \u00e0 treize apr\u00e8s l\u2019arrestation de l\u2019ancien ministre de la jeunesse, Callixte Nzabonimana, lundi \u00e0 Kigoma dans l\u2019ouest de la Tanzanie. Nzabonimana a \u00e9t\u00e9 transf\u00e9r\u00e9 le lendemain au centre de d\u00e9tention du TPIR [&hellip;]<\/p>\n","protected":false},"author":64,"featured_media":0,"comment_status":"open","ping_status":"closed","sticky":false,"template":"","format":"standard","meta":{"_acf_changed":false,"footnotes":""},"categories":[554],"tags":[],"ji_location":[],"class_list":["post-3485","post","type-post","status-publish","format-standard","hentry","category-hirondellenews"],"acf":[],"yoast_head":"<!-- This site is optimized with the Yoast SEO Premium plugin v25.3.1 (Yoast SEO v25.3.1) - https:\/\/yoast.com\/wordpress\/plugins\/seo\/ -->\n<title>22.02.08 - TPIR\/SYNTHESE HEBDOMADAIRE - LE TPIR NE COMPTE PLUS QUE TREIZE FUGITIFS - JusticeInfo.net<\/title>\n<meta name=\"robots\" content=\"index, follow, max-snippet:-1, max-image-preview:large, max-video-preview:-1\" \/>\n<link rel=\"canonical\" href=\"https:\/\/www.justiceinfo.net\/fr\/3485-220208-tpirsynthese-hebdomadaire-le-tpir-ne-compte-plus-que-treize-fugitifs275.html\" \/>\n<meta property=\"og:locale\" content=\"fr_FR\" \/>\n<meta property=\"og:type\" content=\"article\" \/>\n<meta property=\"og:title\" content=\"22.02.08 - TPIR\/SYNTHESE HEBDOMADAIRE - LE TPIR NE COMPTE PLUS QUE TREIZE FUGITIFS\" \/>\n<meta property=\"og:description\" content=\"Arusha, 22 f\u00e9vrier 2008 (FH) - Le nombre de personnes recherch\u00e9es par le Tribunal p\u00e9nal international pour le Rwanda est pass\u00e9 cette semaine \u00e0 treize apr\u00e8s l\u2019arrestation de l\u2019ancien ministre de la jeunesse, Callixte Nzabonimana, lundi \u00e0 Kigoma dans l\u2019ouest de la Tanzanie. Nzabonimana a \u00e9t\u00e9 transf\u00e9r\u00e9 le lendemain au centre de d\u00e9tention du TPIR [&hellip;]\" \/>\n<meta property=\"og:url\" content=\"https:\/\/www.justiceinfo.net\/fr\/3485-220208-tpirsynthese-hebdomadaire-le-tpir-ne-compte-plus-que-treize-fugitifs275.html\" \/>\n<meta property=\"og:site_name\" content=\"JusticeInfo.net\" \/>\n<meta property=\"article:publisher\" content=\"https:\/\/www.facebook.com\/JusticeInfo\/\" \/>\n<meta property=\"article:published_time\" content=\"2008-02-23T04:53:28+00:00\" \/>\n<meta property=\"og:image\" content=\"https:\/\/www.justiceinfo.net\/wp-content\/uploads\/JusticeInfoNet_logo_1200x630px.jpg\" \/>\n\t<meta property=\"og:image:width\" content=\"1200\" \/>\n\t<meta property=\"og:image:height\" content=\"630\" \/>\n\t<meta property=\"og:image:type\" content=\"image\/jpeg\" \/>\n<meta name=\"author\" content=\"solivri\" \/>\n<meta name=\"twitter:card\" content=\"summary_large_image\" \/>\n<meta name=\"twitter:creator\" content=\"@justiceinfonet\" \/>\n<meta name=\"twitter:site\" content=\"@justiceinfonet\" \/>\n<meta name=\"twitter:label1\" content=\"\u00c9crit par\" \/>\n\t<meta name=\"twitter:data1\" content=\"solivri\" \/>\n\t<meta name=\"twitter:label2\" content=\"Dur\u00e9e de lecture estim\u00e9e\" \/>\n\t<meta name=\"twitter:data2\" content=\"3 minutes\" \/>\n<script type=\"application\/ld+json\" class=\"yoast-schema-graph\">{\"@context\":\"https:\/\/schema.org\",\"@graph\":[{\"@type\":\"NewsArticle\",\"@id\":\"https:\/\/www.justiceinfo.net\/fr\/3485-220208-tpirsynthese-hebdomadaire-le-tpir-ne-compte-plus-que-treize-fugitifs275.html#article\",\"isPartOf\":{\"@id\":\"https:\/\/www.justiceinfo.net\/fr\/3485-220208-tpirsynthese-hebdomadaire-le-tpir-ne-compte-plus-que-treize-fugitifs275.html\"},\"author\":{\"name\":\"solivri\",\"@id\":\"https:\/\/www.justiceinfo.net\/fr#\/schema\/person\/6e53cba1629e2e66f3fc1821d3091865\"},\"headline\":\"22.02.08 - TPIR\/SYNTHESE HEBDOMADAIRE - LE TPIR NE COMPTE PLUS QUE TREIZE FUGITIFS\",\"datePublished\":\"2008-02-23T04:53:28+00:00\",\"mainEntityOfPage\":{\"@id\":\"https:\/\/www.justiceinfo.net\/fr\/3485-220208-tpirsynthese-hebdomadaire-le-tpir-ne-compte-plus-que-treize-fugitifs275.html\"},\"wordCount\":578,\"commentCount\":0,\"publisher\":{\"@id\":\"https:\/\/www.justiceinfo.net\/fr#organization\"},\"articleSection\":[\"Hirondelle News\"],\"inLanguage\":\"fr-FR\",\"potentialAction\":[{\"@type\":\"CommentAction\",\"name\":\"Comment\",\"target\":[\"https:\/\/www.justiceinfo.net\/fr\/3485-220208-tpirsynthese-hebdomadaire-le-tpir-ne-compte-plus-que-treize-fugitifs275.html#respond\"]}]},{\"@type\":\"WebPage\",\"@id\":\"https:\/\/www.justiceinfo.net\/fr\/3485-220208-tpirsynthese-hebdomadaire-le-tpir-ne-compte-plus-que-treize-fugitifs275.html\",\"url\":\"https:\/\/www.justiceinfo.net\/fr\/3485-220208-tpirsynthese-hebdomadaire-le-tpir-ne-compte-plus-que-treize-fugitifs275.html\",\"name\":\"22.02.08 - TPIR\/SYNTHESE HEBDOMADAIRE - LE TPIR NE COMPTE PLUS QUE TREIZE FUGITIFS - JusticeInfo.net\",\"isPartOf\":{\"@id\":\"https:\/\/www.justiceinfo.net\/fr#website\"},\"datePublished\":\"2008-02-23T04:53:28+00:00\",\"breadcrumb\":{\"@id\":\"https:\/\/www.justiceinfo.net\/fr\/3485-220208-tpirsynthese-hebdomadaire-le-tpir-ne-compte-plus-que-treize-fugitifs275.html#breadcrumb\"},\"inLanguage\":\"fr-FR\",\"potentialAction\":[{\"@type\":\"ReadAction\",\"target\":[\"https:\/\/www.justiceinfo.net\/fr\/3485-220208-tpirsynthese-hebdomadaire-le-tpir-ne-compte-plus-que-treize-fugitifs275.html\"]}]},{\"@type\":\"BreadcrumbList\",\"@id\":\"https:\/\/www.justiceinfo.net\/fr\/3485-220208-tpirsynthese-hebdomadaire-le-tpir-ne-compte-plus-que-treize-fugitifs275.html#breadcrumb\",\"itemListElement\":[{\"@type\":\"ListItem\",\"position\":1,\"name\":\"Home\",\"item\":\"https:\/\/www.justiceinfo.net\/fr\"},{\"@type\":\"ListItem\",\"position\":2,\"name\":\"22.02.08 - TPIR\/SYNTHESE HEBDOMADAIRE - LE TPIR NE COMPTE PLUS QUE TREIZE FUGITIFS\"}]},{\"@type\":\"WebSite\",\"@id\":\"https:\/\/www.justiceinfo.net\/fr#website\",\"url\":\"https:\/\/www.justiceinfo.net\/fr\",\"name\":\"JusticeInfo.net\",\"description\":\"La justice doit \u00eatre vue pour \u00eatre rendue\",\"publisher\":{\"@id\":\"https:\/\/www.justiceinfo.net\/fr#organization\"},\"potentialAction\":[{\"@type\":\"SearchAction\",\"target\":{\"@type\":\"EntryPoint\",\"urlTemplate\":\"https:\/\/www.justiceinfo.net\/fr?s={search_term_string}\"},\"query-input\":{\"@type\":\"PropertyValueSpecification\",\"valueRequired\":true,\"valueName\":\"search_term_string\"}}],\"inLanguage\":\"fr-FR\"},{\"@type\":\"Organization\",\"@id\":\"https:\/\/www.justiceinfo.net\/fr#organization\",\"name\":\"Justice Info\",\"url\":\"https:\/\/www.justiceinfo.net\/fr\",\"logo\":{\"@type\":\"ImageObject\",\"inLanguage\":\"fr-FR\",\"@id\":\"https:\/\/www.justiceinfo.net\/fr#\/schema\/logo\/image\/\",\"url\":\"https:\/\/www.justiceinfo.net\/wp-content\/uploads\/justiceinfo_logo-trans_1200x1200px.png\",\"contentUrl\":\"https:\/\/www.justiceinfo.net\/wp-content\/uploads\/justiceinfo_logo-trans_1200x1200px.png\",\"width\":1199,\"height\":1200,\"caption\":\"Justice Info\"},\"image\":{\"@id\":\"https:\/\/www.justiceinfo.net\/fr#\/schema\/logo\/image\/\"},\"sameAs\":[\"https:\/\/www.facebook.com\/JusticeInfo\/\",\"https:\/\/x.com\/justiceinfonet\",\"https:\/\/www.linkedin.com\/company\/justice-info\",\"https:\/\/www.youtube.com\/channel\/UCyCEsARodyuWtkWyhn-e7pA\"]},{\"@type\":\"Person\",\"name\":\"solivri\",\"url\":\"\/fr\/?s=solivri\"}]}<\/script>\n<!-- \/ Yoast SEO Premium plugin. -->","yoast_head_json":{"title":"22.02.08 - TPIR\/SYNTHESE HEBDOMADAIRE - LE TPIR NE COMPTE PLUS QUE TREIZE FUGITIFS - JusticeInfo.net","robots":{"index":"index","follow":"follow","max-snippet":"max-snippet:-1","max-image-preview":"max-image-preview:large","max-video-preview":"max-video-preview:-1"},"canonical":"https:\/\/www.justiceinfo.net\/fr\/3485-220208-tpirsynthese-hebdomadaire-le-tpir-ne-compte-plus-que-treize-fugitifs275.html","og_locale":"fr_FR","og_type":"article","og_title":"22.02.08 - TPIR\/SYNTHESE HEBDOMADAIRE - LE TPIR NE COMPTE PLUS QUE TREIZE FUGITIFS","og_description":"Arusha, 22 f\u00e9vrier 2008 (FH) - Le nombre de personnes recherch\u00e9es par le Tribunal p\u00e9nal international pour le Rwanda est pass\u00e9 cette semaine \u00e0 treize apr\u00e8s l\u2019arrestation de l\u2019ancien ministre de la jeunesse, Callixte Nzabonimana, lundi \u00e0 Kigoma dans l\u2019ouest de la Tanzanie. Nzabonimana a \u00e9t\u00e9 transf\u00e9r\u00e9 le lendemain au centre de d\u00e9tention du TPIR [&hellip;]","og_url":"https:\/\/www.justiceinfo.net\/fr\/3485-220208-tpirsynthese-hebdomadaire-le-tpir-ne-compte-plus-que-treize-fugitifs275.html","og_site_name":"JusticeInfo.net","article_publisher":"https:\/\/www.facebook.com\/JusticeInfo\/","article_published_time":"2008-02-23T04:53:28+00:00","og_image":[{"width":1200,"height":630,"url":"https:\/\/www.justiceinfo.net\/wp-content\/uploads\/JusticeInfoNet_logo_1200x630px.jpg","type":"image\/jpeg"}],"author":"solivri","twitter_card":"summary_large_image","twitter_creator":"@justiceinfonet","twitter_site":"@justiceinfonet","twitter_misc":{"\u00c9crit par":"solivri","Dur\u00e9e de lecture estim\u00e9e":"3 minutes"},"schema":{"@context":"https:\/\/schema.org","@graph":[{"@type":"NewsArticle","@id":"https:\/\/www.justiceinfo.net\/fr\/3485-220208-tpirsynthese-hebdomadaire-le-tpir-ne-compte-plus-que-treize-fugitifs275.html#article","isPartOf":{"@id":"https:\/\/www.justiceinfo.net\/fr\/3485-220208-tpirsynthese-hebdomadaire-le-tpir-ne-compte-plus-que-treize-fugitifs275.html"},"author":{"name":"solivri","@id":"https:\/\/www.justiceinfo.net\/fr#\/schema\/person\/6e53cba1629e2e66f3fc1821d3091865"},"headline":"22.02.08 - TPIR\/SYNTHESE HEBDOMADAIRE - LE TPIR NE COMPTE PLUS QUE TREIZE FUGITIFS","datePublished":"2008-02-23T04:53:28+00:00","mainEntityOfPage":{"@id":"https:\/\/www.justiceinfo.net\/fr\/3485-220208-tpirsynthese-hebdomadaire-le-tpir-ne-compte-plus-que-treize-fugitifs275.html"},"wordCount":578,"commentCount":0,"publisher":{"@id":"https:\/\/www.justiceinfo.net\/fr#organization"},"articleSection":["Hirondelle News"],"inLanguage":"fr-FR","potentialAction":[{"@type":"CommentAction","name":"Comment","target":["https:\/\/www.justiceinfo.net\/fr\/3485-220208-tpirsynthese-hebdomadaire-le-tpir-ne-compte-plus-que-treize-fugitifs275.html#respond"]}]},{"@type":"WebPage","@id":"https:\/\/www.justiceinfo.net\/fr\/3485-220208-tpirsynthese-hebdomadaire-le-tpir-ne-compte-plus-que-treize-fugitifs275.html","url":"https:\/\/www.justiceinfo.net\/fr\/3485-220208-tpirsynthese-hebdomadaire-le-tpir-ne-compte-plus-que-treize-fugitifs275.html","name":"22.02.08 - TPIR\/SYNTHESE HEBDOMADAIRE - LE TPIR NE COMPTE PLUS QUE TREIZE FUGITIFS - JusticeInfo.net","isPartOf":{"@id":"https:\/\/www.justiceinfo.net\/fr#website"},"datePublished":"2008-02-23T04:53:28+00:00","breadcrumb":{"@id":"https:\/\/www.justiceinfo.net\/fr\/3485-220208-tpirsynthese-hebdomadaire-le-tpir-ne-compte-plus-que-treize-fugitifs275.html#breadcrumb"},"inLanguage":"fr-FR","potentialAction":[{"@type":"ReadAction","target":["https:\/\/www.justiceinfo.net\/fr\/3485-220208-tpirsynthese-hebdomadaire-le-tpir-ne-compte-plus-que-treize-fugitifs275.html"]}]},{"@type":"BreadcrumbList","@id":"https:\/\/www.justiceinfo.net\/fr\/3485-220208-tpirsynthese-hebdomadaire-le-tpir-ne-compte-plus-que-treize-fugitifs275.html#breadcrumb","itemListElement":[{"@type":"ListItem","position":1,"name":"Home","item":"https:\/\/www.justiceinfo.net\/fr"},{"@type":"ListItem","position":2,"name":"22.02.08 - TPIR\/SYNTHESE HEBDOMADAIRE - LE TPIR NE COMPTE PLUS QUE TREIZE FUGITIFS"}]},{"@type":"WebSite","@id":"https:\/\/www.justiceinfo.net\/fr#website","url":"https:\/\/www.justiceinfo.net\/fr","name":"JusticeInfo.net","description":"La justice doit \u00eatre vue pour \u00eatre rendue","publisher":{"@id":"https:\/\/www.justiceinfo.net\/fr#organization"},"potentialAction":[{"@type":"SearchAction","target":{"@type":"EntryPoint","urlTemplate":"https:\/\/www.justiceinfo.net\/fr?s={search_term_string}"},"query-input":{"@type":"PropertyValueSpecification","valueRequired":true,"valueName":"search_term_string"}}],"inLanguage":"fr-FR"},{"@type":"Organization","@id":"https:\/\/www.justiceinfo.net\/fr#organization","name":"Justice Info","url":"https:\/\/www.justiceinfo.net\/fr","logo":{"@type":"ImageObject","inLanguage":"fr-FR","@id":"https:\/\/www.justiceinfo.net\/fr#\/schema\/logo\/image\/","url":"https:\/\/www.justiceinfo.net\/wp-content\/uploads\/justiceinfo_logo-trans_1200x1200px.png","contentUrl":"https:\/\/www.justiceinfo.net\/wp-content\/uploads\/justiceinfo_logo-trans_1200x1200px.png","width":1199,"height":1200,"caption":"Justice Info"},"image":{"@id":"https:\/\/www.justiceinfo.net\/fr#\/schema\/logo\/image\/"},"sameAs":["https:\/\/www.facebook.com\/JusticeInfo\/","https:\/\/x.com\/justiceinfonet","https:\/\/www.linkedin.com\/company\/justice-info","https:\/\/www.youtube.com\/channel\/UCyCEsARodyuWtkWyhn-e7pA"]},{"@type":"Person","name":"solivri","url":"\/fr\/?s=solivri"}]}},"_links":{"self":[{"href":"https:\/\/www.justiceinfo.net\/fr\/wp-json\/wp\/v2\/posts\/3485","targetHints":{"allow":["GET"]}}],"collection":[{"href":"https:\/\/www.justiceinfo.net\/fr\/wp-json\/wp\/v2\/posts"}],"about":[{"href":"https:\/\/www.justiceinfo.net\/fr\/wp-json\/wp\/v2\/types\/post"}],"author":[{"embeddable":true,"href":"https:\/\/www.justiceinfo.net\/fr\/wp-json\/wp\/v2\/users\/64"}],"replies":[{"embeddable":true,"href":"https:\/\/www.justiceinfo.net\/fr\/wp-json\/wp\/v2\/comments?post=3485"}],"version-history":[{"count":0,"href":"https:\/\/www.justiceinfo.net\/fr\/wp-json\/wp\/v2\/posts\/3485\/revisions"}],"wp:attachment":[{"href":"https:\/\/www.justiceinfo.net\/fr\/wp-json\/wp\/v2\/media?parent=3485"}],"wp:term":[{"taxonomy":"category","embeddable":true,"href":"https:\/\/www.justiceinfo.net\/fr\/wp-json\/wp\/v2\/categories?post=3485"},{"taxonomy":"post_tag","embeddable":true,"href":"https:\/\/www.justiceinfo.net\/fr\/wp-json\/wp\/v2\/tags?post=3485"},{"taxonomy":"ji_location","embeddable":true,"href":"https:\/\/www.justiceinfo.net\/fr\/wp-json\/wp\/v2\/ji_location?post=3485"}],"curies":[{"name":"wp","href":"https:\/\/api.w.org\/{rel}","templated":true}]}}