{"id":34858,"date":"2017-10-06T17:07:19","date_gmt":"2017-10-06T15:07:19","guid":{"rendered":"https:\/\/www.justiceinfo.net\/34858-cameroun-des-eveques-denoncent-la-barbarie-des-forces-de-securite-en-zone-anglophone.html"},"modified":"2017-10-06T17:07:19","modified_gmt":"2017-10-06T15:07:19","slug":"cameroun-des-eveques-denoncent-la-barbarie-des-forces-de-securite-en-zone-anglophone","status":"publish","type":"post","link":"https:\/\/www.justiceinfo.net\/fr\/34858-cameroun-des-eveques-denoncent-la-barbarie-des-forces-de-securite-en-zone-anglophone.html","title":{"rendered":"Cameroun: des \u00e9v\u00eaques d\u00e9noncent la \"barbarie\" des forces de s\u00e9curit\u00e9 en zone anglophone"},"content":{"rendered":"<div class=\"txt-textContent\">\n<div class=\"text fontsize_0 jq_Content jq_langdir\">\n<p>Les \u00e9v\u00eaques catholiques des r\u00e9gions anglophones du Cameroun ont d\u00e9nonc\u00e9 la \"barbarie\" et \"l'usage irresponsable\" des armes \u00e0 feu pour r\u00e9primer des civils, dimanche dernier, lors des manifestations visant \u00e0 proclamer symboliquement l'ind\u00e9pendance de ces r\u00e9gions, selon une d\u00e9claration obtenue vendredi par l'AFP.\u00a0<\/p>\n<p>\"Nous condamnons (...) la barbarie et l'usage irresponsable d'armes \u00e0 feu contre les civils non arm\u00e9s par les Forces de d\u00e9fense et de s\u00e9curit\u00e9, m\u00eame en r\u00e9action \u00e0 des provocations\", \u00e9crivent les \u00e9v\u00eaques de la province eccl\u00e9siale de Bamenda, couvrant les r\u00e9gions du nord-ouest et du sud-ouest.\u00a0<\/p>\n<p>Certains fid\u00e8les qui tentaient simplement de se rendre \u00e0 la messe ont \u00e9t\u00e9 \"pourchass\u00e9s dans leurs maisons, certains arr\u00eat\u00e9s, d'autres mutil\u00e9s, tandis que d'autres encore - dont des adolescents sans d\u00e9fense et des personnes \u00e2g\u00e9es - ont \u00e9t\u00e9 tu\u00e9s par des tirs, notamment depuis des h\u00e9licopt\u00e8res\", accusent ces \u00e9v\u00eaques.<\/p>\n<p>\"Des gens ont perdu des proches dans ces meurtres brutaux, et ignorent m\u00eame parfois ce que sont devenus les corps\", emport\u00e9s \"on ne sait o\u00f9\", s'offusquent-ils, faisant par ailleurs \u00e9tat de nombreuses arrestations.\u00a0<\/p>\n<p>A Bamesing (nord-ouest), des \"jeunes hommes ont \u00e9t\u00e9 captur\u00e9s et fusill\u00e9s dans les jambes\", ajoutent-ils, qualifiant d' \"horribles\" les \"images d'actes de violence commis contre des civils non arm\u00e9s et innocents\", et s'interrogeant sur le sort des personnes arr\u00eat\u00e9es et conduites vers des lieux inconnus.<\/p>\n<p>La conf\u00e9rence \u00e9piscopale \"appelle le gouvernement \u00e0 rel\u00e2cher tous ceux qui ont \u00e9t\u00e9 arr\u00eat\u00e9s en lien avec cette crise\", et d\u00e9clare faire du 14 octobre une journ\u00e9e de deuil \"pour tous ceux qui sont morts \u00e0 cause de la crise socio-politique actuelle\".<\/p>\n<p>Dans une autre d\u00e9claration, Ni John Fru Ndi, pr\u00e9sident du Social democratic front (SDF), principal parti d'opposition, a d\u00e9nonc\u00e9 \"la r\u00e9pression massive et brutale des populations\" des r\u00e9gions anglophones, notamment lors des manifestations de dimanche. \"Les assassinats, la destruction des biens publics et priv\u00e9s, les arrestations et tortures massives des populations (dans ces deux r\u00e9gions) sous l'instigation (du pr\u00e9sident) Paul Biya sont sans pr\u00e9c\u00e9dant dans l'histoire (du Cameroun)\". L'opposant a accus\u00e9 M. Biya d'avoir \"ordonn\u00e9 \u00e0 son arm\u00e9e de tirer \u00e0 balles r\u00e9elles pour tuer des manifestants non arm\u00e9s, portant simplement des arbres de paix\".\u00a0<\/p>\n<p>Selon Yaound\u00e9, les forces de s\u00e9curit\u00e9 et de d\u00e9fense ont agi en l\u00e9gitime d\u00e9fense.\u00a0<\/p>\n<p>Dimanche, les ind\u00e9pendantistes anglophones du Cameroun ont tent\u00e9 de manifester pour proclamer symboliquement l'\"ind\u00e9pendance\" de ces deux r\u00e9gions.\u00a0<\/p>\n<p>Au moins quatorze personnes ont \u00e9t\u00e9 tu\u00e9es dans les violences en marge de cette proclamation symbolique, selon un bilan \u00e9tabli par l'AFP, ainsi que cinq prisonniers qui tentaient de s'\u00e9vader. Des ONG locales \u00e9voquent des bilans bien plus lourds.<\/p>\n<p>Depuis novembre 2016, la minorit\u00e9 anglophone, qui repr\u00e9sente environ 20% des 22 millions de Camerounais et 2 r\u00e9gions sur 10, proteste contre ce qu'elle appelle sa \"marginalisation\" dans la soci\u00e9t\u00e9.<\/p>\n<p>Certains anglophones exigent le retour au f\u00e9d\u00e9ralisme. Une minorit\u00e9 r\u00e9clame la partition du Cameroun. Deux sc\u00e9narios que refuse cat\u00e9goriquement Yaound\u00e9, qui avait d\u00e9ploy\u00e9 d'importantes forces de s\u00e9curit\u00e9 en\u00a0amont des manifestations pr\u00e9vues dans ces r\u00e9gions.<\/p>\n<\/div>\n<\/div>\n","protected":false},"excerpt":{"rendered":"<p>Les \u00e9v\u00eaques catholiques des r\u00e9gions anglophones du Cameroun ont d\u00e9nonc\u00e9 la \"barbarie\" et \"l'usage irresponsable\" des armes \u00e0 feu pour r\u00e9primer des civils, dimanche dernier, lors des manifestations visant \u00e0 proclamer symboliquement l'ind\u00e9pendance de ces r\u00e9gions, selon une d\u00e9claration obtenue vendredi par l'AFP.\u00a0 \"Nous condamnons (...) la barbarie et l'usage irresponsable d'armes \u00e0 feu contre [&hellip;]<\/p>\n","protected":false},"author":60,"featured_media":0,"comment_status":"open","ping_status":"closed","sticky":false,"template":"","format":"standard","meta":{"_acf_changed":false,"footnotes":""},"categories":[2576],"tags":[],"ji_location":[2156],"class_list":["post-34858","post","type-post","status-publish","format-standard","hentry","category-fil-d-actualite","ji_location-cameroun"],"acf":[],"yoast_head":"<!-- This site is optimized with the Yoast SEO Premium plugin v25.3.1 (Yoast SEO v25.3.1) - https:\/\/yoast.com\/wordpress\/plugins\/seo\/ -->\n<title>Cameroun: des \u00e9v\u00eaques d\u00e9noncent la &quot;barbarie&quot; des forces de s\u00e9curit\u00e9 en zone anglophone - JusticeInfo.net<\/title>\n<meta name=\"robots\" content=\"index, follow, max-snippet:-1, max-image-preview:large, max-video-preview:-1\" \/>\n<link rel=\"canonical\" href=\"https:\/\/www.justiceinfo.net\/fr\/34858-cameroun-des-eveques-denoncent-la-barbarie-des-forces-de-securite-en-zone-anglophone.html\" \/>\n<meta property=\"og:locale\" content=\"fr_FR\" \/>\n<meta property=\"og:type\" content=\"article\" \/>\n<meta property=\"og:title\" content=\"Cameroun: des \u00e9v\u00eaques d\u00e9noncent la &quot;barbarie&quot; des forces de s\u00e9curit\u00e9 en zone anglophone\" \/>\n<meta property=\"og:description\" content=\"Les \u00e9v\u00eaques catholiques des r\u00e9gions anglophones du Cameroun ont d\u00e9nonc\u00e9 la &quot;barbarie&quot; et &quot;l&#039;usage irresponsable&quot; des armes \u00e0 feu pour r\u00e9primer des civils, dimanche dernier, lors des manifestations visant \u00e0 proclamer symboliquement l&#039;ind\u00e9pendance de ces r\u00e9gions, selon une d\u00e9claration obtenue vendredi par l&#039;AFP.\u00a0 &quot;Nous condamnons (...) la barbarie et l&#039;usage irresponsable d&#039;armes \u00e0 feu contre [&hellip;]\" \/>\n<meta property=\"og:url\" content=\"https:\/\/www.justiceinfo.net\/fr\/34858-cameroun-des-eveques-denoncent-la-barbarie-des-forces-de-securite-en-zone-anglophone.html\" \/>\n<meta property=\"og:site_name\" content=\"JusticeInfo.net\" \/>\n<meta property=\"article:publisher\" content=\"https:\/\/www.facebook.com\/JusticeInfo\/\" \/>\n<meta property=\"article:published_time\" content=\"2017-10-06T15:07:19+00:00\" \/>\n<meta property=\"og:image\" content=\"https:\/\/www.justiceinfo.net\/wp-content\/uploads\/JusticeInfoNet_logo_1200x630px.jpg\" \/>\n\t<meta property=\"og:image:width\" content=\"1200\" \/>\n\t<meta property=\"og:image:height\" content=\"630\" \/>\n\t<meta property=\"og:image:type\" content=\"image\/jpeg\" \/>\n<meta name=\"author\" content=\"AFP\" \/>\n<meta name=\"twitter:card\" content=\"summary_large_image\" \/>\n<meta name=\"twitter:creator\" content=\"@justiceinfonet\" \/>\n<meta name=\"twitter:site\" content=\"@justiceinfonet\" \/>\n<meta name=\"twitter:label1\" content=\"\u00c9crit par\" \/>\n\t<meta name=\"twitter:data1\" content=\"AFP\" \/>\n\t<meta name=\"twitter:label2\" content=\"Dur\u00e9e de lecture estim\u00e9e\" \/>\n\t<meta name=\"twitter:data2\" content=\"3 minutes\" \/>\n<script type=\"application\/ld+json\" class=\"yoast-schema-graph\">{\"@context\":\"https:\/\/schema.org\",\"@graph\":[{\"@type\":\"NewsArticle\",\"@id\":\"https:\/\/www.justiceinfo.net\/fr\/34858-cameroun-des-eveques-denoncent-la-barbarie-des-forces-de-securite-en-zone-anglophone.html#article\",\"isPartOf\":{\"@id\":\"https:\/\/www.justiceinfo.net\/fr\/34858-cameroun-des-eveques-denoncent-la-barbarie-des-forces-de-securite-en-zone-anglophone.html\"},\"author\":{\"name\":\"afp\",\"@id\":\"https:\/\/www.justiceinfo.net\/fr#\/schema\/person\/713d340ef5f218fc36ce9b4244364a7f\"},\"headline\":\"Cameroun: des \u00e9v\u00eaques d\u00e9noncent la \\\"barbarie\\\" des forces de s\u00e9curit\u00e9 en zone anglophone\",\"datePublished\":\"2017-10-06T15:07:19+00:00\",\"mainEntityOfPage\":{\"@id\":\"https:\/\/www.justiceinfo.net\/fr\/34858-cameroun-des-eveques-denoncent-la-barbarie-des-forces-de-securite-en-zone-anglophone.html\"},\"wordCount\":582,\"commentCount\":0,\"publisher\":{\"@id\":\"https:\/\/www.justiceinfo.net\/fr#organization\"},\"articleSection\":[\"Fil d'info AFP\"],\"inLanguage\":\"fr-FR\",\"potentialAction\":[{\"@type\":\"CommentAction\",\"name\":\"Comment\",\"target\":[\"https:\/\/www.justiceinfo.net\/fr\/34858-cameroun-des-eveques-denoncent-la-barbarie-des-forces-de-securite-en-zone-anglophone.html#respond\"]}]},{\"@type\":\"WebPage\",\"@id\":\"https:\/\/www.justiceinfo.net\/fr\/34858-cameroun-des-eveques-denoncent-la-barbarie-des-forces-de-securite-en-zone-anglophone.html\",\"url\":\"https:\/\/www.justiceinfo.net\/fr\/34858-cameroun-des-eveques-denoncent-la-barbarie-des-forces-de-securite-en-zone-anglophone.html\",\"name\":\"Cameroun: des \u00e9v\u00eaques d\u00e9noncent la \\\"barbarie\\\" des forces de s\u00e9curit\u00e9 en zone anglophone - JusticeInfo.net\",\"isPartOf\":{\"@id\":\"https:\/\/www.justiceinfo.net\/fr#website\"},\"datePublished\":\"2017-10-06T15:07:19+00:00\",\"breadcrumb\":{\"@id\":\"https:\/\/www.justiceinfo.net\/fr\/34858-cameroun-des-eveques-denoncent-la-barbarie-des-forces-de-securite-en-zone-anglophone.html#breadcrumb\"},\"inLanguage\":\"fr-FR\",\"potentialAction\":[{\"@type\":\"ReadAction\",\"target\":[\"https:\/\/www.justiceinfo.net\/fr\/34858-cameroun-des-eveques-denoncent-la-barbarie-des-forces-de-securite-en-zone-anglophone.html\"]}]},{\"@type\":\"BreadcrumbList\",\"@id\":\"https:\/\/www.justiceinfo.net\/fr\/34858-cameroun-des-eveques-denoncent-la-barbarie-des-forces-de-securite-en-zone-anglophone.html#breadcrumb\",\"itemListElement\":[{\"@type\":\"ListItem\",\"position\":1,\"name\":\"Home\",\"item\":\"https:\/\/www.justiceinfo.net\/fr\"},{\"@type\":\"ListItem\",\"position\":2,\"name\":\"Cameroun: des \u00e9v\u00eaques d\u00e9noncent la \\\"barbarie\\\" des forces de s\u00e9curit\u00e9 en zone anglophone\"}]},{\"@type\":\"WebSite\",\"@id\":\"https:\/\/www.justiceinfo.net\/fr#website\",\"url\":\"https:\/\/www.justiceinfo.net\/fr\",\"name\":\"JusticeInfo.net\",\"description\":\"La justice doit \u00eatre vue pour \u00eatre rendue\",\"publisher\":{\"@id\":\"https:\/\/www.justiceinfo.net\/fr#organization\"},\"potentialAction\":[{\"@type\":\"SearchAction\",\"target\":{\"@type\":\"EntryPoint\",\"urlTemplate\":\"https:\/\/www.justiceinfo.net\/fr?s={search_term_string}\"},\"query-input\":{\"@type\":\"PropertyValueSpecification\",\"valueRequired\":true,\"valueName\":\"search_term_string\"}}],\"inLanguage\":\"fr-FR\"},{\"@type\":\"Organization\",\"@id\":\"https:\/\/www.justiceinfo.net\/fr#organization\",\"name\":\"Justice Info\",\"url\":\"https:\/\/www.justiceinfo.net\/fr\",\"logo\":{\"@type\":\"ImageObject\",\"inLanguage\":\"fr-FR\",\"@id\":\"https:\/\/www.justiceinfo.net\/fr#\/schema\/logo\/image\/\",\"url\":\"https:\/\/www.justiceinfo.net\/wp-content\/uploads\/justiceinfo_logo-trans_1200x1200px.png\",\"contentUrl\":\"https:\/\/www.justiceinfo.net\/wp-content\/uploads\/justiceinfo_logo-trans_1200x1200px.png\",\"width\":1199,\"height\":1200,\"caption\":\"Justice Info\"},\"image\":{\"@id\":\"https:\/\/www.justiceinfo.net\/fr#\/schema\/logo\/image\/\"},\"sameAs\":[\"https:\/\/www.facebook.com\/JusticeInfo\/\",\"https:\/\/x.com\/justiceinfonet\",\"https:\/\/www.linkedin.com\/company\/justice-info\",\"https:\/\/www.youtube.com\/channel\/UCyCEsARodyuWtkWyhn-e7pA\"]},{\"@type\":\"Person\",\"name\":\"AFP\",\"url\":\"\/fr\/?s=AFP\"}]}<\/script>\n<!-- \/ Yoast SEO Premium plugin. -->","yoast_head_json":{"title":"Cameroun: des \u00e9v\u00eaques d\u00e9noncent la \"barbarie\" des forces de s\u00e9curit\u00e9 en zone anglophone - JusticeInfo.net","robots":{"index":"index","follow":"follow","max-snippet":"max-snippet:-1","max-image-preview":"max-image-preview:large","max-video-preview":"max-video-preview:-1"},"canonical":"https:\/\/www.justiceinfo.net\/fr\/34858-cameroun-des-eveques-denoncent-la-barbarie-des-forces-de-securite-en-zone-anglophone.html","og_locale":"fr_FR","og_type":"article","og_title":"Cameroun: des \u00e9v\u00eaques d\u00e9noncent la \"barbarie\" des forces de s\u00e9curit\u00e9 en zone anglophone","og_description":"Les \u00e9v\u00eaques catholiques des r\u00e9gions anglophones du Cameroun ont d\u00e9nonc\u00e9 la \"barbarie\" et \"l'usage irresponsable\" des armes \u00e0 feu pour r\u00e9primer des civils, dimanche dernier, lors des manifestations visant \u00e0 proclamer symboliquement l'ind\u00e9pendance de ces r\u00e9gions, selon une d\u00e9claration obtenue vendredi par l'AFP.\u00a0 \"Nous condamnons (...) la barbarie et l'usage irresponsable d'armes \u00e0 feu contre [&hellip;]","og_url":"https:\/\/www.justiceinfo.net\/fr\/34858-cameroun-des-eveques-denoncent-la-barbarie-des-forces-de-securite-en-zone-anglophone.html","og_site_name":"JusticeInfo.net","article_publisher":"https:\/\/www.facebook.com\/JusticeInfo\/","article_published_time":"2017-10-06T15:07:19+00:00","og_image":[{"width":1200,"height":630,"url":"https:\/\/www.justiceinfo.net\/wp-content\/uploads\/JusticeInfoNet_logo_1200x630px.jpg","type":"image\/jpeg"}],"author":"AFP","twitter_card":"summary_large_image","twitter_creator":"@justiceinfonet","twitter_site":"@justiceinfonet","twitter_misc":{"\u00c9crit par":"AFP","Dur\u00e9e de lecture estim\u00e9e":"3 minutes"},"schema":{"@context":"https:\/\/schema.org","@graph":[{"@type":"NewsArticle","@id":"https:\/\/www.justiceinfo.net\/fr\/34858-cameroun-des-eveques-denoncent-la-barbarie-des-forces-de-securite-en-zone-anglophone.html#article","isPartOf":{"@id":"https:\/\/www.justiceinfo.net\/fr\/34858-cameroun-des-eveques-denoncent-la-barbarie-des-forces-de-securite-en-zone-anglophone.html"},"author":{"name":"afp","@id":"https:\/\/www.justiceinfo.net\/fr#\/schema\/person\/713d340ef5f218fc36ce9b4244364a7f"},"headline":"Cameroun: des \u00e9v\u00eaques d\u00e9noncent la \"barbarie\" des forces de s\u00e9curit\u00e9 en zone anglophone","datePublished":"2017-10-06T15:07:19+00:00","mainEntityOfPage":{"@id":"https:\/\/www.justiceinfo.net\/fr\/34858-cameroun-des-eveques-denoncent-la-barbarie-des-forces-de-securite-en-zone-anglophone.html"},"wordCount":582,"commentCount":0,"publisher":{"@id":"https:\/\/www.justiceinfo.net\/fr#organization"},"articleSection":["Fil d'info AFP"],"inLanguage":"fr-FR","potentialAction":[{"@type":"CommentAction","name":"Comment","target":["https:\/\/www.justiceinfo.net\/fr\/34858-cameroun-des-eveques-denoncent-la-barbarie-des-forces-de-securite-en-zone-anglophone.html#respond"]}]},{"@type":"WebPage","@id":"https:\/\/www.justiceinfo.net\/fr\/34858-cameroun-des-eveques-denoncent-la-barbarie-des-forces-de-securite-en-zone-anglophone.html","url":"https:\/\/www.justiceinfo.net\/fr\/34858-cameroun-des-eveques-denoncent-la-barbarie-des-forces-de-securite-en-zone-anglophone.html","name":"Cameroun: des \u00e9v\u00eaques d\u00e9noncent la \"barbarie\" des forces de s\u00e9curit\u00e9 en zone anglophone - JusticeInfo.net","isPartOf":{"@id":"https:\/\/www.justiceinfo.net\/fr#website"},"datePublished":"2017-10-06T15:07:19+00:00","breadcrumb":{"@id":"https:\/\/www.justiceinfo.net\/fr\/34858-cameroun-des-eveques-denoncent-la-barbarie-des-forces-de-securite-en-zone-anglophone.html#breadcrumb"},"inLanguage":"fr-FR","potentialAction":[{"@type":"ReadAction","target":["https:\/\/www.justiceinfo.net\/fr\/34858-cameroun-des-eveques-denoncent-la-barbarie-des-forces-de-securite-en-zone-anglophone.html"]}]},{"@type":"BreadcrumbList","@id":"https:\/\/www.justiceinfo.net\/fr\/34858-cameroun-des-eveques-denoncent-la-barbarie-des-forces-de-securite-en-zone-anglophone.html#breadcrumb","itemListElement":[{"@type":"ListItem","position":1,"name":"Home","item":"https:\/\/www.justiceinfo.net\/fr"},{"@type":"ListItem","position":2,"name":"Cameroun: des \u00e9v\u00eaques d\u00e9noncent la \"barbarie\" des forces de s\u00e9curit\u00e9 en zone anglophone"}]},{"@type":"WebSite","@id":"https:\/\/www.justiceinfo.net\/fr#website","url":"https:\/\/www.justiceinfo.net\/fr","name":"JusticeInfo.net","description":"La justice doit \u00eatre vue pour \u00eatre rendue","publisher":{"@id":"https:\/\/www.justiceinfo.net\/fr#organization"},"potentialAction":[{"@type":"SearchAction","target":{"@type":"EntryPoint","urlTemplate":"https:\/\/www.justiceinfo.net\/fr?s={search_term_string}"},"query-input":{"@type":"PropertyValueSpecification","valueRequired":true,"valueName":"search_term_string"}}],"inLanguage":"fr-FR"},{"@type":"Organization","@id":"https:\/\/www.justiceinfo.net\/fr#organization","name":"Justice Info","url":"https:\/\/www.justiceinfo.net\/fr","logo":{"@type":"ImageObject","inLanguage":"fr-FR","@id":"https:\/\/www.justiceinfo.net\/fr#\/schema\/logo\/image\/","url":"https:\/\/www.justiceinfo.net\/wp-content\/uploads\/justiceinfo_logo-trans_1200x1200px.png","contentUrl":"https:\/\/www.justiceinfo.net\/wp-content\/uploads\/justiceinfo_logo-trans_1200x1200px.png","width":1199,"height":1200,"caption":"Justice Info"},"image":{"@id":"https:\/\/www.justiceinfo.net\/fr#\/schema\/logo\/image\/"},"sameAs":["https:\/\/www.facebook.com\/JusticeInfo\/","https:\/\/x.com\/justiceinfonet","https:\/\/www.linkedin.com\/company\/justice-info","https:\/\/www.youtube.com\/channel\/UCyCEsARodyuWtkWyhn-e7pA"]},{"@type":"Person","name":"AFP","url":"\/fr\/?s=AFP"}]}},"_links":{"self":[{"href":"https:\/\/www.justiceinfo.net\/fr\/wp-json\/wp\/v2\/posts\/34858","targetHints":{"allow":["GET"]}}],"collection":[{"href":"https:\/\/www.justiceinfo.net\/fr\/wp-json\/wp\/v2\/posts"}],"about":[{"href":"https:\/\/www.justiceinfo.net\/fr\/wp-json\/wp\/v2\/types\/post"}],"author":[{"embeddable":true,"href":"https:\/\/www.justiceinfo.net\/fr\/wp-json\/wp\/v2\/users\/60"}],"replies":[{"embeddable":true,"href":"https:\/\/www.justiceinfo.net\/fr\/wp-json\/wp\/v2\/comments?post=34858"}],"version-history":[{"count":0,"href":"https:\/\/www.justiceinfo.net\/fr\/wp-json\/wp\/v2\/posts\/34858\/revisions"}],"wp:attachment":[{"href":"https:\/\/www.justiceinfo.net\/fr\/wp-json\/wp\/v2\/media?parent=34858"}],"wp:term":[{"taxonomy":"category","embeddable":true,"href":"https:\/\/www.justiceinfo.net\/fr\/wp-json\/wp\/v2\/categories?post=34858"},{"taxonomy":"post_tag","embeddable":true,"href":"https:\/\/www.justiceinfo.net\/fr\/wp-json\/wp\/v2\/tags?post=34858"},{"taxonomy":"ji_location","embeddable":true,"href":"https:\/\/www.justiceinfo.net\/fr\/wp-json\/wp\/v2\/ji_location?post=34858"}],"curies":[{"name":"wp","href":"https:\/\/api.w.org\/{rel}","templated":true}]}}