{"id":3487,"date":"2008-02-20T05:28:12","date_gmt":"2008-02-20T04:28:12","guid":{"rendered":"https:\/\/www.justiceinfo.net\/3487-190208-afriquejustice-la-moitie-des-pays-africains-a-ratifie-le-protocole-de-la-cour-africai277.html"},"modified":"2008-02-20T05:28:12","modified_gmt":"2008-02-20T04:28:12","slug":"190208-afriquejustice-la-moitie-des-pays-africains-a-ratifie-le-protocole-de-la-cour-africai277","status":"publish","type":"post","link":"https:\/\/www.justiceinfo.net\/fr\/3487-190208-afriquejustice-la-moitie-des-pays-africains-a-ratifie-le-protocole-de-la-cour-africai277.html","title":{"rendered":"19.02.08 - AFRIQUE\/JUSTICE  - LA MOITIE DES PAYS AFRICAINS A RATIFIE LE PROTOCOLE DE LA COUR AFRICAI"},"content":{"rendered":"<p  >\nArusha, 19 f\u00e9vrier 2008 (FH) - Moins de la moiti\u00e9 des Etats membres de l\u2019Union africaine (UA), 24 pays sur 53, a ratifi\u00e9 le protocole cr\u00e9ant la Cour africaine des droits de l\u2019homme, dont le si\u00e8ge est \u00e0 Arusha, a d\u00e9clar\u00e9 son pr\u00e9sident, le professeur G\u00e9rard Niyungeko.<br \/>\nSur les 53 Etats membres de l\u2019UA, qui sont \u00e9galement partie \u00e0 la Charte africaine des droits de l\u2019homme et des peuples, seuls 24 ont d\u00e9j\u00e0 ratifi\u00e9 le protocole\u201d, a d\u00e9clar\u00e9 le juriste burundais lors de l\u2019assembl\u00e9e annuelle du barreau du Tanganyika, la Tanzanie continentale, qui s\u2019est d\u00e9roul\u00e9e le week-end dernier.\n<\/p>\n<p><!--more--><\/p>\n<p  >\nIl a d\u2019autre part d\u00e9plor\u00e9 seul le Burkina Faso ait publi\u00e9 une d\u00e9claration acceptant la comp\u00e9tence de la Cour, sur plaintes d\u2019individus ou d\u2019organisations non gouvernementales.<br \/>\n \u201cIl y a donc un besoin urgent pour la Cour et ses partenaires d\u2019entreprendre une vaste campagne afin que les Etats puissent ratifier le Protocole et publier la d\u00e9claration indispensable pour que les individus et les organisations puissent approcher la cour en vue de lui de lui soumettre des litiges \u00bb, a soulign\u00e9 M. Niyungeko.<br \/>\nParmi les premiers Etats qui ont ratifi\u00e9 le Protocole figure le Rwanda, un pays qui a connu un g\u00e9nocide en 1994. Environ un million de personnes ont \u00e9t\u00e9 tu\u00e9es, selon les chiffres du gouvernement.<br \/>\nLa Tanzanie, per\u00e7ue comme un mod\u00e8le de justice et de d\u00e9mocratie en Afrique, a ratifi\u00e9 le Protocole en f\u00e9vrier 2006, ce qui lui a permis d\u2019abriter le si\u00e8ge de la Cour.<br \/>\nLe Kenya, secou\u00e9 r\u00e9cemment par des violences post-\u00e9lectorales, l\u2019a \u00e9galement ratifi\u00e9.<br \/>\nLes autres pays qui l\u2019ont d\u00e9j\u00e0 fait sont l\u2019Alg\u00e9rie, le Burundi, la C\u00f4te d\u2019ivoire, les Comores, le Gabon, la Gambie, le Ghana, la Libye, le Lesotho.\n<\/p>\n<p  >\nSont \u00e9galement sur cette liste, Madagascar, le Mozambique, la Mauritanie, Maurice, le Nigeria, le Niger, l\u2019Afrique du sud, le S\u00e9n\u00e9gal, le Togo, la Tunisie et l\u2019Ouganda.\n<\/p>\n<p  >\nLe professeur Niyungeko a indiqu\u00e9 que la Cour, contrairement \u00e0 d\u2019autres organes de l\u2019UA, \u201cest comp\u00e9tente pour rendre des jugements opposables aux parties\u201d.<br \/>\nLa Cour est maintenant dans sa phase d\u2019installation \u00e0 Arusha avec l\u2019appui du gouvernement tanzanien, a-t-il dit, ajoutant que le recrutement du personnel a commenc\u00e9 et se poursuit.<br \/>\nSelon M.Niyungeko, les experts sont en train de r\u00e9diger les r\u00e8gles qui r\u00e9giront la Cour et cette question devrait \u00eatre tranch\u00e9e dans les prochains mois.<br \/>\nM. Niyungeko a indiqu\u00e9 que la cr\u00e9ation de la Cour \u00e9tait opportune soulignant que la culture des droits de l\u2019homme est \u201cun environnement propice pour le renforcement de l\u2019\u00e9tat de droit sur le plan tant national qu\u2019international \u00bb.<br \/>\nLa Cour africaine des droits de l^homme a \u00e9t\u00e9 cr\u00e9\u00e9e \u00e0 la suite d\u2019un protocole sign\u00e9 par les Etats membres de l\u2019ancienne Organisation de l\u2019unit\u00e9 africaine \u00e0 Ougadougou au Burkina Faso en juin 1998. Le Protocole est entr\u00e9 en vigueur depuis janvier 2004.<br \/>\nLa Cour a commenc\u00e9 ses activit\u00e9s \u00e0 Addis Abeba en novembre 2006. Elle s\u2019est install\u00e9e \u00e0 Arusha, son si\u00e8ge permanent, en ao\u00fbt 2007.<br \/>\nSeul pr\u00e9sident de la Cour a un statut de juge permanent et \u00e0 ce titre il r\u00e9side \u00e0 Arusha. Ses huit assesseurs travaillent \u00e0 mi-temps.<br \/>\nSC\/AT\/GF<\/p>\n","protected":false},"excerpt":{"rendered":"<p>Arusha, 19 f\u00e9vrier 2008 (FH) - Moins de la moiti\u00e9 des Etats membres de l\u2019Union africaine (UA), 24 pays sur 53, a ratifi\u00e9 le protocole cr\u00e9ant la Cour africaine des droits de l\u2019homme, dont le si\u00e8ge est \u00e0 Arusha, a d\u00e9clar\u00e9 son pr\u00e9sident, le professeur G\u00e9rard Niyungeko. Sur les 53 Etats membres de l\u2019UA, qui [&hellip;]<\/p>\n","protected":false},"author":64,"featured_media":0,"comment_status":"open","ping_status":"closed","sticky":false,"template":"","format":"standard","meta":{"_acf_changed":false,"footnotes":""},"categories":[554],"tags":[],"ji_location":[],"class_list":["post-3487","post","type-post","status-publish","format-standard","hentry","category-hirondellenews"],"acf":[],"yoast_head":"<!-- This site is optimized with the Yoast SEO Premium plugin v25.3.1 (Yoast SEO v25.3.1) - https:\/\/yoast.com\/wordpress\/plugins\/seo\/ -->\n<title>19.02.08 - AFRIQUE\/JUSTICE - LA MOITIE DES PAYS AFRICAINS A RATIFIE LE PROTOCOLE DE LA COUR AFRICAI - JusticeInfo.net<\/title>\n<meta name=\"robots\" content=\"index, follow, max-snippet:-1, max-image-preview:large, max-video-preview:-1\" \/>\n<link rel=\"canonical\" href=\"https:\/\/www.justiceinfo.net\/fr\/3487-190208-afriquejustice-la-moitie-des-pays-africains-a-ratifie-le-protocole-de-la-cour-africai277.html\" \/>\n<meta property=\"og:locale\" content=\"fr_FR\" \/>\n<meta property=\"og:type\" content=\"article\" \/>\n<meta property=\"og:title\" content=\"19.02.08 - AFRIQUE\/JUSTICE - LA MOITIE DES PAYS AFRICAINS A RATIFIE LE PROTOCOLE DE LA COUR AFRICAI\" \/>\n<meta property=\"og:description\" content=\"Arusha, 19 f\u00e9vrier 2008 (FH) - Moins de la moiti\u00e9 des Etats membres de l\u2019Union africaine (UA), 24 pays sur 53, a ratifi\u00e9 le protocole cr\u00e9ant la Cour africaine des droits de l\u2019homme, dont le si\u00e8ge est \u00e0 Arusha, a d\u00e9clar\u00e9 son pr\u00e9sident, le professeur G\u00e9rard Niyungeko. Sur les 53 Etats membres de l\u2019UA, qui [&hellip;]\" \/>\n<meta property=\"og:url\" content=\"https:\/\/www.justiceinfo.net\/fr\/3487-190208-afriquejustice-la-moitie-des-pays-africains-a-ratifie-le-protocole-de-la-cour-africai277.html\" \/>\n<meta property=\"og:site_name\" content=\"JusticeInfo.net\" \/>\n<meta property=\"article:publisher\" content=\"https:\/\/www.facebook.com\/JusticeInfo\/\" \/>\n<meta property=\"article:published_time\" content=\"2008-02-20T04:28:12+00:00\" \/>\n<meta property=\"og:image\" content=\"https:\/\/www.justiceinfo.net\/wp-content\/uploads\/JusticeInfoNet_logo_1200x630px.jpg\" \/>\n\t<meta property=\"og:image:width\" content=\"1200\" \/>\n\t<meta property=\"og:image:height\" content=\"630\" \/>\n\t<meta property=\"og:image:type\" content=\"image\/jpeg\" \/>\n<meta name=\"author\" content=\"solivri\" \/>\n<meta name=\"twitter:card\" content=\"summary_large_image\" \/>\n<meta name=\"twitter:creator\" content=\"@justiceinfonet\" \/>\n<meta name=\"twitter:site\" content=\"@justiceinfonet\" \/>\n<meta name=\"twitter:label1\" content=\"\u00c9crit par\" \/>\n\t<meta name=\"twitter:data1\" content=\"solivri\" \/>\n\t<meta name=\"twitter:label2\" content=\"Dur\u00e9e de lecture estim\u00e9e\" \/>\n\t<meta name=\"twitter:data2\" content=\"3 minutes\" \/>\n<script type=\"application\/ld+json\" class=\"yoast-schema-graph\">{\"@context\":\"https:\/\/schema.org\",\"@graph\":[{\"@type\":\"NewsArticle\",\"@id\":\"https:\/\/www.justiceinfo.net\/fr\/3487-190208-afriquejustice-la-moitie-des-pays-africains-a-ratifie-le-protocole-de-la-cour-africai277.html#article\",\"isPartOf\":{\"@id\":\"https:\/\/www.justiceinfo.net\/fr\/3487-190208-afriquejustice-la-moitie-des-pays-africains-a-ratifie-le-protocole-de-la-cour-africai277.html\"},\"author\":{\"name\":\"solivri\",\"@id\":\"https:\/\/www.justiceinfo.net\/fr#\/schema\/person\/6e53cba1629e2e66f3fc1821d3091865\"},\"headline\":\"19.02.08 - AFRIQUE\/JUSTICE - LA MOITIE DES PAYS AFRICAINS A RATIFIE LE PROTOCOLE DE LA COUR AFRICAI\",\"datePublished\":\"2008-02-20T04:28:12+00:00\",\"mainEntityOfPage\":{\"@id\":\"https:\/\/www.justiceinfo.net\/fr\/3487-190208-afriquejustice-la-moitie-des-pays-africains-a-ratifie-le-protocole-de-la-cour-africai277.html\"},\"wordCount\":579,\"commentCount\":0,\"publisher\":{\"@id\":\"https:\/\/www.justiceinfo.net\/fr#organization\"},\"articleSection\":[\"Hirondelle News\"],\"inLanguage\":\"fr-FR\",\"potentialAction\":[{\"@type\":\"CommentAction\",\"name\":\"Comment\",\"target\":[\"https:\/\/www.justiceinfo.net\/fr\/3487-190208-afriquejustice-la-moitie-des-pays-africains-a-ratifie-le-protocole-de-la-cour-africai277.html#respond\"]}]},{\"@type\":\"WebPage\",\"@id\":\"https:\/\/www.justiceinfo.net\/fr\/3487-190208-afriquejustice-la-moitie-des-pays-africains-a-ratifie-le-protocole-de-la-cour-africai277.html\",\"url\":\"https:\/\/www.justiceinfo.net\/fr\/3487-190208-afriquejustice-la-moitie-des-pays-africains-a-ratifie-le-protocole-de-la-cour-africai277.html\",\"name\":\"19.02.08 - AFRIQUE\/JUSTICE - LA MOITIE DES PAYS AFRICAINS A RATIFIE LE PROTOCOLE DE LA COUR AFRICAI - JusticeInfo.net\",\"isPartOf\":{\"@id\":\"https:\/\/www.justiceinfo.net\/fr#website\"},\"datePublished\":\"2008-02-20T04:28:12+00:00\",\"breadcrumb\":{\"@id\":\"https:\/\/www.justiceinfo.net\/fr\/3487-190208-afriquejustice-la-moitie-des-pays-africains-a-ratifie-le-protocole-de-la-cour-africai277.html#breadcrumb\"},\"inLanguage\":\"fr-FR\",\"potentialAction\":[{\"@type\":\"ReadAction\",\"target\":[\"https:\/\/www.justiceinfo.net\/fr\/3487-190208-afriquejustice-la-moitie-des-pays-africains-a-ratifie-le-protocole-de-la-cour-africai277.html\"]}]},{\"@type\":\"BreadcrumbList\",\"@id\":\"https:\/\/www.justiceinfo.net\/fr\/3487-190208-afriquejustice-la-moitie-des-pays-africains-a-ratifie-le-protocole-de-la-cour-africai277.html#breadcrumb\",\"itemListElement\":[{\"@type\":\"ListItem\",\"position\":1,\"name\":\"Home\",\"item\":\"https:\/\/www.justiceinfo.net\/fr\"},{\"@type\":\"ListItem\",\"position\":2,\"name\":\"19.02.08 - AFRIQUE\/JUSTICE - LA MOITIE DES PAYS AFRICAINS A RATIFIE LE PROTOCOLE DE LA COUR AFRICAI\"}]},{\"@type\":\"WebSite\",\"@id\":\"https:\/\/www.justiceinfo.net\/fr#website\",\"url\":\"https:\/\/www.justiceinfo.net\/fr\",\"name\":\"JusticeInfo.net\",\"description\":\"La justice doit \u00eatre vue pour \u00eatre rendue\",\"publisher\":{\"@id\":\"https:\/\/www.justiceinfo.net\/fr#organization\"},\"potentialAction\":[{\"@type\":\"SearchAction\",\"target\":{\"@type\":\"EntryPoint\",\"urlTemplate\":\"https:\/\/www.justiceinfo.net\/fr?s={search_term_string}\"},\"query-input\":{\"@type\":\"PropertyValueSpecification\",\"valueRequired\":true,\"valueName\":\"search_term_string\"}}],\"inLanguage\":\"fr-FR\"},{\"@type\":\"Organization\",\"@id\":\"https:\/\/www.justiceinfo.net\/fr#organization\",\"name\":\"Justice Info\",\"url\":\"https:\/\/www.justiceinfo.net\/fr\",\"logo\":{\"@type\":\"ImageObject\",\"inLanguage\":\"fr-FR\",\"@id\":\"https:\/\/www.justiceinfo.net\/fr#\/schema\/logo\/image\/\",\"url\":\"https:\/\/www.justiceinfo.net\/wp-content\/uploads\/justiceinfo_logo-trans_1200x1200px.png\",\"contentUrl\":\"https:\/\/www.justiceinfo.net\/wp-content\/uploads\/justiceinfo_logo-trans_1200x1200px.png\",\"width\":1199,\"height\":1200,\"caption\":\"Justice Info\"},\"image\":{\"@id\":\"https:\/\/www.justiceinfo.net\/fr#\/schema\/logo\/image\/\"},\"sameAs\":[\"https:\/\/www.facebook.com\/JusticeInfo\/\",\"https:\/\/x.com\/justiceinfonet\",\"https:\/\/www.linkedin.com\/company\/justice-info\",\"https:\/\/www.youtube.com\/channel\/UCyCEsARodyuWtkWyhn-e7pA\"]},{\"@type\":\"Person\",\"name\":\"solivri\",\"url\":\"\/fr\/?s=solivri\"}]}<\/script>\n<!-- \/ Yoast SEO Premium plugin. -->","yoast_head_json":{"title":"19.02.08 - AFRIQUE\/JUSTICE - LA MOITIE DES PAYS AFRICAINS A RATIFIE LE PROTOCOLE DE LA COUR AFRICAI - JusticeInfo.net","robots":{"index":"index","follow":"follow","max-snippet":"max-snippet:-1","max-image-preview":"max-image-preview:large","max-video-preview":"max-video-preview:-1"},"canonical":"https:\/\/www.justiceinfo.net\/fr\/3487-190208-afriquejustice-la-moitie-des-pays-africains-a-ratifie-le-protocole-de-la-cour-africai277.html","og_locale":"fr_FR","og_type":"article","og_title":"19.02.08 - AFRIQUE\/JUSTICE - LA MOITIE DES PAYS AFRICAINS A RATIFIE LE PROTOCOLE DE LA COUR AFRICAI","og_description":"Arusha, 19 f\u00e9vrier 2008 (FH) - Moins de la moiti\u00e9 des Etats membres de l\u2019Union africaine (UA), 24 pays sur 53, a ratifi\u00e9 le protocole cr\u00e9ant la Cour africaine des droits de l\u2019homme, dont le si\u00e8ge est \u00e0 Arusha, a d\u00e9clar\u00e9 son pr\u00e9sident, le professeur G\u00e9rard Niyungeko. Sur les 53 Etats membres de l\u2019UA, qui [&hellip;]","og_url":"https:\/\/www.justiceinfo.net\/fr\/3487-190208-afriquejustice-la-moitie-des-pays-africains-a-ratifie-le-protocole-de-la-cour-africai277.html","og_site_name":"JusticeInfo.net","article_publisher":"https:\/\/www.facebook.com\/JusticeInfo\/","article_published_time":"2008-02-20T04:28:12+00:00","og_image":[{"width":1200,"height":630,"url":"https:\/\/www.justiceinfo.net\/wp-content\/uploads\/JusticeInfoNet_logo_1200x630px.jpg","type":"image\/jpeg"}],"author":"solivri","twitter_card":"summary_large_image","twitter_creator":"@justiceinfonet","twitter_site":"@justiceinfonet","twitter_misc":{"\u00c9crit par":"solivri","Dur\u00e9e de lecture estim\u00e9e":"3 minutes"},"schema":{"@context":"https:\/\/schema.org","@graph":[{"@type":"NewsArticle","@id":"https:\/\/www.justiceinfo.net\/fr\/3487-190208-afriquejustice-la-moitie-des-pays-africains-a-ratifie-le-protocole-de-la-cour-africai277.html#article","isPartOf":{"@id":"https:\/\/www.justiceinfo.net\/fr\/3487-190208-afriquejustice-la-moitie-des-pays-africains-a-ratifie-le-protocole-de-la-cour-africai277.html"},"author":{"name":"solivri","@id":"https:\/\/www.justiceinfo.net\/fr#\/schema\/person\/6e53cba1629e2e66f3fc1821d3091865"},"headline":"19.02.08 - AFRIQUE\/JUSTICE - LA MOITIE DES PAYS AFRICAINS A RATIFIE LE PROTOCOLE DE LA COUR AFRICAI","datePublished":"2008-02-20T04:28:12+00:00","mainEntityOfPage":{"@id":"https:\/\/www.justiceinfo.net\/fr\/3487-190208-afriquejustice-la-moitie-des-pays-africains-a-ratifie-le-protocole-de-la-cour-africai277.html"},"wordCount":579,"commentCount":0,"publisher":{"@id":"https:\/\/www.justiceinfo.net\/fr#organization"},"articleSection":["Hirondelle News"],"inLanguage":"fr-FR","potentialAction":[{"@type":"CommentAction","name":"Comment","target":["https:\/\/www.justiceinfo.net\/fr\/3487-190208-afriquejustice-la-moitie-des-pays-africains-a-ratifie-le-protocole-de-la-cour-africai277.html#respond"]}]},{"@type":"WebPage","@id":"https:\/\/www.justiceinfo.net\/fr\/3487-190208-afriquejustice-la-moitie-des-pays-africains-a-ratifie-le-protocole-de-la-cour-africai277.html","url":"https:\/\/www.justiceinfo.net\/fr\/3487-190208-afriquejustice-la-moitie-des-pays-africains-a-ratifie-le-protocole-de-la-cour-africai277.html","name":"19.02.08 - AFRIQUE\/JUSTICE - LA MOITIE DES PAYS AFRICAINS A RATIFIE LE PROTOCOLE DE LA COUR AFRICAI - JusticeInfo.net","isPartOf":{"@id":"https:\/\/www.justiceinfo.net\/fr#website"},"datePublished":"2008-02-20T04:28:12+00:00","breadcrumb":{"@id":"https:\/\/www.justiceinfo.net\/fr\/3487-190208-afriquejustice-la-moitie-des-pays-africains-a-ratifie-le-protocole-de-la-cour-africai277.html#breadcrumb"},"inLanguage":"fr-FR","potentialAction":[{"@type":"ReadAction","target":["https:\/\/www.justiceinfo.net\/fr\/3487-190208-afriquejustice-la-moitie-des-pays-africains-a-ratifie-le-protocole-de-la-cour-africai277.html"]}]},{"@type":"BreadcrumbList","@id":"https:\/\/www.justiceinfo.net\/fr\/3487-190208-afriquejustice-la-moitie-des-pays-africains-a-ratifie-le-protocole-de-la-cour-africai277.html#breadcrumb","itemListElement":[{"@type":"ListItem","position":1,"name":"Home","item":"https:\/\/www.justiceinfo.net\/fr"},{"@type":"ListItem","position":2,"name":"19.02.08 - AFRIQUE\/JUSTICE - LA MOITIE DES PAYS AFRICAINS A RATIFIE LE PROTOCOLE DE LA COUR AFRICAI"}]},{"@type":"WebSite","@id":"https:\/\/www.justiceinfo.net\/fr#website","url":"https:\/\/www.justiceinfo.net\/fr","name":"JusticeInfo.net","description":"La justice doit \u00eatre vue pour \u00eatre rendue","publisher":{"@id":"https:\/\/www.justiceinfo.net\/fr#organization"},"potentialAction":[{"@type":"SearchAction","target":{"@type":"EntryPoint","urlTemplate":"https:\/\/www.justiceinfo.net\/fr?s={search_term_string}"},"query-input":{"@type":"PropertyValueSpecification","valueRequired":true,"valueName":"search_term_string"}}],"inLanguage":"fr-FR"},{"@type":"Organization","@id":"https:\/\/www.justiceinfo.net\/fr#organization","name":"Justice Info","url":"https:\/\/www.justiceinfo.net\/fr","logo":{"@type":"ImageObject","inLanguage":"fr-FR","@id":"https:\/\/www.justiceinfo.net\/fr#\/schema\/logo\/image\/","url":"https:\/\/www.justiceinfo.net\/wp-content\/uploads\/justiceinfo_logo-trans_1200x1200px.png","contentUrl":"https:\/\/www.justiceinfo.net\/wp-content\/uploads\/justiceinfo_logo-trans_1200x1200px.png","width":1199,"height":1200,"caption":"Justice Info"},"image":{"@id":"https:\/\/www.justiceinfo.net\/fr#\/schema\/logo\/image\/"},"sameAs":["https:\/\/www.facebook.com\/JusticeInfo\/","https:\/\/x.com\/justiceinfonet","https:\/\/www.linkedin.com\/company\/justice-info","https:\/\/www.youtube.com\/channel\/UCyCEsARodyuWtkWyhn-e7pA"]},{"@type":"Person","name":"solivri","url":"\/fr\/?s=solivri"}]}},"_links":{"self":[{"href":"https:\/\/www.justiceinfo.net\/fr\/wp-json\/wp\/v2\/posts\/3487","targetHints":{"allow":["GET"]}}],"collection":[{"href":"https:\/\/www.justiceinfo.net\/fr\/wp-json\/wp\/v2\/posts"}],"about":[{"href":"https:\/\/www.justiceinfo.net\/fr\/wp-json\/wp\/v2\/types\/post"}],"author":[{"embeddable":true,"href":"https:\/\/www.justiceinfo.net\/fr\/wp-json\/wp\/v2\/users\/64"}],"replies":[{"embeddable":true,"href":"https:\/\/www.justiceinfo.net\/fr\/wp-json\/wp\/v2\/comments?post=3487"}],"version-history":[{"count":0,"href":"https:\/\/www.justiceinfo.net\/fr\/wp-json\/wp\/v2\/posts\/3487\/revisions"}],"wp:attachment":[{"href":"https:\/\/www.justiceinfo.net\/fr\/wp-json\/wp\/v2\/media?parent=3487"}],"wp:term":[{"taxonomy":"category","embeddable":true,"href":"https:\/\/www.justiceinfo.net\/fr\/wp-json\/wp\/v2\/categories?post=3487"},{"taxonomy":"post_tag","embeddable":true,"href":"https:\/\/www.justiceinfo.net\/fr\/wp-json\/wp\/v2\/tags?post=3487"},{"taxonomy":"ji_location","embeddable":true,"href":"https:\/\/www.justiceinfo.net\/fr\/wp-json\/wp\/v2\/ji_location?post=3487"}],"curies":[{"name":"wp","href":"https:\/\/api.w.org\/{rel}","templated":true}]}}