{"id":3489,"date":"2008-02-19T05:46:31","date_gmt":"2008-02-19T04:46:31","guid":{"rendered":"https:\/\/www.justiceinfo.net\/3489-180208-tpirgouvernement-ii-avoir-ete-ministre-en-1994-nest-pas-un-crime-defense279.html"},"modified":"2008-02-19T05:46:31","modified_gmt":"2008-02-19T04:46:31","slug":"180208-tpirgouvernement-ii-avoir-ete-ministre-en-1994-nest-pas-un-crime-defense279","status":"publish","type":"post","link":"https:\/\/www.justiceinfo.net\/fr\/3489-180208-tpirgouvernement-ii-avoir-ete-ministre-en-1994-nest-pas-un-crime-defense279.html","title":{"rendered":"18.02.08 - TPIR\/GOUVERNEMENT II  - AVOIR ETE MINISTRE EN 1994 N\u2019EST PAS UN CRIME (DEFENSE)"},"content":{"rendered":"<p  >\nArusha, 18 f\u00e9vrier 2008 (FH) - Avoir \u00e9t\u00e9 membre du gouvernement int\u00e9rimaire en place pendant le g\u00e9nocide de 1994 n\u2019est pas un crime en soi, a  expliqu\u00e9 un avocat lundi devant le Tribunal p\u00e9nal international pour le Rwanda (TPIR).<br \/>\n \u00ab Le simple fait d\u2019appartenir  au gouvernement int\u00e9rimaire ne sugg\u00e8re pas l\u2019appartenance \u00e0 une organisation criminelle \u00bb, a d\u00e9clar\u00e9 Me Tom Moran qui repr\u00e9sente l\u2019ex-ministre de la fonction publique, Prosper Mugiraneza.\n<\/p>\n<p><!--more--><\/p>\n<p  >\nIl est jug\u00e9 avec trois autres coll\u00e8gues pour g\u00e9nocide et de crimes contre l\u2019humanit\u00e9. Tous plaident non coupable.<br \/>\nL\u2019avocat am\u00e9ricain introduisait ses t\u00e9moins \u00e0 d\u00e9charge. \u00ab Le procureur n\u2019a pas pu d\u00e9montrer que le gouvernement int\u00e9rimaire dans son ensemble a particip\u00e9 \u00e0 une entreprise criminelle planifi\u00e9e \u00bb, a expliqu\u00e9 Me Moran. Il  a ajout\u00e9 que l\u2019accusation n\u2019avait pas non plus prouv\u00e9 que ce gouvernement ou tout autre qui l\u2019a pr\u00e9c\u00e9d\u00e9 \u00ab aurait planifi\u00e9 ou aurait eu l\u2019intention de planifier le g\u00e9nocide \u00bb.<br \/>\nMe Moran a indiqu\u00e9 que les seules preuves au dossier \u00e9manaient des experts et il a argu\u00e9 que, du point de vue juridique, leurs opinions n\u2019ont pas de valeur. Parmi les experts cit\u00e9s par l\u2019accusation figure l\u2019historienne am\u00e9ricaine et activiste des droits de l\u2019homme Alison Des Forges qui a entre autres t\u00e9moign\u00e9 que le gouvernement rwandais avait d\u00e9fini \u00ab l\u2019ennemi \u00bb entendu, selon elle, comme le Tutsi.<br \/>\nMe Moran a signal\u00e9 qu\u2019\u00e0 ce sujet il fera compara\u00eetre le lieutenant-colonel Geoffery  Corn, ancien responsable de renseignements militaires aux Etats-Unis et ex-magistrat, qui affirmera que d\u00e9finir l\u2019ennemi en temps de guerre n\u2019est pas une violation du droit international.<br \/>\nLa d\u00e9fense de Mugiraneza a \u00e9galement annonc\u00e9 un expert en communication, le professeur am\u00e9ricain Marc Mcfeller. Les quatre ministres sont \u00e9galement poursuivis pour incitation au g\u00e9nocide. \u00ab Les gens entendent ce qu\u2019ils s\u2019attendent \u00e0 entendre \u00bb, a d\u00e9clar\u00e9 Me Moran en anticipant le t\u00e9moignage du sp\u00e9cialiste.<br \/>\nA c\u00f4t\u00e9 de ces experts, Mugiraneza et son \u00e9quipe de d\u00e9fense pr\u00e9voient plusieurs t\u00e9moins des faits dont certains sont des t\u00e9moins d\u2019alibi. Ces derniers devraient notamment prouver que l\u2019accus\u00e9 \u00e9tait rest\u00e9 Kigali du 6 au 12 avril 1994 avant de se rendre \u00e0 Gitarama (centre) avec le gouvernement int\u00e9rimaire et qu\u2019il ne pouvait donc pas se trouver dans sa r\u00e9gion natale de Kibungo (est) o\u00f9 il aurait particip\u00e9 \u00e0 des massacres que lui attribue l\u2019accusation.<br \/>\nMe Moran a plaid\u00e9 que des t\u00e9moins \u00e0 charge se sont soit contredits, soit montr\u00e9 une d\u00e9faillance de la m\u00e9moire ou ont tout simplement menti.<br \/>\nMugiraneza a sur sa liste de t\u00e9moins notamment des survivants de diff\u00e9rents massacres dont il est accus\u00e9, selon Me Moran.<br \/>\n\u00ab Nous estimons que le r\u00e9sultat de tout ceci nous conduira \u00e0 deux choses : susciter le doute raisonnable concernant la cr\u00e9dibilit\u00e9 des t\u00e9moins \u00e0 charge en ce qui concerne les actes de Mugiraneza et ceux du gouvernement int\u00e9rimaire; susciter un doute raisonnable concernant la culpabilit\u00e9 de Mugiraneza\u00bb, a conclu l\u2019avocat.<br \/>\nDeux ministres du gouvernement int\u00e9rimaire ont \u00e9t\u00e9 d\u00e9j\u00e0 acquitt\u00e9s par le TPIR.Mugiraneza est jug\u00e9 avec ses coll\u00e8gues Casimir Bizimungu (sant\u00e9), Justin Mugenzi (commerce) et J\u00e9r\u00f4me Bicamumpaka (affaires \u00e9trang\u00e8res). C\u2019est le dernier \u00e0 pr\u00e9senter des t\u00e9moins \u00e0 d\u00e9charge. Leur proc\u00e8s a commenc\u00e9 le 6 novembre 2003.<br \/>\nAT\/PB\/GF<\/p>\n","protected":false},"excerpt":{"rendered":"<p>Arusha, 18 f\u00e9vrier 2008 (FH) - Avoir \u00e9t\u00e9 membre du gouvernement int\u00e9rimaire en place pendant le g\u00e9nocide de 1994 n\u2019est pas un crime en soi, a expliqu\u00e9 un avocat lundi devant le Tribunal p\u00e9nal international pour le Rwanda (TPIR). \u00ab Le simple fait d\u2019appartenir au gouvernement int\u00e9rimaire ne sugg\u00e8re pas l\u2019appartenance \u00e0 une organisation criminelle [&hellip;]<\/p>\n","protected":false},"author":64,"featured_media":0,"comment_status":"open","ping_status":"closed","sticky":false,"template":"","format":"standard","meta":{"_acf_changed":false,"footnotes":""},"categories":[554],"tags":[],"ji_location":[],"class_list":["post-3489","post","type-post","status-publish","format-standard","hentry","category-hirondellenews"],"acf":[],"yoast_head":"<!-- This site is optimized with the Yoast SEO Premium plugin v25.3.1 (Yoast SEO v25.3.1) - https:\/\/yoast.com\/wordpress\/plugins\/seo\/ -->\n<title>18.02.08 - TPIR\/GOUVERNEMENT II - AVOIR ETE MINISTRE EN 1994 N\u2019EST PAS UN CRIME (DEFENSE) - JusticeInfo.net<\/title>\n<meta name=\"robots\" content=\"index, follow, max-snippet:-1, max-image-preview:large, max-video-preview:-1\" \/>\n<link rel=\"canonical\" href=\"https:\/\/www.justiceinfo.net\/fr\/3489-180208-tpirgouvernement-ii-avoir-ete-ministre-en-1994-nest-pas-un-crime-defense279.html\" \/>\n<meta property=\"og:locale\" content=\"fr_FR\" \/>\n<meta property=\"og:type\" content=\"article\" \/>\n<meta property=\"og:title\" content=\"18.02.08 - TPIR\/GOUVERNEMENT II - AVOIR ETE MINISTRE EN 1994 N\u2019EST PAS UN CRIME (DEFENSE)\" \/>\n<meta property=\"og:description\" content=\"Arusha, 18 f\u00e9vrier 2008 (FH) - Avoir \u00e9t\u00e9 membre du gouvernement int\u00e9rimaire en place pendant le g\u00e9nocide de 1994 n\u2019est pas un crime en soi, a expliqu\u00e9 un avocat lundi devant le Tribunal p\u00e9nal international pour le Rwanda (TPIR). \u00ab Le simple fait d\u2019appartenir au gouvernement int\u00e9rimaire ne sugg\u00e8re pas l\u2019appartenance \u00e0 une organisation criminelle [&hellip;]\" \/>\n<meta property=\"og:url\" content=\"https:\/\/www.justiceinfo.net\/fr\/3489-180208-tpirgouvernement-ii-avoir-ete-ministre-en-1994-nest-pas-un-crime-defense279.html\" \/>\n<meta property=\"og:site_name\" content=\"JusticeInfo.net\" \/>\n<meta property=\"article:publisher\" content=\"https:\/\/www.facebook.com\/JusticeInfo\/\" \/>\n<meta property=\"article:published_time\" content=\"2008-02-19T04:46:31+00:00\" \/>\n<meta property=\"og:image\" content=\"https:\/\/www.justiceinfo.net\/wp-content\/uploads\/JusticeInfoNet_logo_1200x630px.jpg\" \/>\n\t<meta property=\"og:image:width\" content=\"1200\" \/>\n\t<meta property=\"og:image:height\" content=\"630\" \/>\n\t<meta property=\"og:image:type\" content=\"image\/jpeg\" \/>\n<meta name=\"author\" content=\"solivri\" \/>\n<meta name=\"twitter:card\" content=\"summary_large_image\" \/>\n<meta name=\"twitter:creator\" content=\"@justiceinfonet\" \/>\n<meta name=\"twitter:site\" content=\"@justiceinfonet\" \/>\n<meta name=\"twitter:label1\" content=\"\u00c9crit par\" \/>\n\t<meta name=\"twitter:data1\" content=\"solivri\" \/>\n\t<meta name=\"twitter:label2\" content=\"Dur\u00e9e de lecture estim\u00e9e\" \/>\n\t<meta name=\"twitter:data2\" content=\"3 minutes\" \/>\n<script type=\"application\/ld+json\" class=\"yoast-schema-graph\">{\"@context\":\"https:\/\/schema.org\",\"@graph\":[{\"@type\":\"NewsArticle\",\"@id\":\"https:\/\/www.justiceinfo.net\/fr\/3489-180208-tpirgouvernement-ii-avoir-ete-ministre-en-1994-nest-pas-un-crime-defense279.html#article\",\"isPartOf\":{\"@id\":\"https:\/\/www.justiceinfo.net\/fr\/3489-180208-tpirgouvernement-ii-avoir-ete-ministre-en-1994-nest-pas-un-crime-defense279.html\"},\"author\":{\"name\":\"solivri\",\"@id\":\"https:\/\/www.justiceinfo.net\/fr#\/schema\/person\/6e53cba1629e2e66f3fc1821d3091865\"},\"headline\":\"18.02.08 - TPIR\/GOUVERNEMENT II - AVOIR ETE MINISTRE EN 1994 N\u2019EST PAS UN CRIME (DEFENSE)\",\"datePublished\":\"2008-02-19T04:46:31+00:00\",\"mainEntityOfPage\":{\"@id\":\"https:\/\/www.justiceinfo.net\/fr\/3489-180208-tpirgouvernement-ii-avoir-ete-ministre-en-1994-nest-pas-un-crime-defense279.html\"},\"wordCount\":592,\"commentCount\":0,\"publisher\":{\"@id\":\"https:\/\/www.justiceinfo.net\/fr#organization\"},\"articleSection\":[\"Hirondelle News\"],\"inLanguage\":\"fr-FR\",\"potentialAction\":[{\"@type\":\"CommentAction\",\"name\":\"Comment\",\"target\":[\"https:\/\/www.justiceinfo.net\/fr\/3489-180208-tpirgouvernement-ii-avoir-ete-ministre-en-1994-nest-pas-un-crime-defense279.html#respond\"]}]},{\"@type\":\"WebPage\",\"@id\":\"https:\/\/www.justiceinfo.net\/fr\/3489-180208-tpirgouvernement-ii-avoir-ete-ministre-en-1994-nest-pas-un-crime-defense279.html\",\"url\":\"https:\/\/www.justiceinfo.net\/fr\/3489-180208-tpirgouvernement-ii-avoir-ete-ministre-en-1994-nest-pas-un-crime-defense279.html\",\"name\":\"18.02.08 - TPIR\/GOUVERNEMENT II - AVOIR ETE MINISTRE EN 1994 N\u2019EST PAS UN CRIME (DEFENSE) - JusticeInfo.net\",\"isPartOf\":{\"@id\":\"https:\/\/www.justiceinfo.net\/fr#website\"},\"datePublished\":\"2008-02-19T04:46:31+00:00\",\"breadcrumb\":{\"@id\":\"https:\/\/www.justiceinfo.net\/fr\/3489-180208-tpirgouvernement-ii-avoir-ete-ministre-en-1994-nest-pas-un-crime-defense279.html#breadcrumb\"},\"inLanguage\":\"fr-FR\",\"potentialAction\":[{\"@type\":\"ReadAction\",\"target\":[\"https:\/\/www.justiceinfo.net\/fr\/3489-180208-tpirgouvernement-ii-avoir-ete-ministre-en-1994-nest-pas-un-crime-defense279.html\"]}]},{\"@type\":\"BreadcrumbList\",\"@id\":\"https:\/\/www.justiceinfo.net\/fr\/3489-180208-tpirgouvernement-ii-avoir-ete-ministre-en-1994-nest-pas-un-crime-defense279.html#breadcrumb\",\"itemListElement\":[{\"@type\":\"ListItem\",\"position\":1,\"name\":\"Home\",\"item\":\"https:\/\/www.justiceinfo.net\/fr\"},{\"@type\":\"ListItem\",\"position\":2,\"name\":\"18.02.08 - TPIR\/GOUVERNEMENT II - AVOIR ETE MINISTRE EN 1994 N\u2019EST PAS UN CRIME (DEFENSE)\"}]},{\"@type\":\"WebSite\",\"@id\":\"https:\/\/www.justiceinfo.net\/fr#website\",\"url\":\"https:\/\/www.justiceinfo.net\/fr\",\"name\":\"JusticeInfo.net\",\"description\":\"La justice doit \u00eatre vue pour \u00eatre rendue\",\"publisher\":{\"@id\":\"https:\/\/www.justiceinfo.net\/fr#organization\"},\"potentialAction\":[{\"@type\":\"SearchAction\",\"target\":{\"@type\":\"EntryPoint\",\"urlTemplate\":\"https:\/\/www.justiceinfo.net\/fr?s={search_term_string}\"},\"query-input\":{\"@type\":\"PropertyValueSpecification\",\"valueRequired\":true,\"valueName\":\"search_term_string\"}}],\"inLanguage\":\"fr-FR\"},{\"@type\":\"Organization\",\"@id\":\"https:\/\/www.justiceinfo.net\/fr#organization\",\"name\":\"Justice Info\",\"url\":\"https:\/\/www.justiceinfo.net\/fr\",\"logo\":{\"@type\":\"ImageObject\",\"inLanguage\":\"fr-FR\",\"@id\":\"https:\/\/www.justiceinfo.net\/fr#\/schema\/logo\/image\/\",\"url\":\"https:\/\/www.justiceinfo.net\/wp-content\/uploads\/justiceinfo_logo-trans_1200x1200px.png\",\"contentUrl\":\"https:\/\/www.justiceinfo.net\/wp-content\/uploads\/justiceinfo_logo-trans_1200x1200px.png\",\"width\":1199,\"height\":1200,\"caption\":\"Justice Info\"},\"image\":{\"@id\":\"https:\/\/www.justiceinfo.net\/fr#\/schema\/logo\/image\/\"},\"sameAs\":[\"https:\/\/www.facebook.com\/JusticeInfo\/\",\"https:\/\/x.com\/justiceinfonet\",\"https:\/\/www.linkedin.com\/company\/justice-info\",\"https:\/\/www.youtube.com\/channel\/UCyCEsARodyuWtkWyhn-e7pA\"]},{\"@type\":\"Person\",\"name\":\"solivri\",\"url\":\"\/fr\/?s=solivri\"}]}<\/script>\n<!-- \/ Yoast SEO Premium plugin. -->","yoast_head_json":{"title":"18.02.08 - TPIR\/GOUVERNEMENT II - AVOIR ETE MINISTRE EN 1994 N\u2019EST PAS UN CRIME (DEFENSE) - JusticeInfo.net","robots":{"index":"index","follow":"follow","max-snippet":"max-snippet:-1","max-image-preview":"max-image-preview:large","max-video-preview":"max-video-preview:-1"},"canonical":"https:\/\/www.justiceinfo.net\/fr\/3489-180208-tpirgouvernement-ii-avoir-ete-ministre-en-1994-nest-pas-un-crime-defense279.html","og_locale":"fr_FR","og_type":"article","og_title":"18.02.08 - TPIR\/GOUVERNEMENT II - AVOIR ETE MINISTRE EN 1994 N\u2019EST PAS UN CRIME (DEFENSE)","og_description":"Arusha, 18 f\u00e9vrier 2008 (FH) - Avoir \u00e9t\u00e9 membre du gouvernement int\u00e9rimaire en place pendant le g\u00e9nocide de 1994 n\u2019est pas un crime en soi, a expliqu\u00e9 un avocat lundi devant le Tribunal p\u00e9nal international pour le Rwanda (TPIR). \u00ab Le simple fait d\u2019appartenir au gouvernement int\u00e9rimaire ne sugg\u00e8re pas l\u2019appartenance \u00e0 une organisation criminelle [&hellip;]","og_url":"https:\/\/www.justiceinfo.net\/fr\/3489-180208-tpirgouvernement-ii-avoir-ete-ministre-en-1994-nest-pas-un-crime-defense279.html","og_site_name":"JusticeInfo.net","article_publisher":"https:\/\/www.facebook.com\/JusticeInfo\/","article_published_time":"2008-02-19T04:46:31+00:00","og_image":[{"width":1200,"height":630,"url":"https:\/\/www.justiceinfo.net\/wp-content\/uploads\/JusticeInfoNet_logo_1200x630px.jpg","type":"image\/jpeg"}],"author":"solivri","twitter_card":"summary_large_image","twitter_creator":"@justiceinfonet","twitter_site":"@justiceinfonet","twitter_misc":{"\u00c9crit par":"solivri","Dur\u00e9e de lecture estim\u00e9e":"3 minutes"},"schema":{"@context":"https:\/\/schema.org","@graph":[{"@type":"NewsArticle","@id":"https:\/\/www.justiceinfo.net\/fr\/3489-180208-tpirgouvernement-ii-avoir-ete-ministre-en-1994-nest-pas-un-crime-defense279.html#article","isPartOf":{"@id":"https:\/\/www.justiceinfo.net\/fr\/3489-180208-tpirgouvernement-ii-avoir-ete-ministre-en-1994-nest-pas-un-crime-defense279.html"},"author":{"name":"solivri","@id":"https:\/\/www.justiceinfo.net\/fr#\/schema\/person\/6e53cba1629e2e66f3fc1821d3091865"},"headline":"18.02.08 - TPIR\/GOUVERNEMENT II - AVOIR ETE MINISTRE EN 1994 N\u2019EST PAS UN CRIME (DEFENSE)","datePublished":"2008-02-19T04:46:31+00:00","mainEntityOfPage":{"@id":"https:\/\/www.justiceinfo.net\/fr\/3489-180208-tpirgouvernement-ii-avoir-ete-ministre-en-1994-nest-pas-un-crime-defense279.html"},"wordCount":592,"commentCount":0,"publisher":{"@id":"https:\/\/www.justiceinfo.net\/fr#organization"},"articleSection":["Hirondelle News"],"inLanguage":"fr-FR","potentialAction":[{"@type":"CommentAction","name":"Comment","target":["https:\/\/www.justiceinfo.net\/fr\/3489-180208-tpirgouvernement-ii-avoir-ete-ministre-en-1994-nest-pas-un-crime-defense279.html#respond"]}]},{"@type":"WebPage","@id":"https:\/\/www.justiceinfo.net\/fr\/3489-180208-tpirgouvernement-ii-avoir-ete-ministre-en-1994-nest-pas-un-crime-defense279.html","url":"https:\/\/www.justiceinfo.net\/fr\/3489-180208-tpirgouvernement-ii-avoir-ete-ministre-en-1994-nest-pas-un-crime-defense279.html","name":"18.02.08 - TPIR\/GOUVERNEMENT II - AVOIR ETE MINISTRE EN 1994 N\u2019EST PAS UN CRIME (DEFENSE) - JusticeInfo.net","isPartOf":{"@id":"https:\/\/www.justiceinfo.net\/fr#website"},"datePublished":"2008-02-19T04:46:31+00:00","breadcrumb":{"@id":"https:\/\/www.justiceinfo.net\/fr\/3489-180208-tpirgouvernement-ii-avoir-ete-ministre-en-1994-nest-pas-un-crime-defense279.html#breadcrumb"},"inLanguage":"fr-FR","potentialAction":[{"@type":"ReadAction","target":["https:\/\/www.justiceinfo.net\/fr\/3489-180208-tpirgouvernement-ii-avoir-ete-ministre-en-1994-nest-pas-un-crime-defense279.html"]}]},{"@type":"BreadcrumbList","@id":"https:\/\/www.justiceinfo.net\/fr\/3489-180208-tpirgouvernement-ii-avoir-ete-ministre-en-1994-nest-pas-un-crime-defense279.html#breadcrumb","itemListElement":[{"@type":"ListItem","position":1,"name":"Home","item":"https:\/\/www.justiceinfo.net\/fr"},{"@type":"ListItem","position":2,"name":"18.02.08 - TPIR\/GOUVERNEMENT II - AVOIR ETE MINISTRE EN 1994 N\u2019EST PAS UN CRIME (DEFENSE)"}]},{"@type":"WebSite","@id":"https:\/\/www.justiceinfo.net\/fr#website","url":"https:\/\/www.justiceinfo.net\/fr","name":"JusticeInfo.net","description":"La justice doit \u00eatre vue pour \u00eatre rendue","publisher":{"@id":"https:\/\/www.justiceinfo.net\/fr#organization"},"potentialAction":[{"@type":"SearchAction","target":{"@type":"EntryPoint","urlTemplate":"https:\/\/www.justiceinfo.net\/fr?s={search_term_string}"},"query-input":{"@type":"PropertyValueSpecification","valueRequired":true,"valueName":"search_term_string"}}],"inLanguage":"fr-FR"},{"@type":"Organization","@id":"https:\/\/www.justiceinfo.net\/fr#organization","name":"Justice Info","url":"https:\/\/www.justiceinfo.net\/fr","logo":{"@type":"ImageObject","inLanguage":"fr-FR","@id":"https:\/\/www.justiceinfo.net\/fr#\/schema\/logo\/image\/","url":"https:\/\/www.justiceinfo.net\/wp-content\/uploads\/justiceinfo_logo-trans_1200x1200px.png","contentUrl":"https:\/\/www.justiceinfo.net\/wp-content\/uploads\/justiceinfo_logo-trans_1200x1200px.png","width":1199,"height":1200,"caption":"Justice Info"},"image":{"@id":"https:\/\/www.justiceinfo.net\/fr#\/schema\/logo\/image\/"},"sameAs":["https:\/\/www.facebook.com\/JusticeInfo\/","https:\/\/x.com\/justiceinfonet","https:\/\/www.linkedin.com\/company\/justice-info","https:\/\/www.youtube.com\/channel\/UCyCEsARodyuWtkWyhn-e7pA"]},{"@type":"Person","name":"solivri","url":"\/fr\/?s=solivri"}]}},"_links":{"self":[{"href":"https:\/\/www.justiceinfo.net\/fr\/wp-json\/wp\/v2\/posts\/3489","targetHints":{"allow":["GET"]}}],"collection":[{"href":"https:\/\/www.justiceinfo.net\/fr\/wp-json\/wp\/v2\/posts"}],"about":[{"href":"https:\/\/www.justiceinfo.net\/fr\/wp-json\/wp\/v2\/types\/post"}],"author":[{"embeddable":true,"href":"https:\/\/www.justiceinfo.net\/fr\/wp-json\/wp\/v2\/users\/64"}],"replies":[{"embeddable":true,"href":"https:\/\/www.justiceinfo.net\/fr\/wp-json\/wp\/v2\/comments?post=3489"}],"version-history":[{"count":0,"href":"https:\/\/www.justiceinfo.net\/fr\/wp-json\/wp\/v2\/posts\/3489\/revisions"}],"wp:attachment":[{"href":"https:\/\/www.justiceinfo.net\/fr\/wp-json\/wp\/v2\/media?parent=3489"}],"wp:term":[{"taxonomy":"category","embeddable":true,"href":"https:\/\/www.justiceinfo.net\/fr\/wp-json\/wp\/v2\/categories?post=3489"},{"taxonomy":"post_tag","embeddable":true,"href":"https:\/\/www.justiceinfo.net\/fr\/wp-json\/wp\/v2\/tags?post=3489"},{"taxonomy":"ji_location","embeddable":true,"href":"https:\/\/www.justiceinfo.net\/fr\/wp-json\/wp\/v2\/ji_location?post=3489"}],"curies":[{"name":"wp","href":"https:\/\/api.w.org\/{rel}","templated":true}]}}