{"id":34890,"date":"2017-10-08T14:44:00","date_gmt":"2017-10-08T12:44:00","guid":{"rendered":"https:\/\/www.justiceinfo.net\/34890-des-femmes-israeliennes-et-palestiniennes-marchent-pour-la-paix.html"},"modified":"2017-10-08T14:44:00","modified_gmt":"2017-10-08T12:44:00","slug":"des-femmes-israeliennes-et-palestiniennes-marchent-pour-la-paix","status":"publish","type":"post","link":"https:\/\/www.justiceinfo.net\/fr\/34890-des-femmes-israeliennes-et-palestiniennes-marchent-pour-la-paix.html","title":{"rendered":"Des femmes isra\u00e9liennes et palestiniennes marchent pour la paix"},"content":{"rendered":"<div class=\"txt-textContent\">\n<div class=\"text fontsize_0 jq_Content jq_langdir\">\n<p>Des milliers de femmes isra\u00e9liennes et palestiniennes devaient terminer dimanche \u00e0 J\u00e9rusalem une marche pour la paix de deux semaines \u00e0 travers Isra\u00ebl et la Cisjordanie occup\u00e9e pour \"exiger un accord de paix\" entre Isra\u00e9liens et Palestiniens.\u00a0<\/p>\n<p>Le mouvement \"Women Wage Peace\" (\"Les femmes font la paix\") a organis\u00e9 cette marche afin de \"faire entendre la voix de ces dizaines de milliers de femmes isra\u00e9liennes juives et arabes, de gauche, centre et droite et de leurs partenaires palestiniennes, qui main dans la main ont pris ensemble cette route de la paix\", explique l'une des organisatrices Marie-Lyne Smadja.<\/p>\n<p>Les femmes se sont rendues dans des villes juives et arabes d'Isra\u00ebl ainsi qu'en Cisjordanie occup\u00e9e o\u00f9 une rencontre s'est d\u00e9roul\u00e9e en pr\u00e9sence de dizaines de femmes palestiniennes et de femmes vivant dans des colonies.<\/p>\n<p>\"Nous avons besoin de cr\u00e9er un (vivre)\"ensemble\" afin de pouvoir construire la paix que nous voulons tous\", affirme \u00e0 l'AFP Michal Frouman, une m\u00e8re de famille vivant dans la colonie de Tekoa en Cisjordanie.<\/p>\n<p>La jeune femme qui a \u00e9t\u00e9 poignard\u00e9e en janvier 2016 par un Palestinien alors qu'elle attendait son 5e enfant veut \"croire en la paix\".<\/p>\n<p>\"En tant que femme religieuse, je dis que ne pas croire en la paix, c'est ne pas croire en Dieu\", d\u00e9clare-t-elle.<\/p>\n<p>Pour l'organisatrice Huda Abuarquob, une Palestinienne de H\u00e9bron, \"cette marche n'est pas une manifestation de plus mais le moyen de dire que nous voulons la paix et qu'ensemble, nous pouvons l'obtenir\".<\/p>\n<p>Plus de 25.000 femmes se sont inscrites sur le site de l'association, une r\u00e9ussite pour Orna Ashkenazy, 60 ans, une des fondatrices du mouvement qui est convaincue que \"trois ans apr\u00e8s sa cr\u00e9ation, \"Women Wage Peace\" ne peut plus \u00eatre ignor\u00e9\".<\/p>\n<p>Parmi les personnalit\u00e9s isra\u00e9liennes qui ont soutenu ou particip\u00e9 \u00e0 cette marche figurent des d\u00e9put\u00e9s de l'opposition mais aussi de la coalition de droite ainsi que des artistes et \u00e9crivains.<\/p>\n<p>Le mouvement veut cr\u00e9er dimanche un \"Parlement de femmes\" palestiniennes et isra\u00e9liennes qui se fixe comme objectif de rappeler aux dirigeants palestiniens et isra\u00e9liens que les accords de paix doivent \u00eatre une priorit\u00e9, selon Mme Smadja.<\/p>\n<\/div>\n<\/div>\n","protected":false},"excerpt":{"rendered":"<p>Des milliers de femmes isra\u00e9liennes et palestiniennes devaient terminer dimanche \u00e0 J\u00e9rusalem une marche pour la paix de deux semaines \u00e0 travers Isra\u00ebl et la Cisjordanie occup\u00e9e pour \"exiger un accord de paix\" entre Isra\u00e9liens et Palestiniens.\u00a0 Le mouvement \"Women Wage Peace\" (\"Les femmes font la paix\") a organis\u00e9 cette marche afin de \"faire entendre [&hellip;]<\/p>\n","protected":false},"author":60,"featured_media":0,"comment_status":"open","ping_status":"closed","sticky":false,"template":"","format":"standard","meta":{"_acf_changed":false,"footnotes":""},"categories":[2576],"tags":[],"ji_location":[2402],"class_list":["post-34890","post","type-post","status-publish","format-standard","hentry","category-fil-d-actualite","ji_location-palestine"],"acf":[],"yoast_head":"<!-- This site is optimized with the Yoast SEO Premium plugin v25.3.1 (Yoast SEO v25.3.1) - https:\/\/yoast.com\/wordpress\/plugins\/seo\/ -->\n<title>Des femmes isra\u00e9liennes et palestiniennes marchent pour la paix - JusticeInfo.net<\/title>\n<meta name=\"robots\" content=\"index, follow, max-snippet:-1, max-image-preview:large, max-video-preview:-1\" \/>\n<link rel=\"canonical\" href=\"https:\/\/www.justiceinfo.net\/fr\/34890-des-femmes-israeliennes-et-palestiniennes-marchent-pour-la-paix.html\" \/>\n<meta property=\"og:locale\" content=\"fr_FR\" \/>\n<meta property=\"og:type\" content=\"article\" \/>\n<meta property=\"og:title\" content=\"Des femmes isra\u00e9liennes et palestiniennes marchent pour la paix\" \/>\n<meta property=\"og:description\" content=\"Des milliers de femmes isra\u00e9liennes et palestiniennes devaient terminer dimanche \u00e0 J\u00e9rusalem une marche pour la paix de deux semaines \u00e0 travers Isra\u00ebl et la Cisjordanie occup\u00e9e pour &quot;exiger un accord de paix&quot; entre Isra\u00e9liens et Palestiniens.\u00a0 Le mouvement &quot;Women Wage Peace&quot; (&quot;Les femmes font la paix&quot;) a organis\u00e9 cette marche afin de &quot;faire entendre [&hellip;]\" \/>\n<meta property=\"og:url\" content=\"https:\/\/www.justiceinfo.net\/fr\/34890-des-femmes-israeliennes-et-palestiniennes-marchent-pour-la-paix.html\" \/>\n<meta property=\"og:site_name\" content=\"JusticeInfo.net\" \/>\n<meta property=\"article:publisher\" content=\"https:\/\/www.facebook.com\/JusticeInfo\/\" \/>\n<meta property=\"article:published_time\" content=\"2017-10-08T12:44:00+00:00\" \/>\n<meta property=\"og:image\" content=\"https:\/\/www.justiceinfo.net\/wp-content\/uploads\/JusticeInfoNet_logo_1200x630px.jpg\" \/>\n\t<meta property=\"og:image:width\" content=\"1200\" \/>\n\t<meta property=\"og:image:height\" content=\"630\" \/>\n\t<meta property=\"og:image:type\" content=\"image\/jpeg\" \/>\n<meta name=\"author\" content=\"AFP\" \/>\n<meta name=\"twitter:card\" content=\"summary_large_image\" \/>\n<meta name=\"twitter:creator\" content=\"@justiceinfonet\" \/>\n<meta name=\"twitter:site\" content=\"@justiceinfonet\" \/>\n<meta name=\"twitter:label1\" content=\"\u00c9crit par\" \/>\n\t<meta name=\"twitter:data1\" content=\"AFP\" \/>\n\t<meta name=\"twitter:label2\" content=\"Dur\u00e9e de lecture estim\u00e9e\" \/>\n\t<meta name=\"twitter:data2\" content=\"2 minutes\" \/>\n<script type=\"application\/ld+json\" class=\"yoast-schema-graph\">{\"@context\":\"https:\/\/schema.org\",\"@graph\":[{\"@type\":\"NewsArticle\",\"@id\":\"https:\/\/www.justiceinfo.net\/fr\/34890-des-femmes-israeliennes-et-palestiniennes-marchent-pour-la-paix.html#article\",\"isPartOf\":{\"@id\":\"https:\/\/www.justiceinfo.net\/fr\/34890-des-femmes-israeliennes-et-palestiniennes-marchent-pour-la-paix.html\"},\"author\":{\"name\":\"afp\",\"@id\":\"https:\/\/www.justiceinfo.net\/fr#\/schema\/person\/713d340ef5f218fc36ce9b4244364a7f\"},\"headline\":\"Des femmes isra\u00e9liennes et palestiniennes marchent pour la paix\",\"datePublished\":\"2017-10-08T12:44:00+00:00\",\"mainEntityOfPage\":{\"@id\":\"https:\/\/www.justiceinfo.net\/fr\/34890-des-femmes-israeliennes-et-palestiniennes-marchent-pour-la-paix.html\"},\"wordCount\":392,\"commentCount\":0,\"publisher\":{\"@id\":\"https:\/\/www.justiceinfo.net\/fr#organization\"},\"articleSection\":[\"Fil d'info AFP\"],\"inLanguage\":\"fr-FR\",\"potentialAction\":[{\"@type\":\"CommentAction\",\"name\":\"Comment\",\"target\":[\"https:\/\/www.justiceinfo.net\/fr\/34890-des-femmes-israeliennes-et-palestiniennes-marchent-pour-la-paix.html#respond\"]}]},{\"@type\":\"WebPage\",\"@id\":\"https:\/\/www.justiceinfo.net\/fr\/34890-des-femmes-israeliennes-et-palestiniennes-marchent-pour-la-paix.html\",\"url\":\"https:\/\/www.justiceinfo.net\/fr\/34890-des-femmes-israeliennes-et-palestiniennes-marchent-pour-la-paix.html\",\"name\":\"Des femmes isra\u00e9liennes et palestiniennes marchent pour la paix - JusticeInfo.net\",\"isPartOf\":{\"@id\":\"https:\/\/www.justiceinfo.net\/fr#website\"},\"datePublished\":\"2017-10-08T12:44:00+00:00\",\"breadcrumb\":{\"@id\":\"https:\/\/www.justiceinfo.net\/fr\/34890-des-femmes-israeliennes-et-palestiniennes-marchent-pour-la-paix.html#breadcrumb\"},\"inLanguage\":\"fr-FR\",\"potentialAction\":[{\"@type\":\"ReadAction\",\"target\":[\"https:\/\/www.justiceinfo.net\/fr\/34890-des-femmes-israeliennes-et-palestiniennes-marchent-pour-la-paix.html\"]}]},{\"@type\":\"BreadcrumbList\",\"@id\":\"https:\/\/www.justiceinfo.net\/fr\/34890-des-femmes-israeliennes-et-palestiniennes-marchent-pour-la-paix.html#breadcrumb\",\"itemListElement\":[{\"@type\":\"ListItem\",\"position\":1,\"name\":\"Home\",\"item\":\"https:\/\/www.justiceinfo.net\/fr\"},{\"@type\":\"ListItem\",\"position\":2,\"name\":\"Des femmes isra\u00e9liennes et palestiniennes marchent pour la paix\"}]},{\"@type\":\"WebSite\",\"@id\":\"https:\/\/www.justiceinfo.net\/fr#website\",\"url\":\"https:\/\/www.justiceinfo.net\/fr\",\"name\":\"JusticeInfo.net\",\"description\":\"La justice doit \u00eatre vue pour \u00eatre rendue\",\"publisher\":{\"@id\":\"https:\/\/www.justiceinfo.net\/fr#organization\"},\"potentialAction\":[{\"@type\":\"SearchAction\",\"target\":{\"@type\":\"EntryPoint\",\"urlTemplate\":\"https:\/\/www.justiceinfo.net\/fr?s={search_term_string}\"},\"query-input\":{\"@type\":\"PropertyValueSpecification\",\"valueRequired\":true,\"valueName\":\"search_term_string\"}}],\"inLanguage\":\"fr-FR\"},{\"@type\":\"Organization\",\"@id\":\"https:\/\/www.justiceinfo.net\/fr#organization\",\"name\":\"Justice Info\",\"url\":\"https:\/\/www.justiceinfo.net\/fr\",\"logo\":{\"@type\":\"ImageObject\",\"inLanguage\":\"fr-FR\",\"@id\":\"https:\/\/www.justiceinfo.net\/fr#\/schema\/logo\/image\/\",\"url\":\"https:\/\/www.justiceinfo.net\/wp-content\/uploads\/justiceinfo_logo-trans_1200x1200px.png\",\"contentUrl\":\"https:\/\/www.justiceinfo.net\/wp-content\/uploads\/justiceinfo_logo-trans_1200x1200px.png\",\"width\":1199,\"height\":1200,\"caption\":\"Justice Info\"},\"image\":{\"@id\":\"https:\/\/www.justiceinfo.net\/fr#\/schema\/logo\/image\/\"},\"sameAs\":[\"https:\/\/www.facebook.com\/JusticeInfo\/\",\"https:\/\/x.com\/justiceinfonet\",\"https:\/\/www.linkedin.com\/company\/justice-info\",\"https:\/\/www.youtube.com\/channel\/UCyCEsARodyuWtkWyhn-e7pA\"]},{\"@type\":\"Person\",\"name\":\"AFP\",\"url\":\"\/fr\/?s=AFP\"}]}<\/script>\n<!-- \/ Yoast SEO Premium plugin. -->","yoast_head_json":{"title":"Des femmes isra\u00e9liennes et palestiniennes marchent pour la paix - JusticeInfo.net","robots":{"index":"index","follow":"follow","max-snippet":"max-snippet:-1","max-image-preview":"max-image-preview:large","max-video-preview":"max-video-preview:-1"},"canonical":"https:\/\/www.justiceinfo.net\/fr\/34890-des-femmes-israeliennes-et-palestiniennes-marchent-pour-la-paix.html","og_locale":"fr_FR","og_type":"article","og_title":"Des femmes isra\u00e9liennes et palestiniennes marchent pour la paix","og_description":"Des milliers de femmes isra\u00e9liennes et palestiniennes devaient terminer dimanche \u00e0 J\u00e9rusalem une marche pour la paix de deux semaines \u00e0 travers Isra\u00ebl et la Cisjordanie occup\u00e9e pour \"exiger un accord de paix\" entre Isra\u00e9liens et Palestiniens.\u00a0 Le mouvement \"Women Wage Peace\" (\"Les femmes font la paix\") a organis\u00e9 cette marche afin de \"faire entendre [&hellip;]","og_url":"https:\/\/www.justiceinfo.net\/fr\/34890-des-femmes-israeliennes-et-palestiniennes-marchent-pour-la-paix.html","og_site_name":"JusticeInfo.net","article_publisher":"https:\/\/www.facebook.com\/JusticeInfo\/","article_published_time":"2017-10-08T12:44:00+00:00","og_image":[{"width":1200,"height":630,"url":"https:\/\/www.justiceinfo.net\/wp-content\/uploads\/JusticeInfoNet_logo_1200x630px.jpg","type":"image\/jpeg"}],"author":"AFP","twitter_card":"summary_large_image","twitter_creator":"@justiceinfonet","twitter_site":"@justiceinfonet","twitter_misc":{"\u00c9crit par":"AFP","Dur\u00e9e de lecture estim\u00e9e":"2 minutes"},"schema":{"@context":"https:\/\/schema.org","@graph":[{"@type":"NewsArticle","@id":"https:\/\/www.justiceinfo.net\/fr\/34890-des-femmes-israeliennes-et-palestiniennes-marchent-pour-la-paix.html#article","isPartOf":{"@id":"https:\/\/www.justiceinfo.net\/fr\/34890-des-femmes-israeliennes-et-palestiniennes-marchent-pour-la-paix.html"},"author":{"name":"afp","@id":"https:\/\/www.justiceinfo.net\/fr#\/schema\/person\/713d340ef5f218fc36ce9b4244364a7f"},"headline":"Des femmes isra\u00e9liennes et palestiniennes marchent pour la paix","datePublished":"2017-10-08T12:44:00+00:00","mainEntityOfPage":{"@id":"https:\/\/www.justiceinfo.net\/fr\/34890-des-femmes-israeliennes-et-palestiniennes-marchent-pour-la-paix.html"},"wordCount":392,"commentCount":0,"publisher":{"@id":"https:\/\/www.justiceinfo.net\/fr#organization"},"articleSection":["Fil d'info AFP"],"inLanguage":"fr-FR","potentialAction":[{"@type":"CommentAction","name":"Comment","target":["https:\/\/www.justiceinfo.net\/fr\/34890-des-femmes-israeliennes-et-palestiniennes-marchent-pour-la-paix.html#respond"]}]},{"@type":"WebPage","@id":"https:\/\/www.justiceinfo.net\/fr\/34890-des-femmes-israeliennes-et-palestiniennes-marchent-pour-la-paix.html","url":"https:\/\/www.justiceinfo.net\/fr\/34890-des-femmes-israeliennes-et-palestiniennes-marchent-pour-la-paix.html","name":"Des femmes isra\u00e9liennes et palestiniennes marchent pour la paix - JusticeInfo.net","isPartOf":{"@id":"https:\/\/www.justiceinfo.net\/fr#website"},"datePublished":"2017-10-08T12:44:00+00:00","breadcrumb":{"@id":"https:\/\/www.justiceinfo.net\/fr\/34890-des-femmes-israeliennes-et-palestiniennes-marchent-pour-la-paix.html#breadcrumb"},"inLanguage":"fr-FR","potentialAction":[{"@type":"ReadAction","target":["https:\/\/www.justiceinfo.net\/fr\/34890-des-femmes-israeliennes-et-palestiniennes-marchent-pour-la-paix.html"]}]},{"@type":"BreadcrumbList","@id":"https:\/\/www.justiceinfo.net\/fr\/34890-des-femmes-israeliennes-et-palestiniennes-marchent-pour-la-paix.html#breadcrumb","itemListElement":[{"@type":"ListItem","position":1,"name":"Home","item":"https:\/\/www.justiceinfo.net\/fr"},{"@type":"ListItem","position":2,"name":"Des femmes isra\u00e9liennes et palestiniennes marchent pour la paix"}]},{"@type":"WebSite","@id":"https:\/\/www.justiceinfo.net\/fr#website","url":"https:\/\/www.justiceinfo.net\/fr","name":"JusticeInfo.net","description":"La justice doit \u00eatre vue pour \u00eatre rendue","publisher":{"@id":"https:\/\/www.justiceinfo.net\/fr#organization"},"potentialAction":[{"@type":"SearchAction","target":{"@type":"EntryPoint","urlTemplate":"https:\/\/www.justiceinfo.net\/fr?s={search_term_string}"},"query-input":{"@type":"PropertyValueSpecification","valueRequired":true,"valueName":"search_term_string"}}],"inLanguage":"fr-FR"},{"@type":"Organization","@id":"https:\/\/www.justiceinfo.net\/fr#organization","name":"Justice Info","url":"https:\/\/www.justiceinfo.net\/fr","logo":{"@type":"ImageObject","inLanguage":"fr-FR","@id":"https:\/\/www.justiceinfo.net\/fr#\/schema\/logo\/image\/","url":"https:\/\/www.justiceinfo.net\/wp-content\/uploads\/justiceinfo_logo-trans_1200x1200px.png","contentUrl":"https:\/\/www.justiceinfo.net\/wp-content\/uploads\/justiceinfo_logo-trans_1200x1200px.png","width":1199,"height":1200,"caption":"Justice Info"},"image":{"@id":"https:\/\/www.justiceinfo.net\/fr#\/schema\/logo\/image\/"},"sameAs":["https:\/\/www.facebook.com\/JusticeInfo\/","https:\/\/x.com\/justiceinfonet","https:\/\/www.linkedin.com\/company\/justice-info","https:\/\/www.youtube.com\/channel\/UCyCEsARodyuWtkWyhn-e7pA"]},{"@type":"Person","name":"AFP","url":"\/fr\/?s=AFP"}]}},"_links":{"self":[{"href":"https:\/\/www.justiceinfo.net\/fr\/wp-json\/wp\/v2\/posts\/34890","targetHints":{"allow":["GET"]}}],"collection":[{"href":"https:\/\/www.justiceinfo.net\/fr\/wp-json\/wp\/v2\/posts"}],"about":[{"href":"https:\/\/www.justiceinfo.net\/fr\/wp-json\/wp\/v2\/types\/post"}],"author":[{"embeddable":true,"href":"https:\/\/www.justiceinfo.net\/fr\/wp-json\/wp\/v2\/users\/60"}],"replies":[{"embeddable":true,"href":"https:\/\/www.justiceinfo.net\/fr\/wp-json\/wp\/v2\/comments?post=34890"}],"version-history":[{"count":0,"href":"https:\/\/www.justiceinfo.net\/fr\/wp-json\/wp\/v2\/posts\/34890\/revisions"}],"wp:attachment":[{"href":"https:\/\/www.justiceinfo.net\/fr\/wp-json\/wp\/v2\/media?parent=34890"}],"wp:term":[{"taxonomy":"category","embeddable":true,"href":"https:\/\/www.justiceinfo.net\/fr\/wp-json\/wp\/v2\/categories?post=34890"},{"taxonomy":"post_tag","embeddable":true,"href":"https:\/\/www.justiceinfo.net\/fr\/wp-json\/wp\/v2\/tags?post=34890"},{"taxonomy":"ji_location","embeddable":true,"href":"https:\/\/www.justiceinfo.net\/fr\/wp-json\/wp\/v2\/ji_location?post=34890"}],"curies":[{"name":"wp","href":"https:\/\/api.w.org\/{rel}","templated":true}]}}