{"id":34931,"date":"2017-10-12T08:15:03","date_gmt":"2017-10-12T06:15:03","guid":{"rendered":"https:\/\/www.justiceinfo.net\/34931-sankara-30-ans-apres-sa-mort-la-justice-tente-de-faire-eclater-la-verite.html"},"modified":"2017-10-12T08:15:03","modified_gmt":"2017-10-12T06:15:03","slug":"sankara-30-ans-apres-sa-mort-la-justice-tente-de-faire-eclater-la-verite","status":"publish","type":"post","link":"https:\/\/www.justiceinfo.net\/fr\/34931-sankara-30-ans-apres-sa-mort-la-justice-tente-de-faire-eclater-la-verite.html","title":{"rendered":"Sankara: 30 ans apr\u00e8s sa mort, la justice tente de faire \u00e9clater la v\u00e9rit\u00e9"},"content":{"rendered":"<div class=\"content-excerpt\">\n<p>Apr\u00e8s des ann\u00e9es d'omerta sur le dossier, la justice tente de relancer l'enqu\u00eate sur l'assassinat de Thomas Sankara, le p\u00e8re de la r\u00e9volution burkinab\u00e8 tu\u00e9 lors du coup d'\u00e9tat d'octobre 1987, suscitant l'espoir d'un proc\u00e8s, trente ans apr\u00e8s.<\/p>\n<\/div>\n<p>\"L'affaire Thomas Sankara n'a jamais autant boug\u00e9 que durant ces deux derni\u00e8res ann\u00e9es\", confie \u00e0 l'AFP une source proche du dossier, soulignant que \"depuis la r\u00e9ouverture de l'enqu\u00eate en mars 2015, une centaine d'auditions ont \u00e9t\u00e9 effectu\u00e9es tant au Burkina Faso qu'\u00e0 l'ext\u00e9rieur du pays\".<\/p>\n<p>Le sujet de l'assassinat de Sankara \u00e9tait tabou sous le r\u00e9gime de Blaise Compaor\u00e9 qui a b\u00e9n\u00e9fici\u00e9 de sa mort pour prendre un pouvoir qu'il a occup\u00e9 pendant 27 ans, jusqu'\u00e0 sa chute en octobre 2014. Beaucoup d'observateurs soup\u00e7onnent l'ancien ami de Sankara, aujourd'hui en exil en C\u00f4te d'Ivoire, d'avoir commandit\u00e9 son assassinat.<\/p>\n<p>Thomas Sankara et douze de ses compagnons avaient \u00e9t\u00e9 assassin\u00e9s par un commando dans ses bureaux alors qu'il allait assister \u00e0 un conseil des ministres extraordinaire. Les corps avaient \u00e9t\u00e9 enterr\u00e9s en catimini le soir m\u00eame au cimeti\u00e8re de Dagno\u00ebn, en banlieue est de Ouagadougou.<\/p>\n<p>En septembre 1997, quelques jours avant la prescription de dix ans, Mariam, la veuve de Sankara, avait port\u00e9 plainte contre X au nom de ses enfants pour \"assassinat\". La plainte avait toutefois \u00e9t\u00e9 enterr\u00e9e et ce n'est que fin mars 2015, cinq mois apr\u00e8s la chute de Compaor\u00e9, qu'elle a \u00e9t\u00e9 relanc\u00e9e.<\/p>\n<p>Les corps pr\u00e9sum\u00e9s de Sankara et ses compagnons tu\u00e9s avec lui ont \u00e9t\u00e9 exhum\u00e9s fin mai 2015 pour une expertise ADN, afin de d\u00e9terminer avec certitude l'identit\u00e9 des victimes et de lever le voile sur les circonstances de leur mort.<\/p>\n<p>Malgr\u00e9 des analyses en France puis en Espagne, il n'a toutefois pas \u00e9t\u00e9 possible de confirmer les identit\u00e9s.<\/p>\n<p>\"Tout peut sembler au point mort, les r\u00e9sultats des expertises n'ayant pas prosp\u00e9r\u00e9. Mais cela ne met pas fin \u00e0 la proc\u00e9dure, qui continue\", note toutefois Me B\u00e9n\u00e9wend\u00e9 Sankara, un des avocats de la famille Sankara, soulignant qu'une \"expertise balistique a \u00e9galement \u00e9t\u00e9 r\u00e9alis\u00e9e\".<\/p>\n<p>\"Un proc\u00e8s pourrait s'ouvrir d\u00e8s l'ann\u00e9e prochaine devant la justice militaire\", qui doit \u00e9galement vider des dossiers pendants dont celui du putsch manqu\u00e9 de 2015, analyse le politologue Allassane Tiemtor\u00e9, estimant que \"le dossier est suffisamment avanc\u00e9 pour \u00eatre jug\u00e9\".<\/p>\n<h3>- Inculpations -<\/h3>\n<p>Trente ans apr\u00e8s l'assassinat de Sankara, une douzaine de personnes ont \u00e9t\u00e9 inculp\u00e9es parmi lesquelles des militaires de l'ex-R\u00e9giment de s\u00e9curit\u00e9 pr\u00e9sidentielle -l'unit\u00e9 qui a perp\u00e9tr\u00e9 le coup d'Etat avort\u00e9 du 17 septembre 2015 et qui a \u00e9t\u00e9 dissoute -, dont le chef des putschistes, le g\u00e9n\u00e9ral Gilbert Diend\u00e9r\u00e9.<\/p>\n<p>Inculp\u00e9 pour \"attentat \u00e0 la s\u00fbret\u00e9 de l'Etat\" et \"haute trahison\" pour le putsch avort\u00e9, le militaire est \u00e9galement poursuivi dans l'affaire Thomas Sankara pour \"atteinte \u00e0 la s\u00fbret\u00e9 de l'Etat, s\u00e9questration, terrorisme et crime contre l'humanit\u00e9\".<\/p>\n<p>\"M\u00eame s'il ne faisait pas partie du commando, il est soup\u00e7onn\u00e9 d'avoir dirig\u00e9 les op\u00e9rations depuis son bureau\", log\u00e9 au Conseil de l'Entente o\u00f9 Sankara a \u00e9t\u00e9 tu\u00e9, indique une source judiciaire.<\/p>\n<p>Outre cet ancien chef d'\u00e9tat-major du pr\u00e9sident Compaor\u00e9, douze autres personnes ont \u00e9t\u00e9 inculp\u00e9es dans l'assassinat du \"p\u00e8re de la r\u00e9volution burkinab\u00e8\", dont l'ancien adjudant-chef Hyacinthe Kafando, l'un de ses anciens gardes du corps, pr\u00e9sent\u00e9 comme le chef du commando qui a abattu Sankara.<\/p>\n<p>Au cours du premier trimestre 2017, le juge d'instruction du cabinet de la justice militaire s'est m\u00eame rendu \u00e0 Accra o\u00f9 il a entendu l'ancien pr\u00e9sident ghan\u00e9en John Jerry Rawlings, li\u00e9 au pr\u00e9sident Sankara.<\/p>\n<p>Thomas Sankara est devenu apr\u00e8s sa mort un mythe au Burkina Faso (litt\u00e9ralement le \"pays des hommes int\u00e8gres\" ainsi qu'il l'avait rebaptis\u00e9 en 1984) et, au-del\u00e0, dans toute l'Afrique.<\/p>\n<p>\"On veut juste connaitre la v\u00e9rit\u00e9 et faire la justice pour que le peuple burkinab\u00e8 se r\u00e9concilie avec son histoire\", d\u00e9clare Serges Bayala, activiste et membre du comit\u00e9 international du m\u00e9morial Thomas Sankara.<\/p>\n<p>\"Aujourd'hui, nous nous r\u00e9clamons des h\u00e9ritiers de Sankara, il est donc normal de poursuivre la lutte dans la qu\u00eate de la v\u00e9rit\u00e9. C'est d'ailleurs, l'h\u00e9ritage qu'il nous a laiss\u00e9 : lutter pour la v\u00e9rit\u00e9 et la justice\"., dit-il.<\/p>\n","protected":false},"excerpt":{"rendered":"<p>Apr\u00e8s des ann\u00e9es d'omerta sur le dossier, la justice tente de relancer l'enqu\u00eate sur l'assassinat de Thomas Sankara, le p\u00e8re de la r\u00e9volution burkinab\u00e8 tu\u00e9 lors du coup d'\u00e9tat d'octobre 1987, suscitant l'espoir d'un proc\u00e8s, trente ans apr\u00e8s. \"L'affaire Thomas Sankara n'a jamais autant boug\u00e9 que durant ces deux derni\u00e8res ann\u00e9es\", confie \u00e0 l'AFP une [&hellip;]<\/p>\n","protected":false},"author":60,"featured_media":0,"comment_status":"open","ping_status":"closed","sticky":false,"template":"","format":"standard","meta":{"_acf_changed":false,"footnotes":""},"categories":[556],"tags":[],"ji_location":[2150],"class_list":["post-34931","post","type-post","status-publish","format-standard","hentry","category-divers","ji_location-burkina-faso"],"acf":[],"yoast_head":"<!-- This site is optimized with the Yoast SEO Premium plugin v25.3.1 (Yoast SEO v25.3.1) - https:\/\/yoast.com\/wordpress\/plugins\/seo\/ -->\n<title>Sankara: 30 ans apr\u00e8s sa mort, la justice tente de faire \u00e9clater la v\u00e9rit\u00e9 - JusticeInfo.net<\/title>\n<meta name=\"robots\" content=\"index, follow, max-snippet:-1, max-image-preview:large, max-video-preview:-1\" \/>\n<link rel=\"canonical\" href=\"https:\/\/www.justiceinfo.net\/fr\/34931-sankara-30-ans-apres-sa-mort-la-justice-tente-de-faire-eclater-la-verite.html\" \/>\n<meta property=\"og:locale\" content=\"fr_FR\" \/>\n<meta property=\"og:type\" content=\"article\" \/>\n<meta property=\"og:title\" content=\"Sankara: 30 ans apr\u00e8s sa mort, la justice tente de faire \u00e9clater la v\u00e9rit\u00e9\" \/>\n<meta property=\"og:description\" content=\"Apr\u00e8s des ann\u00e9es d&#039;omerta sur le dossier, la justice tente de relancer l&#039;enqu\u00eate sur l&#039;assassinat de Thomas Sankara, le p\u00e8re de la r\u00e9volution burkinab\u00e8 tu\u00e9 lors du coup d&#039;\u00e9tat d&#039;octobre 1987, suscitant l&#039;espoir d&#039;un proc\u00e8s, trente ans apr\u00e8s. &quot;L&#039;affaire Thomas Sankara n&#039;a jamais autant boug\u00e9 que durant ces deux derni\u00e8res ann\u00e9es&quot;, confie \u00e0 l&#039;AFP une [&hellip;]\" \/>\n<meta property=\"og:url\" content=\"https:\/\/www.justiceinfo.net\/fr\/34931-sankara-30-ans-apres-sa-mort-la-justice-tente-de-faire-eclater-la-verite.html\" \/>\n<meta property=\"og:site_name\" content=\"JusticeInfo.net\" \/>\n<meta property=\"article:publisher\" content=\"https:\/\/www.facebook.com\/JusticeInfo\/\" \/>\n<meta property=\"article:published_time\" content=\"2017-10-12T06:15:03+00:00\" \/>\n<meta property=\"og:image\" content=\"https:\/\/www.justiceinfo.net\/wp-content\/uploads\/JusticeInfoNet_logo_1200x630px.jpg\" \/>\n\t<meta property=\"og:image:width\" content=\"1200\" \/>\n\t<meta property=\"og:image:height\" content=\"630\" \/>\n\t<meta property=\"og:image:type\" content=\"image\/jpeg\" \/>\n<meta name=\"author\" content=\"AFP\" \/>\n<meta name=\"twitter:card\" content=\"summary_large_image\" \/>\n<meta name=\"twitter:creator\" content=\"@justiceinfonet\" \/>\n<meta name=\"twitter:site\" content=\"@justiceinfonet\" \/>\n<meta name=\"twitter:label1\" content=\"\u00c9crit par\" \/>\n\t<meta name=\"twitter:data1\" content=\"AFP\" \/>\n\t<meta name=\"twitter:label2\" content=\"Dur\u00e9e de lecture estim\u00e9e\" \/>\n\t<meta name=\"twitter:data2\" content=\"4 minutes\" \/>\n<script type=\"application\/ld+json\" class=\"yoast-schema-graph\">{\"@context\":\"https:\/\/schema.org\",\"@graph\":[{\"@type\":\"NewsArticle\",\"@id\":\"https:\/\/www.justiceinfo.net\/fr\/34931-sankara-30-ans-apres-sa-mort-la-justice-tente-de-faire-eclater-la-verite.html#article\",\"isPartOf\":{\"@id\":\"https:\/\/www.justiceinfo.net\/fr\/34931-sankara-30-ans-apres-sa-mort-la-justice-tente-de-faire-eclater-la-verite.html\"},\"author\":{\"name\":\"afp\",\"@id\":\"https:\/\/www.justiceinfo.net\/fr#\/schema\/person\/713d340ef5f218fc36ce9b4244364a7f\"},\"headline\":\"Sankara: 30 ans apr\u00e8s sa mort, la justice tente de faire \u00e9clater la v\u00e9rit\u00e9\",\"datePublished\":\"2017-10-12T06:15:03+00:00\",\"mainEntityOfPage\":{\"@id\":\"https:\/\/www.justiceinfo.net\/fr\/34931-sankara-30-ans-apres-sa-mort-la-justice-tente-de-faire-eclater-la-verite.html\"},\"wordCount\":804,\"commentCount\":0,\"publisher\":{\"@id\":\"https:\/\/www.justiceinfo.net\/fr#organization\"},\"articleSection\":[\"Divers\"],\"inLanguage\":\"fr-FR\",\"potentialAction\":[{\"@type\":\"CommentAction\",\"name\":\"Comment\",\"target\":[\"https:\/\/www.justiceinfo.net\/fr\/34931-sankara-30-ans-apres-sa-mort-la-justice-tente-de-faire-eclater-la-verite.html#respond\"]}]},{\"@type\":\"WebPage\",\"@id\":\"https:\/\/www.justiceinfo.net\/fr\/34931-sankara-30-ans-apres-sa-mort-la-justice-tente-de-faire-eclater-la-verite.html\",\"url\":\"https:\/\/www.justiceinfo.net\/fr\/34931-sankara-30-ans-apres-sa-mort-la-justice-tente-de-faire-eclater-la-verite.html\",\"name\":\"Sankara: 30 ans apr\u00e8s sa mort, la justice tente de faire \u00e9clater la v\u00e9rit\u00e9 - JusticeInfo.net\",\"isPartOf\":{\"@id\":\"https:\/\/www.justiceinfo.net\/fr#website\"},\"datePublished\":\"2017-10-12T06:15:03+00:00\",\"breadcrumb\":{\"@id\":\"https:\/\/www.justiceinfo.net\/fr\/34931-sankara-30-ans-apres-sa-mort-la-justice-tente-de-faire-eclater-la-verite.html#breadcrumb\"},\"inLanguage\":\"fr-FR\",\"potentialAction\":[{\"@type\":\"ReadAction\",\"target\":[\"https:\/\/www.justiceinfo.net\/fr\/34931-sankara-30-ans-apres-sa-mort-la-justice-tente-de-faire-eclater-la-verite.html\"]}]},{\"@type\":\"BreadcrumbList\",\"@id\":\"https:\/\/www.justiceinfo.net\/fr\/34931-sankara-30-ans-apres-sa-mort-la-justice-tente-de-faire-eclater-la-verite.html#breadcrumb\",\"itemListElement\":[{\"@type\":\"ListItem\",\"position\":1,\"name\":\"Home\",\"item\":\"https:\/\/www.justiceinfo.net\/fr\"},{\"@type\":\"ListItem\",\"position\":2,\"name\":\"Sankara: 30 ans apr\u00e8s sa mort, la justice tente de faire \u00e9clater la v\u00e9rit\u00e9\"}]},{\"@type\":\"WebSite\",\"@id\":\"https:\/\/www.justiceinfo.net\/fr#website\",\"url\":\"https:\/\/www.justiceinfo.net\/fr\",\"name\":\"JusticeInfo.net\",\"description\":\"La justice doit \u00eatre vue pour \u00eatre rendue\",\"publisher\":{\"@id\":\"https:\/\/www.justiceinfo.net\/fr#organization\"},\"potentialAction\":[{\"@type\":\"SearchAction\",\"target\":{\"@type\":\"EntryPoint\",\"urlTemplate\":\"https:\/\/www.justiceinfo.net\/fr?s={search_term_string}\"},\"query-input\":{\"@type\":\"PropertyValueSpecification\",\"valueRequired\":true,\"valueName\":\"search_term_string\"}}],\"inLanguage\":\"fr-FR\"},{\"@type\":\"Organization\",\"@id\":\"https:\/\/www.justiceinfo.net\/fr#organization\",\"name\":\"Justice Info\",\"url\":\"https:\/\/www.justiceinfo.net\/fr\",\"logo\":{\"@type\":\"ImageObject\",\"inLanguage\":\"fr-FR\",\"@id\":\"https:\/\/www.justiceinfo.net\/fr#\/schema\/logo\/image\/\",\"url\":\"https:\/\/www.justiceinfo.net\/wp-content\/uploads\/justiceinfo_logo-trans_1200x1200px.png\",\"contentUrl\":\"https:\/\/www.justiceinfo.net\/wp-content\/uploads\/justiceinfo_logo-trans_1200x1200px.png\",\"width\":1199,\"height\":1200,\"caption\":\"Justice Info\"},\"image\":{\"@id\":\"https:\/\/www.justiceinfo.net\/fr#\/schema\/logo\/image\/\"},\"sameAs\":[\"https:\/\/www.facebook.com\/JusticeInfo\/\",\"https:\/\/x.com\/justiceinfonet\",\"https:\/\/www.linkedin.com\/company\/justice-info\",\"https:\/\/www.youtube.com\/channel\/UCyCEsARodyuWtkWyhn-e7pA\"]},{\"@type\":\"Person\",\"name\":\"AFP\",\"url\":\"\/fr\/?s=AFP\"}]}<\/script>\n<!-- \/ Yoast SEO Premium plugin. -->","yoast_head_json":{"title":"Sankara: 30 ans apr\u00e8s sa mort, la justice tente de faire \u00e9clater la v\u00e9rit\u00e9 - JusticeInfo.net","robots":{"index":"index","follow":"follow","max-snippet":"max-snippet:-1","max-image-preview":"max-image-preview:large","max-video-preview":"max-video-preview:-1"},"canonical":"https:\/\/www.justiceinfo.net\/fr\/34931-sankara-30-ans-apres-sa-mort-la-justice-tente-de-faire-eclater-la-verite.html","og_locale":"fr_FR","og_type":"article","og_title":"Sankara: 30 ans apr\u00e8s sa mort, la justice tente de faire \u00e9clater la v\u00e9rit\u00e9","og_description":"Apr\u00e8s des ann\u00e9es d'omerta sur le dossier, la justice tente de relancer l'enqu\u00eate sur l'assassinat de Thomas Sankara, le p\u00e8re de la r\u00e9volution burkinab\u00e8 tu\u00e9 lors du coup d'\u00e9tat d'octobre 1987, suscitant l'espoir d'un proc\u00e8s, trente ans apr\u00e8s. \"L'affaire Thomas Sankara n'a jamais autant boug\u00e9 que durant ces deux derni\u00e8res ann\u00e9es\", confie \u00e0 l'AFP une [&hellip;]","og_url":"https:\/\/www.justiceinfo.net\/fr\/34931-sankara-30-ans-apres-sa-mort-la-justice-tente-de-faire-eclater-la-verite.html","og_site_name":"JusticeInfo.net","article_publisher":"https:\/\/www.facebook.com\/JusticeInfo\/","article_published_time":"2017-10-12T06:15:03+00:00","og_image":[{"width":1200,"height":630,"url":"https:\/\/www.justiceinfo.net\/wp-content\/uploads\/JusticeInfoNet_logo_1200x630px.jpg","type":"image\/jpeg"}],"author":"AFP","twitter_card":"summary_large_image","twitter_creator":"@justiceinfonet","twitter_site":"@justiceinfonet","twitter_misc":{"\u00c9crit par":"AFP","Dur\u00e9e de lecture estim\u00e9e":"4 minutes"},"schema":{"@context":"https:\/\/schema.org","@graph":[{"@type":"NewsArticle","@id":"https:\/\/www.justiceinfo.net\/fr\/34931-sankara-30-ans-apres-sa-mort-la-justice-tente-de-faire-eclater-la-verite.html#article","isPartOf":{"@id":"https:\/\/www.justiceinfo.net\/fr\/34931-sankara-30-ans-apres-sa-mort-la-justice-tente-de-faire-eclater-la-verite.html"},"author":{"name":"afp","@id":"https:\/\/www.justiceinfo.net\/fr#\/schema\/person\/713d340ef5f218fc36ce9b4244364a7f"},"headline":"Sankara: 30 ans apr\u00e8s sa mort, la justice tente de faire \u00e9clater la v\u00e9rit\u00e9","datePublished":"2017-10-12T06:15:03+00:00","mainEntityOfPage":{"@id":"https:\/\/www.justiceinfo.net\/fr\/34931-sankara-30-ans-apres-sa-mort-la-justice-tente-de-faire-eclater-la-verite.html"},"wordCount":804,"commentCount":0,"publisher":{"@id":"https:\/\/www.justiceinfo.net\/fr#organization"},"articleSection":["Divers"],"inLanguage":"fr-FR","potentialAction":[{"@type":"CommentAction","name":"Comment","target":["https:\/\/www.justiceinfo.net\/fr\/34931-sankara-30-ans-apres-sa-mort-la-justice-tente-de-faire-eclater-la-verite.html#respond"]}]},{"@type":"WebPage","@id":"https:\/\/www.justiceinfo.net\/fr\/34931-sankara-30-ans-apres-sa-mort-la-justice-tente-de-faire-eclater-la-verite.html","url":"https:\/\/www.justiceinfo.net\/fr\/34931-sankara-30-ans-apres-sa-mort-la-justice-tente-de-faire-eclater-la-verite.html","name":"Sankara: 30 ans apr\u00e8s sa mort, la justice tente de faire \u00e9clater la v\u00e9rit\u00e9 - JusticeInfo.net","isPartOf":{"@id":"https:\/\/www.justiceinfo.net\/fr#website"},"datePublished":"2017-10-12T06:15:03+00:00","breadcrumb":{"@id":"https:\/\/www.justiceinfo.net\/fr\/34931-sankara-30-ans-apres-sa-mort-la-justice-tente-de-faire-eclater-la-verite.html#breadcrumb"},"inLanguage":"fr-FR","potentialAction":[{"@type":"ReadAction","target":["https:\/\/www.justiceinfo.net\/fr\/34931-sankara-30-ans-apres-sa-mort-la-justice-tente-de-faire-eclater-la-verite.html"]}]},{"@type":"BreadcrumbList","@id":"https:\/\/www.justiceinfo.net\/fr\/34931-sankara-30-ans-apres-sa-mort-la-justice-tente-de-faire-eclater-la-verite.html#breadcrumb","itemListElement":[{"@type":"ListItem","position":1,"name":"Home","item":"https:\/\/www.justiceinfo.net\/fr"},{"@type":"ListItem","position":2,"name":"Sankara: 30 ans apr\u00e8s sa mort, la justice tente de faire \u00e9clater la v\u00e9rit\u00e9"}]},{"@type":"WebSite","@id":"https:\/\/www.justiceinfo.net\/fr#website","url":"https:\/\/www.justiceinfo.net\/fr","name":"JusticeInfo.net","description":"La justice doit \u00eatre vue pour \u00eatre rendue","publisher":{"@id":"https:\/\/www.justiceinfo.net\/fr#organization"},"potentialAction":[{"@type":"SearchAction","target":{"@type":"EntryPoint","urlTemplate":"https:\/\/www.justiceinfo.net\/fr?s={search_term_string}"},"query-input":{"@type":"PropertyValueSpecification","valueRequired":true,"valueName":"search_term_string"}}],"inLanguage":"fr-FR"},{"@type":"Organization","@id":"https:\/\/www.justiceinfo.net\/fr#organization","name":"Justice Info","url":"https:\/\/www.justiceinfo.net\/fr","logo":{"@type":"ImageObject","inLanguage":"fr-FR","@id":"https:\/\/www.justiceinfo.net\/fr#\/schema\/logo\/image\/","url":"https:\/\/www.justiceinfo.net\/wp-content\/uploads\/justiceinfo_logo-trans_1200x1200px.png","contentUrl":"https:\/\/www.justiceinfo.net\/wp-content\/uploads\/justiceinfo_logo-trans_1200x1200px.png","width":1199,"height":1200,"caption":"Justice Info"},"image":{"@id":"https:\/\/www.justiceinfo.net\/fr#\/schema\/logo\/image\/"},"sameAs":["https:\/\/www.facebook.com\/JusticeInfo\/","https:\/\/x.com\/justiceinfonet","https:\/\/www.linkedin.com\/company\/justice-info","https:\/\/www.youtube.com\/channel\/UCyCEsARodyuWtkWyhn-e7pA"]},{"@type":"Person","name":"AFP","url":"\/fr\/?s=AFP"}]}},"_links":{"self":[{"href":"https:\/\/www.justiceinfo.net\/fr\/wp-json\/wp\/v2\/posts\/34931","targetHints":{"allow":["GET"]}}],"collection":[{"href":"https:\/\/www.justiceinfo.net\/fr\/wp-json\/wp\/v2\/posts"}],"about":[{"href":"https:\/\/www.justiceinfo.net\/fr\/wp-json\/wp\/v2\/types\/post"}],"author":[{"embeddable":true,"href":"https:\/\/www.justiceinfo.net\/fr\/wp-json\/wp\/v2\/users\/60"}],"replies":[{"embeddable":true,"href":"https:\/\/www.justiceinfo.net\/fr\/wp-json\/wp\/v2\/comments?post=34931"}],"version-history":[{"count":0,"href":"https:\/\/www.justiceinfo.net\/fr\/wp-json\/wp\/v2\/posts\/34931\/revisions"}],"wp:attachment":[{"href":"https:\/\/www.justiceinfo.net\/fr\/wp-json\/wp\/v2\/media?parent=34931"}],"wp:term":[{"taxonomy":"category","embeddable":true,"href":"https:\/\/www.justiceinfo.net\/fr\/wp-json\/wp\/v2\/categories?post=34931"},{"taxonomy":"post_tag","embeddable":true,"href":"https:\/\/www.justiceinfo.net\/fr\/wp-json\/wp\/v2\/tags?post=34931"},{"taxonomy":"ji_location","embeddable":true,"href":"https:\/\/www.justiceinfo.net\/fr\/wp-json\/wp\/v2\/ji_location?post=34931"}],"curies":[{"name":"wp","href":"https:\/\/api.w.org\/{rel}","templated":true}]}}