{"id":34932,"date":"2017-10-12T08:12:15","date_gmt":"2017-10-12T06:12:15","guid":{"rendered":"https:\/\/www.justiceinfo.net\/34932-togo-pouvoir-contestation.html"},"modified":"2017-10-12T08:12:15","modified_gmt":"2017-10-12T06:12:15","slug":"togo-pouvoir-contestation","status":"publish","type":"post","link":"https:\/\/www.justiceinfo.net\/fr\/34932-togo-pouvoir-contestation.html","title":{"rendered":"Togo: la grande peur du pouvoir face \u00e0 la contestation"},"content":{"rendered":"<div class=\"content-excerpt\">\n<p><strong><em>Depuis la mi-ao\u00fbt, le Togo traverse une turbulence politique n\u00e9e de la contestation du pouvoir de Faure Gnassingb\u00e9 par la rue. A l\u2019int\u00e9rieur des fronti\u00e8res nationales et dans la diaspora, les manifestations se multiplient. Pour une fois, le pouvoir est s\u00e9rieusement secou\u00e9. Mais tient encore. Jusqu\u2019\u00e0 quand\u00a0? <\/em><\/strong><\/p>\n<\/div>\n<p>D\u00e9but ao\u00fbt, lorsque le Parti national panafricain (PNP) de Tikpi Atchadam appelait \u00e0 des manifestations de rue, nul ne pr\u00e9sageait que c\u2019\u00e9tait le d\u00e9but d\u2019une vague de contestations qui allait d\u00e9ferler sur presque toutes les villes du pays et atteindre la diaspora. \u00ab\u00a0C\u2019est quoi le PNP?\u00a0\u00bb, raillait m\u00eame le ministre en charge de la S\u00e9curit\u00e9, Yark Damehame, en face des journalistes, \u00e0 la veille des premi\u00e8res manifestations. Depuis, il a perdu ce sens d\u2019humour.<\/p>\n<p>Le 19 ao\u00fbt, \u00e0 Lom\u00e9 et dans plusieurs villes du pays, le parti a fait descendre ses militants dans la rue. Refusant de se contenter d\u2019un itin\u00e9raire impos\u00e9 par l\u2019administration, ils ont \u00e9t\u00e9 victimes d\u2019une sanglante r\u00e9pression, comme l\u2019avait promis le ministre - Colonel de Gendarmerie Yark Damehame. Bilan\u00a0: deux morts \u00e0 Sokod\u00e9, deuxi\u00e8me ville du pays, devenu fief du Parti de Tikpi Atchadam. Deux points figuraient sur la liste des revendications de ce jeune parti de trois ans: le retour \u00e0 la Constitution de 1992 et le vote de la diaspora. Les autres principaux partis de l\u2019opposition se sont joints au mouvement. Tous exigent notamment que soit r\u00e9tablie la disposition constituelle de 1992 limitant \u00e0 deux le nombre de mandats pr\u00e9sidentiels qu\u2019une personne peut exercer. Autrement, Faure Gnassingb\u00e9 qui est \u00e0 son troisi\u00e8me mandate, devrait quitter le pouvoir. Deuxi\u00e8me exigence principale: le retour au mode de scrutin \u00e0 deux tours. Tout cela avec effet imm\u00e9diat.<\/p>\n<h3><strong>Le camp pr\u00e9sidentiel r\u00e9siste<\/strong><\/h3>\n<p>Avec une Assembl\u00e9e toujours \u00e0 l\u2019avantage du pouvoir, qui n\u2019a certes pas le quorum requis, cette fois-ci, pour modifier \u00e0 lui seul la Constitution, Faure Gnassingb\u00e9 et les siens r\u00e9sistent aux revendications. Ils ont pr\u00e9f\u00e9r\u00e9 voter une loi, en l\u2019absence des d\u00e9put\u00e9s de l\u2019opposition, pour convoquer un nouveau r\u00e9f\u00e9rendum. \u00ab\u00a0<em>Si un margouillat vous demande de lui coudre un pantalon c\u2019est qu\u2019il a d\u00e9j\u00e0 une solution pour sa queue<\/em>\u00a0\u00bb, a comment\u00e9 Tikpi Atchadam le 28 septembre sur une radio locale \u00e0 Lom\u00e9, pour dire que si le pouvoir qui n\u2019a \u00ab\u00a0<em>jamais gagn\u00e9 aucune \u00e9lection<\/em>\u00a0\u00bb vous propose une \u00e9lection c\u2019est qu\u2019il a d\u00e9j\u00e0 sa solution en t\u00eate.<\/p>\n<p>Longtemps oppos\u00e9 \u00e0 la limitation du nombre de mandats pr\u00e9sidentiels, mais d\u00e9sormais sous pression, cette fois-ci le pouvoir se dit dispos\u00e9 \u00e0 voter la limitation. Seulement, <em>\u00ab\u00a0la loi dispose pour l\u2019avenir<\/em>\u00a0\u00bb, pr\u00e9vient Gilbert Bawara, un ministre proche de Faure Gnassingb\u00e9. Dans l\u2019opinion, cela sonne comme une nouvelle ruse pour permettre au r\u00e9gime de Faure Gnassingb\u00e9 de conserver le pouvoir jusqu\u2019en 2030, si, d\u2019ici l\u00e0, il ne modifie pas de nouveau les textes pour faire sauter les verrous de la limitation. Le quinquennat en cours expire en 2020.<\/p>\n<h3><strong>La soci\u00e9t\u00e9 civile se joint \u00e0 la contestation<\/strong><\/h3>\n<p>Le referendum, personne n\u2019en veut dans la rue. Et l\u2019opposition, elle, compte sur cette rue pour arr\u00eater le pouvoir dans sa derni\u00e8re tentative de reprendre la main et retourner la situation en sa faveur. Le cadre \u00e9lectoral actuel souffre de trop de suspicions. L\u2019Organisation Internationale de la Francophonie a m\u00eame estim\u00e9 en 2015 qu\u2019au moins 7 personnes sur 10 inscrites sur la liste \u00e9lectorale le sont par simple t\u00e9moignage d\u2019un tiers, ce qui rend le fichier peu fiable. La Commission \u00e9lectorale et la Haute Autorit\u00e9 de l\u2019Audiovisuel et de la Communication sont domin\u00e9es par les repr\u00e9sentants du pouvoir et la composition de la Cour Constitutionnelle est toujours remise en cause. Le r\u00e9f\u00e9rendum annonc\u00e9 est donc per\u00e7u comme une \u00ab\u00a0provocation\u00a0\u00bb par l\u2019opposition. Le Oui permettra \u00e0 Faure Gnassingb\u00e9 d\u2019\u00eatre candidat encore pour deux \u00e9lections pr\u00e9sidentielles jusqu\u2019en 2030. Le Non lui permettra de se pr\u00e9senter autant de fois qu\u2019il le souhaiterait. Ni l\u2019un ni l\u2019autre n\u2019est du go\u00fbt de l\u2019opposition et des jeunes protestataires. Le ras-le-bol est sans pr\u00e9c\u00e9dent dans l\u2019histoire du Togo et s\u2019exprime aussi bien \u00e0 Lom\u00e9 que dans les villes de l\u2019int\u00e9rieur. Pour la premi\u00e8re fois, des milliers de manifestations descendent simultan\u00e9ment dans les rues dans plusieurs villes. Les morts et les bless\u00e9s occasionn\u00e9s par les r\u00e9pressions ne suffisent plus pour intimider les manifestants. Et dans la diaspora, en Afrique comme au-del\u00e0, les mobilisations et appels \u00e0 manifester s\u2019encha\u00eenent. Cette fois-ci unie, l\u2019opposition est appuy\u00e9e par la soci\u00e9t\u00e9 civile qui multiplie de son c\u00f4t\u00e9 des initiatives compl\u00e9mentaires, dont la mise en place du <em>Front Citoyen Togo Debout<\/em> lanc\u00e9 le 22 septembre.<\/p>\n<h3><strong>Un tournant d\u00e9cisif\u00a0?<\/strong><\/h3>\n<p>Dans ce petit d\u2019Afrique de l\u2019Ouest, les \u00e9l\u00e9ments d\u2019une insurrection se mettent en place. Dans la rue, les jeunes ne cachent plus leur volont\u00e9 d\u2019aller \u00e0 des affrontements. Dans le nord du pays, pr\u00e9sent\u00e9 par le pouvoir comme son bastion, la situation se d\u00e9grade plus vite. Les affrontements ont pouss\u00e9 pr\u00e8s de 300 jeunes \u00e0 fuir le pays pour se r\u00e9fugier au Ghana voisin. En face, on met en garde tous ceux qui r\u00eavent de reproduire l\u2019insurrection burkinab\u00e8 au Togo. <em>\u00abLe Burkina, c\u2019est le Burkina, ce qui s\u2019est pass\u00e9 au Burkina ne va pas se passer ici\u00a0<\/em>\u00bb, pr\u00e9vient, fermement, le Colonel Yark Damehame, ministre de la S\u00e9curit\u00e9. \u00ab\u00a0<em>Ils (l\u2019opposition) peuvent faire le tour du monde, ils reviendront s\u2019asseoir \u00e0 la table de discussion<\/em>\u00a0\u00bb, se convainc-t-il. Et pourtant, jamais le r\u00e9gime n\u2019a montr\u00e9 autant de signes de f\u00e9brilit\u00e9.<\/p>\n<p>Si les Togolais ont l\u2019impression de vivre un tournant c\u2019est pour plusieurs raisons. Les \u00e9glises catholiques, presbyt\u00e9riennes et m\u00e9thodistes, qui constituent d\u2019importantes communaut\u00e9s, ont apport\u00e9 leur soutien \u00e0 la rue. En consequence, les soutiens de la dynastie se font discrets. La sortie de l\u2019ex pr\u00e9sident nig\u00e9rian, Olusegu Obasanjo, un ex soutien de Faure Gnassingb\u00e9, qui affirme ne plus savoir ce que le r\u00e9gime peut encore offrir aux Togolais, a r\u00e9sonn\u00e9 fort au Togo. Et au niveau africain, des soutiens de mouvements citoyens pleuvent.<\/p>\n<p>Du c\u00f4t\u00e9 du pouvoir, on tient encore, comptant, comme d\u2019habitude, sur l\u2019arm\u00e9e massivement d\u00e9ploy\u00e9e ces derni\u00e8res semaines dans les rues. Et aussi sur le soutien de l\u2019Union africaine et celui de la Communaut\u00e9 \u00e9conomique des \u00c9tats de l'Afrique de l'Ouest (CEDEAO), des organisastions bien souvent complaisantes et au service des dirigeants en place. Mais combien de temps vont encore durer ces soutiens?<\/p>\n<p>\u00a0<\/p>\n<div class=\"content-encadre\">\n<p><strong>Encadr\u00e9<\/strong><\/p>\n<p>\u00a0<\/p>\n<p><em>La Constitution actuellement en vigueur au Togo a \u00e9t\u00e9 vot\u00e9e en 1992 par 97,4% par des \u00e9lecteurs. Cette constitution a \u00e9t\u00e9 modifi\u00e9e et d\u00e9pourvue de la limitation de mandat unilat\u00e9ralement par le r\u00e9gime de Gnassingb\u00e9Eyad\u00e8ma, qui s\u2019offrait ainsi un boulevard sans fin \u00e0 la t\u00eate du Togo. Le mode de scrutin fix\u00e9 \u00e0 deux tours est aussi pass\u00e9 \u00e0 un seul tour. Mais Gnassingb\u00e9 p\u00e8re sera emport\u00e9 par une maladie le 05 f\u00e9vrier 2005. Pour permettre \u00e0 son fils, Faure Gnassingb\u00e9, de pouvoir lui succ\u00e9der, la constitution, sera de nouveau modifi\u00e9e pour r\u00e9duire l\u2019\u00e2ge minimal pour \u00eatre pr\u00e9sidentiable, de 45 \u00e0 35 ans. Appuy\u00e9 par l\u2019arm\u00e9e et les institutions totalement h\u00e9rit\u00e9es du r\u00e8gne de son d\u00e9funt p\u00e8re, Faure prend le pouvoir dans un cafouillage politico-institutionnel. Au moins 500 personnes sont tu\u00e9es parmi les contestataires d\u2019une \u00e9lection (reconnue comme frauduleuse par tous les observateurs) \u00e0 l\u2019issue de laquelle il sera quand m\u00eame proclam\u00e9\u00ab\u00a0vainqueur\u00a0\u00bb.<\/em><\/p>\n<p><em>\u00a0<\/em><\/p>\n<\/div>\n","protected":false},"excerpt":{"rendered":"<p>Depuis la mi-ao\u00fbt, le Togo traverse une turbulence politique n\u00e9e de la contestation du pouvoir de Faure Gnassingb\u00e9 par la rue. A l\u2019int\u00e9rieur des fronti\u00e8res nationales et dans la diaspora, les manifestations se multiplient. Pour une fois, le pouvoir est s\u00e9rieusement secou\u00e9. Mais tient encore. Jusqu\u2019\u00e0 quand\u00a0? D\u00e9but ao\u00fbt, lorsque le Parti national panafricain (PNP) [&hellip;]<\/p>\n","protected":false},"author":64,"featured_media":63396,"comment_status":"open","ping_status":"closed","sticky":false,"template":"","format":"standard","meta":{"_acf_changed":false,"footnotes":""},"categories":[549],"tags":[],"ji_location":[2512],"class_list":["post-34932","post","type-post","status-publish","format-standard","has-post-thumbnail","hentry","category-reconciliation","ji_location-togo"],"acf":[],"yoast_head":"<!-- This site is optimized with the Yoast SEO Premium plugin v25.3.1 (Yoast SEO v25.3.1) - https:\/\/yoast.com\/wordpress\/plugins\/seo\/ -->\n<title>Togo: la grande peur du pouvoir face \u00e0 la contestation - JusticeInfo.net<\/title>\n<meta name=\"robots\" content=\"index, follow, max-snippet:-1, max-image-preview:large, max-video-preview:-1\" \/>\n<link rel=\"canonical\" href=\"https:\/\/www.justiceinfo.net\/fr\/34932-togo-pouvoir-contestation.html\" \/>\n<meta property=\"og:locale\" content=\"fr_FR\" \/>\n<meta property=\"og:type\" content=\"article\" \/>\n<meta property=\"og:title\" content=\"Togo: la grande peur du pouvoir face \u00e0 la contestation\" \/>\n<meta property=\"og:description\" content=\"Depuis la mi-ao\u00fbt, le Togo traverse une turbulence politique n\u00e9e de la contestation du pouvoir de Faure Gnassingb\u00e9 par la rue. A l\u2019int\u00e9rieur des fronti\u00e8res nationales et dans la diaspora, les manifestations se multiplient. Pour une fois, le pouvoir est s\u00e9rieusement secou\u00e9. Mais tient encore. Jusqu\u2019\u00e0 quand\u00a0? D\u00e9but ao\u00fbt, lorsque le Parti national panafricain (PNP) [&hellip;]\" \/>\n<meta property=\"og:url\" content=\"https:\/\/www.justiceinfo.net\/fr\/34932-togo-pouvoir-contestation.html\" \/>\n<meta property=\"og:site_name\" content=\"JusticeInfo.net\" \/>\n<meta property=\"article:publisher\" content=\"https:\/\/www.facebook.com\/JusticeInfo\/\" \/>\n<meta property=\"article:published_time\" content=\"2017-10-12T06:12:15+00:00\" \/>\n<meta property=\"og:image\" content=\"https:\/\/www.justiceinfo.net\/wp-content\/uploads\/da39479e41e0cca7c8969636a7e8527a-scaled.jpg\" \/>\n\t<meta property=\"og:image:width\" content=\"2560\" \/>\n\t<meta property=\"og:image:height\" content=\"1707\" \/>\n\t<meta property=\"og:image:type\" content=\"image\/jpeg\" \/>\n<meta name=\"author\" content=\"Maxime Domegni, Lom\u00e9\" \/>\n<meta name=\"twitter:card\" content=\"summary_large_image\" \/>\n<meta name=\"twitter:creator\" content=\"@justiceinfonet\" \/>\n<meta name=\"twitter:site\" content=\"@justiceinfonet\" \/>\n<meta name=\"twitter:label1\" content=\"\u00c9crit par\" \/>\n\t<meta name=\"twitter:data1\" content=\"Maxime Domegni, Lom\u00e9\" \/>\n\t<meta name=\"twitter:label2\" content=\"Dur\u00e9e de lecture estim\u00e9e\" \/>\n\t<meta name=\"twitter:data2\" content=\"7 minutes\" \/>\n<script type=\"application\/ld+json\" class=\"yoast-schema-graph\">{\"@context\":\"https:\/\/schema.org\",\"@graph\":[{\"@type\":\"NewsArticle\",\"@id\":\"https:\/\/www.justiceinfo.net\/fr\/34932-togo-pouvoir-contestation.html#article\",\"isPartOf\":{\"@id\":\"https:\/\/www.justiceinfo.net\/fr\/34932-togo-pouvoir-contestation.html\"},\"author\":{\"name\":\"solivri\",\"@id\":\"https:\/\/www.justiceinfo.net\/fr#\/schema\/person\/6e53cba1629e2e66f3fc1821d3091865\"},\"headline\":\"Togo: la grande peur du pouvoir face \u00e0 la contestation\",\"datePublished\":\"2017-10-12T06:12:15+00:00\",\"mainEntityOfPage\":{\"@id\":\"https:\/\/www.justiceinfo.net\/fr\/34932-togo-pouvoir-contestation.html\"},\"wordCount\":1322,\"commentCount\":0,\"publisher\":{\"@id\":\"https:\/\/www.justiceinfo.net\/fr#organization\"},\"image\":{\"@id\":\"https:\/\/www.justiceinfo.net\/fr\/34932-togo-pouvoir-contestation.html#primaryimage\"},\"thumbnailUrl\":\"https:\/\/www.justiceinfo.net\/wp-content\/uploads\/da39479e41e0cca7c8969636a7e8527a-scaled.jpg\",\"articleSection\":[\"R\u00e9conciliation\"],\"inLanguage\":\"fr-FR\",\"potentialAction\":[{\"@type\":\"CommentAction\",\"name\":\"Comment\",\"target\":[\"https:\/\/www.justiceinfo.net\/fr\/34932-togo-pouvoir-contestation.html#respond\"]}]},{\"@type\":\"WebPage\",\"@id\":\"https:\/\/www.justiceinfo.net\/fr\/34932-togo-pouvoir-contestation.html\",\"url\":\"https:\/\/www.justiceinfo.net\/fr\/34932-togo-pouvoir-contestation.html\",\"name\":\"Togo: la grande peur du pouvoir face \u00e0 la contestation - JusticeInfo.net\",\"isPartOf\":{\"@id\":\"https:\/\/www.justiceinfo.net\/fr#website\"},\"primaryImageOfPage\":{\"@id\":\"https:\/\/www.justiceinfo.net\/fr\/34932-togo-pouvoir-contestation.html#primaryimage\"},\"image\":{\"@id\":\"https:\/\/www.justiceinfo.net\/fr\/34932-togo-pouvoir-contestation.html#primaryimage\"},\"thumbnailUrl\":\"https:\/\/www.justiceinfo.net\/wp-content\/uploads\/da39479e41e0cca7c8969636a7e8527a-scaled.jpg\",\"datePublished\":\"2017-10-12T06:12:15+00:00\",\"breadcrumb\":{\"@id\":\"https:\/\/www.justiceinfo.net\/fr\/34932-togo-pouvoir-contestation.html#breadcrumb\"},\"inLanguage\":\"fr-FR\",\"potentialAction\":[{\"@type\":\"ReadAction\",\"target\":[\"https:\/\/www.justiceinfo.net\/fr\/34932-togo-pouvoir-contestation.html\"]}]},{\"@type\":\"ImageObject\",\"inLanguage\":\"fr-FR\",\"@id\":\"https:\/\/www.justiceinfo.net\/fr\/34932-togo-pouvoir-contestation.html#primaryimage\",\"url\":\"https:\/\/www.justiceinfo.net\/wp-content\/uploads\/da39479e41e0cca7c8969636a7e8527a-scaled.jpg\",\"contentUrl\":\"https:\/\/www.justiceinfo.net\/wp-content\/uploads\/da39479e41e0cca7c8969636a7e8527a-scaled.jpg\",\"width\":2560,\"height\":1707},{\"@type\":\"BreadcrumbList\",\"@id\":\"https:\/\/www.justiceinfo.net\/fr\/34932-togo-pouvoir-contestation.html#breadcrumb\",\"itemListElement\":[{\"@type\":\"ListItem\",\"position\":1,\"name\":\"Home\",\"item\":\"https:\/\/www.justiceinfo.net\/fr\"},{\"@type\":\"ListItem\",\"position\":2,\"name\":\"Togo: la grande peur du pouvoir face \u00e0 la contestation\"}]},{\"@type\":\"WebSite\",\"@id\":\"https:\/\/www.justiceinfo.net\/fr#website\",\"url\":\"https:\/\/www.justiceinfo.net\/fr\",\"name\":\"JusticeInfo.net\",\"description\":\"La justice doit \u00eatre vue pour \u00eatre rendue\",\"publisher\":{\"@id\":\"https:\/\/www.justiceinfo.net\/fr#organization\"},\"potentialAction\":[{\"@type\":\"SearchAction\",\"target\":{\"@type\":\"EntryPoint\",\"urlTemplate\":\"https:\/\/www.justiceinfo.net\/fr?s={search_term_string}\"},\"query-input\":{\"@type\":\"PropertyValueSpecification\",\"valueRequired\":true,\"valueName\":\"search_term_string\"}}],\"inLanguage\":\"fr-FR\"},{\"@type\":\"Organization\",\"@id\":\"https:\/\/www.justiceinfo.net\/fr#organization\",\"name\":\"Justice Info\",\"url\":\"https:\/\/www.justiceinfo.net\/fr\",\"logo\":{\"@type\":\"ImageObject\",\"inLanguage\":\"fr-FR\",\"@id\":\"https:\/\/www.justiceinfo.net\/fr#\/schema\/logo\/image\/\",\"url\":\"https:\/\/www.justiceinfo.net\/wp-content\/uploads\/justiceinfo_logo-trans_1200x1200px.png\",\"contentUrl\":\"https:\/\/www.justiceinfo.net\/wp-content\/uploads\/justiceinfo_logo-trans_1200x1200px.png\",\"width\":1199,\"height\":1200,\"caption\":\"Justice Info\"},\"image\":{\"@id\":\"https:\/\/www.justiceinfo.net\/fr#\/schema\/logo\/image\/\"},\"sameAs\":[\"https:\/\/www.facebook.com\/JusticeInfo\/\",\"https:\/\/x.com\/justiceinfonet\",\"https:\/\/www.linkedin.com\/company\/justice-info\",\"https:\/\/www.youtube.com\/channel\/UCyCEsARodyuWtkWyhn-e7pA\"]},{\"@type\":\"Person\",\"name\":\"Maxime Domegni, Lom\u00e9\",\"url\":\"\/fr\/?s=Maxime Domegni, Lom\u00e9\"}]}<\/script>\n<!-- \/ Yoast SEO Premium plugin. -->","yoast_head_json":{"title":"Togo: la grande peur du pouvoir face \u00e0 la contestation - JusticeInfo.net","robots":{"index":"index","follow":"follow","max-snippet":"max-snippet:-1","max-image-preview":"max-image-preview:large","max-video-preview":"max-video-preview:-1"},"canonical":"https:\/\/www.justiceinfo.net\/fr\/34932-togo-pouvoir-contestation.html","og_locale":"fr_FR","og_type":"article","og_title":"Togo: la grande peur du pouvoir face \u00e0 la contestation","og_description":"Depuis la mi-ao\u00fbt, le Togo traverse une turbulence politique n\u00e9e de la contestation du pouvoir de Faure Gnassingb\u00e9 par la rue. A l\u2019int\u00e9rieur des fronti\u00e8res nationales et dans la diaspora, les manifestations se multiplient. Pour une fois, le pouvoir est s\u00e9rieusement secou\u00e9. Mais tient encore. Jusqu\u2019\u00e0 quand\u00a0? D\u00e9but ao\u00fbt, lorsque le Parti national panafricain (PNP) [&hellip;]","og_url":"https:\/\/www.justiceinfo.net\/fr\/34932-togo-pouvoir-contestation.html","og_site_name":"JusticeInfo.net","article_publisher":"https:\/\/www.facebook.com\/JusticeInfo\/","article_published_time":"2017-10-12T06:12:15+00:00","og_image":[{"width":2560,"height":1707,"url":"https:\/\/www.justiceinfo.net\/wp-content\/uploads\/da39479e41e0cca7c8969636a7e8527a-scaled.jpg","type":"image\/jpeg"}],"author":"Maxime Domegni, Lom\u00e9","twitter_card":"summary_large_image","twitter_creator":"@justiceinfonet","twitter_site":"@justiceinfonet","twitter_misc":{"\u00c9crit par":"Maxime Domegni, Lom\u00e9","Dur\u00e9e de lecture estim\u00e9e":"7 minutes"},"schema":{"@context":"https:\/\/schema.org","@graph":[{"@type":"NewsArticle","@id":"https:\/\/www.justiceinfo.net\/fr\/34932-togo-pouvoir-contestation.html#article","isPartOf":{"@id":"https:\/\/www.justiceinfo.net\/fr\/34932-togo-pouvoir-contestation.html"},"author":{"name":"solivri","@id":"https:\/\/www.justiceinfo.net\/fr#\/schema\/person\/6e53cba1629e2e66f3fc1821d3091865"},"headline":"Togo: la grande peur du pouvoir face \u00e0 la contestation","datePublished":"2017-10-12T06:12:15+00:00","mainEntityOfPage":{"@id":"https:\/\/www.justiceinfo.net\/fr\/34932-togo-pouvoir-contestation.html"},"wordCount":1322,"commentCount":0,"publisher":{"@id":"https:\/\/www.justiceinfo.net\/fr#organization"},"image":{"@id":"https:\/\/www.justiceinfo.net\/fr\/34932-togo-pouvoir-contestation.html#primaryimage"},"thumbnailUrl":"https:\/\/www.justiceinfo.net\/wp-content\/uploads\/da39479e41e0cca7c8969636a7e8527a-scaled.jpg","articleSection":["R\u00e9conciliation"],"inLanguage":"fr-FR","potentialAction":[{"@type":"CommentAction","name":"Comment","target":["https:\/\/www.justiceinfo.net\/fr\/34932-togo-pouvoir-contestation.html#respond"]}]},{"@type":"WebPage","@id":"https:\/\/www.justiceinfo.net\/fr\/34932-togo-pouvoir-contestation.html","url":"https:\/\/www.justiceinfo.net\/fr\/34932-togo-pouvoir-contestation.html","name":"Togo: la grande peur du pouvoir face \u00e0 la contestation - JusticeInfo.net","isPartOf":{"@id":"https:\/\/www.justiceinfo.net\/fr#website"},"primaryImageOfPage":{"@id":"https:\/\/www.justiceinfo.net\/fr\/34932-togo-pouvoir-contestation.html#primaryimage"},"image":{"@id":"https:\/\/www.justiceinfo.net\/fr\/34932-togo-pouvoir-contestation.html#primaryimage"},"thumbnailUrl":"https:\/\/www.justiceinfo.net\/wp-content\/uploads\/da39479e41e0cca7c8969636a7e8527a-scaled.jpg","datePublished":"2017-10-12T06:12:15+00:00","breadcrumb":{"@id":"https:\/\/www.justiceinfo.net\/fr\/34932-togo-pouvoir-contestation.html#breadcrumb"},"inLanguage":"fr-FR","potentialAction":[{"@type":"ReadAction","target":["https:\/\/www.justiceinfo.net\/fr\/34932-togo-pouvoir-contestation.html"]}]},{"@type":"ImageObject","inLanguage":"fr-FR","@id":"https:\/\/www.justiceinfo.net\/fr\/34932-togo-pouvoir-contestation.html#primaryimage","url":"https:\/\/www.justiceinfo.net\/wp-content\/uploads\/da39479e41e0cca7c8969636a7e8527a-scaled.jpg","contentUrl":"https:\/\/www.justiceinfo.net\/wp-content\/uploads\/da39479e41e0cca7c8969636a7e8527a-scaled.jpg","width":2560,"height":1707},{"@type":"BreadcrumbList","@id":"https:\/\/www.justiceinfo.net\/fr\/34932-togo-pouvoir-contestation.html#breadcrumb","itemListElement":[{"@type":"ListItem","position":1,"name":"Home","item":"https:\/\/www.justiceinfo.net\/fr"},{"@type":"ListItem","position":2,"name":"Togo: la grande peur du pouvoir face \u00e0 la contestation"}]},{"@type":"WebSite","@id":"https:\/\/www.justiceinfo.net\/fr#website","url":"https:\/\/www.justiceinfo.net\/fr","name":"JusticeInfo.net","description":"La justice doit \u00eatre vue pour \u00eatre rendue","publisher":{"@id":"https:\/\/www.justiceinfo.net\/fr#organization"},"potentialAction":[{"@type":"SearchAction","target":{"@type":"EntryPoint","urlTemplate":"https:\/\/www.justiceinfo.net\/fr?s={search_term_string}"},"query-input":{"@type":"PropertyValueSpecification","valueRequired":true,"valueName":"search_term_string"}}],"inLanguage":"fr-FR"},{"@type":"Organization","@id":"https:\/\/www.justiceinfo.net\/fr#organization","name":"Justice Info","url":"https:\/\/www.justiceinfo.net\/fr","logo":{"@type":"ImageObject","inLanguage":"fr-FR","@id":"https:\/\/www.justiceinfo.net\/fr#\/schema\/logo\/image\/","url":"https:\/\/www.justiceinfo.net\/wp-content\/uploads\/justiceinfo_logo-trans_1200x1200px.png","contentUrl":"https:\/\/www.justiceinfo.net\/wp-content\/uploads\/justiceinfo_logo-trans_1200x1200px.png","width":1199,"height":1200,"caption":"Justice Info"},"image":{"@id":"https:\/\/www.justiceinfo.net\/fr#\/schema\/logo\/image\/"},"sameAs":["https:\/\/www.facebook.com\/JusticeInfo\/","https:\/\/x.com\/justiceinfonet","https:\/\/www.linkedin.com\/company\/justice-info","https:\/\/www.youtube.com\/channel\/UCyCEsARodyuWtkWyhn-e7pA"]},{"@type":"Person","name":"Maxime Domegni, Lom\u00e9","url":"\/fr\/?s=Maxime Domegni, Lom\u00e9"}]}},"_links":{"self":[{"href":"https:\/\/www.justiceinfo.net\/fr\/wp-json\/wp\/v2\/posts\/34932","targetHints":{"allow":["GET"]}}],"collection":[{"href":"https:\/\/www.justiceinfo.net\/fr\/wp-json\/wp\/v2\/posts"}],"about":[{"href":"https:\/\/www.justiceinfo.net\/fr\/wp-json\/wp\/v2\/types\/post"}],"author":[{"embeddable":true,"href":"https:\/\/www.justiceinfo.net\/fr\/wp-json\/wp\/v2\/users\/64"}],"replies":[{"embeddable":true,"href":"https:\/\/www.justiceinfo.net\/fr\/wp-json\/wp\/v2\/comments?post=34932"}],"version-history":[{"count":0,"href":"https:\/\/www.justiceinfo.net\/fr\/wp-json\/wp\/v2\/posts\/34932\/revisions"}],"wp:featuredmedia":[{"embeddable":true,"href":"https:\/\/www.justiceinfo.net\/fr\/wp-json\/wp\/v2\/media\/63396"}],"wp:attachment":[{"href":"https:\/\/www.justiceinfo.net\/fr\/wp-json\/wp\/v2\/media?parent=34932"}],"wp:term":[{"taxonomy":"category","embeddable":true,"href":"https:\/\/www.justiceinfo.net\/fr\/wp-json\/wp\/v2\/categories?post=34932"},{"taxonomy":"post_tag","embeddable":true,"href":"https:\/\/www.justiceinfo.net\/fr\/wp-json\/wp\/v2\/tags?post=34932"},{"taxonomy":"ji_location","embeddable":true,"href":"https:\/\/www.justiceinfo.net\/fr\/wp-json\/wp\/v2\/ji_location?post=34932"}],"curies":[{"name":"wp","href":"https:\/\/api.w.org\/{rel}","templated":true}]}}