{"id":34988,"date":"2017-10-18T22:35:03","date_gmt":"2017-10-18T20:35:03","guid":{"rendered":"https:\/\/www.justiceinfo.net\/34988-apres-tombouctou-la-cpi-poursuit-ses-enquetes-au-mali-procureure.html"},"modified":"2017-10-18T22:35:03","modified_gmt":"2017-10-18T20:35:03","slug":"apres-tombouctou-la-cpi-poursuit-ses-enquetes-au-mali-procureure","status":"publish","type":"post","link":"https:\/\/www.justiceinfo.net\/fr\/34988-apres-tombouctou-la-cpi-poursuit-ses-enquetes-au-mali-procureure.html","title":{"rendered":"Apr\u00e8s Tombouctou, la CPI \"poursuit ses enqu\u00eates\" au Mali (procureure)"},"content":{"rendered":"<p>\n             La Cour p\u00e9nale internationale (CPI) \"poursuit ses enqu\u00eates\" au Mali, apr\u00e8s avoir condamn\u00e9 le principal responsable de la destruction des mausol\u00e9es de la cit\u00e9 historique de Tombouctou, a indiqu\u00e9 mercredi \u00e0 Bamako sa procureure, Fatou Bensouda.\n<\/p>\n<p>\n            \"Tombouctou a \u00e9t\u00e9 au centre de nos enqu\u00eates parce qu'il \u00e9tait important de mettre en lumi\u00e8re un tel crime\", a d\u00e9clar\u00e9 Mme Bensouda lors d'une conf\u00e9rence de presse dans la capitale malienne.\n<\/p>\n<p>\n            \"Nos enqu\u00eates continuent (...) visant d'autres crimes, les viols et les crimes contre les forces de maintien de la paix, les meurtres et les assassinats\", a ajout\u00e9 la procureure de la CPI, dont le si\u00e8ge est \u00e0 La Haye, sans d\u00e9tailler les raisons pr\u00e9cises de sa visite au Mali, o\u00f9 des groupes arm\u00e9s islamistes continuent d'attaquer r\u00e9guli\u00e8rement militaires maliens et Casques bleus \u00e9trangers.\n<\/p>\n<p>\n            La CPI a d\u00e9clar\u00e9 le 17 ao\u00fbt qu'un jihadiste malien avait provoqu\u00e9 pour 2,7 millions d'euros de d\u00e9g\u00e2ts en faisant d\u00e9truire des mausol\u00e9es en 2012 \u00e0 Tombouctou (nord) et ordonn\u00e9 des r\u00e9parations pour les victimes, les premi\u00e8res pour destruction de biens culturels.\n<\/p>\n<p>\n            Le Touareg Ahmad al Faqi al Mahdi avait \u00e9t\u00e9 condamn\u00e9 en septembre 2016 \u00e0 neuf ans de prison pour avoir \"dirig\u00e9 intentionnellement des attaques\" contre la porte de la mosqu\u00e9e Sidi Yahia et neuf des mausol\u00e9es de Tombouctou, class\u00e9s au patrimoine mondial de l'humanit\u00e9 par l'Unesco et d\u00e9truits \u00e0 coups de pioche, de houe et de burin.\n<\/p>\n<p>\n            La procureure de la CPI a par ailleurs jug\u00e9 \"important que des progr\u00e8s soient faits au niveau du Mali\" dans le proc\u00e8s du chef de l'ex-junte Amadou Sanogo (2012-2013), accus\u00e9 d'assassinat et de complicit\u00e9 d'assassinat de soldats, entam\u00e9 fin novembre 2016 devant une cour d'assises de Sikasso (\u00e0 environ 380 km au sud de Bamako) puis suspendu en d\u00e9cembre. Selon les statuts de la CPI, une d\u00e9faillance de la justice malienne pourrait permettre \u00e0 la cour de La Haye de se saisir du dossier, jug\u00e9 sensible au Mali.\n<\/p>\n<p>\n            Enfin, Mme Bensouda a assur\u00e9 qu'une plainte contre l'ancien pr\u00e9sident fran\u00e7ais Nicolas Sarkozy pour avoir d\u00e9clench\u00e9 la guerre en Libye et caus\u00e9 la mort de son dirigeant Mouammar Kadhafi, d\u00e9pos\u00e9e devant la CPI par plusieurs organisations de la soci\u00e9t\u00e9 civile ouest-africaine r\u00e9unies d\u00e9but octobre \u00e0 Bamako, serait \"trait\u00e9e comme toutes les autres communications et all\u00e9gations que la CPI re\u00e7oit\".<\/p>\n","protected":false},"excerpt":{"rendered":"<p>La Cour p\u00e9nale internationale (CPI) \"poursuit ses enqu\u00eates\" au Mali, apr\u00e8s avoir condamn\u00e9 le principal responsable de la destruction des mausol\u00e9es de la cit\u00e9 historique de Tombouctou, a indiqu\u00e9 mercredi \u00e0 Bamako sa procureure, Fatou Bensouda. \"Tombouctou a \u00e9t\u00e9 au centre de nos enqu\u00eates parce qu'il \u00e9tait important de mettre en lumi\u00e8re un tel crime\", [&hellip;]<\/p>\n","protected":false},"author":60,"featured_media":0,"comment_status":"open","ping_status":"closed","sticky":false,"template":"","format":"standard","meta":{"_acf_changed":false,"footnotes":""},"categories":[2576],"tags":[],"ji_location":[],"class_list":["post-34988","post","type-post","status-publish","format-standard","hentry","category-fil-d-actualite"],"acf":[],"yoast_head":"<!-- This site is optimized with the Yoast SEO Premium plugin v25.3.1 (Yoast SEO v25.3.1) - https:\/\/yoast.com\/wordpress\/plugins\/seo\/ -->\n<title>Apr\u00e8s Tombouctou, la CPI &quot;poursuit ses enqu\u00eates&quot; au Mali (procureure) - JusticeInfo.net<\/title>\n<meta name=\"robots\" content=\"index, follow, max-snippet:-1, max-image-preview:large, max-video-preview:-1\" \/>\n<link rel=\"canonical\" href=\"https:\/\/www.justiceinfo.net\/fr\/34988-apres-tombouctou-la-cpi-poursuit-ses-enquetes-au-mali-procureure.html\" \/>\n<meta property=\"og:locale\" content=\"fr_FR\" \/>\n<meta property=\"og:type\" content=\"article\" \/>\n<meta property=\"og:title\" content=\"Apr\u00e8s Tombouctou, la CPI &quot;poursuit ses enqu\u00eates&quot; au Mali (procureure)\" \/>\n<meta property=\"og:description\" content=\"La Cour p\u00e9nale internationale (CPI) &quot;poursuit ses enqu\u00eates&quot; au Mali, apr\u00e8s avoir condamn\u00e9 le principal responsable de la destruction des mausol\u00e9es de la cit\u00e9 historique de Tombouctou, a indiqu\u00e9 mercredi \u00e0 Bamako sa procureure, Fatou Bensouda. &quot;Tombouctou a \u00e9t\u00e9 au centre de nos enqu\u00eates parce qu&#039;il \u00e9tait important de mettre en lumi\u00e8re un tel crime&quot;, [&hellip;]\" \/>\n<meta property=\"og:url\" content=\"https:\/\/www.justiceinfo.net\/fr\/34988-apres-tombouctou-la-cpi-poursuit-ses-enquetes-au-mali-procureure.html\" \/>\n<meta property=\"og:site_name\" content=\"JusticeInfo.net\" \/>\n<meta property=\"article:publisher\" content=\"https:\/\/www.facebook.com\/JusticeInfo\/\" \/>\n<meta property=\"article:published_time\" content=\"2017-10-18T20:35:03+00:00\" \/>\n<meta property=\"og:image\" content=\"https:\/\/www.justiceinfo.net\/wp-content\/uploads\/JusticeInfoNet_logo_1200x630px.jpg\" \/>\n\t<meta property=\"og:image:width\" content=\"1200\" \/>\n\t<meta property=\"og:image:height\" content=\"630\" \/>\n\t<meta property=\"og:image:type\" content=\"image\/jpeg\" \/>\n<meta name=\"author\" content=\"AFP\" \/>\n<meta name=\"twitter:card\" content=\"summary_large_image\" \/>\n<meta name=\"twitter:creator\" content=\"@justiceinfonet\" \/>\n<meta name=\"twitter:site\" content=\"@justiceinfonet\" \/>\n<meta name=\"twitter:label1\" content=\"\u00c9crit par\" \/>\n\t<meta name=\"twitter:data1\" content=\"AFP\" \/>\n\t<meta name=\"twitter:label2\" content=\"Dur\u00e9e de lecture estim\u00e9e\" \/>\n\t<meta name=\"twitter:data2\" content=\"2 minutes\" \/>\n<script type=\"application\/ld+json\" class=\"yoast-schema-graph\">{\"@context\":\"https:\/\/schema.org\",\"@graph\":[{\"@type\":\"NewsArticle\",\"@id\":\"https:\/\/www.justiceinfo.net\/fr\/34988-apres-tombouctou-la-cpi-poursuit-ses-enquetes-au-mali-procureure.html#article\",\"isPartOf\":{\"@id\":\"https:\/\/www.justiceinfo.net\/fr\/34988-apres-tombouctou-la-cpi-poursuit-ses-enquetes-au-mali-procureure.html\"},\"author\":{\"name\":\"afp\",\"@id\":\"https:\/\/www.justiceinfo.net\/fr#\/schema\/person\/713d340ef5f218fc36ce9b4244364a7f\"},\"headline\":\"Apr\u00e8s Tombouctou, la CPI \\\"poursuit ses enqu\u00eates\\\" au Mali (procureure)\",\"datePublished\":\"2017-10-18T20:35:03+00:00\",\"mainEntityOfPage\":{\"@id\":\"https:\/\/www.justiceinfo.net\/fr\/34988-apres-tombouctou-la-cpi-poursuit-ses-enquetes-au-mali-procureure.html\"},\"wordCount\":430,\"commentCount\":0,\"publisher\":{\"@id\":\"https:\/\/www.justiceinfo.net\/fr#organization\"},\"articleSection\":[\"Fil d'info AFP\"],\"inLanguage\":\"fr-FR\",\"potentialAction\":[{\"@type\":\"CommentAction\",\"name\":\"Comment\",\"target\":[\"https:\/\/www.justiceinfo.net\/fr\/34988-apres-tombouctou-la-cpi-poursuit-ses-enquetes-au-mali-procureure.html#respond\"]}]},{\"@type\":\"WebPage\",\"@id\":\"https:\/\/www.justiceinfo.net\/fr\/34988-apres-tombouctou-la-cpi-poursuit-ses-enquetes-au-mali-procureure.html\",\"url\":\"https:\/\/www.justiceinfo.net\/fr\/34988-apres-tombouctou-la-cpi-poursuit-ses-enquetes-au-mali-procureure.html\",\"name\":\"Apr\u00e8s Tombouctou, la CPI \\\"poursuit ses enqu\u00eates\\\" au Mali (procureure) - JusticeInfo.net\",\"isPartOf\":{\"@id\":\"https:\/\/www.justiceinfo.net\/fr#website\"},\"datePublished\":\"2017-10-18T20:35:03+00:00\",\"breadcrumb\":{\"@id\":\"https:\/\/www.justiceinfo.net\/fr\/34988-apres-tombouctou-la-cpi-poursuit-ses-enquetes-au-mali-procureure.html#breadcrumb\"},\"inLanguage\":\"fr-FR\",\"potentialAction\":[{\"@type\":\"ReadAction\",\"target\":[\"https:\/\/www.justiceinfo.net\/fr\/34988-apres-tombouctou-la-cpi-poursuit-ses-enquetes-au-mali-procureure.html\"]}]},{\"@type\":\"BreadcrumbList\",\"@id\":\"https:\/\/www.justiceinfo.net\/fr\/34988-apres-tombouctou-la-cpi-poursuit-ses-enquetes-au-mali-procureure.html#breadcrumb\",\"itemListElement\":[{\"@type\":\"ListItem\",\"position\":1,\"name\":\"Home\",\"item\":\"https:\/\/www.justiceinfo.net\/fr\"},{\"@type\":\"ListItem\",\"position\":2,\"name\":\"Apr\u00e8s Tombouctou, la CPI \\\"poursuit ses enqu\u00eates\\\" au Mali (procureure)\"}]},{\"@type\":\"WebSite\",\"@id\":\"https:\/\/www.justiceinfo.net\/fr#website\",\"url\":\"https:\/\/www.justiceinfo.net\/fr\",\"name\":\"JusticeInfo.net\",\"description\":\"La justice doit \u00eatre vue pour \u00eatre rendue\",\"publisher\":{\"@id\":\"https:\/\/www.justiceinfo.net\/fr#organization\"},\"potentialAction\":[{\"@type\":\"SearchAction\",\"target\":{\"@type\":\"EntryPoint\",\"urlTemplate\":\"https:\/\/www.justiceinfo.net\/fr?s={search_term_string}\"},\"query-input\":{\"@type\":\"PropertyValueSpecification\",\"valueRequired\":true,\"valueName\":\"search_term_string\"}}],\"inLanguage\":\"fr-FR\"},{\"@type\":\"Organization\",\"@id\":\"https:\/\/www.justiceinfo.net\/fr#organization\",\"name\":\"Justice Info\",\"url\":\"https:\/\/www.justiceinfo.net\/fr\",\"logo\":{\"@type\":\"ImageObject\",\"inLanguage\":\"fr-FR\",\"@id\":\"https:\/\/www.justiceinfo.net\/fr#\/schema\/logo\/image\/\",\"url\":\"https:\/\/www.justiceinfo.net\/wp-content\/uploads\/justiceinfo_logo-trans_1200x1200px.png\",\"contentUrl\":\"https:\/\/www.justiceinfo.net\/wp-content\/uploads\/justiceinfo_logo-trans_1200x1200px.png\",\"width\":1199,\"height\":1200,\"caption\":\"Justice Info\"},\"image\":{\"@id\":\"https:\/\/www.justiceinfo.net\/fr#\/schema\/logo\/image\/\"},\"sameAs\":[\"https:\/\/www.facebook.com\/JusticeInfo\/\",\"https:\/\/x.com\/justiceinfonet\",\"https:\/\/www.linkedin.com\/company\/justice-info\",\"https:\/\/www.youtube.com\/channel\/UCyCEsARodyuWtkWyhn-e7pA\"]},{\"@type\":\"Person\",\"name\":\"AFP\",\"url\":\"\/fr\/?s=AFP\"}]}<\/script>\n<!-- \/ Yoast SEO Premium plugin. -->","yoast_head_json":{"title":"Apr\u00e8s Tombouctou, la CPI \"poursuit ses enqu\u00eates\" au Mali (procureure) - JusticeInfo.net","robots":{"index":"index","follow":"follow","max-snippet":"max-snippet:-1","max-image-preview":"max-image-preview:large","max-video-preview":"max-video-preview:-1"},"canonical":"https:\/\/www.justiceinfo.net\/fr\/34988-apres-tombouctou-la-cpi-poursuit-ses-enquetes-au-mali-procureure.html","og_locale":"fr_FR","og_type":"article","og_title":"Apr\u00e8s Tombouctou, la CPI \"poursuit ses enqu\u00eates\" au Mali (procureure)","og_description":"La Cour p\u00e9nale internationale (CPI) \"poursuit ses enqu\u00eates\" au Mali, apr\u00e8s avoir condamn\u00e9 le principal responsable de la destruction des mausol\u00e9es de la cit\u00e9 historique de Tombouctou, a indiqu\u00e9 mercredi \u00e0 Bamako sa procureure, Fatou Bensouda. \"Tombouctou a \u00e9t\u00e9 au centre de nos enqu\u00eates parce qu'il \u00e9tait important de mettre en lumi\u00e8re un tel crime\", [&hellip;]","og_url":"https:\/\/www.justiceinfo.net\/fr\/34988-apres-tombouctou-la-cpi-poursuit-ses-enquetes-au-mali-procureure.html","og_site_name":"JusticeInfo.net","article_publisher":"https:\/\/www.facebook.com\/JusticeInfo\/","article_published_time":"2017-10-18T20:35:03+00:00","og_image":[{"width":1200,"height":630,"url":"https:\/\/www.justiceinfo.net\/wp-content\/uploads\/JusticeInfoNet_logo_1200x630px.jpg","type":"image\/jpeg"}],"author":"AFP","twitter_card":"summary_large_image","twitter_creator":"@justiceinfonet","twitter_site":"@justiceinfonet","twitter_misc":{"\u00c9crit par":"AFP","Dur\u00e9e de lecture estim\u00e9e":"2 minutes"},"schema":{"@context":"https:\/\/schema.org","@graph":[{"@type":"NewsArticle","@id":"https:\/\/www.justiceinfo.net\/fr\/34988-apres-tombouctou-la-cpi-poursuit-ses-enquetes-au-mali-procureure.html#article","isPartOf":{"@id":"https:\/\/www.justiceinfo.net\/fr\/34988-apres-tombouctou-la-cpi-poursuit-ses-enquetes-au-mali-procureure.html"},"author":{"name":"afp","@id":"https:\/\/www.justiceinfo.net\/fr#\/schema\/person\/713d340ef5f218fc36ce9b4244364a7f"},"headline":"Apr\u00e8s Tombouctou, la CPI \"poursuit ses enqu\u00eates\" au Mali (procureure)","datePublished":"2017-10-18T20:35:03+00:00","mainEntityOfPage":{"@id":"https:\/\/www.justiceinfo.net\/fr\/34988-apres-tombouctou-la-cpi-poursuit-ses-enquetes-au-mali-procureure.html"},"wordCount":430,"commentCount":0,"publisher":{"@id":"https:\/\/www.justiceinfo.net\/fr#organization"},"articleSection":["Fil d'info AFP"],"inLanguage":"fr-FR","potentialAction":[{"@type":"CommentAction","name":"Comment","target":["https:\/\/www.justiceinfo.net\/fr\/34988-apres-tombouctou-la-cpi-poursuit-ses-enquetes-au-mali-procureure.html#respond"]}]},{"@type":"WebPage","@id":"https:\/\/www.justiceinfo.net\/fr\/34988-apres-tombouctou-la-cpi-poursuit-ses-enquetes-au-mali-procureure.html","url":"https:\/\/www.justiceinfo.net\/fr\/34988-apres-tombouctou-la-cpi-poursuit-ses-enquetes-au-mali-procureure.html","name":"Apr\u00e8s Tombouctou, la CPI \"poursuit ses enqu\u00eates\" au Mali (procureure) - JusticeInfo.net","isPartOf":{"@id":"https:\/\/www.justiceinfo.net\/fr#website"},"datePublished":"2017-10-18T20:35:03+00:00","breadcrumb":{"@id":"https:\/\/www.justiceinfo.net\/fr\/34988-apres-tombouctou-la-cpi-poursuit-ses-enquetes-au-mali-procureure.html#breadcrumb"},"inLanguage":"fr-FR","potentialAction":[{"@type":"ReadAction","target":["https:\/\/www.justiceinfo.net\/fr\/34988-apres-tombouctou-la-cpi-poursuit-ses-enquetes-au-mali-procureure.html"]}]},{"@type":"BreadcrumbList","@id":"https:\/\/www.justiceinfo.net\/fr\/34988-apres-tombouctou-la-cpi-poursuit-ses-enquetes-au-mali-procureure.html#breadcrumb","itemListElement":[{"@type":"ListItem","position":1,"name":"Home","item":"https:\/\/www.justiceinfo.net\/fr"},{"@type":"ListItem","position":2,"name":"Apr\u00e8s Tombouctou, la CPI \"poursuit ses enqu\u00eates\" au Mali (procureure)"}]},{"@type":"WebSite","@id":"https:\/\/www.justiceinfo.net\/fr#website","url":"https:\/\/www.justiceinfo.net\/fr","name":"JusticeInfo.net","description":"La justice doit \u00eatre vue pour \u00eatre rendue","publisher":{"@id":"https:\/\/www.justiceinfo.net\/fr#organization"},"potentialAction":[{"@type":"SearchAction","target":{"@type":"EntryPoint","urlTemplate":"https:\/\/www.justiceinfo.net\/fr?s={search_term_string}"},"query-input":{"@type":"PropertyValueSpecification","valueRequired":true,"valueName":"search_term_string"}}],"inLanguage":"fr-FR"},{"@type":"Organization","@id":"https:\/\/www.justiceinfo.net\/fr#organization","name":"Justice Info","url":"https:\/\/www.justiceinfo.net\/fr","logo":{"@type":"ImageObject","inLanguage":"fr-FR","@id":"https:\/\/www.justiceinfo.net\/fr#\/schema\/logo\/image\/","url":"https:\/\/www.justiceinfo.net\/wp-content\/uploads\/justiceinfo_logo-trans_1200x1200px.png","contentUrl":"https:\/\/www.justiceinfo.net\/wp-content\/uploads\/justiceinfo_logo-trans_1200x1200px.png","width":1199,"height":1200,"caption":"Justice Info"},"image":{"@id":"https:\/\/www.justiceinfo.net\/fr#\/schema\/logo\/image\/"},"sameAs":["https:\/\/www.facebook.com\/JusticeInfo\/","https:\/\/x.com\/justiceinfonet","https:\/\/www.linkedin.com\/company\/justice-info","https:\/\/www.youtube.com\/channel\/UCyCEsARodyuWtkWyhn-e7pA"]},{"@type":"Person","name":"AFP","url":"\/fr\/?s=AFP"}]}},"_links":{"self":[{"href":"https:\/\/www.justiceinfo.net\/fr\/wp-json\/wp\/v2\/posts\/34988","targetHints":{"allow":["GET"]}}],"collection":[{"href":"https:\/\/www.justiceinfo.net\/fr\/wp-json\/wp\/v2\/posts"}],"about":[{"href":"https:\/\/www.justiceinfo.net\/fr\/wp-json\/wp\/v2\/types\/post"}],"author":[{"embeddable":true,"href":"https:\/\/www.justiceinfo.net\/fr\/wp-json\/wp\/v2\/users\/60"}],"replies":[{"embeddable":true,"href":"https:\/\/www.justiceinfo.net\/fr\/wp-json\/wp\/v2\/comments?post=34988"}],"version-history":[{"count":0,"href":"https:\/\/www.justiceinfo.net\/fr\/wp-json\/wp\/v2\/posts\/34988\/revisions"}],"wp:attachment":[{"href":"https:\/\/www.justiceinfo.net\/fr\/wp-json\/wp\/v2\/media?parent=34988"}],"wp:term":[{"taxonomy":"category","embeddable":true,"href":"https:\/\/www.justiceinfo.net\/fr\/wp-json\/wp\/v2\/categories?post=34988"},{"taxonomy":"post_tag","embeddable":true,"href":"https:\/\/www.justiceinfo.net\/fr\/wp-json\/wp\/v2\/tags?post=34988"},{"taxonomy":"ji_location","embeddable":true,"href":"https:\/\/www.justiceinfo.net\/fr\/wp-json\/wp\/v2\/ji_location?post=34988"}],"curies":[{"name":"wp","href":"https:\/\/api.w.org\/{rel}","templated":true}]}}