{"id":35003,"date":"2017-10-21T05:51:58","date_gmt":"2017-10-21T03:51:58","guid":{"rendered":"https:\/\/www.justiceinfo.net\/35003-la-semaine-de-la-justice-transitionnelle-doutes-et-manquements-au-mali-kenya-burkina-faso.html"},"modified":"2017-10-21T05:51:58","modified_gmt":"2017-10-21T03:51:58","slug":"la-semaine-de-la-justice-transitionnelle-doutes-et-manquements-au-mali-kenya-burkina-faso","status":"publish","type":"post","link":"https:\/\/www.justiceinfo.net\/fr\/35003-la-semaine-de-la-justice-transitionnelle-doutes-et-manquements-au-mali-kenya-burkina-faso.html","title":{"rendered":"La semaine de la justice transitionnelle : doutes et manquements au Mali, Kenya, Burkina Faso"},"content":{"rendered":"<div class=\"content-excerpt\">\n<p>La justice transitionnelle cette semaine s\u2019est retrouv\u00e9e confront\u00e9e aux classiques tensions entre droit et politique, entre justice et paix. La Cour P\u00e9nale Internationale sh\u00e9rif du monde a notamment montr\u00e9 ses limites et contradictions.<\/p>\n<\/div>\n<p>En <a href=\"fr\/en-continu\/34988-apres-tombouctou-la-cpi-poursuit-ses-enquetes-au-mali-procureure.html\">visite<\/a> au Mali, pays du Sahel qui vit une transition difficile et incompl\u00e8te, la procureure Fatou Bensouda a \u00e9t\u00e9 interpell\u00e9e par les repr\u00e9sentants de la soci\u00e9t\u00e9 civile notamment des femmes qui reprochent \u00e0 la Cour ses lenteurs \u00e0 instruire une proc\u00e9dure initi\u00e9e en 2013 en pour les viols commis par des djihadistes dans le nord du pays. Ces ONG demandent aussi une extension des poursuites contre Ahmad Al Faqi, condamn\u00e9 en septembre 2016, par la Cour pour la destruction des mausol\u00e9es de Tombouctou. Selon les repr\u00e9sentants de la soci\u00e9t\u00e9 civile malienne, ce djihadiste a commis bien d\u2019autres crimes dans le nord du pays \u2013 ch\u00e2timents islamiques notamment - dont il n\u2019a pas \u00e9t\u00e9 redevable. Mme Bensouda a promis que le travail de la CPI se poursuivait au Mali sans plus de pr\u00e9cisions. Enfin, Mme Bensouda a assur\u00e9 qu'une plainte contre l'ancien pr\u00e9sident fran\u00e7ais Nicolas Sarkozy pour avoir d\u00e9clench\u00e9 la guerre en Libye et caus\u00e9 la mort de son dirigeant Mouammar Kadhafi, d\u00e9pos\u00e9e devant la CPI par plusieurs organisations de la soci\u00e9t\u00e9 civile ouest-africaine r\u00e9unies d\u00e9but octobre \u00e0 Bamako, serait \"trait\u00e9e comme toutes les autres communications et all\u00e9gations que la CPI re\u00e7oit\". Une plainte certainement symbolique et qui n\u2019\u00e0 aucune chance d\u2019aboutir mais qui illustre les critiques r\u00e9currentes notamment en Afrique contre la CPI, accus\u00e9e de poursuivre les Africains plut\u00f4t que les dirigeants occidentaux.<\/p>\n<p>L\u2019affaire Ocampo, du nom du premier procureur de la CPI, r\u00e9v\u00e9l\u00e9e par un consortium de journaux, ne peut que nourrir ce ressentiment. Parmi d\u2019autres graves manquements \u00e0 l\u2019\u00e9thique professionnelle, Luis Moreno Ocampo aurait ainsi emprisonn\u00e9 sans mandat le pr\u00e9sident ivoirien d\u00e9chu Laurent Gbagbo. De quoi affaiblir la justice internationale si d\u00e9cri\u00e9e. Pierre Hazan, conseiller \u00e9ditorial de JusticeInfo.net, <a href=\"fr\/justice-reconciliation\/34967-cour-p%C3%A9nale-internationale%20-qui-surveille-le-sh%C3%A9rif%20.html\">\u00e9crit<\/a>\u00a0: \u00ab\u00a0La justice p\u00e9nale internationale, et les hommes et les femmes qui l\u2019incarnent, m\u00eame apr\u00e8s la fin de leur mandat, doivent avoir une conduite irr\u00e9prochable. Le sh\u00e9rif ou l\u2019ex-sh\u00e9rif de la justice internationale ne peut se mettre au-dessus des lois ni \u00e9garer sa boussole morale\u00a0\u00bb.<\/p>\n<h3>Doutes au Kenya<\/h3>\n<p>M\u00eame souci au Kenya qui attend avec inqui\u00e9tude un nouveau scrutin pr\u00e9sidentiel fix\u00e9 au 26 octobre apr\u00e8s que le premier a \u00e9t\u00e9 annul\u00e9 par la Cour Supr\u00eame du pays. Comme si il y avait trop de droit et de d\u00e9cisions de justice, <a href=\"fr\/justice-reconciliation\/34972-kenya-incertitude-%C3%A0-la-veille-du-nouveau-scrutin-pr%C3%A9sidentiel.html\">s\u2019interroge<\/a> notre correspondante Aileen Kimutai dans un pays encore traumatis\u00e9 par les violences post-\u00e9lectorales de 2007 qui avaient fait plus de 1000 morts. Ocampo avait inculp\u00e9 \u00e0 la suite de ces violences le Pr\u00e9sident Kenyatta pour \u00ab\u00a0crimes contre l\u2019humanit\u00e9\u00a0\u00bb avant de se faire r\u00e9mun\u00e9rer par le m\u00eame chef d\u2019Etat pour l\u2019aider \u00e0 \u00e9chapper \u00e0 la justice. Finalement, la CPI avait renonc\u00e9 \u00e0 ces poursuites\u00a0: un des \u00e9pisodes les plus piteux dans la courte vie de l\u2019institution.<\/p>\n<h3>Justice pour Sankara<\/h3>\n<p>Autre pays o\u00f9 la justice hoquette, le Burkina Faso qui a c\u00e9l\u00e9br\u00e9 le 15 octobre le 30\u00b0 anniversaire de la mort du Pr\u00e9sident Thomas Sankara, une crime jamais jug\u00e9 et toujours impuni, <a href=\"fr\/justice-reconciliation\/34959-burkina-faso-quatre-questions-sur-l-assassinat-du-pr%C3%A9sident-sankara.html\">\u00e9crit<\/a>\u00a0Morgane Le Cam, notre correspondante \u00e0 Ouagadougou. Elle explique : \u00ab\u00a0\u00a0Avec l\u2019enqu\u00eate sur la r\u00e9pression de l\u2019insurrection populaire d\u2019octobre 2014 et celle sur le coup d\u2019Etat manqu\u00e9 de septembre 2015, cette enqu\u00eate est l\u2019un des dossiers les plus attendus par les Burkinab\u00e8.\u00a0Il aura fallu attendre la chute du r\u00e9gime de Blaise Compaor\u00e9, en octobre 2014, pour qu\u2019une enqu\u00eate soit enfin ouverte, 28 ans apr\u00e8s les faits\u00a0\u00bb.<\/p>\n<p>Dans ce dossier g\u00e9r\u00e9 par la justice militaire burkinab\u00e8, une quinzaine de personnes sont inculp\u00e9es et deux mandats d\u2019arr\u00eats internationaux ont \u00e9t\u00e9 lanc\u00e9s. Ils visent les deux principaux suspects. Le premier n\u2019est autre que l\u2019ancien Pr\u00e9sident Blaise Compaor\u00e9. L\u2019autre est le chef du commando qui aurait cribl\u00e9 de balles le capitaine Sankara. Ironie de l\u2019histoire, Compaor\u00e9 est r\u00e9fugi\u00e9 en C\u00f4te d\u2019Ivoire, pays dont il a pris la nationalit\u00e9 pour \u00e9chapper aux poursuites du pays dont il fut le Pr\u00e9sident.<\/p>\n<p>\u00a0<\/p>\n","protected":false},"excerpt":{"rendered":"<p>La justice transitionnelle cette semaine s\u2019est retrouv\u00e9e confront\u00e9e aux classiques tensions entre droit et politique, entre justice et paix. La Cour P\u00e9nale Internationale sh\u00e9rif du monde a notamment montr\u00e9 ses limites et contradictions. En visite au Mali, pays du Sahel qui vit une transition difficile et incompl\u00e8te, la procureure Fatou Bensouda a \u00e9t\u00e9 interpell\u00e9e par [&hellip;]<\/p>\n","protected":false},"author":58,"featured_media":67987,"comment_status":"open","ping_status":"closed","sticky":false,"template":"","format":"standard","meta":{"_acf_changed":false,"footnotes":""},"categories":[575],"tags":[],"ji_location":[2074],"class_list":["post-35003","post","type-post","status-publish","format-standard","has-post-thumbnail","hentry","category-opinions","ji_location-afrique"],"acf":[],"yoast_head":"<!-- This site is optimized with the Yoast SEO Premium plugin v25.3.1 (Yoast SEO v25.3.1) - https:\/\/yoast.com\/wordpress\/plugins\/seo\/ -->\n<title>La semaine de la justice transitionnelle : doutes et manquements au Mali, Kenya, Burkina Faso - JusticeInfo.net<\/title>\n<meta name=\"robots\" content=\"index, follow, max-snippet:-1, max-image-preview:large, max-video-preview:-1\" \/>\n<link rel=\"canonical\" href=\"https:\/\/www.justiceinfo.net\/fr\/35003-la-semaine-de-la-justice-transitionnelle-doutes-et-manquements-au-mali-kenya-burkina-faso.html\" \/>\n<meta property=\"og:locale\" content=\"fr_FR\" \/>\n<meta property=\"og:type\" content=\"article\" \/>\n<meta property=\"og:title\" content=\"La semaine de la justice transitionnelle : doutes et manquements au Mali, Kenya, Burkina Faso\" \/>\n<meta property=\"og:description\" content=\"La justice transitionnelle cette semaine s\u2019est retrouv\u00e9e confront\u00e9e aux classiques tensions entre droit et politique, entre justice et paix. La Cour P\u00e9nale Internationale sh\u00e9rif du monde a notamment montr\u00e9 ses limites et contradictions. En visite au Mali, pays du Sahel qui vit une transition difficile et incompl\u00e8te, la procureure Fatou Bensouda a \u00e9t\u00e9 interpell\u00e9e par [&hellip;]\" \/>\n<meta property=\"og:url\" content=\"https:\/\/www.justiceinfo.net\/fr\/35003-la-semaine-de-la-justice-transitionnelle-doutes-et-manquements-au-mali-kenya-burkina-faso.html\" \/>\n<meta property=\"og:site_name\" content=\"JusticeInfo.net\" \/>\n<meta property=\"article:publisher\" content=\"https:\/\/www.facebook.com\/JusticeInfo\/\" \/>\n<meta property=\"article:author\" content=\"https:\/\/www.facebook.com\/profile.php?id=100004809918727\" \/>\n<meta property=\"article:published_time\" content=\"2017-10-21T03:51:58+00:00\" \/>\n<meta property=\"og:image\" content=\"https:\/\/www.justiceinfo.net\/wp-content\/uploads\/54899090710e7ee981d638ed30e92d27.jpg\" \/>\n\t<meta property=\"og:image:width\" content=\"2200\" \/>\n\t<meta property=\"og:image:height\" content=\"1237\" \/>\n\t<meta property=\"og:image:type\" content=\"image\/jpeg\" \/>\n<meta name=\"author\" content=\"Fran\u00e7ois Sergent\" \/>\n<meta name=\"twitter:card\" content=\"summary_large_image\" \/>\n<meta name=\"twitter:creator\" content=\"@FrancoisSergent\" \/>\n<meta name=\"twitter:site\" content=\"@justiceinfonet\" \/>\n<meta name=\"twitter:label1\" content=\"\u00c9crit par\" \/>\n\t<meta name=\"twitter:data1\" content=\"Fran\u00e7ois Sergent\" \/>\n\t<meta name=\"twitter:label2\" content=\"Dur\u00e9e de lecture estim\u00e9e\" \/>\n\t<meta name=\"twitter:data2\" content=\"4 minutes\" \/>\n<script type=\"application\/ld+json\" class=\"yoast-schema-graph\">{\"@context\":\"https:\/\/schema.org\",\"@graph\":[{\"@type\":\"NewsArticle\",\"@id\":\"https:\/\/www.justiceinfo.net\/fr\/35003-la-semaine-de-la-justice-transitionnelle-doutes-et-manquements-au-mali-kenya-burkina-faso.html#article\",\"isPartOf\":{\"@id\":\"https:\/\/www.justiceinfo.net\/fr\/35003-la-semaine-de-la-justice-transitionnelle-doutes-et-manquements-au-mali-kenya-burkina-faso.html\"},\"author\":{\"name\":\"fsergent\",\"@id\":\"https:\/\/www.justiceinfo.net\/fr#\/schema\/person\/724414fc3a7779fc189a73a27563e5e1\"},\"headline\":\"La semaine de la justice transitionnelle : doutes et manquements au Mali, Kenya, Burkina Faso\",\"datePublished\":\"2017-10-21T03:51:58+00:00\",\"mainEntityOfPage\":{\"@id\":\"https:\/\/www.justiceinfo.net\/fr\/35003-la-semaine-de-la-justice-transitionnelle-doutes-et-manquements-au-mali-kenya-burkina-faso.html\"},\"wordCount\":753,\"commentCount\":0,\"publisher\":{\"@id\":\"https:\/\/www.justiceinfo.net\/fr#organization\"},\"image\":{\"@id\":\"https:\/\/www.justiceinfo.net\/fr\/35003-la-semaine-de-la-justice-transitionnelle-doutes-et-manquements-au-mali-kenya-burkina-faso.html#primaryimage\"},\"thumbnailUrl\":\"https:\/\/www.justiceinfo.net\/wp-content\/uploads\/54899090710e7ee981d638ed30e92d27.jpg\",\"articleSection\":[\"Opinions\"],\"inLanguage\":\"fr-FR\",\"potentialAction\":[{\"@type\":\"CommentAction\",\"name\":\"Comment\",\"target\":[\"https:\/\/www.justiceinfo.net\/fr\/35003-la-semaine-de-la-justice-transitionnelle-doutes-et-manquements-au-mali-kenya-burkina-faso.html#respond\"]}]},{\"@type\":\"WebPage\",\"@id\":\"https:\/\/www.justiceinfo.net\/fr\/35003-la-semaine-de-la-justice-transitionnelle-doutes-et-manquements-au-mali-kenya-burkina-faso.html\",\"url\":\"https:\/\/www.justiceinfo.net\/fr\/35003-la-semaine-de-la-justice-transitionnelle-doutes-et-manquements-au-mali-kenya-burkina-faso.html\",\"name\":\"La semaine de la justice transitionnelle : doutes et manquements au Mali, Kenya, Burkina Faso - JusticeInfo.net\",\"isPartOf\":{\"@id\":\"https:\/\/www.justiceinfo.net\/fr#website\"},\"primaryImageOfPage\":{\"@id\":\"https:\/\/www.justiceinfo.net\/fr\/35003-la-semaine-de-la-justice-transitionnelle-doutes-et-manquements-au-mali-kenya-burkina-faso.html#primaryimage\"},\"image\":{\"@id\":\"https:\/\/www.justiceinfo.net\/fr\/35003-la-semaine-de-la-justice-transitionnelle-doutes-et-manquements-au-mali-kenya-burkina-faso.html#primaryimage\"},\"thumbnailUrl\":\"https:\/\/www.justiceinfo.net\/wp-content\/uploads\/54899090710e7ee981d638ed30e92d27.jpg\",\"datePublished\":\"2017-10-21T03:51:58+00:00\",\"breadcrumb\":{\"@id\":\"https:\/\/www.justiceinfo.net\/fr\/35003-la-semaine-de-la-justice-transitionnelle-doutes-et-manquements-au-mali-kenya-burkina-faso.html#breadcrumb\"},\"inLanguage\":\"fr-FR\",\"potentialAction\":[{\"@type\":\"ReadAction\",\"target\":[\"https:\/\/www.justiceinfo.net\/fr\/35003-la-semaine-de-la-justice-transitionnelle-doutes-et-manquements-au-mali-kenya-burkina-faso.html\"]}]},{\"@type\":\"ImageObject\",\"inLanguage\":\"fr-FR\",\"@id\":\"https:\/\/www.justiceinfo.net\/fr\/35003-la-semaine-de-la-justice-transitionnelle-doutes-et-manquements-au-mali-kenya-burkina-faso.html#primaryimage\",\"url\":\"https:\/\/www.justiceinfo.net\/wp-content\/uploads\/54899090710e7ee981d638ed30e92d27.jpg\",\"contentUrl\":\"https:\/\/www.justiceinfo.net\/wp-content\/uploads\/54899090710e7ee981d638ed30e92d27.jpg\",\"width\":2200,\"height\":1237},{\"@type\":\"BreadcrumbList\",\"@id\":\"https:\/\/www.justiceinfo.net\/fr\/35003-la-semaine-de-la-justice-transitionnelle-doutes-et-manquements-au-mali-kenya-burkina-faso.html#breadcrumb\",\"itemListElement\":[{\"@type\":\"ListItem\",\"position\":1,\"name\":\"Home\",\"item\":\"https:\/\/www.justiceinfo.net\/fr\"},{\"@type\":\"ListItem\",\"position\":2,\"name\":\"La semaine de la justice transitionnelle : doutes et manquements au Mali, Kenya, Burkina Faso\"}]},{\"@type\":\"WebSite\",\"@id\":\"https:\/\/www.justiceinfo.net\/fr#website\",\"url\":\"https:\/\/www.justiceinfo.net\/fr\",\"name\":\"JusticeInfo.net\",\"description\":\"La justice doit \u00eatre vue pour \u00eatre rendue\",\"publisher\":{\"@id\":\"https:\/\/www.justiceinfo.net\/fr#organization\"},\"potentialAction\":[{\"@type\":\"SearchAction\",\"target\":{\"@type\":\"EntryPoint\",\"urlTemplate\":\"https:\/\/www.justiceinfo.net\/fr?s={search_term_string}\"},\"query-input\":{\"@type\":\"PropertyValueSpecification\",\"valueRequired\":true,\"valueName\":\"search_term_string\"}}],\"inLanguage\":\"fr-FR\"},{\"@type\":\"Organization\",\"@id\":\"https:\/\/www.justiceinfo.net\/fr#organization\",\"name\":\"Justice Info\",\"url\":\"https:\/\/www.justiceinfo.net\/fr\",\"logo\":{\"@type\":\"ImageObject\",\"inLanguage\":\"fr-FR\",\"@id\":\"https:\/\/www.justiceinfo.net\/fr#\/schema\/logo\/image\/\",\"url\":\"https:\/\/www.justiceinfo.net\/wp-content\/uploads\/justiceinfo_logo-trans_1200x1200px.png\",\"contentUrl\":\"https:\/\/www.justiceinfo.net\/wp-content\/uploads\/justiceinfo_logo-trans_1200x1200px.png\",\"width\":1199,\"height\":1200,\"caption\":\"Justice Info\"},\"image\":{\"@id\":\"https:\/\/www.justiceinfo.net\/fr#\/schema\/logo\/image\/\"},\"sameAs\":[\"https:\/\/www.facebook.com\/JusticeInfo\/\",\"https:\/\/x.com\/justiceinfonet\",\"https:\/\/www.linkedin.com\/company\/justice-info\",\"https:\/\/www.youtube.com\/channel\/UCyCEsARodyuWtkWyhn-e7pA\"]},{\"@type\":\"Person\",\"name\":\"Fran\u00e7ois Sergent\",\"sameAs\":[\"https:\/\/www.facebook.com\/profile.php?id=100004809918727\",\"https:\/\/x.com\/FrancoisSergent\"],\"url\":\"https:\/\/www.justiceinfo.net\/fr\/auteur\/fsergent\"}]}<\/script>\n<!-- \/ Yoast SEO Premium plugin. -->","yoast_head_json":{"title":"La semaine de la justice transitionnelle : doutes et manquements au Mali, Kenya, Burkina Faso - JusticeInfo.net","robots":{"index":"index","follow":"follow","max-snippet":"max-snippet:-1","max-image-preview":"max-image-preview:large","max-video-preview":"max-video-preview:-1"},"canonical":"https:\/\/www.justiceinfo.net\/fr\/35003-la-semaine-de-la-justice-transitionnelle-doutes-et-manquements-au-mali-kenya-burkina-faso.html","og_locale":"fr_FR","og_type":"article","og_title":"La semaine de la justice transitionnelle : doutes et manquements au Mali, Kenya, Burkina Faso","og_description":"La justice transitionnelle cette semaine s\u2019est retrouv\u00e9e confront\u00e9e aux classiques tensions entre droit et politique, entre justice et paix. La Cour P\u00e9nale Internationale sh\u00e9rif du monde a notamment montr\u00e9 ses limites et contradictions. En visite au Mali, pays du Sahel qui vit une transition difficile et incompl\u00e8te, la procureure Fatou Bensouda a \u00e9t\u00e9 interpell\u00e9e par [&hellip;]","og_url":"https:\/\/www.justiceinfo.net\/fr\/35003-la-semaine-de-la-justice-transitionnelle-doutes-et-manquements-au-mali-kenya-burkina-faso.html","og_site_name":"JusticeInfo.net","article_publisher":"https:\/\/www.facebook.com\/JusticeInfo\/","article_author":"https:\/\/www.facebook.com\/profile.php?id=100004809918727","article_published_time":"2017-10-21T03:51:58+00:00","og_image":[{"width":2200,"height":1237,"url":"https:\/\/www.justiceinfo.net\/wp-content\/uploads\/54899090710e7ee981d638ed30e92d27.jpg","type":"image\/jpeg"}],"author":"Fran\u00e7ois Sergent","twitter_card":"summary_large_image","twitter_creator":"@FrancoisSergent","twitter_site":"@justiceinfonet","twitter_misc":{"\u00c9crit par":"Fran\u00e7ois Sergent","Dur\u00e9e de lecture estim\u00e9e":"4 minutes"},"schema":{"@context":"https:\/\/schema.org","@graph":[{"@type":"NewsArticle","@id":"https:\/\/www.justiceinfo.net\/fr\/35003-la-semaine-de-la-justice-transitionnelle-doutes-et-manquements-au-mali-kenya-burkina-faso.html#article","isPartOf":{"@id":"https:\/\/www.justiceinfo.net\/fr\/35003-la-semaine-de-la-justice-transitionnelle-doutes-et-manquements-au-mali-kenya-burkina-faso.html"},"author":{"name":"fsergent","@id":"https:\/\/www.justiceinfo.net\/fr#\/schema\/person\/724414fc3a7779fc189a73a27563e5e1"},"headline":"La semaine de la justice transitionnelle : doutes et manquements au Mali, Kenya, Burkina Faso","datePublished":"2017-10-21T03:51:58+00:00","mainEntityOfPage":{"@id":"https:\/\/www.justiceinfo.net\/fr\/35003-la-semaine-de-la-justice-transitionnelle-doutes-et-manquements-au-mali-kenya-burkina-faso.html"},"wordCount":753,"commentCount":0,"publisher":{"@id":"https:\/\/www.justiceinfo.net\/fr#organization"},"image":{"@id":"https:\/\/www.justiceinfo.net\/fr\/35003-la-semaine-de-la-justice-transitionnelle-doutes-et-manquements-au-mali-kenya-burkina-faso.html#primaryimage"},"thumbnailUrl":"https:\/\/www.justiceinfo.net\/wp-content\/uploads\/54899090710e7ee981d638ed30e92d27.jpg","articleSection":["Opinions"],"inLanguage":"fr-FR","potentialAction":[{"@type":"CommentAction","name":"Comment","target":["https:\/\/www.justiceinfo.net\/fr\/35003-la-semaine-de-la-justice-transitionnelle-doutes-et-manquements-au-mali-kenya-burkina-faso.html#respond"]}]},{"@type":"WebPage","@id":"https:\/\/www.justiceinfo.net\/fr\/35003-la-semaine-de-la-justice-transitionnelle-doutes-et-manquements-au-mali-kenya-burkina-faso.html","url":"https:\/\/www.justiceinfo.net\/fr\/35003-la-semaine-de-la-justice-transitionnelle-doutes-et-manquements-au-mali-kenya-burkina-faso.html","name":"La semaine de la justice transitionnelle : doutes et manquements au Mali, Kenya, Burkina Faso - JusticeInfo.net","isPartOf":{"@id":"https:\/\/www.justiceinfo.net\/fr#website"},"primaryImageOfPage":{"@id":"https:\/\/www.justiceinfo.net\/fr\/35003-la-semaine-de-la-justice-transitionnelle-doutes-et-manquements-au-mali-kenya-burkina-faso.html#primaryimage"},"image":{"@id":"https:\/\/www.justiceinfo.net\/fr\/35003-la-semaine-de-la-justice-transitionnelle-doutes-et-manquements-au-mali-kenya-burkina-faso.html#primaryimage"},"thumbnailUrl":"https:\/\/www.justiceinfo.net\/wp-content\/uploads\/54899090710e7ee981d638ed30e92d27.jpg","datePublished":"2017-10-21T03:51:58+00:00","breadcrumb":{"@id":"https:\/\/www.justiceinfo.net\/fr\/35003-la-semaine-de-la-justice-transitionnelle-doutes-et-manquements-au-mali-kenya-burkina-faso.html#breadcrumb"},"inLanguage":"fr-FR","potentialAction":[{"@type":"ReadAction","target":["https:\/\/www.justiceinfo.net\/fr\/35003-la-semaine-de-la-justice-transitionnelle-doutes-et-manquements-au-mali-kenya-burkina-faso.html"]}]},{"@type":"ImageObject","inLanguage":"fr-FR","@id":"https:\/\/www.justiceinfo.net\/fr\/35003-la-semaine-de-la-justice-transitionnelle-doutes-et-manquements-au-mali-kenya-burkina-faso.html#primaryimage","url":"https:\/\/www.justiceinfo.net\/wp-content\/uploads\/54899090710e7ee981d638ed30e92d27.jpg","contentUrl":"https:\/\/www.justiceinfo.net\/wp-content\/uploads\/54899090710e7ee981d638ed30e92d27.jpg","width":2200,"height":1237},{"@type":"BreadcrumbList","@id":"https:\/\/www.justiceinfo.net\/fr\/35003-la-semaine-de-la-justice-transitionnelle-doutes-et-manquements-au-mali-kenya-burkina-faso.html#breadcrumb","itemListElement":[{"@type":"ListItem","position":1,"name":"Home","item":"https:\/\/www.justiceinfo.net\/fr"},{"@type":"ListItem","position":2,"name":"La semaine de la justice transitionnelle : doutes et manquements au Mali, Kenya, Burkina Faso"}]},{"@type":"WebSite","@id":"https:\/\/www.justiceinfo.net\/fr#website","url":"https:\/\/www.justiceinfo.net\/fr","name":"JusticeInfo.net","description":"La justice doit \u00eatre vue pour \u00eatre rendue","publisher":{"@id":"https:\/\/www.justiceinfo.net\/fr#organization"},"potentialAction":[{"@type":"SearchAction","target":{"@type":"EntryPoint","urlTemplate":"https:\/\/www.justiceinfo.net\/fr?s={search_term_string}"},"query-input":{"@type":"PropertyValueSpecification","valueRequired":true,"valueName":"search_term_string"}}],"inLanguage":"fr-FR"},{"@type":"Organization","@id":"https:\/\/www.justiceinfo.net\/fr#organization","name":"Justice Info","url":"https:\/\/www.justiceinfo.net\/fr","logo":{"@type":"ImageObject","inLanguage":"fr-FR","@id":"https:\/\/www.justiceinfo.net\/fr#\/schema\/logo\/image\/","url":"https:\/\/www.justiceinfo.net\/wp-content\/uploads\/justiceinfo_logo-trans_1200x1200px.png","contentUrl":"https:\/\/www.justiceinfo.net\/wp-content\/uploads\/justiceinfo_logo-trans_1200x1200px.png","width":1199,"height":1200,"caption":"Justice Info"},"image":{"@id":"https:\/\/www.justiceinfo.net\/fr#\/schema\/logo\/image\/"},"sameAs":["https:\/\/www.facebook.com\/JusticeInfo\/","https:\/\/x.com\/justiceinfonet","https:\/\/www.linkedin.com\/company\/justice-info","https:\/\/www.youtube.com\/channel\/UCyCEsARodyuWtkWyhn-e7pA"]},{"@type":"Person","name":"Fran\u00e7ois Sergent","sameAs":["https:\/\/www.facebook.com\/profile.php?id=100004809918727","https:\/\/x.com\/FrancoisSergent"],"url":"https:\/\/www.justiceinfo.net\/fr\/auteur\/fsergent"}]}},"_links":{"self":[{"href":"https:\/\/www.justiceinfo.net\/fr\/wp-json\/wp\/v2\/posts\/35003","targetHints":{"allow":["GET"]}}],"collection":[{"href":"https:\/\/www.justiceinfo.net\/fr\/wp-json\/wp\/v2\/posts"}],"about":[{"href":"https:\/\/www.justiceinfo.net\/fr\/wp-json\/wp\/v2\/types\/post"}],"author":[{"embeddable":true,"href":"https:\/\/www.justiceinfo.net\/fr\/wp-json\/wp\/v2\/users\/58"}],"replies":[{"embeddable":true,"href":"https:\/\/www.justiceinfo.net\/fr\/wp-json\/wp\/v2\/comments?post=35003"}],"version-history":[{"count":0,"href":"https:\/\/www.justiceinfo.net\/fr\/wp-json\/wp\/v2\/posts\/35003\/revisions"}],"wp:featuredmedia":[{"embeddable":true,"href":"https:\/\/www.justiceinfo.net\/fr\/wp-json\/wp\/v2\/media\/67987"}],"wp:attachment":[{"href":"https:\/\/www.justiceinfo.net\/fr\/wp-json\/wp\/v2\/media?parent=35003"}],"wp:term":[{"taxonomy":"category","embeddable":true,"href":"https:\/\/www.justiceinfo.net\/fr\/wp-json\/wp\/v2\/categories?post=35003"},{"taxonomy":"post_tag","embeddable":true,"href":"https:\/\/www.justiceinfo.net\/fr\/wp-json\/wp\/v2\/tags?post=35003"},{"taxonomy":"ji_location","embeddable":true,"href":"https:\/\/www.justiceinfo.net\/fr\/wp-json\/wp\/v2\/ji_location?post=35003"}],"curies":[{"name":"wp","href":"https:\/\/api.w.org\/{rel}","templated":true}]}}