{"id":35040,"date":"2017-10-26T08:27:20","date_gmt":"2017-10-26T06:27:20","guid":{"rendered":"https:\/\/www.justiceinfo.net\/35040-mieux-faire-de-la-recherche-dans-des-contextes-de-conflit.html"},"modified":"2021-01-28T11:12:14","modified_gmt":"2021-01-28T10:12:14","slug":"mieux-faire-de-la-recherche-dans-des-contextes-de-conflit","status":"publish","type":"post","link":"https:\/\/www.justiceinfo.net\/fr\/35040-mieux-faire-de-la-recherche-dans-des-contextes-de-conflit.html","title":{"rendered":"Mieux faire de la recherche dans des contextes de conflit"},"content":{"rendered":"\n<div class=\"wp-block-file\"><a href=\"https:\/\/www.justiceinfo.net\/wp-content\/uploads\/report1205_ConflictSensitivity.pdf\">report1205_ConflictSensitivity<\/a><a href=\"https:\/\/www.justiceinfo.net\/wp-content\/uploads\/report1205_ConflictSensitivity.pdf\" class=\"wp-block-file__button\" download>T\u00e9l\u00e9charger<\/a><\/div>\n\n\n<p>La nouvelle publication \u00abA Conflict Sensitive Approach to Field Research - Doing Any Better?\u00bb de swisspeace et de la Commission suisse pour le partenariat scientifique avec les pays en d\u00e9veloppement (KFPE) d\u00e9montre que la recherche et les chercheurs font partie int\u00e9grante de la soci\u00e9t\u00e9 et ce faisant, des structures de pouvoir aussi bien nationales qu\u2019internationales. Ses auteurs concluent que la recherche n\u2019est jamais vraiment \u00abneutre\u00bb: m\u00eame les meilleures m\u00e9thodes n\u2019\u00e9leveraient pas l\u2019acceptance des r\u00e9sultats si les projets de recherche ne tiennent pas compte d\u00e8s le d\u00e9part des particularit\u00e9s du pouvoir politique en place, \u00e9crivent Laurent Goetschel et Sidonia Gabriel de swisspeace.\u00a0<\/p>\n<p>En mati\u00e8re de planification et de gestion de projets, les chercheurs peuvent beaucoup apprendre des exp\u00e9riences faites dans le domaine de la coop\u00e9ration au d\u00e9veloppement. Des m\u00e9thodes de comportement dites \u00absensitives\u00bb en ad\u00e9quation avec les contextes conflictuels y sont d\u00e9ploy\u00e9es depuis des d\u00e9cennies. Sur la base de cas concrets v\u00e9cus au Soudan du Sud, au N\u00e9pal ou en Ethiopie, cette nouvelle publication montre de quelle mani\u00e8re les chercheurs peuvent relever ces d\u00e9fis.\u00a0<\/p>\n<p>Les auteurs revendiquent que non seulement les chercheurs mais aussi les institutions d\u2019encouragement \u00e0 la recherche et les universit\u00e9s devraient prendre au s\u00e9rieux les exigences particuli\u00e8res auxquelles la recherche est confront\u00e9e dans des contextes de conflit. Cela permettrait aux chercheurs d\u2019\u00e9viter une propension \u00e0 s\u2019accrocher \u00e0 des plans de recherche rigides. Parall\u00e8lement, les attentes trop \u00e9lev\u00e9es quant aux r\u00e9sultats des recherches devraient \u00eatre revues \u00e0 la baisse et le soutien politique n\u00e9cessaire garanti.<\/p>\n<p><iframe loading=\"lazy\" src=\"media\/k2\/attachments\/report1205_ConflictSensitivity.pdf\" width=\"700\" height=\"850\" align=\"middle\"><\/iframe><\/p>","protected":false},"excerpt":{"rendered":"<p>La nouvelle publication \u00abA Conflict Sensitive Approach to Field Research - Doing Any Better?\u00bb de swisspeace et de la Commission suisse pour le partenariat scientifique avec les pays en d\u00e9veloppement (KFPE) d\u00e9montre que la recherche et les chercheurs font partie int\u00e9grante de la soci\u00e9t\u00e9 et ce faisant, des structures de pouvoir aussi bien nationales qu\u2019internationales. [&hellip;]<\/p>\n","protected":false},"author":63,"featured_media":0,"comment_status":"open","ping_status":"closed","sticky":false,"template":"","format":"standard","meta":{"_acf_changed":false,"footnotes":""},"categories":[556],"tags":[],"ji_location":[2496],"class_list":["post-35040","post","type-post","status-publish","format-standard","hentry","category-divers","ji_location-suisse"],"acf":[],"yoast_head":"<!-- This site is optimized with the Yoast SEO Premium plugin v25.3.1 (Yoast SEO v25.3.1) - https:\/\/yoast.com\/wordpress\/plugins\/seo\/ -->\n<title>Mieux faire de la recherche dans des contextes de conflit - JusticeInfo.net<\/title>\n<meta name=\"robots\" content=\"index, follow, max-snippet:-1, max-image-preview:large, max-video-preview:-1\" \/>\n<link rel=\"canonical\" href=\"https:\/\/www.justiceinfo.net\/fr\/35040-mieux-faire-de-la-recherche-dans-des-contextes-de-conflit.html\" \/>\n<meta property=\"og:locale\" content=\"fr_FR\" \/>\n<meta property=\"og:type\" content=\"article\" \/>\n<meta property=\"og:title\" content=\"Mieux faire de la recherche dans des contextes de conflit\" \/>\n<meta property=\"og:description\" content=\"La nouvelle publication \u00abA Conflict Sensitive Approach to Field Research - Doing Any Better?\u00bb de swisspeace et de la Commission suisse pour le partenariat scientifique avec les pays en d\u00e9veloppement (KFPE) d\u00e9montre que la recherche et les chercheurs font partie int\u00e9grante de la soci\u00e9t\u00e9 et ce faisant, des structures de pouvoir aussi bien nationales qu\u2019internationales. [&hellip;]\" \/>\n<meta property=\"og:url\" content=\"https:\/\/www.justiceinfo.net\/fr\/35040-mieux-faire-de-la-recherche-dans-des-contextes-de-conflit.html\" \/>\n<meta property=\"og:site_name\" content=\"JusticeInfo.net\" \/>\n<meta property=\"article:publisher\" content=\"https:\/\/www.facebook.com\/JusticeInfo\/\" \/>\n<meta property=\"article:published_time\" content=\"2017-10-26T06:27:20+00:00\" \/>\n<meta property=\"article:modified_time\" content=\"2021-01-28T10:12:14+00:00\" \/>\n<meta property=\"og:image\" content=\"https:\/\/www.justiceinfo.net\/wp-content\/uploads\/JusticeInfoNet_logo_1200x630px.jpg\" \/>\n\t<meta property=\"og:image:width\" content=\"1200\" \/>\n\t<meta property=\"og:image:height\" content=\"630\" \/>\n\t<meta property=\"og:image:type\" content=\"image\/jpeg\" \/>\n<meta name=\"author\" content=\"Swiss academies reports\" \/>\n<meta name=\"twitter:card\" content=\"summary_large_image\" \/>\n<meta name=\"twitter:creator\" content=\"@justiceinfonet\" \/>\n<meta name=\"twitter:site\" content=\"@justiceinfonet\" \/>\n<meta name=\"twitter:label1\" content=\"\u00c9crit par\" \/>\n\t<meta name=\"twitter:data1\" content=\"Swiss academies reports\" \/>\n\t<meta name=\"twitter:label2\" content=\"Dur\u00e9e de lecture estim\u00e9e\" \/>\n\t<meta name=\"twitter:data2\" content=\"2 minutes\" \/>\n<script type=\"application\/ld+json\" class=\"yoast-schema-graph\">{\"@context\":\"https:\/\/schema.org\",\"@graph\":[{\"@type\":\"NewsArticle\",\"@id\":\"https:\/\/www.justiceinfo.net\/fr\/35040-mieux-faire-de-la-recherche-dans-des-contextes-de-conflit.html#article\",\"isPartOf\":{\"@id\":\"https:\/\/www.justiceinfo.net\/fr\/35040-mieux-faire-de-la-recherche-dans-des-contextes-de-conflit.html\"},\"author\":{\"name\":\"civiliste\",\"@id\":\"https:\/\/www.justiceinfo.net\/fr#\/schema\/person\/015ad428615c9bd082c2b6aa8df6cad0\"},\"headline\":\"Mieux faire de la recherche dans des contextes de conflit\",\"datePublished\":\"2017-10-26T06:27:20+00:00\",\"dateModified\":\"2021-01-28T10:12:14+00:00\",\"mainEntityOfPage\":{\"@id\":\"https:\/\/www.justiceinfo.net\/fr\/35040-mieux-faire-de-la-recherche-dans-des-contextes-de-conflit.html\"},\"wordCount\":295,\"commentCount\":0,\"publisher\":{\"@id\":\"https:\/\/www.justiceinfo.net\/fr#organization\"},\"articleSection\":[\"Divers\"],\"inLanguage\":\"fr-FR\",\"potentialAction\":[{\"@type\":\"CommentAction\",\"name\":\"Comment\",\"target\":[\"https:\/\/www.justiceinfo.net\/fr\/35040-mieux-faire-de-la-recherche-dans-des-contextes-de-conflit.html#respond\"]}]},{\"@type\":\"WebPage\",\"@id\":\"https:\/\/www.justiceinfo.net\/fr\/35040-mieux-faire-de-la-recherche-dans-des-contextes-de-conflit.html\",\"url\":\"https:\/\/www.justiceinfo.net\/fr\/35040-mieux-faire-de-la-recherche-dans-des-contextes-de-conflit.html\",\"name\":\"Mieux faire de la recherche dans des contextes de conflit - JusticeInfo.net\",\"isPartOf\":{\"@id\":\"https:\/\/www.justiceinfo.net\/fr#website\"},\"datePublished\":\"2017-10-26T06:27:20+00:00\",\"dateModified\":\"2021-01-28T10:12:14+00:00\",\"breadcrumb\":{\"@id\":\"https:\/\/www.justiceinfo.net\/fr\/35040-mieux-faire-de-la-recherche-dans-des-contextes-de-conflit.html#breadcrumb\"},\"inLanguage\":\"fr-FR\",\"potentialAction\":[{\"@type\":\"ReadAction\",\"target\":[\"https:\/\/www.justiceinfo.net\/fr\/35040-mieux-faire-de-la-recherche-dans-des-contextes-de-conflit.html\"]}]},{\"@type\":\"BreadcrumbList\",\"@id\":\"https:\/\/www.justiceinfo.net\/fr\/35040-mieux-faire-de-la-recherche-dans-des-contextes-de-conflit.html#breadcrumb\",\"itemListElement\":[{\"@type\":\"ListItem\",\"position\":1,\"name\":\"Home\",\"item\":\"https:\/\/www.justiceinfo.net\/fr\"},{\"@type\":\"ListItem\",\"position\":2,\"name\":\"Mieux faire de la recherche dans des contextes de conflit\"}]},{\"@type\":\"WebSite\",\"@id\":\"https:\/\/www.justiceinfo.net\/fr#website\",\"url\":\"https:\/\/www.justiceinfo.net\/fr\",\"name\":\"JusticeInfo.net\",\"description\":\"La justice doit \u00eatre vue pour \u00eatre rendue\",\"publisher\":{\"@id\":\"https:\/\/www.justiceinfo.net\/fr#organization\"},\"potentialAction\":[{\"@type\":\"SearchAction\",\"target\":{\"@type\":\"EntryPoint\",\"urlTemplate\":\"https:\/\/www.justiceinfo.net\/fr?s={search_term_string}\"},\"query-input\":{\"@type\":\"PropertyValueSpecification\",\"valueRequired\":true,\"valueName\":\"search_term_string\"}}],\"inLanguage\":\"fr-FR\"},{\"@type\":\"Organization\",\"@id\":\"https:\/\/www.justiceinfo.net\/fr#organization\",\"name\":\"Justice Info\",\"url\":\"https:\/\/www.justiceinfo.net\/fr\",\"logo\":{\"@type\":\"ImageObject\",\"inLanguage\":\"fr-FR\",\"@id\":\"https:\/\/www.justiceinfo.net\/fr#\/schema\/logo\/image\/\",\"url\":\"https:\/\/www.justiceinfo.net\/wp-content\/uploads\/justiceinfo_logo-trans_1200x1200px.png\",\"contentUrl\":\"https:\/\/www.justiceinfo.net\/wp-content\/uploads\/justiceinfo_logo-trans_1200x1200px.png\",\"width\":1199,\"height\":1200,\"caption\":\"Justice Info\"},\"image\":{\"@id\":\"https:\/\/www.justiceinfo.net\/fr#\/schema\/logo\/image\/\"},\"sameAs\":[\"https:\/\/www.facebook.com\/JusticeInfo\/\",\"https:\/\/x.com\/justiceinfonet\",\"https:\/\/www.linkedin.com\/company\/justice-info\",\"https:\/\/www.youtube.com\/channel\/UCyCEsARodyuWtkWyhn-e7pA\"]},{\"@type\":\"Person\",\"name\":\"Swiss academies reports\",\"url\":\"\/fr\/?s=Swiss academies reports\"}]}<\/script>\n<!-- \/ Yoast SEO Premium plugin. -->","yoast_head_json":{"title":"Mieux faire de la recherche dans des contextes de conflit - JusticeInfo.net","robots":{"index":"index","follow":"follow","max-snippet":"max-snippet:-1","max-image-preview":"max-image-preview:large","max-video-preview":"max-video-preview:-1"},"canonical":"https:\/\/www.justiceinfo.net\/fr\/35040-mieux-faire-de-la-recherche-dans-des-contextes-de-conflit.html","og_locale":"fr_FR","og_type":"article","og_title":"Mieux faire de la recherche dans des contextes de conflit","og_description":"La nouvelle publication \u00abA Conflict Sensitive Approach to Field Research - Doing Any Better?\u00bb de swisspeace et de la Commission suisse pour le partenariat scientifique avec les pays en d\u00e9veloppement (KFPE) d\u00e9montre que la recherche et les chercheurs font partie int\u00e9grante de la soci\u00e9t\u00e9 et ce faisant, des structures de pouvoir aussi bien nationales qu\u2019internationales. [&hellip;]","og_url":"https:\/\/www.justiceinfo.net\/fr\/35040-mieux-faire-de-la-recherche-dans-des-contextes-de-conflit.html","og_site_name":"JusticeInfo.net","article_publisher":"https:\/\/www.facebook.com\/JusticeInfo\/","article_published_time":"2017-10-26T06:27:20+00:00","article_modified_time":"2021-01-28T10:12:14+00:00","og_image":[{"width":1200,"height":630,"url":"https:\/\/www.justiceinfo.net\/wp-content\/uploads\/JusticeInfoNet_logo_1200x630px.jpg","type":"image\/jpeg"}],"author":"Swiss academies reports","twitter_card":"summary_large_image","twitter_creator":"@justiceinfonet","twitter_site":"@justiceinfonet","twitter_misc":{"\u00c9crit par":"Swiss academies reports","Dur\u00e9e de lecture estim\u00e9e":"2 minutes"},"schema":{"@context":"https:\/\/schema.org","@graph":[{"@type":"NewsArticle","@id":"https:\/\/www.justiceinfo.net\/fr\/35040-mieux-faire-de-la-recherche-dans-des-contextes-de-conflit.html#article","isPartOf":{"@id":"https:\/\/www.justiceinfo.net\/fr\/35040-mieux-faire-de-la-recherche-dans-des-contextes-de-conflit.html"},"author":{"name":"civiliste","@id":"https:\/\/www.justiceinfo.net\/fr#\/schema\/person\/015ad428615c9bd082c2b6aa8df6cad0"},"headline":"Mieux faire de la recherche dans des contextes de conflit","datePublished":"2017-10-26T06:27:20+00:00","dateModified":"2021-01-28T10:12:14+00:00","mainEntityOfPage":{"@id":"https:\/\/www.justiceinfo.net\/fr\/35040-mieux-faire-de-la-recherche-dans-des-contextes-de-conflit.html"},"wordCount":295,"commentCount":0,"publisher":{"@id":"https:\/\/www.justiceinfo.net\/fr#organization"},"articleSection":["Divers"],"inLanguage":"fr-FR","potentialAction":[{"@type":"CommentAction","name":"Comment","target":["https:\/\/www.justiceinfo.net\/fr\/35040-mieux-faire-de-la-recherche-dans-des-contextes-de-conflit.html#respond"]}]},{"@type":"WebPage","@id":"https:\/\/www.justiceinfo.net\/fr\/35040-mieux-faire-de-la-recherche-dans-des-contextes-de-conflit.html","url":"https:\/\/www.justiceinfo.net\/fr\/35040-mieux-faire-de-la-recherche-dans-des-contextes-de-conflit.html","name":"Mieux faire de la recherche dans des contextes de conflit - JusticeInfo.net","isPartOf":{"@id":"https:\/\/www.justiceinfo.net\/fr#website"},"datePublished":"2017-10-26T06:27:20+00:00","dateModified":"2021-01-28T10:12:14+00:00","breadcrumb":{"@id":"https:\/\/www.justiceinfo.net\/fr\/35040-mieux-faire-de-la-recherche-dans-des-contextes-de-conflit.html#breadcrumb"},"inLanguage":"fr-FR","potentialAction":[{"@type":"ReadAction","target":["https:\/\/www.justiceinfo.net\/fr\/35040-mieux-faire-de-la-recherche-dans-des-contextes-de-conflit.html"]}]},{"@type":"BreadcrumbList","@id":"https:\/\/www.justiceinfo.net\/fr\/35040-mieux-faire-de-la-recherche-dans-des-contextes-de-conflit.html#breadcrumb","itemListElement":[{"@type":"ListItem","position":1,"name":"Home","item":"https:\/\/www.justiceinfo.net\/fr"},{"@type":"ListItem","position":2,"name":"Mieux faire de la recherche dans des contextes de conflit"}]},{"@type":"WebSite","@id":"https:\/\/www.justiceinfo.net\/fr#website","url":"https:\/\/www.justiceinfo.net\/fr","name":"JusticeInfo.net","description":"La justice doit \u00eatre vue pour \u00eatre rendue","publisher":{"@id":"https:\/\/www.justiceinfo.net\/fr#organization"},"potentialAction":[{"@type":"SearchAction","target":{"@type":"EntryPoint","urlTemplate":"https:\/\/www.justiceinfo.net\/fr?s={search_term_string}"},"query-input":{"@type":"PropertyValueSpecification","valueRequired":true,"valueName":"search_term_string"}}],"inLanguage":"fr-FR"},{"@type":"Organization","@id":"https:\/\/www.justiceinfo.net\/fr#organization","name":"Justice Info","url":"https:\/\/www.justiceinfo.net\/fr","logo":{"@type":"ImageObject","inLanguage":"fr-FR","@id":"https:\/\/www.justiceinfo.net\/fr#\/schema\/logo\/image\/","url":"https:\/\/www.justiceinfo.net\/wp-content\/uploads\/justiceinfo_logo-trans_1200x1200px.png","contentUrl":"https:\/\/www.justiceinfo.net\/wp-content\/uploads\/justiceinfo_logo-trans_1200x1200px.png","width":1199,"height":1200,"caption":"Justice Info"},"image":{"@id":"https:\/\/www.justiceinfo.net\/fr#\/schema\/logo\/image\/"},"sameAs":["https:\/\/www.facebook.com\/JusticeInfo\/","https:\/\/x.com\/justiceinfonet","https:\/\/www.linkedin.com\/company\/justice-info","https:\/\/www.youtube.com\/channel\/UCyCEsARodyuWtkWyhn-e7pA"]},{"@type":"Person","name":"Swiss academies reports","url":"\/fr\/?s=Swiss academies reports"}]}},"_links":{"self":[{"href":"https:\/\/www.justiceinfo.net\/fr\/wp-json\/wp\/v2\/posts\/35040","targetHints":{"allow":["GET"]}}],"collection":[{"href":"https:\/\/www.justiceinfo.net\/fr\/wp-json\/wp\/v2\/posts"}],"about":[{"href":"https:\/\/www.justiceinfo.net\/fr\/wp-json\/wp\/v2\/types\/post"}],"author":[{"embeddable":true,"href":"https:\/\/www.justiceinfo.net\/fr\/wp-json\/wp\/v2\/users\/63"}],"replies":[{"embeddable":true,"href":"https:\/\/www.justiceinfo.net\/fr\/wp-json\/wp\/v2\/comments?post=35040"}],"version-history":[{"count":1,"href":"https:\/\/www.justiceinfo.net\/fr\/wp-json\/wp\/v2\/posts\/35040\/revisions"}],"predecessor-version":[{"id":68939,"href":"https:\/\/www.justiceinfo.net\/fr\/wp-json\/wp\/v2\/posts\/35040\/revisions\/68939"}],"wp:attachment":[{"href":"https:\/\/www.justiceinfo.net\/fr\/wp-json\/wp\/v2\/media?parent=35040"}],"wp:term":[{"taxonomy":"category","embeddable":true,"href":"https:\/\/www.justiceinfo.net\/fr\/wp-json\/wp\/v2\/categories?post=35040"},{"taxonomy":"post_tag","embeddable":true,"href":"https:\/\/www.justiceinfo.net\/fr\/wp-json\/wp\/v2\/tags?post=35040"},{"taxonomy":"ji_location","embeddable":true,"href":"https:\/\/www.justiceinfo.net\/fr\/wp-json\/wp\/v2\/ji_location?post=35040"}],"curies":[{"name":"wp","href":"https:\/\/api.w.org\/{rel}","templated":true}]}}