{"id":35066,"date":"2017-10-28T13:35:03","date_gmt":"2017-10-28T11:35:03","guid":{"rendered":"https:\/\/www.justiceinfo.net\/35066-burundi-des-milliers-de-personnes-celebrent-le-retrait-effectif-de-la-cpi.html"},"modified":"2017-10-28T13:35:03","modified_gmt":"2017-10-28T11:35:03","slug":"burundi-des-milliers-de-personnes-celebrent-le-retrait-effectif-de-la-cpi","status":"publish","type":"post","link":"https:\/\/www.justiceinfo.net\/fr\/35066-burundi-des-milliers-de-personnes-celebrent-le-retrait-effectif-de-la-cpi.html","title":{"rendered":"Au Burundi: \"Bye bye\" CPI"},"content":{"rendered":"<div class=\"content-excerpt\">\n<p>Des milliers de personnes ont manifest\u00e9 samedi dans tout le Burundi, \u00e0 l'appel du gouvernement, pour \"c\u00e9l\u00e9brer\" le retrait du pays de la Cour p\u00e9nale internationale (CPI), effectif depuis vendredi.<\/p>\n<\/div>\n<p>Quelque 5.000 personnes, dont des centaines de conducteurs de taxis-v\u00e9los, taxis-motos et tuk-tuk, ont d\u00e9fil\u00e9 dans les rues de Bujumbura, en chantant et dansant au son d'une fanfare, a constat\u00e9 un photographe de l'AFP.<\/p>\n<p>Au long d'un parcours qui les a men\u00e9s notamment devant l'ambassade du Rwanda, de la Belgique et de l'Union europ\u00e9enne - v\u00e9ritables b\u00eates noires du r\u00e9gime -, ils ont lanc\u00e9 des slogans du genre \"Bye bye CPI\", \"le Burundi vient d'\u00e9crire l'une des plus glorieuses pages de l'histoire du monde\" ou encore \"le Burundi est un exemple pour l'Afrique\".<\/p>\n<p>Les manifestants se sont finalement rassembl\u00e9s sur la place de l'ind\u00e9pendance, o\u00f9 ils ont f\u00eat\u00e9 \"la fiert\u00e9 d'une souverainet\u00e9 nationale\" retrouv\u00e9e.<\/p>\n<p>Le m\u00e9diateur burundais, Edouard Nduwimana, \u00e0 la t\u00eate du cort\u00e8ge, a appel\u00e9 les manifestants \"\u00e0 prier pour les autres pays d'Afrique pour qu'ils puissent suivre l'exemple du Burundi\", en se retirant d'une CPI qui \"est arrogante, m\u00e9prisante envers nous et qui veut poursuivre les victimes \u00e0 la place de leurs bourreaux\".<\/p>\n<p>De semblables mobilisations se sont d\u00e9roul\u00e9es simultan\u00e9ment dans les chef-lieux des 17 autres provinces du pays, selon la radio nationale.<\/p>\n<p>Le Burundi est devenu vendredi le premier pays \u00e0 quitter la CPI, cr\u00e9\u00e9e il y a quinze ans \u00e0 La Haye pour poursuivre les auteurs des pires atrocit\u00e9s dans le monde.<\/p>\n<p>Ce retrait a pris effet exactement un an apr\u00e8s la notification formelle aux Nations unies par le Burundi de sa d\u00e9cision de se retirer du seul tribunal permanent qui juge les crimes de guerre.<\/p>\n<p>Toutefois, une enqu\u00eate pr\u00e9liminaire se poursuivra, lanc\u00e9e en avril 2016 par le procureur g\u00e9n\u00e9ral de la Cour, Fatou Bensouda, \u00e0 la suite de rapports de \"meurtres, emprisonnements, tortures, viols et autres formes de violence sexuelle, ainsi que des cas de disparitions forc\u00e9es\".<\/p>\n<p>Le Burundi est plong\u00e9 dans une grave crise depuis que le pr\u00e9sident Pierre Nkurunziza a annonc\u00e9 en 2015 sa candidature \u00e0 un troisi\u00e8me mandat, obtenu apr\u00e8s une \u00e9lection boycott\u00e9e par l'opposition.<\/p>\n<p>Les violences qui ont accompagn\u00e9 cette crise ont depuis fait de 500 \u00e0 2.000 morts, selon les sources (ONU et ONG), des centaines de cas de disparition forc\u00e9e et de torture, et ont pouss\u00e9 \u00e0 l'exil plus de 400.000 Burundais.<\/p>\n<p>Cr\u00e9\u00e9e en 2002, la CPI, qui compte d\u00e9sormais 123 \u00c9tats membres, a souvent \u00e9t\u00e9 critiqu\u00e9e par certains pays qui pr\u00e9tendent qu'elle cible injustement les nations africaines.<\/p>\n","protected":false},"excerpt":{"rendered":"<p>Des milliers de personnes ont manifest\u00e9 samedi dans tout le Burundi, \u00e0 l'appel du gouvernement, pour \"c\u00e9l\u00e9brer\" le retrait du pays de la Cour p\u00e9nale internationale (CPI), effectif depuis vendredi. Quelque 5.000 personnes, dont des centaines de conducteurs de taxis-v\u00e9los, taxis-motos et tuk-tuk, ont d\u00e9fil\u00e9 dans les rues de Bujumbura, en chantant et dansant au [&hellip;]<\/p>\n","protected":false},"author":60,"featured_media":0,"comment_status":"open","ping_status":"closed","sticky":false,"template":"","format":"standard","meta":{"_acf_changed":false,"footnotes":""},"categories":[570],"tags":[],"ji_location":[2152],"class_list":["post-35066","post","type-post","status-publish","format-standard","hentry","category-cpi","ji_location-burundi"],"acf":[],"yoast_head":"<!-- This site is optimized with the Yoast SEO Premium plugin v25.3.1 (Yoast SEO v25.3.1) - https:\/\/yoast.com\/wordpress\/plugins\/seo\/ -->\n<title>Au Burundi: &quot;Bye bye&quot; CPI - JusticeInfo.net<\/title>\n<meta name=\"robots\" content=\"index, follow, max-snippet:-1, max-image-preview:large, max-video-preview:-1\" \/>\n<link rel=\"canonical\" href=\"https:\/\/www.justiceinfo.net\/fr\/35066-burundi-des-milliers-de-personnes-celebrent-le-retrait-effectif-de-la-cpi.html\" \/>\n<meta property=\"og:locale\" content=\"fr_FR\" \/>\n<meta property=\"og:type\" content=\"article\" \/>\n<meta property=\"og:title\" content=\"Au Burundi: &quot;Bye bye&quot; CPI\" \/>\n<meta property=\"og:description\" content=\"Des milliers de personnes ont manifest\u00e9 samedi dans tout le Burundi, \u00e0 l&#039;appel du gouvernement, pour &quot;c\u00e9l\u00e9brer&quot; le retrait du pays de la Cour p\u00e9nale internationale (CPI), effectif depuis vendredi. Quelque 5.000 personnes, dont des centaines de conducteurs de taxis-v\u00e9los, taxis-motos et tuk-tuk, ont d\u00e9fil\u00e9 dans les rues de Bujumbura, en chantant et dansant au [&hellip;]\" \/>\n<meta property=\"og:url\" content=\"https:\/\/www.justiceinfo.net\/fr\/35066-burundi-des-milliers-de-personnes-celebrent-le-retrait-effectif-de-la-cpi.html\" \/>\n<meta property=\"og:site_name\" content=\"JusticeInfo.net\" \/>\n<meta property=\"article:publisher\" content=\"https:\/\/www.facebook.com\/JusticeInfo\/\" \/>\n<meta property=\"article:published_time\" content=\"2017-10-28T11:35:03+00:00\" \/>\n<meta property=\"og:image\" content=\"https:\/\/www.justiceinfo.net\/wp-content\/uploads\/JusticeInfoNet_logo_1200x630px.jpg\" \/>\n\t<meta property=\"og:image:width\" content=\"1200\" \/>\n\t<meta property=\"og:image:height\" content=\"630\" \/>\n\t<meta property=\"og:image:type\" content=\"image\/jpeg\" \/>\n<meta name=\"author\" content=\"AFP\" \/>\n<meta name=\"twitter:card\" content=\"summary_large_image\" \/>\n<meta name=\"twitter:creator\" content=\"@justiceinfonet\" \/>\n<meta name=\"twitter:site\" content=\"@justiceinfonet\" \/>\n<meta name=\"twitter:label1\" content=\"\u00c9crit par\" \/>\n\t<meta name=\"twitter:data1\" content=\"AFP\" \/>\n\t<meta name=\"twitter:label2\" content=\"Dur\u00e9e de lecture estim\u00e9e\" \/>\n\t<meta name=\"twitter:data2\" content=\"2 minutes\" \/>\n<script type=\"application\/ld+json\" class=\"yoast-schema-graph\">{\"@context\":\"https:\/\/schema.org\",\"@graph\":[{\"@type\":\"NewsArticle\",\"@id\":\"https:\/\/www.justiceinfo.net\/fr\/35066-burundi-des-milliers-de-personnes-celebrent-le-retrait-effectif-de-la-cpi.html#article\",\"isPartOf\":{\"@id\":\"https:\/\/www.justiceinfo.net\/fr\/35066-burundi-des-milliers-de-personnes-celebrent-le-retrait-effectif-de-la-cpi.html\"},\"author\":{\"name\":\"afp\",\"@id\":\"https:\/\/www.justiceinfo.net\/fr#\/schema\/person\/713d340ef5f218fc36ce9b4244364a7f\"},\"headline\":\"Au Burundi: \\\"Bye bye\\\" CPI\",\"datePublished\":\"2017-10-28T11:35:03+00:00\",\"mainEntityOfPage\":{\"@id\":\"https:\/\/www.justiceinfo.net\/fr\/35066-burundi-des-milliers-de-personnes-celebrent-le-retrait-effectif-de-la-cpi.html\"},\"wordCount\":464,\"commentCount\":0,\"publisher\":{\"@id\":\"https:\/\/www.justiceinfo.net\/fr#organization\"},\"articleSection\":[\"CPI\"],\"inLanguage\":\"fr-FR\",\"potentialAction\":[{\"@type\":\"CommentAction\",\"name\":\"Comment\",\"target\":[\"https:\/\/www.justiceinfo.net\/fr\/35066-burundi-des-milliers-de-personnes-celebrent-le-retrait-effectif-de-la-cpi.html#respond\"]}]},{\"@type\":\"WebPage\",\"@id\":\"https:\/\/www.justiceinfo.net\/fr\/35066-burundi-des-milliers-de-personnes-celebrent-le-retrait-effectif-de-la-cpi.html\",\"url\":\"https:\/\/www.justiceinfo.net\/fr\/35066-burundi-des-milliers-de-personnes-celebrent-le-retrait-effectif-de-la-cpi.html\",\"name\":\"Au Burundi: \\\"Bye bye\\\" CPI - JusticeInfo.net\",\"isPartOf\":{\"@id\":\"https:\/\/www.justiceinfo.net\/fr#website\"},\"datePublished\":\"2017-10-28T11:35:03+00:00\",\"breadcrumb\":{\"@id\":\"https:\/\/www.justiceinfo.net\/fr\/35066-burundi-des-milliers-de-personnes-celebrent-le-retrait-effectif-de-la-cpi.html#breadcrumb\"},\"inLanguage\":\"fr-FR\",\"potentialAction\":[{\"@type\":\"ReadAction\",\"target\":[\"https:\/\/www.justiceinfo.net\/fr\/35066-burundi-des-milliers-de-personnes-celebrent-le-retrait-effectif-de-la-cpi.html\"]}]},{\"@type\":\"BreadcrumbList\",\"@id\":\"https:\/\/www.justiceinfo.net\/fr\/35066-burundi-des-milliers-de-personnes-celebrent-le-retrait-effectif-de-la-cpi.html#breadcrumb\",\"itemListElement\":[{\"@type\":\"ListItem\",\"position\":1,\"name\":\"Home\",\"item\":\"https:\/\/www.justiceinfo.net\/fr\"},{\"@type\":\"ListItem\",\"position\":2,\"name\":\"Au Burundi: \\\"Bye bye\\\" CPI\"}]},{\"@type\":\"WebSite\",\"@id\":\"https:\/\/www.justiceinfo.net\/fr#website\",\"url\":\"https:\/\/www.justiceinfo.net\/fr\",\"name\":\"JusticeInfo.net\",\"description\":\"La justice doit \u00eatre vue pour \u00eatre rendue\",\"publisher\":{\"@id\":\"https:\/\/www.justiceinfo.net\/fr#organization\"},\"potentialAction\":[{\"@type\":\"SearchAction\",\"target\":{\"@type\":\"EntryPoint\",\"urlTemplate\":\"https:\/\/www.justiceinfo.net\/fr?s={search_term_string}\"},\"query-input\":{\"@type\":\"PropertyValueSpecification\",\"valueRequired\":true,\"valueName\":\"search_term_string\"}}],\"inLanguage\":\"fr-FR\"},{\"@type\":\"Organization\",\"@id\":\"https:\/\/www.justiceinfo.net\/fr#organization\",\"name\":\"Justice Info\",\"url\":\"https:\/\/www.justiceinfo.net\/fr\",\"logo\":{\"@type\":\"ImageObject\",\"inLanguage\":\"fr-FR\",\"@id\":\"https:\/\/www.justiceinfo.net\/fr#\/schema\/logo\/image\/\",\"url\":\"https:\/\/www.justiceinfo.net\/wp-content\/uploads\/justiceinfo_logo-trans_1200x1200px.png\",\"contentUrl\":\"https:\/\/www.justiceinfo.net\/wp-content\/uploads\/justiceinfo_logo-trans_1200x1200px.png\",\"width\":1199,\"height\":1200,\"caption\":\"Justice Info\"},\"image\":{\"@id\":\"https:\/\/www.justiceinfo.net\/fr#\/schema\/logo\/image\/\"},\"sameAs\":[\"https:\/\/www.facebook.com\/JusticeInfo\/\",\"https:\/\/x.com\/justiceinfonet\",\"https:\/\/www.linkedin.com\/company\/justice-info\",\"https:\/\/www.youtube.com\/channel\/UCyCEsARodyuWtkWyhn-e7pA\"]},{\"@type\":\"Person\",\"name\":\"AFP\",\"url\":\"\/fr\/?s=AFP\"}]}<\/script>\n<!-- \/ Yoast SEO Premium plugin. -->","yoast_head_json":{"title":"Au Burundi: \"Bye bye\" CPI - JusticeInfo.net","robots":{"index":"index","follow":"follow","max-snippet":"max-snippet:-1","max-image-preview":"max-image-preview:large","max-video-preview":"max-video-preview:-1"},"canonical":"https:\/\/www.justiceinfo.net\/fr\/35066-burundi-des-milliers-de-personnes-celebrent-le-retrait-effectif-de-la-cpi.html","og_locale":"fr_FR","og_type":"article","og_title":"Au Burundi: \"Bye bye\" CPI","og_description":"Des milliers de personnes ont manifest\u00e9 samedi dans tout le Burundi, \u00e0 l'appel du gouvernement, pour \"c\u00e9l\u00e9brer\" le retrait du pays de la Cour p\u00e9nale internationale (CPI), effectif depuis vendredi. Quelque 5.000 personnes, dont des centaines de conducteurs de taxis-v\u00e9los, taxis-motos et tuk-tuk, ont d\u00e9fil\u00e9 dans les rues de Bujumbura, en chantant et dansant au [&hellip;]","og_url":"https:\/\/www.justiceinfo.net\/fr\/35066-burundi-des-milliers-de-personnes-celebrent-le-retrait-effectif-de-la-cpi.html","og_site_name":"JusticeInfo.net","article_publisher":"https:\/\/www.facebook.com\/JusticeInfo\/","article_published_time":"2017-10-28T11:35:03+00:00","og_image":[{"width":1200,"height":630,"url":"https:\/\/www.justiceinfo.net\/wp-content\/uploads\/JusticeInfoNet_logo_1200x630px.jpg","type":"image\/jpeg"}],"author":"AFP","twitter_card":"summary_large_image","twitter_creator":"@justiceinfonet","twitter_site":"@justiceinfonet","twitter_misc":{"\u00c9crit par":"AFP","Dur\u00e9e de lecture estim\u00e9e":"2 minutes"},"schema":{"@context":"https:\/\/schema.org","@graph":[{"@type":"NewsArticle","@id":"https:\/\/www.justiceinfo.net\/fr\/35066-burundi-des-milliers-de-personnes-celebrent-le-retrait-effectif-de-la-cpi.html#article","isPartOf":{"@id":"https:\/\/www.justiceinfo.net\/fr\/35066-burundi-des-milliers-de-personnes-celebrent-le-retrait-effectif-de-la-cpi.html"},"author":{"name":"afp","@id":"https:\/\/www.justiceinfo.net\/fr#\/schema\/person\/713d340ef5f218fc36ce9b4244364a7f"},"headline":"Au Burundi: \"Bye bye\" CPI","datePublished":"2017-10-28T11:35:03+00:00","mainEntityOfPage":{"@id":"https:\/\/www.justiceinfo.net\/fr\/35066-burundi-des-milliers-de-personnes-celebrent-le-retrait-effectif-de-la-cpi.html"},"wordCount":464,"commentCount":0,"publisher":{"@id":"https:\/\/www.justiceinfo.net\/fr#organization"},"articleSection":["CPI"],"inLanguage":"fr-FR","potentialAction":[{"@type":"CommentAction","name":"Comment","target":["https:\/\/www.justiceinfo.net\/fr\/35066-burundi-des-milliers-de-personnes-celebrent-le-retrait-effectif-de-la-cpi.html#respond"]}]},{"@type":"WebPage","@id":"https:\/\/www.justiceinfo.net\/fr\/35066-burundi-des-milliers-de-personnes-celebrent-le-retrait-effectif-de-la-cpi.html","url":"https:\/\/www.justiceinfo.net\/fr\/35066-burundi-des-milliers-de-personnes-celebrent-le-retrait-effectif-de-la-cpi.html","name":"Au Burundi: \"Bye bye\" CPI - JusticeInfo.net","isPartOf":{"@id":"https:\/\/www.justiceinfo.net\/fr#website"},"datePublished":"2017-10-28T11:35:03+00:00","breadcrumb":{"@id":"https:\/\/www.justiceinfo.net\/fr\/35066-burundi-des-milliers-de-personnes-celebrent-le-retrait-effectif-de-la-cpi.html#breadcrumb"},"inLanguage":"fr-FR","potentialAction":[{"@type":"ReadAction","target":["https:\/\/www.justiceinfo.net\/fr\/35066-burundi-des-milliers-de-personnes-celebrent-le-retrait-effectif-de-la-cpi.html"]}]},{"@type":"BreadcrumbList","@id":"https:\/\/www.justiceinfo.net\/fr\/35066-burundi-des-milliers-de-personnes-celebrent-le-retrait-effectif-de-la-cpi.html#breadcrumb","itemListElement":[{"@type":"ListItem","position":1,"name":"Home","item":"https:\/\/www.justiceinfo.net\/fr"},{"@type":"ListItem","position":2,"name":"Au Burundi: \"Bye bye\" CPI"}]},{"@type":"WebSite","@id":"https:\/\/www.justiceinfo.net\/fr#website","url":"https:\/\/www.justiceinfo.net\/fr","name":"JusticeInfo.net","description":"La justice doit \u00eatre vue pour \u00eatre rendue","publisher":{"@id":"https:\/\/www.justiceinfo.net\/fr#organization"},"potentialAction":[{"@type":"SearchAction","target":{"@type":"EntryPoint","urlTemplate":"https:\/\/www.justiceinfo.net\/fr?s={search_term_string}"},"query-input":{"@type":"PropertyValueSpecification","valueRequired":true,"valueName":"search_term_string"}}],"inLanguage":"fr-FR"},{"@type":"Organization","@id":"https:\/\/www.justiceinfo.net\/fr#organization","name":"Justice Info","url":"https:\/\/www.justiceinfo.net\/fr","logo":{"@type":"ImageObject","inLanguage":"fr-FR","@id":"https:\/\/www.justiceinfo.net\/fr#\/schema\/logo\/image\/","url":"https:\/\/www.justiceinfo.net\/wp-content\/uploads\/justiceinfo_logo-trans_1200x1200px.png","contentUrl":"https:\/\/www.justiceinfo.net\/wp-content\/uploads\/justiceinfo_logo-trans_1200x1200px.png","width":1199,"height":1200,"caption":"Justice Info"},"image":{"@id":"https:\/\/www.justiceinfo.net\/fr#\/schema\/logo\/image\/"},"sameAs":["https:\/\/www.facebook.com\/JusticeInfo\/","https:\/\/x.com\/justiceinfonet","https:\/\/www.linkedin.com\/company\/justice-info","https:\/\/www.youtube.com\/channel\/UCyCEsARodyuWtkWyhn-e7pA"]},{"@type":"Person","name":"AFP","url":"\/fr\/?s=AFP"}]}},"_links":{"self":[{"href":"https:\/\/www.justiceinfo.net\/fr\/wp-json\/wp\/v2\/posts\/35066","targetHints":{"allow":["GET"]}}],"collection":[{"href":"https:\/\/www.justiceinfo.net\/fr\/wp-json\/wp\/v2\/posts"}],"about":[{"href":"https:\/\/www.justiceinfo.net\/fr\/wp-json\/wp\/v2\/types\/post"}],"author":[{"embeddable":true,"href":"https:\/\/www.justiceinfo.net\/fr\/wp-json\/wp\/v2\/users\/60"}],"replies":[{"embeddable":true,"href":"https:\/\/www.justiceinfo.net\/fr\/wp-json\/wp\/v2\/comments?post=35066"}],"version-history":[{"count":0,"href":"https:\/\/www.justiceinfo.net\/fr\/wp-json\/wp\/v2\/posts\/35066\/revisions"}],"wp:attachment":[{"href":"https:\/\/www.justiceinfo.net\/fr\/wp-json\/wp\/v2\/media?parent=35066"}],"wp:term":[{"taxonomy":"category","embeddable":true,"href":"https:\/\/www.justiceinfo.net\/fr\/wp-json\/wp\/v2\/categories?post=35066"},{"taxonomy":"post_tag","embeddable":true,"href":"https:\/\/www.justiceinfo.net\/fr\/wp-json\/wp\/v2\/tags?post=35066"},{"taxonomy":"ji_location","embeddable":true,"href":"https:\/\/www.justiceinfo.net\/fr\/wp-json\/wp\/v2\/ji_location?post=35066"}],"curies":[{"name":"wp","href":"https:\/\/api.w.org\/{rel}","templated":true}]}}