{"id":35079,"date":"2017-10-30T06:45:27","date_gmt":"2017-10-30T05:45:27","guid":{"rendered":"https:\/\/www.justiceinfo.net\/35079-la-semaine-de-la-justice-transitionnelle-echec-en-rca-et-recul-au-burundi.html"},"modified":"2017-10-30T06:45:27","modified_gmt":"2017-10-30T05:45:27","slug":"la-semaine-de-la-justice-transitionnelle-echec-en-rca-et-recul-au-burundi","status":"publish","type":"post","link":"https:\/\/www.justiceinfo.net\/fr\/35079-la-semaine-de-la-justice-transitionnelle-echec-en-rca-et-recul-au-burundi.html","title":{"rendered":"La semaine de la justice transitionnelle : \u00e9chec en RCA et recul au Burundi"},"content":{"rendered":"<div class=\"content-excerpt\">\n<p>La visite du secr\u00e9taire g\u00e9n\u00e9ral de l\u2019ONU Antonio Guterres en R\u00e9publique centrafricaine a \u00e9t\u00e9 le fait saillant de la semaine de la justice transitionnelle.<\/p>\n<\/div>\n<p>Dans ce pays sans Etat, ravag\u00e9 par la guerre, Guterres a d\u00e9fendu le droit, la mission de l\u2019ONU en RCA (Minusca) et la justice. Contre l\u2019impunit\u00e9. Peinant \u00e0 convaincre ses interlocuteurs centrafricains qui doutent de la Minusca vue comme un acteur partial et de la gouvernance du Pr\u00e9sident Touad\u00e9ra.<\/p>\n<p>Selon le secr\u00e9taire-g\u00e9n\u00e9ral qui <a href=\"fr\/justice-reconciliation\/35054-le-secr%C3%A9taire-g%C3%A9n%C3%A9ral-de-l-onu-au-coeur-du-chaos-centrafricain-papier-g%C3%A9n%C3%A9ral-centrafrique.html\">s\u2019exprimait<\/a> jeudi \u00e0 Bangassou, dans un camp de d\u00e9plac\u00e9s musulmans \u00ab\u00a0La RCA est un pays qu'un groupe de criminels essaie de transformer en enfer\". Ajoutant\u00a0: \u00ab\u00a0je sais que c'est difficile de parler de r\u00e9conciliation quand on a souffert. Mais la seule solution, c'est la r\u00e9conciliation, avec notamment la justice\u00a0\u00bb.<\/p>\n<p>On en est loin. Didier Niewiadowski, l\u2019un des meilleurs connaisseurs du pays explique ainsi dans une <a href=\"fr\/justice-reconciliation\/35036-rca-avec-touadera,-%C2%ABl-impunit%C3%A9-s%C3%A9vit-toujours-et-les-pr%C3%A9dations-n-ont-gu%C3%A8re-cess%C3%A9-%C2%BB.html\">interview<\/a> \u00e0 JusticeInfo.net\u00a0: \u00ab\u00a0Avec un pouvoir ex\u00e9cutif devenu inaudible et impuissant, la violence d\u00e9vore tout. La pr\u00e9dation et l\u2019instinct de survie co\u00fbte que co\u00fbte sont encourag\u00e9s par l'impunit\u00e9 quasiment \u00e9rig\u00e9e en principe de gouvernance\u00a0\u00bb.<\/p>\n<p>Les casques bleus de la Minusca charg\u00e9s de prot\u00e9ger les populations contribuent \u00e0 leur calvaire. Des bataillons entiers comme le contingent congolais ont d\u00fb \u00eatre rappel\u00e9s accus\u00e9s de viols, violences et trafics en tout genre. \u00c0 Bangassou, ville divis\u00e9e par des violences intercommunautaires et religieuses, les bataillons sont mis en cause au mieux pour \u00ab\u00a0passivit\u00e9\u00a0\u00bb sinon pour leur \u00ab\u00a0parti pris\u00a0\u00bb, notamment les militaires marocains.<\/p>\n<p>Dans ce contexte, la \u00ab\u00a0justice\u00a0\u00bb demand\u00e9e par Guterres et la communaut\u00e9 internationale parait lointaine, comme le montre le difficile accouchement de la Cour P\u00e9nale Sp\u00e9ciale (CPS).<\/p>\n<p>Dans un interview Thierry Vircoulon, explique\u00a0: \u00ab\u00a0La gestion politique de la Cour p\u00e9nale sp\u00e9ciale va \u00eatre un vrai d\u00e9fi pour deux raisons: premi\u00e8rement, le conflit n\u2019est pas termin\u00e9, il ne s\u2019agit donc pas de justice post-conflit mais de justice dans le conflit; deuxi\u00e8mement, la plupart des suspects d\u00e9j\u00e0 en d\u00e9tention sont des anti-balaka (nldr, milice cr\u00e9\u00e9e comme une riposte \u00e0 la Seleka) et une partie de l'\u00e9lite de Bangui a des sympathies pour eux\u00a0\u00bb.\u00a0<\/p>\n<p>Tout aussi s\u00e9v\u00e8re, Didier Niewiadowski ajoute\u00a0:\u00a0\u00ab\u00a0Devant l'immensit\u00e9 de la t\u00e2che qui est de juger les crimes contre l'humanit\u00e9 et les crimes de guerre commis depuis 2003, alors que plus de la moiti\u00e9 du territoire est hors de tout contr\u00f4le, que les victimes ont parfois \u00e9t\u00e9 aussi auteurs des crimes, qu'il n'y a plus de centres p\u00e9nitentiaires dignes de ce nom, que le procureur g\u00e9n\u00e9ral \u00e9tait un repr\u00e9sentant de la justice militaire du pr\u00e9sident Kabila ce qui augure bien de son efficacit\u00e9, qui peut encore croire raisonnablement \u00e0 son op\u00e9rationnalisation\u00a0\u00bb. Et de trancher\u00a0: \u00ab\u00a0Une juridiction nationale ne peut fonctionner que dans le cadre d'un Etat. O\u00f9 est l'Etat en Centrafrique ?\u00a0\u00bb<\/p>\n<h3>Proc\u00e8s d'un dirigeant \u00e9thiopien aux Pays-Bas<\/h3>\n<p>Pourtant, toutes les analyses montrent que seules la justice et la fin de l\u2019impunit\u00e9 peuvent assurer la r\u00e9conciliation et une paix durable. M\u00eame des d\u00e9cennies apr\u00e8s les faits. Ainsi \u00e0 l\u2019occasion du <a href=\"fr\/justice-reconciliation\/35055-la-terreur-rouge-ethiopienne-devant-un-tribunal-n%C3%A9erlandais-40-ans-apr%C3%A8s.html\">proc\u00e8s<\/a> aux Pays-Bas d\u2019un haut dignitaire \u00e9thiopien Eshetu Alemu, ancien membre du r\u00e9gime de Mengistu Hailemariam accus\u00e9 de ce qui \u00e9tait connu il y a 40 ans comme la \u00ab\u00a0terreur rouge\u00a0\u00bb, Girmachew Alemu Aneme, professeur associ\u00e9 \u00e0 l\u2019universit\u00e9 de droit d\u2019Addis-Abeba, explique \u00ab il est important que les politiciens, d\u2019hier et d\u2019aujourd\u2019hui, y compris ceux en Ethiopie, comprennent qu\u2019ils ne peuvent pas commettre des crimes et se cacher ensuite en Europe et aux Etats-Unis pour \u00e9chapper \u00e0 la justice \u00bb. Interrog\u00e9 par JusticeInfo, il ajoute qu\u2019un tel proc\u00e8s \u00ab montre que, pour ceux engag\u00e9s dans des ex\u00e9cutions politiques, pass\u00e9es ou pr\u00e9sentes, et pour la soci\u00e9t\u00e9 dans son ensemble, la justice sera rendue, m\u00eame apr\u00e8s de longues ann\u00e9es \u00bb.<\/p>\n<p>C\u2019est ce que croit pouvoir emp\u00eacher le Burundi du Pr\u00e9sident Pierre Nkurunziza qui a formellement <a href=\"fr\/justice-reconciliation\/35052-le-burundi-ouvre-la-voie-%C3%A0-l-impunit%C3%A9.html\">quitt\u00e9<\/a> le 27 octobre la Cour P\u00e9nale Internationale. Camouflet \u00e0 la justice internationale, ce retrait \"intervient au moment o\u00f9 la machine (r\u00e9pressive) continue de tuer impun\u00e9ment au Burundi\", a d\u00e9clar\u00e9 vendredi Lambert Nigarura, pr\u00e9sident de l'ONG Coalition du Burundi.<\/p>\n<p>\u00a0<\/p>\n<p>\u00a0<\/p>\n","protected":false},"excerpt":{"rendered":"<p>La visite du secr\u00e9taire g\u00e9n\u00e9ral de l\u2019ONU Antonio Guterres en R\u00e9publique centrafricaine a \u00e9t\u00e9 le fait saillant de la semaine de la justice transitionnelle. Dans ce pays sans Etat, ravag\u00e9 par la guerre, Guterres a d\u00e9fendu le droit, la mission de l\u2019ONU en RCA (Minusca) et la justice. Contre l\u2019impunit\u00e9. Peinant \u00e0 convaincre ses interlocuteurs [&hellip;]<\/p>\n","protected":false},"author":58,"featured_media":67983,"comment_status":"open","ping_status":"closed","sticky":false,"template":"","format":"standard","meta":{"_acf_changed":false,"footnotes":""},"categories":[575],"tags":[],"ji_location":[2074],"class_list":["post-35079","post","type-post","status-publish","format-standard","has-post-thumbnail","hentry","category-opinions","ji_location-afrique"],"acf":[],"yoast_head":"<!-- This site is optimized with the Yoast SEO Premium plugin v25.3.1 (Yoast SEO v25.3.1) - https:\/\/yoast.com\/wordpress\/plugins\/seo\/ -->\n<title>La semaine de la justice transitionnelle : \u00e9chec en RCA et recul au Burundi - JusticeInfo.net<\/title>\n<meta name=\"robots\" content=\"index, follow, max-snippet:-1, max-image-preview:large, max-video-preview:-1\" \/>\n<link rel=\"canonical\" href=\"https:\/\/www.justiceinfo.net\/fr\/35079-la-semaine-de-la-justice-transitionnelle-echec-en-rca-et-recul-au-burundi.html\" \/>\n<meta property=\"og:locale\" content=\"fr_FR\" \/>\n<meta property=\"og:type\" content=\"article\" \/>\n<meta property=\"og:title\" content=\"La semaine de la justice transitionnelle : \u00e9chec en RCA et recul au Burundi\" \/>\n<meta property=\"og:description\" content=\"La visite du secr\u00e9taire g\u00e9n\u00e9ral de l\u2019ONU Antonio Guterres en R\u00e9publique centrafricaine a \u00e9t\u00e9 le fait saillant de la semaine de la justice transitionnelle. Dans ce pays sans Etat, ravag\u00e9 par la guerre, Guterres a d\u00e9fendu le droit, la mission de l\u2019ONU en RCA (Minusca) et la justice. Contre l\u2019impunit\u00e9. Peinant \u00e0 convaincre ses interlocuteurs [&hellip;]\" \/>\n<meta property=\"og:url\" content=\"https:\/\/www.justiceinfo.net\/fr\/35079-la-semaine-de-la-justice-transitionnelle-echec-en-rca-et-recul-au-burundi.html\" \/>\n<meta property=\"og:site_name\" content=\"JusticeInfo.net\" \/>\n<meta property=\"article:publisher\" content=\"https:\/\/www.facebook.com\/JusticeInfo\/\" \/>\n<meta property=\"article:author\" content=\"https:\/\/www.facebook.com\/profile.php?id=100004809918727\" \/>\n<meta property=\"article:published_time\" content=\"2017-10-30T05:45:27+00:00\" \/>\n<meta property=\"og:image\" content=\"https:\/\/www.justiceinfo.net\/wp-content\/uploads\/e76f0a9ecf6422e56bb8aee7533d9edd-scaled.jpg\" \/>\n\t<meta property=\"og:image:width\" content=\"2560\" \/>\n\t<meta property=\"og:image:height\" content=\"1707\" \/>\n\t<meta property=\"og:image:type\" content=\"image\/jpeg\" \/>\n<meta name=\"author\" content=\"Fran\u00e7ois Sergent\" \/>\n<meta name=\"twitter:card\" content=\"summary_large_image\" \/>\n<meta name=\"twitter:creator\" content=\"@FrancoisSergent\" \/>\n<meta name=\"twitter:site\" content=\"@justiceinfonet\" \/>\n<meta name=\"twitter:label1\" content=\"\u00c9crit par\" \/>\n\t<meta name=\"twitter:data1\" content=\"Fran\u00e7ois Sergent\" \/>\n\t<meta name=\"twitter:label2\" content=\"Dur\u00e9e de lecture estim\u00e9e\" \/>\n\t<meta name=\"twitter:data2\" content=\"4 minutes\" \/>\n<script type=\"application\/ld+json\" class=\"yoast-schema-graph\">{\"@context\":\"https:\/\/schema.org\",\"@graph\":[{\"@type\":\"NewsArticle\",\"@id\":\"https:\/\/www.justiceinfo.net\/fr\/35079-la-semaine-de-la-justice-transitionnelle-echec-en-rca-et-recul-au-burundi.html#article\",\"isPartOf\":{\"@id\":\"https:\/\/www.justiceinfo.net\/fr\/35079-la-semaine-de-la-justice-transitionnelle-echec-en-rca-et-recul-au-burundi.html\"},\"author\":{\"name\":\"fsergent\",\"@id\":\"https:\/\/www.justiceinfo.net\/fr#\/schema\/person\/724414fc3a7779fc189a73a27563e5e1\"},\"headline\":\"La semaine de la justice transitionnelle : \u00e9chec en RCA et recul au Burundi\",\"datePublished\":\"2017-10-30T05:45:27+00:00\",\"mainEntityOfPage\":{\"@id\":\"https:\/\/www.justiceinfo.net\/fr\/35079-la-semaine-de-la-justice-transitionnelle-echec-en-rca-et-recul-au-burundi.html\"},\"wordCount\":758,\"commentCount\":0,\"publisher\":{\"@id\":\"https:\/\/www.justiceinfo.net\/fr#organization\"},\"image\":{\"@id\":\"https:\/\/www.justiceinfo.net\/fr\/35079-la-semaine-de-la-justice-transitionnelle-echec-en-rca-et-recul-au-burundi.html#primaryimage\"},\"thumbnailUrl\":\"https:\/\/www.justiceinfo.net\/wp-content\/uploads\/e76f0a9ecf6422e56bb8aee7533d9edd-scaled.jpg\",\"articleSection\":[\"Opinions\"],\"inLanguage\":\"fr-FR\",\"potentialAction\":[{\"@type\":\"CommentAction\",\"name\":\"Comment\",\"target\":[\"https:\/\/www.justiceinfo.net\/fr\/35079-la-semaine-de-la-justice-transitionnelle-echec-en-rca-et-recul-au-burundi.html#respond\"]}]},{\"@type\":\"WebPage\",\"@id\":\"https:\/\/www.justiceinfo.net\/fr\/35079-la-semaine-de-la-justice-transitionnelle-echec-en-rca-et-recul-au-burundi.html\",\"url\":\"https:\/\/www.justiceinfo.net\/fr\/35079-la-semaine-de-la-justice-transitionnelle-echec-en-rca-et-recul-au-burundi.html\",\"name\":\"La semaine de la justice transitionnelle : \u00e9chec en RCA et recul au Burundi - JusticeInfo.net\",\"isPartOf\":{\"@id\":\"https:\/\/www.justiceinfo.net\/fr#website\"},\"primaryImageOfPage\":{\"@id\":\"https:\/\/www.justiceinfo.net\/fr\/35079-la-semaine-de-la-justice-transitionnelle-echec-en-rca-et-recul-au-burundi.html#primaryimage\"},\"image\":{\"@id\":\"https:\/\/www.justiceinfo.net\/fr\/35079-la-semaine-de-la-justice-transitionnelle-echec-en-rca-et-recul-au-burundi.html#primaryimage\"},\"thumbnailUrl\":\"https:\/\/www.justiceinfo.net\/wp-content\/uploads\/e76f0a9ecf6422e56bb8aee7533d9edd-scaled.jpg\",\"datePublished\":\"2017-10-30T05:45:27+00:00\",\"breadcrumb\":{\"@id\":\"https:\/\/www.justiceinfo.net\/fr\/35079-la-semaine-de-la-justice-transitionnelle-echec-en-rca-et-recul-au-burundi.html#breadcrumb\"},\"inLanguage\":\"fr-FR\",\"potentialAction\":[{\"@type\":\"ReadAction\",\"target\":[\"https:\/\/www.justiceinfo.net\/fr\/35079-la-semaine-de-la-justice-transitionnelle-echec-en-rca-et-recul-au-burundi.html\"]}]},{\"@type\":\"ImageObject\",\"inLanguage\":\"fr-FR\",\"@id\":\"https:\/\/www.justiceinfo.net\/fr\/35079-la-semaine-de-la-justice-transitionnelle-echec-en-rca-et-recul-au-burundi.html#primaryimage\",\"url\":\"https:\/\/www.justiceinfo.net\/wp-content\/uploads\/e76f0a9ecf6422e56bb8aee7533d9edd-scaled.jpg\",\"contentUrl\":\"https:\/\/www.justiceinfo.net\/wp-content\/uploads\/e76f0a9ecf6422e56bb8aee7533d9edd-scaled.jpg\",\"width\":2560,\"height\":1707},{\"@type\":\"BreadcrumbList\",\"@id\":\"https:\/\/www.justiceinfo.net\/fr\/35079-la-semaine-de-la-justice-transitionnelle-echec-en-rca-et-recul-au-burundi.html#breadcrumb\",\"itemListElement\":[{\"@type\":\"ListItem\",\"position\":1,\"name\":\"Home\",\"item\":\"https:\/\/www.justiceinfo.net\/fr\"},{\"@type\":\"ListItem\",\"position\":2,\"name\":\"La semaine de la justice transitionnelle : \u00e9chec en RCA et recul au Burundi\"}]},{\"@type\":\"WebSite\",\"@id\":\"https:\/\/www.justiceinfo.net\/fr#website\",\"url\":\"https:\/\/www.justiceinfo.net\/fr\",\"name\":\"JusticeInfo.net\",\"description\":\"La justice doit \u00eatre vue pour \u00eatre rendue\",\"publisher\":{\"@id\":\"https:\/\/www.justiceinfo.net\/fr#organization\"},\"potentialAction\":[{\"@type\":\"SearchAction\",\"target\":{\"@type\":\"EntryPoint\",\"urlTemplate\":\"https:\/\/www.justiceinfo.net\/fr?s={search_term_string}\"},\"query-input\":{\"@type\":\"PropertyValueSpecification\",\"valueRequired\":true,\"valueName\":\"search_term_string\"}}],\"inLanguage\":\"fr-FR\"},{\"@type\":\"Organization\",\"@id\":\"https:\/\/www.justiceinfo.net\/fr#organization\",\"name\":\"Justice Info\",\"url\":\"https:\/\/www.justiceinfo.net\/fr\",\"logo\":{\"@type\":\"ImageObject\",\"inLanguage\":\"fr-FR\",\"@id\":\"https:\/\/www.justiceinfo.net\/fr#\/schema\/logo\/image\/\",\"url\":\"https:\/\/www.justiceinfo.net\/wp-content\/uploads\/justiceinfo_logo-trans_1200x1200px.png\",\"contentUrl\":\"https:\/\/www.justiceinfo.net\/wp-content\/uploads\/justiceinfo_logo-trans_1200x1200px.png\",\"width\":1199,\"height\":1200,\"caption\":\"Justice Info\"},\"image\":{\"@id\":\"https:\/\/www.justiceinfo.net\/fr#\/schema\/logo\/image\/\"},\"sameAs\":[\"https:\/\/www.facebook.com\/JusticeInfo\/\",\"https:\/\/x.com\/justiceinfonet\",\"https:\/\/www.linkedin.com\/company\/justice-info\",\"https:\/\/www.youtube.com\/channel\/UCyCEsARodyuWtkWyhn-e7pA\"]},{\"@type\":\"Person\",\"name\":\"Fran\u00e7ois Sergent\",\"sameAs\":[\"https:\/\/www.facebook.com\/profile.php?id=100004809918727\",\"https:\/\/x.com\/FrancoisSergent\"],\"url\":\"https:\/\/www.justiceinfo.net\/fr\/auteur\/fsergent\"}]}<\/script>\n<!-- \/ Yoast SEO Premium plugin. -->","yoast_head_json":{"title":"La semaine de la justice transitionnelle : \u00e9chec en RCA et recul au Burundi - JusticeInfo.net","robots":{"index":"index","follow":"follow","max-snippet":"max-snippet:-1","max-image-preview":"max-image-preview:large","max-video-preview":"max-video-preview:-1"},"canonical":"https:\/\/www.justiceinfo.net\/fr\/35079-la-semaine-de-la-justice-transitionnelle-echec-en-rca-et-recul-au-burundi.html","og_locale":"fr_FR","og_type":"article","og_title":"La semaine de la justice transitionnelle : \u00e9chec en RCA et recul au Burundi","og_description":"La visite du secr\u00e9taire g\u00e9n\u00e9ral de l\u2019ONU Antonio Guterres en R\u00e9publique centrafricaine a \u00e9t\u00e9 le fait saillant de la semaine de la justice transitionnelle. Dans ce pays sans Etat, ravag\u00e9 par la guerre, Guterres a d\u00e9fendu le droit, la mission de l\u2019ONU en RCA (Minusca) et la justice. Contre l\u2019impunit\u00e9. Peinant \u00e0 convaincre ses interlocuteurs [&hellip;]","og_url":"https:\/\/www.justiceinfo.net\/fr\/35079-la-semaine-de-la-justice-transitionnelle-echec-en-rca-et-recul-au-burundi.html","og_site_name":"JusticeInfo.net","article_publisher":"https:\/\/www.facebook.com\/JusticeInfo\/","article_author":"https:\/\/www.facebook.com\/profile.php?id=100004809918727","article_published_time":"2017-10-30T05:45:27+00:00","og_image":[{"width":2560,"height":1707,"url":"https:\/\/www.justiceinfo.net\/wp-content\/uploads\/e76f0a9ecf6422e56bb8aee7533d9edd-scaled.jpg","type":"image\/jpeg"}],"author":"Fran\u00e7ois Sergent","twitter_card":"summary_large_image","twitter_creator":"@FrancoisSergent","twitter_site":"@justiceinfonet","twitter_misc":{"\u00c9crit par":"Fran\u00e7ois Sergent","Dur\u00e9e de lecture estim\u00e9e":"4 minutes"},"schema":{"@context":"https:\/\/schema.org","@graph":[{"@type":"NewsArticle","@id":"https:\/\/www.justiceinfo.net\/fr\/35079-la-semaine-de-la-justice-transitionnelle-echec-en-rca-et-recul-au-burundi.html#article","isPartOf":{"@id":"https:\/\/www.justiceinfo.net\/fr\/35079-la-semaine-de-la-justice-transitionnelle-echec-en-rca-et-recul-au-burundi.html"},"author":{"name":"fsergent","@id":"https:\/\/www.justiceinfo.net\/fr#\/schema\/person\/724414fc3a7779fc189a73a27563e5e1"},"headline":"La semaine de la justice transitionnelle : \u00e9chec en RCA et recul au Burundi","datePublished":"2017-10-30T05:45:27+00:00","mainEntityOfPage":{"@id":"https:\/\/www.justiceinfo.net\/fr\/35079-la-semaine-de-la-justice-transitionnelle-echec-en-rca-et-recul-au-burundi.html"},"wordCount":758,"commentCount":0,"publisher":{"@id":"https:\/\/www.justiceinfo.net\/fr#organization"},"image":{"@id":"https:\/\/www.justiceinfo.net\/fr\/35079-la-semaine-de-la-justice-transitionnelle-echec-en-rca-et-recul-au-burundi.html#primaryimage"},"thumbnailUrl":"https:\/\/www.justiceinfo.net\/wp-content\/uploads\/e76f0a9ecf6422e56bb8aee7533d9edd-scaled.jpg","articleSection":["Opinions"],"inLanguage":"fr-FR","potentialAction":[{"@type":"CommentAction","name":"Comment","target":["https:\/\/www.justiceinfo.net\/fr\/35079-la-semaine-de-la-justice-transitionnelle-echec-en-rca-et-recul-au-burundi.html#respond"]}]},{"@type":"WebPage","@id":"https:\/\/www.justiceinfo.net\/fr\/35079-la-semaine-de-la-justice-transitionnelle-echec-en-rca-et-recul-au-burundi.html","url":"https:\/\/www.justiceinfo.net\/fr\/35079-la-semaine-de-la-justice-transitionnelle-echec-en-rca-et-recul-au-burundi.html","name":"La semaine de la justice transitionnelle : \u00e9chec en RCA et recul au Burundi - JusticeInfo.net","isPartOf":{"@id":"https:\/\/www.justiceinfo.net\/fr#website"},"primaryImageOfPage":{"@id":"https:\/\/www.justiceinfo.net\/fr\/35079-la-semaine-de-la-justice-transitionnelle-echec-en-rca-et-recul-au-burundi.html#primaryimage"},"image":{"@id":"https:\/\/www.justiceinfo.net\/fr\/35079-la-semaine-de-la-justice-transitionnelle-echec-en-rca-et-recul-au-burundi.html#primaryimage"},"thumbnailUrl":"https:\/\/www.justiceinfo.net\/wp-content\/uploads\/e76f0a9ecf6422e56bb8aee7533d9edd-scaled.jpg","datePublished":"2017-10-30T05:45:27+00:00","breadcrumb":{"@id":"https:\/\/www.justiceinfo.net\/fr\/35079-la-semaine-de-la-justice-transitionnelle-echec-en-rca-et-recul-au-burundi.html#breadcrumb"},"inLanguage":"fr-FR","potentialAction":[{"@type":"ReadAction","target":["https:\/\/www.justiceinfo.net\/fr\/35079-la-semaine-de-la-justice-transitionnelle-echec-en-rca-et-recul-au-burundi.html"]}]},{"@type":"ImageObject","inLanguage":"fr-FR","@id":"https:\/\/www.justiceinfo.net\/fr\/35079-la-semaine-de-la-justice-transitionnelle-echec-en-rca-et-recul-au-burundi.html#primaryimage","url":"https:\/\/www.justiceinfo.net\/wp-content\/uploads\/e76f0a9ecf6422e56bb8aee7533d9edd-scaled.jpg","contentUrl":"https:\/\/www.justiceinfo.net\/wp-content\/uploads\/e76f0a9ecf6422e56bb8aee7533d9edd-scaled.jpg","width":2560,"height":1707},{"@type":"BreadcrumbList","@id":"https:\/\/www.justiceinfo.net\/fr\/35079-la-semaine-de-la-justice-transitionnelle-echec-en-rca-et-recul-au-burundi.html#breadcrumb","itemListElement":[{"@type":"ListItem","position":1,"name":"Home","item":"https:\/\/www.justiceinfo.net\/fr"},{"@type":"ListItem","position":2,"name":"La semaine de la justice transitionnelle : \u00e9chec en RCA et recul au Burundi"}]},{"@type":"WebSite","@id":"https:\/\/www.justiceinfo.net\/fr#website","url":"https:\/\/www.justiceinfo.net\/fr","name":"JusticeInfo.net","description":"La justice doit \u00eatre vue pour \u00eatre rendue","publisher":{"@id":"https:\/\/www.justiceinfo.net\/fr#organization"},"potentialAction":[{"@type":"SearchAction","target":{"@type":"EntryPoint","urlTemplate":"https:\/\/www.justiceinfo.net\/fr?s={search_term_string}"},"query-input":{"@type":"PropertyValueSpecification","valueRequired":true,"valueName":"search_term_string"}}],"inLanguage":"fr-FR"},{"@type":"Organization","@id":"https:\/\/www.justiceinfo.net\/fr#organization","name":"Justice Info","url":"https:\/\/www.justiceinfo.net\/fr","logo":{"@type":"ImageObject","inLanguage":"fr-FR","@id":"https:\/\/www.justiceinfo.net\/fr#\/schema\/logo\/image\/","url":"https:\/\/www.justiceinfo.net\/wp-content\/uploads\/justiceinfo_logo-trans_1200x1200px.png","contentUrl":"https:\/\/www.justiceinfo.net\/wp-content\/uploads\/justiceinfo_logo-trans_1200x1200px.png","width":1199,"height":1200,"caption":"Justice Info"},"image":{"@id":"https:\/\/www.justiceinfo.net\/fr#\/schema\/logo\/image\/"},"sameAs":["https:\/\/www.facebook.com\/JusticeInfo\/","https:\/\/x.com\/justiceinfonet","https:\/\/www.linkedin.com\/company\/justice-info","https:\/\/www.youtube.com\/channel\/UCyCEsARodyuWtkWyhn-e7pA"]},{"@type":"Person","name":"Fran\u00e7ois Sergent","sameAs":["https:\/\/www.facebook.com\/profile.php?id=100004809918727","https:\/\/x.com\/FrancoisSergent"],"url":"https:\/\/www.justiceinfo.net\/fr\/auteur\/fsergent"}]}},"_links":{"self":[{"href":"https:\/\/www.justiceinfo.net\/fr\/wp-json\/wp\/v2\/posts\/35079","targetHints":{"allow":["GET"]}}],"collection":[{"href":"https:\/\/www.justiceinfo.net\/fr\/wp-json\/wp\/v2\/posts"}],"about":[{"href":"https:\/\/www.justiceinfo.net\/fr\/wp-json\/wp\/v2\/types\/post"}],"author":[{"embeddable":true,"href":"https:\/\/www.justiceinfo.net\/fr\/wp-json\/wp\/v2\/users\/58"}],"replies":[{"embeddable":true,"href":"https:\/\/www.justiceinfo.net\/fr\/wp-json\/wp\/v2\/comments?post=35079"}],"version-history":[{"count":0,"href":"https:\/\/www.justiceinfo.net\/fr\/wp-json\/wp\/v2\/posts\/35079\/revisions"}],"wp:featuredmedia":[{"embeddable":true,"href":"https:\/\/www.justiceinfo.net\/fr\/wp-json\/wp\/v2\/media\/67983"}],"wp:attachment":[{"href":"https:\/\/www.justiceinfo.net\/fr\/wp-json\/wp\/v2\/media?parent=35079"}],"wp:term":[{"taxonomy":"category","embeddable":true,"href":"https:\/\/www.justiceinfo.net\/fr\/wp-json\/wp\/v2\/categories?post=35079"},{"taxonomy":"post_tag","embeddable":true,"href":"https:\/\/www.justiceinfo.net\/fr\/wp-json\/wp\/v2\/tags?post=35079"},{"taxonomy":"ji_location","embeddable":true,"href":"https:\/\/www.justiceinfo.net\/fr\/wp-json\/wp\/v2\/ji_location?post=35079"}],"curies":[{"name":"wp","href":"https:\/\/api.w.org\/{rel}","templated":true}]}}