{"id":3511,"date":"2008-03-01T06:14:05","date_gmt":"2008-03-01T05:14:05","guid":{"rendered":"https:\/\/www.justiceinfo.net\/3511-290208-tpirrwanda-prochaine-signature-dun-accord-permettant-a-kigali-daccueillir-des-conda301.html"},"modified":"2008-03-01T06:14:05","modified_gmt":"2008-03-01T05:14:05","slug":"290208-tpirrwanda-prochaine-signature-dun-accord-permettant-a-kigali-daccueillir-des-conda301","status":"publish","type":"post","link":"https:\/\/www.justiceinfo.net\/fr\/3511-290208-tpirrwanda-prochaine-signature-dun-accord-permettant-a-kigali-daccueillir-des-conda301.html","title":{"rendered":"29.02.08 - TPIR\/RWANDA  - PROCHAINE SIGNATURE D\u2019UN ACCORD PERMETTANT A KIGALI D\u2019ACCUEILLIR DES CONDA"},"content":{"rendered":"<p  >\nArusha, 29 f\u00e9vrier 2008 (FH) \u2013 Le gouvernement rwandais et les Nations Unies signeront mardi prochain \u00e0 Kigali un accord en vertu duquel des condamn\u00e9s du Tribunal p\u00e9nal international pour le Rwanda (TPIR) pourront purger leurs peines dans une prison rwandaise, a-t-on appris vendredi de source officielle au TPIR.  <\/p>\n<p>Le porte-parole du tribunal, Roland Amoussouga, a indiqu\u00e9 lors d\u2019une conf\u00e9rence de presse, que les Nations Unies seront repr\u00e9sent\u00e9es, lors de cette signature, par le greffier en chef du TPIR, le S\u00e9n\u00e9galais Adama Dieng.\n<\/p>\n<p><!--more--><\/p>\n<p  >\nL\u2019ONU a d\u00e9j\u00e0 pass\u00e9 un accord similaire avec six autres pays : le Mali, le B\u00e9nin, le Swaziland, la France, l\u2019Italie et la Su\u00e8de. <\/p>\n<p>En vertu de ce texte, six condamn\u00e9s, dont l\u2019ex-Premier ministre, Jean Kambanda, sont d\u00e9tenus dans une prison malienne tandis que l\u2019Italo-belge, Georges Ruggiu, seul non- Rwandais \u00e0 avoir \u00e9t\u00e9 poursuivi par le TPIR \u00e0 ce jour, a \u00e9t\u00e9 transf\u00e9r\u00e9 jeudi en Italie. <\/p>\n<p>Selon le statut du TPIR, \u00ables peines d\u2019emprisonnement sont ex\u00e9cut\u00e9es au Rwanda ou dans un autre Etat d\u00e9sign\u00e9 par le tribunal sur la liste des Etats qui ont fait savoir au Conseil de s\u00e9curit\u00e9 qu\u2019ils \u00e9taient dispos\u00e9s \u00e0 recevoir des condamn\u00e9s \u00bb.  \u00ab Elles sont ex\u00e9cut\u00e9es conform\u00e9ment aux lois en vigueur de l\u2019Etat concern\u00e9, sous la supervision du tribunal \u00bb, ajoute le texte.\n<\/p>\n<p  >\nLe gouvernement rwandais qui a construit, dans le centre du pays, une prison destin\u00e9e \u00e0 h\u00e9berger les condamn\u00e9s du TPIR, a toujours fait valoir que, d\u2019apr\u00e8s ce texte, la premi\u00e8re destination est le Rwanda.\n<\/p>\n<p  >\nPour le repr\u00e9sentant du gouvernement rwandais aupr\u00e8s du TPIR, Aloys Mutabingwa, le fait de d\u00e9tenir les condamn\u00e9s au Rwanda rev\u00eat \u00ab une valeur p\u00e9dagogique \u00bb pour les Rwandais.\n<\/p>\n<p  >\nCet accord intervient apr\u00e8s une longue proc\u00e9dure : en septembre 2004, le greffe du TPIR et les autorit\u00e9s rwandaises avaient annonc\u00e9 avoir finalis\u00e9 le texte de l\u2019accord sur l\u2019ex\u00e9cution des peines.\n<\/p>\n<p  >\nLes deux parties avaient indiqu\u00e9 qu\u2019elles n\u2019attendaient plus que le feu vert de New York pour apposer leurs signatures au bas du texte. <\/p>\n<p>Le centre de d\u00e9tention du TPIR \u00e0 Arusha, en Tanzanie, h\u00e9berge actuellement 18 condamn\u00e9s d\u00e9finitifs pour lesquels le pr\u00e9sident du TPIR doit encore d\u00e9signer des pays d\u2019accueil. <\/p>\n<p>Parmi eux, figurent l\u2019ex- conseiller municipal, Vincent Rutagnira, qui sort de prison dimanche matin.\n<\/p>\n<p  >\nER\/PB\/GF<\/p>\n","protected":false},"excerpt":{"rendered":"<p>Arusha, 29 f\u00e9vrier 2008 (FH) \u2013 Le gouvernement rwandais et les Nations Unies signeront mardi prochain \u00e0 Kigali un accord en vertu duquel des condamn\u00e9s du Tribunal p\u00e9nal international pour le Rwanda (TPIR) pourront purger leurs peines dans une prison rwandaise, a-t-on appris vendredi de source officielle au TPIR. Le porte-parole du tribunal, Roland Amoussouga, [&hellip;]<\/p>\n","protected":false},"author":64,"featured_media":0,"comment_status":"open","ping_status":"closed","sticky":false,"template":"","format":"standard","meta":{"_acf_changed":false,"footnotes":""},"categories":[554],"tags":[],"ji_location":[],"class_list":["post-3511","post","type-post","status-publish","format-standard","hentry","category-hirondellenews"],"acf":[],"yoast_head":"<!-- This site is optimized with the Yoast SEO Premium plugin v25.3.1 (Yoast SEO v25.3.1) - https:\/\/yoast.com\/wordpress\/plugins\/seo\/ -->\n<title>29.02.08 - TPIR\/RWANDA - PROCHAINE SIGNATURE D\u2019UN ACCORD PERMETTANT A KIGALI D\u2019ACCUEILLIR DES CONDA - JusticeInfo.net<\/title>\n<meta name=\"robots\" content=\"index, follow, max-snippet:-1, max-image-preview:large, max-video-preview:-1\" \/>\n<link rel=\"canonical\" href=\"https:\/\/www.justiceinfo.net\/fr\/3511-290208-tpirrwanda-prochaine-signature-dun-accord-permettant-a-kigali-daccueillir-des-conda301.html\" \/>\n<meta property=\"og:locale\" content=\"fr_FR\" \/>\n<meta property=\"og:type\" content=\"article\" \/>\n<meta property=\"og:title\" content=\"29.02.08 - TPIR\/RWANDA - PROCHAINE SIGNATURE D\u2019UN ACCORD PERMETTANT A KIGALI D\u2019ACCUEILLIR DES CONDA\" \/>\n<meta property=\"og:description\" content=\"Arusha, 29 f\u00e9vrier 2008 (FH) \u2013 Le gouvernement rwandais et les Nations Unies signeront mardi prochain \u00e0 Kigali un accord en vertu duquel des condamn\u00e9s du Tribunal p\u00e9nal international pour le Rwanda (TPIR) pourront purger leurs peines dans une prison rwandaise, a-t-on appris vendredi de source officielle au TPIR. Le porte-parole du tribunal, Roland Amoussouga, [&hellip;]\" \/>\n<meta property=\"og:url\" content=\"https:\/\/www.justiceinfo.net\/fr\/3511-290208-tpirrwanda-prochaine-signature-dun-accord-permettant-a-kigali-daccueillir-des-conda301.html\" \/>\n<meta property=\"og:site_name\" content=\"JusticeInfo.net\" \/>\n<meta property=\"article:publisher\" content=\"https:\/\/www.facebook.com\/JusticeInfo\/\" \/>\n<meta property=\"article:published_time\" content=\"2008-03-01T05:14:05+00:00\" \/>\n<meta property=\"og:image\" content=\"https:\/\/www.justiceinfo.net\/wp-content\/uploads\/JusticeInfoNet_logo_1200x630px.jpg\" \/>\n\t<meta property=\"og:image:width\" content=\"1200\" \/>\n\t<meta property=\"og:image:height\" content=\"630\" \/>\n\t<meta property=\"og:image:type\" content=\"image\/jpeg\" \/>\n<meta name=\"author\" content=\"solivri\" \/>\n<meta name=\"twitter:card\" content=\"summary_large_image\" \/>\n<meta name=\"twitter:creator\" content=\"@justiceinfonet\" \/>\n<meta name=\"twitter:site\" content=\"@justiceinfonet\" \/>\n<meta name=\"twitter:label1\" content=\"\u00c9crit par\" \/>\n\t<meta name=\"twitter:data1\" content=\"solivri\" \/>\n\t<meta name=\"twitter:label2\" content=\"Dur\u00e9e de lecture estim\u00e9e\" \/>\n\t<meta name=\"twitter:data2\" content=\"2 minutes\" \/>\n<script type=\"application\/ld+json\" class=\"yoast-schema-graph\">{\"@context\":\"https:\/\/schema.org\",\"@graph\":[{\"@type\":\"NewsArticle\",\"@id\":\"https:\/\/www.justiceinfo.net\/fr\/3511-290208-tpirrwanda-prochaine-signature-dun-accord-permettant-a-kigali-daccueillir-des-conda301.html#article\",\"isPartOf\":{\"@id\":\"https:\/\/www.justiceinfo.net\/fr\/3511-290208-tpirrwanda-prochaine-signature-dun-accord-permettant-a-kigali-daccueillir-des-conda301.html\"},\"author\":{\"name\":\"solivri\",\"@id\":\"https:\/\/www.justiceinfo.net\/fr#\/schema\/person\/6e53cba1629e2e66f3fc1821d3091865\"},\"headline\":\"29.02.08 - TPIR\/RWANDA - PROCHAINE SIGNATURE D\u2019UN ACCORD PERMETTANT A KIGALI D\u2019ACCUEILLIR DES CONDA\",\"datePublished\":\"2008-03-01T05:14:05+00:00\",\"mainEntityOfPage\":{\"@id\":\"https:\/\/www.justiceinfo.net\/fr\/3511-290208-tpirrwanda-prochaine-signature-dun-accord-permettant-a-kigali-daccueillir-des-conda301.html\"},\"wordCount\":429,\"commentCount\":0,\"publisher\":{\"@id\":\"https:\/\/www.justiceinfo.net\/fr#organization\"},\"articleSection\":[\"Hirondelle News\"],\"inLanguage\":\"fr-FR\",\"potentialAction\":[{\"@type\":\"CommentAction\",\"name\":\"Comment\",\"target\":[\"https:\/\/www.justiceinfo.net\/fr\/3511-290208-tpirrwanda-prochaine-signature-dun-accord-permettant-a-kigali-daccueillir-des-conda301.html#respond\"]}]},{\"@type\":\"WebPage\",\"@id\":\"https:\/\/www.justiceinfo.net\/fr\/3511-290208-tpirrwanda-prochaine-signature-dun-accord-permettant-a-kigali-daccueillir-des-conda301.html\",\"url\":\"https:\/\/www.justiceinfo.net\/fr\/3511-290208-tpirrwanda-prochaine-signature-dun-accord-permettant-a-kigali-daccueillir-des-conda301.html\",\"name\":\"29.02.08 - TPIR\/RWANDA - PROCHAINE SIGNATURE D\u2019UN ACCORD PERMETTANT A KIGALI D\u2019ACCUEILLIR DES CONDA - JusticeInfo.net\",\"isPartOf\":{\"@id\":\"https:\/\/www.justiceinfo.net\/fr#website\"},\"datePublished\":\"2008-03-01T05:14:05+00:00\",\"breadcrumb\":{\"@id\":\"https:\/\/www.justiceinfo.net\/fr\/3511-290208-tpirrwanda-prochaine-signature-dun-accord-permettant-a-kigali-daccueillir-des-conda301.html#breadcrumb\"},\"inLanguage\":\"fr-FR\",\"potentialAction\":[{\"@type\":\"ReadAction\",\"target\":[\"https:\/\/www.justiceinfo.net\/fr\/3511-290208-tpirrwanda-prochaine-signature-dun-accord-permettant-a-kigali-daccueillir-des-conda301.html\"]}]},{\"@type\":\"BreadcrumbList\",\"@id\":\"https:\/\/www.justiceinfo.net\/fr\/3511-290208-tpirrwanda-prochaine-signature-dun-accord-permettant-a-kigali-daccueillir-des-conda301.html#breadcrumb\",\"itemListElement\":[{\"@type\":\"ListItem\",\"position\":1,\"name\":\"Home\",\"item\":\"https:\/\/www.justiceinfo.net\/fr\"},{\"@type\":\"ListItem\",\"position\":2,\"name\":\"29.02.08 - TPIR\/RWANDA - PROCHAINE SIGNATURE D\u2019UN ACCORD PERMETTANT A KIGALI D\u2019ACCUEILLIR DES CONDA\"}]},{\"@type\":\"WebSite\",\"@id\":\"https:\/\/www.justiceinfo.net\/fr#website\",\"url\":\"https:\/\/www.justiceinfo.net\/fr\",\"name\":\"JusticeInfo.net\",\"description\":\"La justice doit \u00eatre vue pour \u00eatre rendue\",\"publisher\":{\"@id\":\"https:\/\/www.justiceinfo.net\/fr#organization\"},\"potentialAction\":[{\"@type\":\"SearchAction\",\"target\":{\"@type\":\"EntryPoint\",\"urlTemplate\":\"https:\/\/www.justiceinfo.net\/fr?s={search_term_string}\"},\"query-input\":{\"@type\":\"PropertyValueSpecification\",\"valueRequired\":true,\"valueName\":\"search_term_string\"}}],\"inLanguage\":\"fr-FR\"},{\"@type\":\"Organization\",\"@id\":\"https:\/\/www.justiceinfo.net\/fr#organization\",\"name\":\"Justice Info\",\"url\":\"https:\/\/www.justiceinfo.net\/fr\",\"logo\":{\"@type\":\"ImageObject\",\"inLanguage\":\"fr-FR\",\"@id\":\"https:\/\/www.justiceinfo.net\/fr#\/schema\/logo\/image\/\",\"url\":\"https:\/\/www.justiceinfo.net\/wp-content\/uploads\/justiceinfo_logo-trans_1200x1200px.png\",\"contentUrl\":\"https:\/\/www.justiceinfo.net\/wp-content\/uploads\/justiceinfo_logo-trans_1200x1200px.png\",\"width\":1199,\"height\":1200,\"caption\":\"Justice Info\"},\"image\":{\"@id\":\"https:\/\/www.justiceinfo.net\/fr#\/schema\/logo\/image\/\"},\"sameAs\":[\"https:\/\/www.facebook.com\/JusticeInfo\/\",\"https:\/\/x.com\/justiceinfonet\",\"https:\/\/www.linkedin.com\/company\/justice-info\",\"https:\/\/www.youtube.com\/channel\/UCyCEsARodyuWtkWyhn-e7pA\"]},{\"@type\":\"Person\",\"name\":\"solivri\",\"url\":\"\/fr\/?s=solivri\"}]}<\/script>\n<!-- \/ Yoast SEO Premium plugin. -->","yoast_head_json":{"title":"29.02.08 - TPIR\/RWANDA - PROCHAINE SIGNATURE D\u2019UN ACCORD PERMETTANT A KIGALI D\u2019ACCUEILLIR DES CONDA - JusticeInfo.net","robots":{"index":"index","follow":"follow","max-snippet":"max-snippet:-1","max-image-preview":"max-image-preview:large","max-video-preview":"max-video-preview:-1"},"canonical":"https:\/\/www.justiceinfo.net\/fr\/3511-290208-tpirrwanda-prochaine-signature-dun-accord-permettant-a-kigali-daccueillir-des-conda301.html","og_locale":"fr_FR","og_type":"article","og_title":"29.02.08 - TPIR\/RWANDA - PROCHAINE SIGNATURE D\u2019UN ACCORD PERMETTANT A KIGALI D\u2019ACCUEILLIR DES CONDA","og_description":"Arusha, 29 f\u00e9vrier 2008 (FH) \u2013 Le gouvernement rwandais et les Nations Unies signeront mardi prochain \u00e0 Kigali un accord en vertu duquel des condamn\u00e9s du Tribunal p\u00e9nal international pour le Rwanda (TPIR) pourront purger leurs peines dans une prison rwandaise, a-t-on appris vendredi de source officielle au TPIR. Le porte-parole du tribunal, Roland Amoussouga, [&hellip;]","og_url":"https:\/\/www.justiceinfo.net\/fr\/3511-290208-tpirrwanda-prochaine-signature-dun-accord-permettant-a-kigali-daccueillir-des-conda301.html","og_site_name":"JusticeInfo.net","article_publisher":"https:\/\/www.facebook.com\/JusticeInfo\/","article_published_time":"2008-03-01T05:14:05+00:00","og_image":[{"width":1200,"height":630,"url":"https:\/\/www.justiceinfo.net\/wp-content\/uploads\/JusticeInfoNet_logo_1200x630px.jpg","type":"image\/jpeg"}],"author":"solivri","twitter_card":"summary_large_image","twitter_creator":"@justiceinfonet","twitter_site":"@justiceinfonet","twitter_misc":{"\u00c9crit par":"solivri","Dur\u00e9e de lecture estim\u00e9e":"2 minutes"},"schema":{"@context":"https:\/\/schema.org","@graph":[{"@type":"NewsArticle","@id":"https:\/\/www.justiceinfo.net\/fr\/3511-290208-tpirrwanda-prochaine-signature-dun-accord-permettant-a-kigali-daccueillir-des-conda301.html#article","isPartOf":{"@id":"https:\/\/www.justiceinfo.net\/fr\/3511-290208-tpirrwanda-prochaine-signature-dun-accord-permettant-a-kigali-daccueillir-des-conda301.html"},"author":{"name":"solivri","@id":"https:\/\/www.justiceinfo.net\/fr#\/schema\/person\/6e53cba1629e2e66f3fc1821d3091865"},"headline":"29.02.08 - TPIR\/RWANDA - PROCHAINE SIGNATURE D\u2019UN ACCORD PERMETTANT A KIGALI D\u2019ACCUEILLIR DES CONDA","datePublished":"2008-03-01T05:14:05+00:00","mainEntityOfPage":{"@id":"https:\/\/www.justiceinfo.net\/fr\/3511-290208-tpirrwanda-prochaine-signature-dun-accord-permettant-a-kigali-daccueillir-des-conda301.html"},"wordCount":429,"commentCount":0,"publisher":{"@id":"https:\/\/www.justiceinfo.net\/fr#organization"},"articleSection":["Hirondelle News"],"inLanguage":"fr-FR","potentialAction":[{"@type":"CommentAction","name":"Comment","target":["https:\/\/www.justiceinfo.net\/fr\/3511-290208-tpirrwanda-prochaine-signature-dun-accord-permettant-a-kigali-daccueillir-des-conda301.html#respond"]}]},{"@type":"WebPage","@id":"https:\/\/www.justiceinfo.net\/fr\/3511-290208-tpirrwanda-prochaine-signature-dun-accord-permettant-a-kigali-daccueillir-des-conda301.html","url":"https:\/\/www.justiceinfo.net\/fr\/3511-290208-tpirrwanda-prochaine-signature-dun-accord-permettant-a-kigali-daccueillir-des-conda301.html","name":"29.02.08 - TPIR\/RWANDA - PROCHAINE SIGNATURE D\u2019UN ACCORD PERMETTANT A KIGALI D\u2019ACCUEILLIR DES CONDA - JusticeInfo.net","isPartOf":{"@id":"https:\/\/www.justiceinfo.net\/fr#website"},"datePublished":"2008-03-01T05:14:05+00:00","breadcrumb":{"@id":"https:\/\/www.justiceinfo.net\/fr\/3511-290208-tpirrwanda-prochaine-signature-dun-accord-permettant-a-kigali-daccueillir-des-conda301.html#breadcrumb"},"inLanguage":"fr-FR","potentialAction":[{"@type":"ReadAction","target":["https:\/\/www.justiceinfo.net\/fr\/3511-290208-tpirrwanda-prochaine-signature-dun-accord-permettant-a-kigali-daccueillir-des-conda301.html"]}]},{"@type":"BreadcrumbList","@id":"https:\/\/www.justiceinfo.net\/fr\/3511-290208-tpirrwanda-prochaine-signature-dun-accord-permettant-a-kigali-daccueillir-des-conda301.html#breadcrumb","itemListElement":[{"@type":"ListItem","position":1,"name":"Home","item":"https:\/\/www.justiceinfo.net\/fr"},{"@type":"ListItem","position":2,"name":"29.02.08 - TPIR\/RWANDA - PROCHAINE SIGNATURE D\u2019UN ACCORD PERMETTANT A KIGALI D\u2019ACCUEILLIR DES CONDA"}]},{"@type":"WebSite","@id":"https:\/\/www.justiceinfo.net\/fr#website","url":"https:\/\/www.justiceinfo.net\/fr","name":"JusticeInfo.net","description":"La justice doit \u00eatre vue pour \u00eatre rendue","publisher":{"@id":"https:\/\/www.justiceinfo.net\/fr#organization"},"potentialAction":[{"@type":"SearchAction","target":{"@type":"EntryPoint","urlTemplate":"https:\/\/www.justiceinfo.net\/fr?s={search_term_string}"},"query-input":{"@type":"PropertyValueSpecification","valueRequired":true,"valueName":"search_term_string"}}],"inLanguage":"fr-FR"},{"@type":"Organization","@id":"https:\/\/www.justiceinfo.net\/fr#organization","name":"Justice Info","url":"https:\/\/www.justiceinfo.net\/fr","logo":{"@type":"ImageObject","inLanguage":"fr-FR","@id":"https:\/\/www.justiceinfo.net\/fr#\/schema\/logo\/image\/","url":"https:\/\/www.justiceinfo.net\/wp-content\/uploads\/justiceinfo_logo-trans_1200x1200px.png","contentUrl":"https:\/\/www.justiceinfo.net\/wp-content\/uploads\/justiceinfo_logo-trans_1200x1200px.png","width":1199,"height":1200,"caption":"Justice Info"},"image":{"@id":"https:\/\/www.justiceinfo.net\/fr#\/schema\/logo\/image\/"},"sameAs":["https:\/\/www.facebook.com\/JusticeInfo\/","https:\/\/x.com\/justiceinfonet","https:\/\/www.linkedin.com\/company\/justice-info","https:\/\/www.youtube.com\/channel\/UCyCEsARodyuWtkWyhn-e7pA"]},{"@type":"Person","name":"solivri","url":"\/fr\/?s=solivri"}]}},"_links":{"self":[{"href":"https:\/\/www.justiceinfo.net\/fr\/wp-json\/wp\/v2\/posts\/3511","targetHints":{"allow":["GET"]}}],"collection":[{"href":"https:\/\/www.justiceinfo.net\/fr\/wp-json\/wp\/v2\/posts"}],"about":[{"href":"https:\/\/www.justiceinfo.net\/fr\/wp-json\/wp\/v2\/types\/post"}],"author":[{"embeddable":true,"href":"https:\/\/www.justiceinfo.net\/fr\/wp-json\/wp\/v2\/users\/64"}],"replies":[{"embeddable":true,"href":"https:\/\/www.justiceinfo.net\/fr\/wp-json\/wp\/v2\/comments?post=3511"}],"version-history":[{"count":0,"href":"https:\/\/www.justiceinfo.net\/fr\/wp-json\/wp\/v2\/posts\/3511\/revisions"}],"wp:attachment":[{"href":"https:\/\/www.justiceinfo.net\/fr\/wp-json\/wp\/v2\/media?parent=3511"}],"wp:term":[{"taxonomy":"category","embeddable":true,"href":"https:\/\/www.justiceinfo.net\/fr\/wp-json\/wp\/v2\/categories?post=3511"},{"taxonomy":"post_tag","embeddable":true,"href":"https:\/\/www.justiceinfo.net\/fr\/wp-json\/wp\/v2\/tags?post=3511"},{"taxonomy":"ji_location","embeddable":true,"href":"https:\/\/www.justiceinfo.net\/fr\/wp-json\/wp\/v2\/ji_location?post=3511"}],"curies":[{"name":"wp","href":"https:\/\/api.w.org\/{rel}","templated":true}]}}