{"id":35134,"date":"2017-11-05T06:58:10","date_gmt":"2017-11-05T05:58:10","guid":{"rendered":"https:\/\/www.justiceinfo.net\/35134-la-semaine-de-la-justice-transitionnelle-espoir-en-rdcongo-et-en-afghanistan-recul-en-tunisie-et-burundi.html"},"modified":"2017-11-05T06:58:10","modified_gmt":"2017-11-05T05:58:10","slug":"la-semaine-de-la-justice-transitionnelle-espoir-en-rdcongo-et-en-afghanistan-recul-en-tunisie-et-burundi","status":"publish","type":"post","link":"https:\/\/www.justiceinfo.net\/fr\/35134-la-semaine-de-la-justice-transitionnelle-espoir-en-rdcongo-et-en-afghanistan-recul-en-tunisie-et-burundi.html","title":{"rendered":"La semaine de la justice transitionnelle : espoir en RDCongo et en Afghanistan, recul en Tunisie et Burundi"},"content":{"rendered":"<div class=\"content-excerpt\">\n<p>Cette semaine a montr\u00e9 les diff\u00e9rents visages d\u2019une justice transitionnelle qui souvent h\u00e9site, t\u00e2tonne ou recule.<\/p>\n<\/div>\n<p>Ainsi, la procureure de la Cour P\u00e9nale Internationale a annonc\u00e9 vendredi soir qu\u2019elle demandait l\u2019ouverture d\u2019une enqu\u00eate sur des crimes de guerre commis en Afghanistan depuis 2003. Dans le viseur de la procureure : les taliban, les forces de s\u00e9curit\u00e9 afghanes, la CIA et ses prisons secr\u00e8tes ainsi que l\u2019arm\u00e9e am\u00e9ricaine, gros morceaux d\u2019une \u00e9ventuelle proc\u00e9dure. <br \/>Les Etats-Unis qui ne sont pas partie de la CPI tout comme leurs alli\u00e9s afghans ont tout fait pour entraver cette proc\u00e9dure qui a commenc\u00e9 il y\u00a0 a dix ans et rien ne dit que la d\u00e9marche de Mme Bensouda sera men\u00e9e \u00e0 ses fins. Trois juges d\u00e9sign\u00e9s vendredi, dont la r\u00e9ponse n\u2019est pas attendue avant 2018, devront dire s\u2019il existe \u00ab une base raisonnable \u00bb pour ouvrir l\u2019enqu\u00eate souhait\u00e9e par la procureure. Il reste que cette demande de la procureure apparait comme un progr\u00e8s pour une Cour accus\u00e9e \u00e0 juste titre d\u2019\u00e9pargner les grandes puissances. Comme le dit dans JusticeInfo, Guissou Jahangiri, vice-pr\u00e9sidente de la F\u00e9d\u00e9ration internationale des ligues des droits de l\u2019Homme (FIDH) : \u00ab depuis des g\u00e9n\u00e9rations, les Afghans ont souffert des crimes internationaux commis dans leur pays, o\u00f9 il n\u2019y a jamais eu ni paix, ni de r\u00e9el m\u00e9canisme d\u2019\u00e9tablissement des responsabilit\u00e9s, y compris devant les juridictions nationales \u00bb.<\/p>\n<h3>Tunisie, RDC<\/h3>\n<p>H\u00e9sitation encore de la justice transitionnelle : la Tunisie o\u00f9 le Parlement a finalement adopt\u00e9 une loi controvers\u00e9e blanchissant les fonctionnaires corrompus sous l\u2019ancien r\u00e9gime. Ce texte voulu par le Pr\u00e9sident B\u00e9ji Caied Essebsi est une version amend\u00e9e de la loi initiale devant les oppositions de la soci\u00e9t\u00e9 civile. Mais, la fronde continue et les ONG critiques de ce qu\u2019elles voient comme une forme d\u2019amnistie ne veulent pas abdiquer devant le fiat pr\u00e9sidentiel.<\/p>\n<p>Recul manifeste de la justice transitionnelle, l\u2019officialisation par le Burundi de son retrait de la CPI. Depuis Bujumbura Louis-Marie Nindorera d\u00e9crit \u00ab la chronique d\u2019un divorce annonc\u00e9 \u00bb. Louis-Marie Nindorera s\u2019interroge sur la r\u00e9alit\u00e9 d\u2019une comp\u00e9tence de la CPI pour les crimes commis avant ce retrait effectif, expliquant : \u00ab\u00a0 Le pr\u00e9c\u00e9dent kenyan a d\u00e9montr\u00e9 les limites de celle-ci en cas de non coop\u00e9ration d\u2019un Etat, m\u00eame lorsqu\u2019il ne se retire pas du statut de Rome. Sur la sc\u00e8ne int\u00e9rieure burundaise, chaque issue de sortie bouch\u00e9e fait monter un peu plus la temp\u00e9rature dans l\u2019\u00e9tuve. La perspective d\u2019une r\u00e9vision prochaine de la Constitution pour ouvrir la voie \u00e0 un quatri\u00e8me mandat pr\u00e9sidentiel cons\u00e9cutif n\u2019a fait qu\u2019apporter une dose de toxicit\u00e9 \u00e0 l\u2019air, d\u00e9j\u00e0 charg\u00e9 d\u2019un silence lourd, pesant et audible \u00bb.<br \/>Espoir t\u00e9nu n\u00e9anmoins pour la justice en R\u00e9publique D\u00e9mocratique du Congo o\u00f9 une avocate Catherine Furaha raconte son combat pour que les violences sexuelles soient jug\u00e9es et punies. Pr\u00e9sidente de l\u2019Association femmes juristes pour la d\u00e9fense des droits de la femme et de l\u2019enfant (FJDF), une Ong locale, Maitre Furaha explique : \u00ab En mati\u00e8re de lutte contre les violences sexuelles, le Congo tient de bons discours, a de bonnes lois, c\u2019est un Etat qui a de bons programmes\u2026 Malheureusement, les r\u00e9ponses ou r\u00e9sultats sont tr\u00e8s loin de nos attentes. Un auteur commet l\u2019acte de viol, il passe aux aveux devant le tribunal et le juge le condamne \u00e0 une ann\u00e9e avec sursis ! C\u2019est une bonne mani\u00e8re de se moquer des programmes et discours que nos dirigeants tiennent. C\u2019est se moquer de la loi, de la justice, de la victime, voire de la personne humaine \u00bb. <br \/>Pour terminer citons le t\u00e9moignage recueilli par notre correspondant Claude Munhindo Sengenya de Julie, jeune Congolaise enlev\u00e9e par une milice et transform\u00e9e en esclave sexuelle des mois durant : \u00ab \u00ab A notre arriv\u00e9e dans leur le camp, en pleine brousse, l\u2019on nous distribua aux combattants. Ils abusaient de nous sexuellement chaque nuit et nous fin\u00eemes par tomber enceintes\u00bb. Une de ses compagnes Marie est aussi tomb\u00e9e enceinte et a \u00e9t\u00e9 contamin\u00e9e par le virus du SIDA. \u00ab J\u2019ai accouch\u00e9 d\u2019un gar\u00e7on. Mais quel avenir pour moi et pour lui? Je sais comment les personnes atteintes du VIH-SIDA finissent leur vie, c\u2019est tr\u00e8s horrible. Je n\u2019ai plus envie de vivre. Si je pouvais faire appel \u00e0 la mort, je le ferais \u00bb.<\/p>\n","protected":false},"excerpt":{"rendered":"<p>Cette semaine a montr\u00e9 les diff\u00e9rents visages d\u2019une justice transitionnelle qui souvent h\u00e9site, t\u00e2tonne ou recule. Ainsi, la procureure de la Cour P\u00e9nale Internationale a annonc\u00e9 vendredi soir qu\u2019elle demandait l\u2019ouverture d\u2019une enqu\u00eate sur des crimes de guerre commis en Afghanistan depuis 2003. Dans le viseur de la procureure : les taliban, les forces de [&hellip;]<\/p>\n","protected":false},"author":58,"featured_media":67981,"comment_status":"open","ping_status":"closed","sticky":false,"template":"","format":"standard","meta":{"_acf_changed":false,"footnotes":""},"categories":[570],"tags":[],"ji_location":[2074],"class_list":["post-35134","post","type-post","status-publish","format-standard","has-post-thumbnail","hentry","category-cpi","ji_location-afrique"],"acf":[],"yoast_head":"<!-- This site is optimized with the Yoast SEO Premium plugin v25.3.1 (Yoast SEO v25.3.1) - https:\/\/yoast.com\/wordpress\/plugins\/seo\/ -->\n<title>La semaine de la justice transitionnelle : espoir en RDCongo et en Afghanistan, recul en Tunisie et Burundi - JusticeInfo.net<\/title>\n<meta name=\"robots\" content=\"index, follow, max-snippet:-1, max-image-preview:large, max-video-preview:-1\" \/>\n<link rel=\"canonical\" href=\"https:\/\/www.justiceinfo.net\/fr\/35134-la-semaine-de-la-justice-transitionnelle-espoir-en-rdcongo-et-en-afghanistan-recul-en-tunisie-et-burundi.html\" \/>\n<meta property=\"og:locale\" content=\"fr_FR\" \/>\n<meta property=\"og:type\" content=\"article\" \/>\n<meta property=\"og:title\" content=\"La semaine de la justice transitionnelle : espoir en RDCongo et en Afghanistan, recul en Tunisie et Burundi\" \/>\n<meta property=\"og:description\" content=\"Cette semaine a montr\u00e9 les diff\u00e9rents visages d\u2019une justice transitionnelle qui souvent h\u00e9site, t\u00e2tonne ou recule. Ainsi, la procureure de la Cour P\u00e9nale Internationale a annonc\u00e9 vendredi soir qu\u2019elle demandait l\u2019ouverture d\u2019une enqu\u00eate sur des crimes de guerre commis en Afghanistan depuis 2003. Dans le viseur de la procureure : les taliban, les forces de [&hellip;]\" \/>\n<meta property=\"og:url\" content=\"https:\/\/www.justiceinfo.net\/fr\/35134-la-semaine-de-la-justice-transitionnelle-espoir-en-rdcongo-et-en-afghanistan-recul-en-tunisie-et-burundi.html\" \/>\n<meta property=\"og:site_name\" content=\"JusticeInfo.net\" \/>\n<meta property=\"article:publisher\" content=\"https:\/\/www.facebook.com\/JusticeInfo\/\" \/>\n<meta property=\"article:author\" content=\"https:\/\/www.facebook.com\/profile.php?id=100004809918727\" \/>\n<meta property=\"article:published_time\" content=\"2017-11-05T05:58:10+00:00\" \/>\n<meta property=\"og:image\" content=\"https:\/\/www.justiceinfo.net\/wp-content\/uploads\/a6e69eac51c50f96bfcb83e68ec5135b.jpg\" \/>\n\t<meta property=\"og:image:width\" content=\"1522\" \/>\n\t<meta property=\"og:image:height\" content=\"1833\" \/>\n\t<meta property=\"og:image:type\" content=\"image\/jpeg\" \/>\n<meta name=\"author\" content=\"Fran\u00e7ois Sergent\" \/>\n<meta name=\"twitter:card\" content=\"summary_large_image\" \/>\n<meta name=\"twitter:creator\" content=\"@FrancoisSergent\" \/>\n<meta name=\"twitter:site\" content=\"@justiceinfonet\" \/>\n<meta name=\"twitter:label1\" content=\"\u00c9crit par\" \/>\n\t<meta name=\"twitter:data1\" content=\"Fran\u00e7ois Sergent\" \/>\n\t<meta name=\"twitter:label2\" content=\"Dur\u00e9e de lecture estim\u00e9e\" \/>\n\t<meta name=\"twitter:data2\" content=\"4 minutes\" \/>\n<script type=\"application\/ld+json\" class=\"yoast-schema-graph\">{\"@context\":\"https:\/\/schema.org\",\"@graph\":[{\"@type\":\"NewsArticle\",\"@id\":\"https:\/\/www.justiceinfo.net\/fr\/35134-la-semaine-de-la-justice-transitionnelle-espoir-en-rdcongo-et-en-afghanistan-recul-en-tunisie-et-burundi.html#article\",\"isPartOf\":{\"@id\":\"https:\/\/www.justiceinfo.net\/fr\/35134-la-semaine-de-la-justice-transitionnelle-espoir-en-rdcongo-et-en-afghanistan-recul-en-tunisie-et-burundi.html\"},\"author\":{\"name\":\"fsergent\",\"@id\":\"https:\/\/www.justiceinfo.net\/fr#\/schema\/person\/724414fc3a7779fc189a73a27563e5e1\"},\"headline\":\"La semaine de la justice transitionnelle : espoir en RDCongo et en Afghanistan, recul en Tunisie et Burundi\",\"datePublished\":\"2017-11-05T05:58:10+00:00\",\"mainEntityOfPage\":{\"@id\":\"https:\/\/www.justiceinfo.net\/fr\/35134-la-semaine-de-la-justice-transitionnelle-espoir-en-rdcongo-et-en-afghanistan-recul-en-tunisie-et-burundi.html\"},\"wordCount\":803,\"commentCount\":0,\"publisher\":{\"@id\":\"https:\/\/www.justiceinfo.net\/fr#organization\"},\"image\":{\"@id\":\"https:\/\/www.justiceinfo.net\/fr\/35134-la-semaine-de-la-justice-transitionnelle-espoir-en-rdcongo-et-en-afghanistan-recul-en-tunisie-et-burundi.html#primaryimage\"},\"thumbnailUrl\":\"https:\/\/www.justiceinfo.net\/wp-content\/uploads\/a6e69eac51c50f96bfcb83e68ec5135b.jpg\",\"articleSection\":[\"CPI\"],\"inLanguage\":\"fr-FR\",\"potentialAction\":[{\"@type\":\"CommentAction\",\"name\":\"Comment\",\"target\":[\"https:\/\/www.justiceinfo.net\/fr\/35134-la-semaine-de-la-justice-transitionnelle-espoir-en-rdcongo-et-en-afghanistan-recul-en-tunisie-et-burundi.html#respond\"]}]},{\"@type\":\"WebPage\",\"@id\":\"https:\/\/www.justiceinfo.net\/fr\/35134-la-semaine-de-la-justice-transitionnelle-espoir-en-rdcongo-et-en-afghanistan-recul-en-tunisie-et-burundi.html\",\"url\":\"https:\/\/www.justiceinfo.net\/fr\/35134-la-semaine-de-la-justice-transitionnelle-espoir-en-rdcongo-et-en-afghanistan-recul-en-tunisie-et-burundi.html\",\"name\":\"La semaine de la justice transitionnelle : espoir en RDCongo et en Afghanistan, recul en Tunisie et Burundi - JusticeInfo.net\",\"isPartOf\":{\"@id\":\"https:\/\/www.justiceinfo.net\/fr#website\"},\"primaryImageOfPage\":{\"@id\":\"https:\/\/www.justiceinfo.net\/fr\/35134-la-semaine-de-la-justice-transitionnelle-espoir-en-rdcongo-et-en-afghanistan-recul-en-tunisie-et-burundi.html#primaryimage\"},\"image\":{\"@id\":\"https:\/\/www.justiceinfo.net\/fr\/35134-la-semaine-de-la-justice-transitionnelle-espoir-en-rdcongo-et-en-afghanistan-recul-en-tunisie-et-burundi.html#primaryimage\"},\"thumbnailUrl\":\"https:\/\/www.justiceinfo.net\/wp-content\/uploads\/a6e69eac51c50f96bfcb83e68ec5135b.jpg\",\"datePublished\":\"2017-11-05T05:58:10+00:00\",\"breadcrumb\":{\"@id\":\"https:\/\/www.justiceinfo.net\/fr\/35134-la-semaine-de-la-justice-transitionnelle-espoir-en-rdcongo-et-en-afghanistan-recul-en-tunisie-et-burundi.html#breadcrumb\"},\"inLanguage\":\"fr-FR\",\"potentialAction\":[{\"@type\":\"ReadAction\",\"target\":[\"https:\/\/www.justiceinfo.net\/fr\/35134-la-semaine-de-la-justice-transitionnelle-espoir-en-rdcongo-et-en-afghanistan-recul-en-tunisie-et-burundi.html\"]}]},{\"@type\":\"ImageObject\",\"inLanguage\":\"fr-FR\",\"@id\":\"https:\/\/www.justiceinfo.net\/fr\/35134-la-semaine-de-la-justice-transitionnelle-espoir-en-rdcongo-et-en-afghanistan-recul-en-tunisie-et-burundi.html#primaryimage\",\"url\":\"https:\/\/www.justiceinfo.net\/wp-content\/uploads\/a6e69eac51c50f96bfcb83e68ec5135b.jpg\",\"contentUrl\":\"https:\/\/www.justiceinfo.net\/wp-content\/uploads\/a6e69eac51c50f96bfcb83e68ec5135b.jpg\",\"width\":1522,\"height\":1833},{\"@type\":\"BreadcrumbList\",\"@id\":\"https:\/\/www.justiceinfo.net\/fr\/35134-la-semaine-de-la-justice-transitionnelle-espoir-en-rdcongo-et-en-afghanistan-recul-en-tunisie-et-burundi.html#breadcrumb\",\"itemListElement\":[{\"@type\":\"ListItem\",\"position\":1,\"name\":\"Home\",\"item\":\"https:\/\/www.justiceinfo.net\/fr\"},{\"@type\":\"ListItem\",\"position\":2,\"name\":\"La semaine de la justice transitionnelle : espoir en RDCongo et en Afghanistan, recul en Tunisie et Burundi\"}]},{\"@type\":\"WebSite\",\"@id\":\"https:\/\/www.justiceinfo.net\/fr#website\",\"url\":\"https:\/\/www.justiceinfo.net\/fr\",\"name\":\"JusticeInfo.net\",\"description\":\"La justice doit \u00eatre vue pour \u00eatre rendue\",\"publisher\":{\"@id\":\"https:\/\/www.justiceinfo.net\/fr#organization\"},\"potentialAction\":[{\"@type\":\"SearchAction\",\"target\":{\"@type\":\"EntryPoint\",\"urlTemplate\":\"https:\/\/www.justiceinfo.net\/fr?s={search_term_string}\"},\"query-input\":{\"@type\":\"PropertyValueSpecification\",\"valueRequired\":true,\"valueName\":\"search_term_string\"}}],\"inLanguage\":\"fr-FR\"},{\"@type\":\"Organization\",\"@id\":\"https:\/\/www.justiceinfo.net\/fr#organization\",\"name\":\"Justice Info\",\"url\":\"https:\/\/www.justiceinfo.net\/fr\",\"logo\":{\"@type\":\"ImageObject\",\"inLanguage\":\"fr-FR\",\"@id\":\"https:\/\/www.justiceinfo.net\/fr#\/schema\/logo\/image\/\",\"url\":\"https:\/\/www.justiceinfo.net\/wp-content\/uploads\/justiceinfo_logo-trans_1200x1200px.png\",\"contentUrl\":\"https:\/\/www.justiceinfo.net\/wp-content\/uploads\/justiceinfo_logo-trans_1200x1200px.png\",\"width\":1199,\"height\":1200,\"caption\":\"Justice Info\"},\"image\":{\"@id\":\"https:\/\/www.justiceinfo.net\/fr#\/schema\/logo\/image\/\"},\"sameAs\":[\"https:\/\/www.facebook.com\/JusticeInfo\/\",\"https:\/\/x.com\/justiceinfonet\",\"https:\/\/www.linkedin.com\/company\/justice-info\",\"https:\/\/www.youtube.com\/channel\/UCyCEsARodyuWtkWyhn-e7pA\"]},{\"@type\":\"Person\",\"name\":\"Fran\u00e7ois Sergent\",\"sameAs\":[\"https:\/\/www.facebook.com\/profile.php?id=100004809918727\",\"https:\/\/x.com\/FrancoisSergent\"],\"url\":\"https:\/\/www.justiceinfo.net\/fr\/auteur\/fsergent\"}]}<\/script>\n<!-- \/ Yoast SEO Premium plugin. -->","yoast_head_json":{"title":"La semaine de la justice transitionnelle : espoir en RDCongo et en Afghanistan, recul en Tunisie et Burundi - JusticeInfo.net","robots":{"index":"index","follow":"follow","max-snippet":"max-snippet:-1","max-image-preview":"max-image-preview:large","max-video-preview":"max-video-preview:-1"},"canonical":"https:\/\/www.justiceinfo.net\/fr\/35134-la-semaine-de-la-justice-transitionnelle-espoir-en-rdcongo-et-en-afghanistan-recul-en-tunisie-et-burundi.html","og_locale":"fr_FR","og_type":"article","og_title":"La semaine de la justice transitionnelle : espoir en RDCongo et en Afghanistan, recul en Tunisie et Burundi","og_description":"Cette semaine a montr\u00e9 les diff\u00e9rents visages d\u2019une justice transitionnelle qui souvent h\u00e9site, t\u00e2tonne ou recule. Ainsi, la procureure de la Cour P\u00e9nale Internationale a annonc\u00e9 vendredi soir qu\u2019elle demandait l\u2019ouverture d\u2019une enqu\u00eate sur des crimes de guerre commis en Afghanistan depuis 2003. Dans le viseur de la procureure : les taliban, les forces de [&hellip;]","og_url":"https:\/\/www.justiceinfo.net\/fr\/35134-la-semaine-de-la-justice-transitionnelle-espoir-en-rdcongo-et-en-afghanistan-recul-en-tunisie-et-burundi.html","og_site_name":"JusticeInfo.net","article_publisher":"https:\/\/www.facebook.com\/JusticeInfo\/","article_author":"https:\/\/www.facebook.com\/profile.php?id=100004809918727","article_published_time":"2017-11-05T05:58:10+00:00","og_image":[{"width":1522,"height":1833,"url":"https:\/\/www.justiceinfo.net\/wp-content\/uploads\/a6e69eac51c50f96bfcb83e68ec5135b.jpg","type":"image\/jpeg"}],"author":"Fran\u00e7ois Sergent","twitter_card":"summary_large_image","twitter_creator":"@FrancoisSergent","twitter_site":"@justiceinfonet","twitter_misc":{"\u00c9crit par":"Fran\u00e7ois Sergent","Dur\u00e9e de lecture estim\u00e9e":"4 minutes"},"schema":{"@context":"https:\/\/schema.org","@graph":[{"@type":"NewsArticle","@id":"https:\/\/www.justiceinfo.net\/fr\/35134-la-semaine-de-la-justice-transitionnelle-espoir-en-rdcongo-et-en-afghanistan-recul-en-tunisie-et-burundi.html#article","isPartOf":{"@id":"https:\/\/www.justiceinfo.net\/fr\/35134-la-semaine-de-la-justice-transitionnelle-espoir-en-rdcongo-et-en-afghanistan-recul-en-tunisie-et-burundi.html"},"author":{"name":"fsergent","@id":"https:\/\/www.justiceinfo.net\/fr#\/schema\/person\/724414fc3a7779fc189a73a27563e5e1"},"headline":"La semaine de la justice transitionnelle : espoir en RDCongo et en Afghanistan, recul en Tunisie et Burundi","datePublished":"2017-11-05T05:58:10+00:00","mainEntityOfPage":{"@id":"https:\/\/www.justiceinfo.net\/fr\/35134-la-semaine-de-la-justice-transitionnelle-espoir-en-rdcongo-et-en-afghanistan-recul-en-tunisie-et-burundi.html"},"wordCount":803,"commentCount":0,"publisher":{"@id":"https:\/\/www.justiceinfo.net\/fr#organization"},"image":{"@id":"https:\/\/www.justiceinfo.net\/fr\/35134-la-semaine-de-la-justice-transitionnelle-espoir-en-rdcongo-et-en-afghanistan-recul-en-tunisie-et-burundi.html#primaryimage"},"thumbnailUrl":"https:\/\/www.justiceinfo.net\/wp-content\/uploads\/a6e69eac51c50f96bfcb83e68ec5135b.jpg","articleSection":["CPI"],"inLanguage":"fr-FR","potentialAction":[{"@type":"CommentAction","name":"Comment","target":["https:\/\/www.justiceinfo.net\/fr\/35134-la-semaine-de-la-justice-transitionnelle-espoir-en-rdcongo-et-en-afghanistan-recul-en-tunisie-et-burundi.html#respond"]}]},{"@type":"WebPage","@id":"https:\/\/www.justiceinfo.net\/fr\/35134-la-semaine-de-la-justice-transitionnelle-espoir-en-rdcongo-et-en-afghanistan-recul-en-tunisie-et-burundi.html","url":"https:\/\/www.justiceinfo.net\/fr\/35134-la-semaine-de-la-justice-transitionnelle-espoir-en-rdcongo-et-en-afghanistan-recul-en-tunisie-et-burundi.html","name":"La semaine de la justice transitionnelle : espoir en RDCongo et en Afghanistan, recul en Tunisie et Burundi - JusticeInfo.net","isPartOf":{"@id":"https:\/\/www.justiceinfo.net\/fr#website"},"primaryImageOfPage":{"@id":"https:\/\/www.justiceinfo.net\/fr\/35134-la-semaine-de-la-justice-transitionnelle-espoir-en-rdcongo-et-en-afghanistan-recul-en-tunisie-et-burundi.html#primaryimage"},"image":{"@id":"https:\/\/www.justiceinfo.net\/fr\/35134-la-semaine-de-la-justice-transitionnelle-espoir-en-rdcongo-et-en-afghanistan-recul-en-tunisie-et-burundi.html#primaryimage"},"thumbnailUrl":"https:\/\/www.justiceinfo.net\/wp-content\/uploads\/a6e69eac51c50f96bfcb83e68ec5135b.jpg","datePublished":"2017-11-05T05:58:10+00:00","breadcrumb":{"@id":"https:\/\/www.justiceinfo.net\/fr\/35134-la-semaine-de-la-justice-transitionnelle-espoir-en-rdcongo-et-en-afghanistan-recul-en-tunisie-et-burundi.html#breadcrumb"},"inLanguage":"fr-FR","potentialAction":[{"@type":"ReadAction","target":["https:\/\/www.justiceinfo.net\/fr\/35134-la-semaine-de-la-justice-transitionnelle-espoir-en-rdcongo-et-en-afghanistan-recul-en-tunisie-et-burundi.html"]}]},{"@type":"ImageObject","inLanguage":"fr-FR","@id":"https:\/\/www.justiceinfo.net\/fr\/35134-la-semaine-de-la-justice-transitionnelle-espoir-en-rdcongo-et-en-afghanistan-recul-en-tunisie-et-burundi.html#primaryimage","url":"https:\/\/www.justiceinfo.net\/wp-content\/uploads\/a6e69eac51c50f96bfcb83e68ec5135b.jpg","contentUrl":"https:\/\/www.justiceinfo.net\/wp-content\/uploads\/a6e69eac51c50f96bfcb83e68ec5135b.jpg","width":1522,"height":1833},{"@type":"BreadcrumbList","@id":"https:\/\/www.justiceinfo.net\/fr\/35134-la-semaine-de-la-justice-transitionnelle-espoir-en-rdcongo-et-en-afghanistan-recul-en-tunisie-et-burundi.html#breadcrumb","itemListElement":[{"@type":"ListItem","position":1,"name":"Home","item":"https:\/\/www.justiceinfo.net\/fr"},{"@type":"ListItem","position":2,"name":"La semaine de la justice transitionnelle : espoir en RDCongo et en Afghanistan, recul en Tunisie et Burundi"}]},{"@type":"WebSite","@id":"https:\/\/www.justiceinfo.net\/fr#website","url":"https:\/\/www.justiceinfo.net\/fr","name":"JusticeInfo.net","description":"La justice doit \u00eatre vue pour \u00eatre rendue","publisher":{"@id":"https:\/\/www.justiceinfo.net\/fr#organization"},"potentialAction":[{"@type":"SearchAction","target":{"@type":"EntryPoint","urlTemplate":"https:\/\/www.justiceinfo.net\/fr?s={search_term_string}"},"query-input":{"@type":"PropertyValueSpecification","valueRequired":true,"valueName":"search_term_string"}}],"inLanguage":"fr-FR"},{"@type":"Organization","@id":"https:\/\/www.justiceinfo.net\/fr#organization","name":"Justice Info","url":"https:\/\/www.justiceinfo.net\/fr","logo":{"@type":"ImageObject","inLanguage":"fr-FR","@id":"https:\/\/www.justiceinfo.net\/fr#\/schema\/logo\/image\/","url":"https:\/\/www.justiceinfo.net\/wp-content\/uploads\/justiceinfo_logo-trans_1200x1200px.png","contentUrl":"https:\/\/www.justiceinfo.net\/wp-content\/uploads\/justiceinfo_logo-trans_1200x1200px.png","width":1199,"height":1200,"caption":"Justice Info"},"image":{"@id":"https:\/\/www.justiceinfo.net\/fr#\/schema\/logo\/image\/"},"sameAs":["https:\/\/www.facebook.com\/JusticeInfo\/","https:\/\/x.com\/justiceinfonet","https:\/\/www.linkedin.com\/company\/justice-info","https:\/\/www.youtube.com\/channel\/UCyCEsARodyuWtkWyhn-e7pA"]},{"@type":"Person","name":"Fran\u00e7ois Sergent","sameAs":["https:\/\/www.facebook.com\/profile.php?id=100004809918727","https:\/\/x.com\/FrancoisSergent"],"url":"https:\/\/www.justiceinfo.net\/fr\/auteur\/fsergent"}]}},"_links":{"self":[{"href":"https:\/\/www.justiceinfo.net\/fr\/wp-json\/wp\/v2\/posts\/35134","targetHints":{"allow":["GET"]}}],"collection":[{"href":"https:\/\/www.justiceinfo.net\/fr\/wp-json\/wp\/v2\/posts"}],"about":[{"href":"https:\/\/www.justiceinfo.net\/fr\/wp-json\/wp\/v2\/types\/post"}],"author":[{"embeddable":true,"href":"https:\/\/www.justiceinfo.net\/fr\/wp-json\/wp\/v2\/users\/58"}],"replies":[{"embeddable":true,"href":"https:\/\/www.justiceinfo.net\/fr\/wp-json\/wp\/v2\/comments?post=35134"}],"version-history":[{"count":0,"href":"https:\/\/www.justiceinfo.net\/fr\/wp-json\/wp\/v2\/posts\/35134\/revisions"}],"wp:featuredmedia":[{"embeddable":true,"href":"https:\/\/www.justiceinfo.net\/fr\/wp-json\/wp\/v2\/media\/67981"}],"wp:attachment":[{"href":"https:\/\/www.justiceinfo.net\/fr\/wp-json\/wp\/v2\/media?parent=35134"}],"wp:term":[{"taxonomy":"category","embeddable":true,"href":"https:\/\/www.justiceinfo.net\/fr\/wp-json\/wp\/v2\/categories?post=35134"},{"taxonomy":"post_tag","embeddable":true,"href":"https:\/\/www.justiceinfo.net\/fr\/wp-json\/wp\/v2\/tags?post=35134"},{"taxonomy":"ji_location","embeddable":true,"href":"https:\/\/www.justiceinfo.net\/fr\/wp-json\/wp\/v2\/ji_location?post=35134"}],"curies":[{"name":"wp","href":"https:\/\/api.w.org\/{rel}","templated":true}]}}