{"id":35184,"date":"2017-11-09T10:27:50","date_gmt":"2017-11-09T09:27:50","guid":{"rendered":"https:\/\/www.justiceinfo.net\/35184-mexique.html"},"modified":"2017-11-09T10:27:50","modified_gmt":"2017-11-09T09:27:50","slug":"mexique","status":"publish","type":"post","link":"https:\/\/www.justiceinfo.net\/fr\/35184-mexique.html","title":{"rendered":"Disparus au Mexique : la CPI ne r\u00e9pond pas, selon un documentaire"},"content":{"rendered":"<div class=\"content-excerpt\">\n<p class=\"content-excerpt\">Un documentaire sur les crimes commis au Mexique sera diffus\u00e9 sur Arte le 27 novembre prochain. Il raconte l\u2019histoire d\u2019une plainte d\u00e9pos\u00e9e par un groupe d\u2019ONG mexicaines et internationales sur le bureau de la procureure de la Cour p\u00e9nale internationale en juillet 2017 et le long parcours d\u2019une justice aux allures d\u2019un impossible combat.<\/p>\n<\/div>\n<p class=\"content-excerpt\">C\u2019\u00e9tait le 6 juillet 2017 \u00e0 La Haye. Un \u00e9v\u00eaque mexicain, deux avocats, et une militante de la F\u00e9d\u00e9ration internationale des ligues des droits de l\u2019Homme (FIDH) se rendaient une nouvelle fois \u00e0 la Cour p\u00e9nale internationale (CPI). Les militants d\u00e9non\u00e7aient des crimes contre l\u2019humanit\u00e9 perp\u00e9tr\u00e9s au Mexique au nom de la guerre contre la drogue initi\u00e9e en 2006 et dont le bilan s\u2019\u00e9l\u00e8ve \u00e0 200 000 victimes et au moins 36 000 disparus. La premi\u00e8re communication, qu\u2019ils avaient d\u00e9pos\u00e9e quelques mois plus t\u00f4t, avait \u00e9t\u00e9 recal\u00e9e par le bureau du procureur : si grave soit elle, cette guerre contre la drogue rel\u00e8ve de violations des droits de l\u2019Homme mais pas de crimes contre l\u2019humanit\u00e9, leur signifiait-on. Mais ce jour de juillet 2017, c\u2019est arm\u00e9s de nouveaux t\u00e9moignages, de centaines de pi\u00e8ces et, esp\u00e8rent-ils, des preuves de l\u2019existence d\u2019une v\u00e9ritable politique criminelle, alliant les autorit\u00e9s aux cartels, qu\u2019ils esp\u00e8rent convaincre la Cour.<\/p>\n<h3>\u00ab Mexique, Justice pour les disparus \u00bb<\/h3>\n<p>Pendant huit mois, les auteurs de \u00ab Mexique, justice pour les disparus \u00bb, le journaliste d\u2019investigation Patrick Remacle et le r\u00e9alisateur Andr\u00e9 Chandelle, ont suivi dans leur qu\u00eate de justice des avocats et ONG de d\u00e9fense des droits de l\u2019Homme au Mexique et \u00e0 La Haye. Le documentaire, diffus\u00e9 sur la RTBF le 7 novembre, et qui sera rediffus\u00e9 sur Arte le 27 novembre, fait ressentir avec acuit\u00e9 la d\u00e9tresse des familles de disparus face \u00e0 une bureaucratie mexicaine corrompue. Sur les routes de l\u2019Etat de Coahuila, l\u2019un des plus violents du Mexique, on croise l\u2019avocate Ariana Garcia, qui compile les preuves, escort\u00e9e 24h\/24 de huit gardes du corps. Elle nous emm\u00e8ne \u00e0 Allende, ville fronti\u00e8re avec les Etats-Unis, o\u00f9 300 personnes ont \u00e9t\u00e9 enlev\u00e9es, le 18 mars 2011, par les Zetas, la branche arm\u00e9e d\u2019un puissant cartel. Ce jour-l\u00e0, 40 camions remplis d\u2019hommes arm\u00e9s prenaient la ville avec \u00ab la participation et le soutien direct de la police municipale \u00bb. L\u2019avocate, qui comme tous les t\u00e9moins de ce documentaire risque sa vie au quotidien, nous emm\u00e8ne aussi sur la route de la prison de Piedras Negras, o\u00f9 en 2011 les Zetas ont fait disparaitre dans l\u2019acide les corps de 150 personnes. Le passage le plus fort de ce documentaire est le t\u00e9moignage d\u2019un policier, repenti. Un homme qui pourrait \u00eatre un \u00ab insider \u00bb parfait pour le bureau du procureur. Son t\u00e9moignage, gla\u00e7ant, est diffus\u00e9 sur des images de la salle d\u2019audience de la Cour, vide. Il rappelle qu\u2019\u00e0 La Haye ou au Mexique, il n\u2019y a pas, aujourd\u2019hui, de juges pour entendre la plainte des proches des disparus.<\/p>\n<h3>La CPI, levier pour mettre fin l\u2019impunit\u00e9 au Mexique<\/h3>\n<p>Sur les routes du Mexique, au fil des t\u00e9moignages, on comprend que les victimes et leurs avocats r\u00e9clament un geste de la Cour. L\u2019ouverture, et l\u2019annonce, d\u2019un examen pr\u00e9liminaire \u2013 cette \u00e9tape pr\u00e9alable \u00e0 l\u2019enqu\u00eate - \u00ab pour ouvrir un d\u00e9bat \u00bb, dit l\u2019avocat Jos\u00e9 Guevara. User de la Cour comme d\u2019un levier pour forcer les autorit\u00e9s mexicaines \u00e0 rendre justice, et \u00ab obtenir la poursuite des responsables au Mexique \u00bb. Mais l\u2019inertie de la Cour suscite l\u2019amertume, nourrissant les suspicions. Si les drames d\u00e9crits par les ONG s\u2019\u00e9taient d\u00e9roul\u00e9s dans un pays africain, la Cour s\u2019en serait empar\u00e9e, dit l\u2019un des acteurs, qui rappelle que le Mexique est un contributeur important au budget de la Cour. L\u2019\u00e9crivain Janvier Sicilia, qui a l\u00e2ch\u00e9 la plume apr\u00e8s l\u2019assassinat de son fils par des narco trafiquants, parle de complicit\u00e9. \u00ab Je pense que si la communaut\u00e9 internationale ne prend aucune mesure dans ce pays et dans d\u2019autres, afin que ce pays retrouve la paix et la justice, ils seront alors complices de ce crime \u00bb.<\/p>\n<p>\u00a0<\/p>\n<p>\u00a0<\/p>\n<p>\u00a0<\/p>\n","protected":false},"excerpt":{"rendered":"<p>Un documentaire sur les crimes commis au Mexique sera diffus\u00e9 sur Arte le 27 novembre prochain. Il raconte l\u2019histoire d\u2019une plainte d\u00e9pos\u00e9e par un groupe d\u2019ONG mexicaines et internationales sur le bureau de la procureure de la Cour p\u00e9nale internationale en juillet 2017 et le long parcours d\u2019une justice aux allures d\u2019un impossible combat. C\u2019\u00e9tait [&hellip;]<\/p>\n","protected":false},"author":64,"featured_media":62944,"comment_status":"open","ping_status":"closed","sticky":false,"template":"","format":"standard","meta":{"_acf_changed":false,"footnotes":""},"categories":[570],"tags":[],"ji_location":[2348],"class_list":["post-35184","post","type-post","status-publish","format-standard","has-post-thumbnail","hentry","category-cpi","ji_location-mexique"],"acf":[],"yoast_head":"<!-- This site is optimized with the Yoast SEO Premium plugin v25.3.1 (Yoast SEO v25.3.1) - https:\/\/yoast.com\/wordpress\/plugins\/seo\/ -->\n<title>Disparus au Mexique : la CPI ne r\u00e9pond pas, selon un documentaire - JusticeInfo.net<\/title>\n<meta name=\"robots\" content=\"index, follow, max-snippet:-1, max-image-preview:large, max-video-preview:-1\" \/>\n<link rel=\"canonical\" href=\"https:\/\/www.justiceinfo.net\/fr\/35184-mexique.html\" \/>\n<meta property=\"og:locale\" content=\"fr_FR\" \/>\n<meta property=\"og:type\" content=\"article\" \/>\n<meta property=\"og:title\" content=\"Disparus au Mexique : la CPI ne r\u00e9pond pas, selon un documentaire\" \/>\n<meta property=\"og:description\" content=\"Un documentaire sur les crimes commis au Mexique sera diffus\u00e9 sur Arte le 27 novembre prochain. Il raconte l\u2019histoire d\u2019une plainte d\u00e9pos\u00e9e par un groupe d\u2019ONG mexicaines et internationales sur le bureau de la procureure de la Cour p\u00e9nale internationale en juillet 2017 et le long parcours d\u2019une justice aux allures d\u2019un impossible combat. C\u2019\u00e9tait [&hellip;]\" \/>\n<meta property=\"og:url\" content=\"https:\/\/www.justiceinfo.net\/fr\/35184-mexique.html\" \/>\n<meta property=\"og:site_name\" content=\"JusticeInfo.net\" \/>\n<meta property=\"article:publisher\" content=\"https:\/\/www.facebook.com\/JusticeInfo\/\" \/>\n<meta property=\"article:published_time\" content=\"2017-11-09T09:27:50+00:00\" \/>\n<meta property=\"og:image\" content=\"https:\/\/www.justiceinfo.net\/wp-content\/uploads\/7de87ec2a444659baae6e7512fbfcffb.jpg\" \/>\n\t<meta property=\"og:image:width\" content=\"1890\" \/>\n\t<meta property=\"og:image:height\" content=\"1063\" \/>\n\t<meta property=\"og:image:type\" content=\"image\/jpeg\" \/>\n<meta name=\"author\" content=\"St\u00e9phanie Maupas\" \/>\n<meta name=\"twitter:card\" content=\"summary_large_image\" \/>\n<meta name=\"twitter:creator\" content=\"@justiceinfonet\" \/>\n<meta name=\"twitter:site\" content=\"@justiceinfonet\" \/>\n<meta name=\"twitter:label1\" content=\"\u00c9crit par\" \/>\n\t<meta name=\"twitter:data1\" content=\"St\u00e9phanie Maupas\" \/>\n\t<meta name=\"twitter:label2\" content=\"Dur\u00e9e de lecture estim\u00e9e\" \/>\n\t<meta name=\"twitter:data2\" content=\"4 minutes\" \/>\n<script type=\"application\/ld+json\" class=\"yoast-schema-graph\">{\"@context\":\"https:\/\/schema.org\",\"@graph\":[{\"@type\":\"NewsArticle\",\"@id\":\"https:\/\/www.justiceinfo.net\/fr\/35184-mexique.html#article\",\"isPartOf\":{\"@id\":\"https:\/\/www.justiceinfo.net\/fr\/35184-mexique.html\"},\"author\":{\"name\":\"solivri\",\"@id\":\"https:\/\/www.justiceinfo.net\/fr#\/schema\/person\/6e53cba1629e2e66f3fc1821d3091865\"},\"headline\":\"Disparus au Mexique : la CPI ne r\u00e9pond pas, selon un documentaire\",\"datePublished\":\"2017-11-09T09:27:50+00:00\",\"mainEntityOfPage\":{\"@id\":\"https:\/\/www.justiceinfo.net\/fr\/35184-mexique.html\"},\"wordCount\":733,\"commentCount\":0,\"publisher\":{\"@id\":\"https:\/\/www.justiceinfo.net\/fr#organization\"},\"image\":{\"@id\":\"https:\/\/www.justiceinfo.net\/fr\/35184-mexique.html#primaryimage\"},\"thumbnailUrl\":\"https:\/\/www.justiceinfo.net\/wp-content\/uploads\/7de87ec2a444659baae6e7512fbfcffb.jpg\",\"articleSection\":[\"CPI\"],\"inLanguage\":\"fr-FR\",\"potentialAction\":[{\"@type\":\"CommentAction\",\"name\":\"Comment\",\"target\":[\"https:\/\/www.justiceinfo.net\/fr\/35184-mexique.html#respond\"]}]},{\"@type\":\"WebPage\",\"@id\":\"https:\/\/www.justiceinfo.net\/fr\/35184-mexique.html\",\"url\":\"https:\/\/www.justiceinfo.net\/fr\/35184-mexique.html\",\"name\":\"Disparus au Mexique : la CPI ne r\u00e9pond pas, selon un documentaire - JusticeInfo.net\",\"isPartOf\":{\"@id\":\"https:\/\/www.justiceinfo.net\/fr#website\"},\"primaryImageOfPage\":{\"@id\":\"https:\/\/www.justiceinfo.net\/fr\/35184-mexique.html#primaryimage\"},\"image\":{\"@id\":\"https:\/\/www.justiceinfo.net\/fr\/35184-mexique.html#primaryimage\"},\"thumbnailUrl\":\"https:\/\/www.justiceinfo.net\/wp-content\/uploads\/7de87ec2a444659baae6e7512fbfcffb.jpg\",\"datePublished\":\"2017-11-09T09:27:50+00:00\",\"breadcrumb\":{\"@id\":\"https:\/\/www.justiceinfo.net\/fr\/35184-mexique.html#breadcrumb\"},\"inLanguage\":\"fr-FR\",\"potentialAction\":[{\"@type\":\"ReadAction\",\"target\":[\"https:\/\/www.justiceinfo.net\/fr\/35184-mexique.html\"]}]},{\"@type\":\"ImageObject\",\"inLanguage\":\"fr-FR\",\"@id\":\"https:\/\/www.justiceinfo.net\/fr\/35184-mexique.html#primaryimage\",\"url\":\"https:\/\/www.justiceinfo.net\/wp-content\/uploads\/7de87ec2a444659baae6e7512fbfcffb.jpg\",\"contentUrl\":\"https:\/\/www.justiceinfo.net\/wp-content\/uploads\/7de87ec2a444659baae6e7512fbfcffb.jpg\",\"width\":1890,\"height\":1063},{\"@type\":\"BreadcrumbList\",\"@id\":\"https:\/\/www.justiceinfo.net\/fr\/35184-mexique.html#breadcrumb\",\"itemListElement\":[{\"@type\":\"ListItem\",\"position\":1,\"name\":\"Home\",\"item\":\"https:\/\/www.justiceinfo.net\/fr\"},{\"@type\":\"ListItem\",\"position\":2,\"name\":\"Disparus au Mexique : la CPI ne r\u00e9pond pas, selon un documentaire\"}]},{\"@type\":\"WebSite\",\"@id\":\"https:\/\/www.justiceinfo.net\/fr#website\",\"url\":\"https:\/\/www.justiceinfo.net\/fr\",\"name\":\"JusticeInfo.net\",\"description\":\"La justice doit \u00eatre vue pour \u00eatre rendue\",\"publisher\":{\"@id\":\"https:\/\/www.justiceinfo.net\/fr#organization\"},\"potentialAction\":[{\"@type\":\"SearchAction\",\"target\":{\"@type\":\"EntryPoint\",\"urlTemplate\":\"https:\/\/www.justiceinfo.net\/fr?s={search_term_string}\"},\"query-input\":{\"@type\":\"PropertyValueSpecification\",\"valueRequired\":true,\"valueName\":\"search_term_string\"}}],\"inLanguage\":\"fr-FR\"},{\"@type\":\"Organization\",\"@id\":\"https:\/\/www.justiceinfo.net\/fr#organization\",\"name\":\"Justice Info\",\"url\":\"https:\/\/www.justiceinfo.net\/fr\",\"logo\":{\"@type\":\"ImageObject\",\"inLanguage\":\"fr-FR\",\"@id\":\"https:\/\/www.justiceinfo.net\/fr#\/schema\/logo\/image\/\",\"url\":\"https:\/\/www.justiceinfo.net\/wp-content\/uploads\/justiceinfo_logo-trans_1200x1200px.png\",\"contentUrl\":\"https:\/\/www.justiceinfo.net\/wp-content\/uploads\/justiceinfo_logo-trans_1200x1200px.png\",\"width\":1199,\"height\":1200,\"caption\":\"Justice Info\"},\"image\":{\"@id\":\"https:\/\/www.justiceinfo.net\/fr#\/schema\/logo\/image\/\"},\"sameAs\":[\"https:\/\/www.facebook.com\/JusticeInfo\/\",\"https:\/\/x.com\/justiceinfonet\",\"https:\/\/www.linkedin.com\/company\/justice-info\",\"https:\/\/www.youtube.com\/channel\/UCyCEsARodyuWtkWyhn-e7pA\"]},{\"@type\":\"Person\",\"name\":\"St\u00e9phanie Maupas\",\"url\":\"\/fr\/?s=St\u00e9phanie Maupas\"}]}<\/script>\n<!-- \/ Yoast SEO Premium plugin. -->","yoast_head_json":{"title":"Disparus au Mexique : la CPI ne r\u00e9pond pas, selon un documentaire - JusticeInfo.net","robots":{"index":"index","follow":"follow","max-snippet":"max-snippet:-1","max-image-preview":"max-image-preview:large","max-video-preview":"max-video-preview:-1"},"canonical":"https:\/\/www.justiceinfo.net\/fr\/35184-mexique.html","og_locale":"fr_FR","og_type":"article","og_title":"Disparus au Mexique : la CPI ne r\u00e9pond pas, selon un documentaire","og_description":"Un documentaire sur les crimes commis au Mexique sera diffus\u00e9 sur Arte le 27 novembre prochain. Il raconte l\u2019histoire d\u2019une plainte d\u00e9pos\u00e9e par un groupe d\u2019ONG mexicaines et internationales sur le bureau de la procureure de la Cour p\u00e9nale internationale en juillet 2017 et le long parcours d\u2019une justice aux allures d\u2019un impossible combat. C\u2019\u00e9tait [&hellip;]","og_url":"https:\/\/www.justiceinfo.net\/fr\/35184-mexique.html","og_site_name":"JusticeInfo.net","article_publisher":"https:\/\/www.facebook.com\/JusticeInfo\/","article_published_time":"2017-11-09T09:27:50+00:00","og_image":[{"width":1890,"height":1063,"url":"https:\/\/www.justiceinfo.net\/wp-content\/uploads\/7de87ec2a444659baae6e7512fbfcffb.jpg","type":"image\/jpeg"}],"author":"St\u00e9phanie Maupas","twitter_card":"summary_large_image","twitter_creator":"@justiceinfonet","twitter_site":"@justiceinfonet","twitter_misc":{"\u00c9crit par":"St\u00e9phanie Maupas","Dur\u00e9e de lecture estim\u00e9e":"4 minutes"},"schema":{"@context":"https:\/\/schema.org","@graph":[{"@type":"NewsArticle","@id":"https:\/\/www.justiceinfo.net\/fr\/35184-mexique.html#article","isPartOf":{"@id":"https:\/\/www.justiceinfo.net\/fr\/35184-mexique.html"},"author":{"name":"solivri","@id":"https:\/\/www.justiceinfo.net\/fr#\/schema\/person\/6e53cba1629e2e66f3fc1821d3091865"},"headline":"Disparus au Mexique : la CPI ne r\u00e9pond pas, selon un documentaire","datePublished":"2017-11-09T09:27:50+00:00","mainEntityOfPage":{"@id":"https:\/\/www.justiceinfo.net\/fr\/35184-mexique.html"},"wordCount":733,"commentCount":0,"publisher":{"@id":"https:\/\/www.justiceinfo.net\/fr#organization"},"image":{"@id":"https:\/\/www.justiceinfo.net\/fr\/35184-mexique.html#primaryimage"},"thumbnailUrl":"https:\/\/www.justiceinfo.net\/wp-content\/uploads\/7de87ec2a444659baae6e7512fbfcffb.jpg","articleSection":["CPI"],"inLanguage":"fr-FR","potentialAction":[{"@type":"CommentAction","name":"Comment","target":["https:\/\/www.justiceinfo.net\/fr\/35184-mexique.html#respond"]}]},{"@type":"WebPage","@id":"https:\/\/www.justiceinfo.net\/fr\/35184-mexique.html","url":"https:\/\/www.justiceinfo.net\/fr\/35184-mexique.html","name":"Disparus au Mexique : la CPI ne r\u00e9pond pas, selon un documentaire - JusticeInfo.net","isPartOf":{"@id":"https:\/\/www.justiceinfo.net\/fr#website"},"primaryImageOfPage":{"@id":"https:\/\/www.justiceinfo.net\/fr\/35184-mexique.html#primaryimage"},"image":{"@id":"https:\/\/www.justiceinfo.net\/fr\/35184-mexique.html#primaryimage"},"thumbnailUrl":"https:\/\/www.justiceinfo.net\/wp-content\/uploads\/7de87ec2a444659baae6e7512fbfcffb.jpg","datePublished":"2017-11-09T09:27:50+00:00","breadcrumb":{"@id":"https:\/\/www.justiceinfo.net\/fr\/35184-mexique.html#breadcrumb"},"inLanguage":"fr-FR","potentialAction":[{"@type":"ReadAction","target":["https:\/\/www.justiceinfo.net\/fr\/35184-mexique.html"]}]},{"@type":"ImageObject","inLanguage":"fr-FR","@id":"https:\/\/www.justiceinfo.net\/fr\/35184-mexique.html#primaryimage","url":"https:\/\/www.justiceinfo.net\/wp-content\/uploads\/7de87ec2a444659baae6e7512fbfcffb.jpg","contentUrl":"https:\/\/www.justiceinfo.net\/wp-content\/uploads\/7de87ec2a444659baae6e7512fbfcffb.jpg","width":1890,"height":1063},{"@type":"BreadcrumbList","@id":"https:\/\/www.justiceinfo.net\/fr\/35184-mexique.html#breadcrumb","itemListElement":[{"@type":"ListItem","position":1,"name":"Home","item":"https:\/\/www.justiceinfo.net\/fr"},{"@type":"ListItem","position":2,"name":"Disparus au Mexique : la CPI ne r\u00e9pond pas, selon un documentaire"}]},{"@type":"WebSite","@id":"https:\/\/www.justiceinfo.net\/fr#website","url":"https:\/\/www.justiceinfo.net\/fr","name":"JusticeInfo.net","description":"La justice doit \u00eatre vue pour \u00eatre rendue","publisher":{"@id":"https:\/\/www.justiceinfo.net\/fr#organization"},"potentialAction":[{"@type":"SearchAction","target":{"@type":"EntryPoint","urlTemplate":"https:\/\/www.justiceinfo.net\/fr?s={search_term_string}"},"query-input":{"@type":"PropertyValueSpecification","valueRequired":true,"valueName":"search_term_string"}}],"inLanguage":"fr-FR"},{"@type":"Organization","@id":"https:\/\/www.justiceinfo.net\/fr#organization","name":"Justice Info","url":"https:\/\/www.justiceinfo.net\/fr","logo":{"@type":"ImageObject","inLanguage":"fr-FR","@id":"https:\/\/www.justiceinfo.net\/fr#\/schema\/logo\/image\/","url":"https:\/\/www.justiceinfo.net\/wp-content\/uploads\/justiceinfo_logo-trans_1200x1200px.png","contentUrl":"https:\/\/www.justiceinfo.net\/wp-content\/uploads\/justiceinfo_logo-trans_1200x1200px.png","width":1199,"height":1200,"caption":"Justice Info"},"image":{"@id":"https:\/\/www.justiceinfo.net\/fr#\/schema\/logo\/image\/"},"sameAs":["https:\/\/www.facebook.com\/JusticeInfo\/","https:\/\/x.com\/justiceinfonet","https:\/\/www.linkedin.com\/company\/justice-info","https:\/\/www.youtube.com\/channel\/UCyCEsARodyuWtkWyhn-e7pA"]},{"@type":"Person","name":"St\u00e9phanie Maupas","url":"\/fr\/?s=St\u00e9phanie Maupas"}]}},"_links":{"self":[{"href":"https:\/\/www.justiceinfo.net\/fr\/wp-json\/wp\/v2\/posts\/35184","targetHints":{"allow":["GET"]}}],"collection":[{"href":"https:\/\/www.justiceinfo.net\/fr\/wp-json\/wp\/v2\/posts"}],"about":[{"href":"https:\/\/www.justiceinfo.net\/fr\/wp-json\/wp\/v2\/types\/post"}],"author":[{"embeddable":true,"href":"https:\/\/www.justiceinfo.net\/fr\/wp-json\/wp\/v2\/users\/64"}],"replies":[{"embeddable":true,"href":"https:\/\/www.justiceinfo.net\/fr\/wp-json\/wp\/v2\/comments?post=35184"}],"version-history":[{"count":0,"href":"https:\/\/www.justiceinfo.net\/fr\/wp-json\/wp\/v2\/posts\/35184\/revisions"}],"wp:featuredmedia":[{"embeddable":true,"href":"https:\/\/www.justiceinfo.net\/fr\/wp-json\/wp\/v2\/media\/62944"}],"wp:attachment":[{"href":"https:\/\/www.justiceinfo.net\/fr\/wp-json\/wp\/v2\/media?parent=35184"}],"wp:term":[{"taxonomy":"category","embeddable":true,"href":"https:\/\/www.justiceinfo.net\/fr\/wp-json\/wp\/v2\/categories?post=35184"},{"taxonomy":"post_tag","embeddable":true,"href":"https:\/\/www.justiceinfo.net\/fr\/wp-json\/wp\/v2\/tags?post=35184"},{"taxonomy":"ji_location","embeddable":true,"href":"https:\/\/www.justiceinfo.net\/fr\/wp-json\/wp\/v2\/ji_location?post=35184"}],"curies":[{"name":"wp","href":"https:\/\/api.w.org\/{rel}","templated":true}]}}