{"id":35209,"date":"2017-11-10T14:29:05","date_gmt":"2017-11-10T13:29:05","guid":{"rendered":"https:\/\/www.justiceinfo.net\/35209-gambie.html"},"modified":"2017-11-10T14:29:05","modified_gmt":"2017-11-10T13:29:05","slug":"gambie","status":"publish","type":"post","link":"https:\/\/www.justiceinfo.net\/fr\/35209-gambie.html","title":{"rendered":"Gambie : pour juger l'ancien Pr\u00e9sident Jammeh, \"la collecte des preuves a d\u00e9j\u00e0 commenc\u00e9\""},"content":{"rendered":"<p><!--more--><\/p>\n<p><strong><em>Baba Hydara est le fils du journaliste gambien, Deyda Hydara, assassin\u00e9 en 2004 par le r\u00e9gime d\u00e9chu du Pr\u00e9sident Yahya Jammeh. Depuis il ne cesse de r\u00e9clamer justice pour son d\u00e9funt p\u00e8re, l\u2019une des nombreuses victimes de l\u2019ancien dictateur qui a r\u00e9gn\u00e9 sur la Gambie pendant pr\u00e8s d\u2019un quart de si\u00e8cle. Et c\u2019est naturellement qu\u2019il se retrouve dans la nouvelle coalition <a href=\"https:\/\/www.facebook.com\/Jammeh2Justice\/\" target=\"_blank\" rel=\"noopener\">\u00ab Jammeh2Justice \u00bb<\/a> cr\u00e9\u00e9e pour faire juger Yahya Jammeh qui a quitt\u00e9 le pouvoir en janvier 2017 apr\u00e8s avoir \u00e9t\u00e9 battu aux \u00e9lections par Adama Barrow. Il vit d\u00e9sormais\u00a0 en exil en Guin\u00e9e \u00e9quatoriale et Baba Hydara reconnait que \"Jammeh soit en Guin\u00e9e Equatoriale constitue notre obstacle le plus difficile\". Mais, confiant, il l\u2019est. <\/em><\/strong><\/p>\n<div class=\"content-questionsITV\">\n<p><strong>JusticeInfo.net Vous vous battez contre l\u2019impunit\u00e9 autour des crimes du r\u00e9gime de Jammeh. Votre propre p\u00e8re, journaliste, a \u00e9t\u00e9 assassin\u00e9 sous ce r\u00e9gime. Que sait-on aujourd\u2019hui des conditions de son assassinat. <\/strong><\/p>\n<\/div>\n<p>Baba Hydara\u00a0: C\u2019\u00e9tait le 16 d\u00e9cembre 2004. Et c\u2019\u00e9tait l\u2019anniversaire du journal qu\u2019il a cr\u00e9\u00e9\u00a0: <em>The Point Newspap<\/em>er. Chaque ann\u00e9e, le journal organise une journ\u00e9e de r\u00e9flexion et invite le public. Ce jour-l\u00e0, mon p\u00e8re \u00e9tait en route avec des coll\u00e8gues vers la c\u00e9r\u00e9monie quand son v\u00e9hicule a \u00e9t\u00e9 surpris et pris en sandwich par deux ou trois autres v\u00e9hicules de couleurs vert et jaune qui distinguent les taxis gambiens. Ils ont commenc\u00e9 par tirer sur le v\u00e9hicule de mon papa. Dans la panique, son v\u00e9hicule est tomb\u00e9 dans un ravin. Je crois que c\u2019est l\u00e0 qu\u2019il a \u00e9t\u00e9 atteint et\u2026 tu\u00e9.<\/p>\n<p class=\"flotte\"><img loading=\"lazy\" decoding=\"async\" src=\"images\/Baba.jpg\" alt=\"\" width=\"284\" height=\"448\" \/><\/p>\n<p><em>Baba Hydara, fils du journaliste Deyda Hydara assassin\u00e9<\/em><\/p>\n<p>\u00a0<\/p>\n<div class=\"content-questionsITV\">\n<p><strong>Aujourd\u2019hui, est-ce que vous connaissez les bourreaux de votre p\u00e8re\u00a0?<\/strong><\/p>\n<\/div>\n<p>On ne connait toujours pas les auteurs de l\u2019assassinat. Mais on a eu des noms de personnes qui pourraient avoir \u00e9t\u00e9 impliqu\u00e9es\u00a0: Sana Manjang et Bombardier (ndlr\u00a0: des membres de l\u2019escadron de la mort du r\u00e9gime de Jammeh et qui sont d\u2019ailleurs poursuivis par la Justice pour l\u2019assassinat du journaliste). Il y a des mandats d\u2019arr\u00eats contre eux. J\u2019ai entendu dire que l\u2019un est en Guin\u00e9e Bissau. Mais on ne sait pas o\u00f9 l\u2019autre se trouve.<\/p>\n<div class=\"content-questionsITV\">\n<p><strong>Vous faites partie du collectif des victimes du r\u00e9gime de Jammeh. Jusqu\u2019o\u00f9 esp\u00e9rez-vous aller\u00a0?<\/strong><\/p>\n<\/div>\n<p>Notre objectif est d\u2019amener Yahya Jammeh en Justice. Nous avons tenu plusieurs r\u00e9unions pour r\u00e9fl\u00e9chir \u00e0 des moyens pour atteindre notre objectif final, qui est de traduire Yahya Jammeh devant un tribunal.<\/p>\n<p><strong>La Justice est rest\u00e9e la m\u00eame. Avec les m\u00eames acteurs que sous l\u2019\u00e8re Jammeh. Comment comptez-vous surmonter ce handicap?<\/strong><\/p>\n<p>Nous sommes conscients que pour le moment le secteur de la justice en Gambie n\u2019est pas en mesure de juger Jammeh pour diff\u00e9rentes raisons \u2013 aussi bien structurelles que politiques. C\u2019est pour cela que notre coalition, qui est form\u00e9e de victimes, d\u2019activistes africains et d\u2019organisations internationales, s\u2019est r\u00e9unie en octobre dernier \u00e0 Banjul, capitale gambienne, pour r\u00e9fl\u00e9chir \u00e0 des alternatives r\u00e9alistes. Nous savons que cela prendra du temps, mais nous sommes d\u00e9termin\u00e9s et patients.<\/p>\n<p><strong>O\u00f9 et comment esp\u00e9rez-vous le voir jug\u00e9?<\/strong><\/p>\n<p>Le fait que Jammeh soit en Guin\u00e9e Equatoriale constitue notre obstacle le plus difficile. Dans notre coalition nous avons d\u2019ailleurs un activiste \u00e9quato-guin\u00e9en, qui vit en exil. Ensemble nous avons \u00e9voqu\u00e9 plusieurs possibilit\u00e9s\u00a0: on pourrait envisager une cour hybride comme cela a \u00e9t\u00e9 le cas dans l\u2019affaire Habr\u00e9, ou une cour mise en place par la CEDEAO (Communaut\u00e9 Economique des Etats de l\u2019Afrique de l\u2019Ouest), voire un proc\u00e8s dans un pays de la r\u00e9gion. Nous sommes convaincus, qu\u2019en faisant des plaidoyers aupr\u00e8s de la CEDEAO ou d\u2019autres instances internationales et les pays de la r\u00e9gion, nous pourront cr\u00e9er les conditions politiques n\u00e9cessaire pour que les Obiang (Ndlr\u00a0: la tr\u00e8s imposante famille du pr\u00e9sident de la Guin\u00e9e Equatoriale) acceptent de ne plus prot\u00e9ger Jammeh. Il y a tellement d\u2019options et nous les \u00e9valuons toutes.<\/p>\n<p><strong>Quel est le niveau de collecte de preuves auquel vous \u00eates d\u00e9j\u00e0 parvenus\u00a0?<\/strong><\/p>\n<p>C\u2019est vrai, et c\u2019est tr\u00e8s important, que si on veut amener quelqu\u2019un en justice, il faut avoir des preuves, et des preuves tangibles. Nous y travaillons donc. L\u2019association des victimes vient d\u2019\u00eatre cr\u00e9\u00e9e. Elle \u00e9coute les victimes, les soutient et r\u00e9colte leurs t\u00e9moignages. On esp\u00e8re pouvoir \u00e9tablir un dossier pour chaque victime, afin que chacune d\u2019elles ait un document qui \u00e9tablit tout leur v\u00e9cu \u2013 nous aimerions pourvoir immortaliser leurs histoires par vid\u00e9o. Cela devrait nous permettre de rassembler toutes les preuves. Nous avons beaucoup \u00e0 faire, car l\u2019organisation a d\u00e9j\u00e0 quatre cent membres. Et nous invitons les autres \u00e0 venir se joindre \u00e0 nous, car nous sommes persuad\u00e9s qu\u2019il y a beaucoup d\u2019autres personnes qui ont souffert. Ce chiffre va probablement doubler. Il y a aussi une organisation internationale bas\u00e9e en Suisse \u2013 TRIAL \u2013 qui enqu\u00eate sur les crimes commis par Ousmane Sonko, qui pendant dix ans a \u00e9t\u00e9 le ministre de l\u2019int\u00e9rieur et un proche de Jammeh. Comme vous le voyez, la collecte des preuves a d\u00e9j\u00e0 commenc\u00e9.<\/p>\n<p><strong>Comment \u00eates-vous parvenus \u00e0 la mise en place de votre coalition\u00a0?<\/strong><\/p>\n<p>Pour mettre cette coalition en place, l\u2019avocat am\u00e9ricain Reed Brody, nous a aid\u00e9s. C\u2019est lui qui a aid\u00e9 les victimes de Hiss\u00e8ne Habr\u00e9 \u00e0 le traduire en justice. Pendant notre premi\u00e8re rencontre avec lui, il a m\u00eame amen\u00e9 quelques victimes tchadiennes. Pendant trois jours nous avons tenu des r\u00e9unions avec elles \u2013 et les discussions \u00e9taient vraiment int\u00e9ressantes. Nous avons appris \u00e9norm\u00e9ment sur leur combat pour la justice. Cela nous a donn\u00e9 des id\u00e9es. Mais nous, nous ne voulons pas attendre vingt ans ou plus, nous aimerons faire avancer les choses le plus rapidement possible. C\u2019est pourquoi on essaie de tirer les le\u00e7ons de leur bataille, d\u2019\u00eatre efficaces et voir comment on peut faire bien les choses.<\/p>\n<p><strong>La traque d\u2019un ex-dictateur est aussi une question de moyens comme l\u2019a d\u00e9montr\u00e9 le proc\u00e8s contre Hiss\u00e8ne Habr\u00e9\u2026<\/strong><\/p>\n<p>Nous en sommes bien conscients et avons discut\u00e9 de cela pendant nos r\u00e9unions. On travaille avec des partenaires internationaux, dont Reed Brody, qui ont de l\u2019exp\u00e9rience dans ces genres de situation. Et des contacts\u2026 Cela va faciliter notre t\u00e2che parce-que plus on fait du lobbying, plus il y aura des gens qui seront pr\u00eats \u00e0 nous aider. J\u2019ai l\u2019espoir que nous pourrons trouver assez de soutiens. Et si on doit faire tout, nous-m\u00eames, on le fera. Nous sommes pr\u00eats.<\/p>\n<p><strong>Parlez-nous un peu de cette coalition <em>\u00ab\u00a0Jammeh2Justice\u00a0\u00bb<\/em>, ses membres, son plan d\u2019actions.<\/strong><\/p>\n<p>La coalition est form\u00e9e de l\u2019association des victimes, d\u2019activistes gambiens, d\u2019organisations africaines et internationales dont notamment l\u2019\"<a href=\"http:\/\/www.ihrda.org\/fr\/a-propos-de-nous\/nous-sommes\/\" target=\"_blank\" rel=\"noopener\">Institut pour les droits de l\u2019homme et le d\u00e9veloppement en Afrique<\/a>\" qui est bas\u00e9 \u00e0 Banjul, <a href=\"https:\/\/www.egjustice.org\" target=\"_blank\" rel=\"noopener\">EG Justice<\/a> (Guin\u00e9e \u00e9quatoriale), <a href=\"https:\/\/trialinternational.org\/fr\/\" target=\"_blank\" rel=\"noopener\">TRIAL International<\/a> (Suisse),<a href=\"https:\/\/www.hrw.org\/fr\/sitesearch\/gambie\" target=\"_blank\" rel=\"noopener\"> Human Rights Watch<\/a>, <a href=\"http:\/\/guernica37.org\" target=\"_blank\" rel=\"noopener\">Guernica 37<\/a> (Espagne), <a href=\"https:\/\/aidsfreeworld.org\" target=\"_blank\" rel=\"noopener\">Aids-Free World <\/a>et la <a href=\"https:\/\/www.egalitedeschancesenafrique.org\" target=\"_blank\" rel=\"noopener\">Fondation pour l'\u00e9galit\u00e9 des chances en Afrique<\/a>. Nous sommes nombreux. On esp\u00e8re qu\u2019avec tous ces soutiens la t\u00e2che nous sera facile, pour amener en justice Yahya Jammeh.<\/p>\n<p>\u00a0<\/p>\n","protected":false},"excerpt":{"rendered":"Baba Hydara est le fils du journaliste gambien, Deyda Hydara, assassin\u00e9 en 2004 par le r\u00e9gime d\u00e9chu du Pr\u00e9sident Yahya Jammeh. Depuis il ne cesse de r\u00e9clamer justice pour son d\u00e9funt p\u00e8re, l\u2019une des nombreuses victimes de l\u2019ancien dictateur qui a r\u00e9gn\u00e9 sur la Gambie pendant pr\u00e8s d\u2019un quart de si\u00e8cle. Et c\u2019est naturellement qu\u2019il [...]","protected":false},"author":64,"featured_media":65534,"comment_status":"open","ping_status":"closed","sticky":false,"template":"","format":"standard","meta":{"_acf_changed":false,"footnotes":""},"categories":[556],"tags":[],"ji_location":[2508],"class_list":["post-35209","post","type-post","status-publish","format-standard","has-post-thumbnail","hentry","category-divers","ji_location-gambie"],"acf":[],"yoast_head":"<!-- This site is optimized with the Yoast SEO Premium plugin v25.3.1 (Yoast SEO v25.3.1) - https:\/\/yoast.com\/wordpress\/plugins\/seo\/ -->\n<title>Gambie : pour juger l&#039;ancien Pr\u00e9sident Jammeh, &quot;la collecte des preuves a d\u00e9j\u00e0 commenc\u00e9&quot; - JusticeInfo.net<\/title>\n<meta name=\"robots\" content=\"index, follow, max-snippet:-1, max-image-preview:large, max-video-preview:-1\" \/>\n<link rel=\"canonical\" href=\"https:\/\/www.justiceinfo.net\/fr\/35209-gambie.html\" \/>\n<meta property=\"og:locale\" content=\"fr_FR\" \/>\n<meta property=\"og:type\" content=\"article\" \/>\n<meta property=\"og:title\" content=\"Gambie : pour juger l&#039;ancien Pr\u00e9sident Jammeh, &quot;la collecte des preuves a d\u00e9j\u00e0 commenc\u00e9&quot;\" \/>\n<meta property=\"og:url\" content=\"https:\/\/www.justiceinfo.net\/fr\/35209-gambie.html\" \/>\n<meta property=\"og:site_name\" content=\"JusticeInfo.net\" \/>\n<meta property=\"article:publisher\" content=\"https:\/\/www.facebook.com\/JusticeInfo\/\" \/>\n<meta property=\"article:published_time\" content=\"2017-11-10T13:29:05+00:00\" \/>\n<meta property=\"og:image\" content=\"https:\/\/www.justiceinfo.net\/wp-content\/uploads\/e18881922b4fbdacfe19e572f14897b7-scaled.jpg\" \/>\n\t<meta property=\"og:image:width\" content=\"2560\" \/>\n\t<meta property=\"og:image:height\" content=\"1709\" \/>\n\t<meta property=\"og:image:type\" content=\"image\/jpeg\" \/>\n<meta name=\"author\" content=\"Maxime DOMEGNI (de notre correspondant r\u00e9gional)\" \/>\n<meta name=\"twitter:card\" content=\"summary_large_image\" \/>\n<meta name=\"twitter:creator\" content=\"@justiceinfonet\" \/>\n<meta name=\"twitter:site\" content=\"@justiceinfonet\" \/>\n<meta name=\"twitter:label1\" content=\"\u00c9crit par\" \/>\n\t<meta name=\"twitter:data1\" content=\"Maxime DOMEGNI (de notre correspondant r\u00e9gional)\" \/>\n\t<meta name=\"twitter:label2\" content=\"Dur\u00e9e de lecture estim\u00e9e\" \/>\n\t<meta name=\"twitter:data2\" content=\"6 minutes\" \/>\n<script type=\"application\/ld+json\" class=\"yoast-schema-graph\">{\"@context\":\"https:\/\/schema.org\",\"@graph\":[{\"@type\":\"NewsArticle\",\"@id\":\"https:\/\/www.justiceinfo.net\/fr\/35209-gambie.html#article\",\"isPartOf\":{\"@id\":\"https:\/\/www.justiceinfo.net\/fr\/35209-gambie.html\"},\"author\":{\"name\":\"solivri\",\"@id\":\"https:\/\/www.justiceinfo.net\/fr#\/schema\/person\/6e53cba1629e2e66f3fc1821d3091865\"},\"headline\":\"Gambie : pour juger l'ancien Pr\u00e9sident Jammeh, \\\"la collecte des preuves a d\u00e9j\u00e0 commenc\u00e9\\\"\",\"datePublished\":\"2017-11-10T13:29:05+00:00\",\"mainEntityOfPage\":{\"@id\":\"https:\/\/www.justiceinfo.net\/fr\/35209-gambie.html\"},\"wordCount\":1282,\"commentCount\":0,\"publisher\":{\"@id\":\"https:\/\/www.justiceinfo.net\/fr#organization\"},\"image\":{\"@id\":\"https:\/\/www.justiceinfo.net\/fr\/35209-gambie.html#primaryimage\"},\"thumbnailUrl\":\"https:\/\/www.justiceinfo.net\/wp-content\/uploads\/e18881922b4fbdacfe19e572f14897b7-scaled.jpg\",\"articleSection\":[\"Divers\"],\"inLanguage\":\"fr-FR\",\"potentialAction\":[{\"@type\":\"CommentAction\",\"name\":\"Comment\",\"target\":[\"https:\/\/www.justiceinfo.net\/fr\/35209-gambie.html#respond\"]}]},{\"@type\":\"WebPage\",\"@id\":\"https:\/\/www.justiceinfo.net\/fr\/35209-gambie.html\",\"url\":\"https:\/\/www.justiceinfo.net\/fr\/35209-gambie.html\",\"name\":\"Gambie : pour juger l'ancien Pr\u00e9sident Jammeh, \\\"la collecte des preuves a d\u00e9j\u00e0 commenc\u00e9\\\" - JusticeInfo.net\",\"isPartOf\":{\"@id\":\"https:\/\/www.justiceinfo.net\/fr#website\"},\"primaryImageOfPage\":{\"@id\":\"https:\/\/www.justiceinfo.net\/fr\/35209-gambie.html#primaryimage\"},\"image\":{\"@id\":\"https:\/\/www.justiceinfo.net\/fr\/35209-gambie.html#primaryimage\"},\"thumbnailUrl\":\"https:\/\/www.justiceinfo.net\/wp-content\/uploads\/e18881922b4fbdacfe19e572f14897b7-scaled.jpg\",\"datePublished\":\"2017-11-10T13:29:05+00:00\",\"breadcrumb\":{\"@id\":\"https:\/\/www.justiceinfo.net\/fr\/35209-gambie.html#breadcrumb\"},\"inLanguage\":\"fr-FR\",\"potentialAction\":[{\"@type\":\"ReadAction\",\"target\":[\"https:\/\/www.justiceinfo.net\/fr\/35209-gambie.html\"]}]},{\"@type\":\"ImageObject\",\"inLanguage\":\"fr-FR\",\"@id\":\"https:\/\/www.justiceinfo.net\/fr\/35209-gambie.html#primaryimage\",\"url\":\"https:\/\/www.justiceinfo.net\/wp-content\/uploads\/e18881922b4fbdacfe19e572f14897b7-scaled.jpg\",\"contentUrl\":\"https:\/\/www.justiceinfo.net\/wp-content\/uploads\/e18881922b4fbdacfe19e572f14897b7-scaled.jpg\",\"width\":2560,\"height\":1709},{\"@type\":\"BreadcrumbList\",\"@id\":\"https:\/\/www.justiceinfo.net\/fr\/35209-gambie.html#breadcrumb\",\"itemListElement\":[{\"@type\":\"ListItem\",\"position\":1,\"name\":\"Home\",\"item\":\"https:\/\/www.justiceinfo.net\/fr\"},{\"@type\":\"ListItem\",\"position\":2,\"name\":\"Gambie : pour juger l'ancien Pr\u00e9sident Jammeh, \\\"la collecte des preuves a d\u00e9j\u00e0 commenc\u00e9\\\"\"}]},{\"@type\":\"WebSite\",\"@id\":\"https:\/\/www.justiceinfo.net\/fr#website\",\"url\":\"https:\/\/www.justiceinfo.net\/fr\",\"name\":\"JusticeInfo.net\",\"description\":\"La justice doit \u00eatre vue pour \u00eatre rendue\",\"publisher\":{\"@id\":\"https:\/\/www.justiceinfo.net\/fr#organization\"},\"potentialAction\":[{\"@type\":\"SearchAction\",\"target\":{\"@type\":\"EntryPoint\",\"urlTemplate\":\"https:\/\/www.justiceinfo.net\/fr?s={search_term_string}\"},\"query-input\":{\"@type\":\"PropertyValueSpecification\",\"valueRequired\":true,\"valueName\":\"search_term_string\"}}],\"inLanguage\":\"fr-FR\"},{\"@type\":\"Organization\",\"@id\":\"https:\/\/www.justiceinfo.net\/fr#organization\",\"name\":\"Justice Info\",\"url\":\"https:\/\/www.justiceinfo.net\/fr\",\"logo\":{\"@type\":\"ImageObject\",\"inLanguage\":\"fr-FR\",\"@id\":\"https:\/\/www.justiceinfo.net\/fr#\/schema\/logo\/image\/\",\"url\":\"https:\/\/www.justiceinfo.net\/wp-content\/uploads\/justiceinfo_logo-trans_1200x1200px.png\",\"contentUrl\":\"https:\/\/www.justiceinfo.net\/wp-content\/uploads\/justiceinfo_logo-trans_1200x1200px.png\",\"width\":1199,\"height\":1200,\"caption\":\"Justice Info\"},\"image\":{\"@id\":\"https:\/\/www.justiceinfo.net\/fr#\/schema\/logo\/image\/\"},\"sameAs\":[\"https:\/\/www.facebook.com\/JusticeInfo\/\",\"https:\/\/x.com\/justiceinfonet\",\"https:\/\/www.linkedin.com\/company\/justice-info\",\"https:\/\/www.youtube.com\/channel\/UCyCEsARodyuWtkWyhn-e7pA\"]},{\"@type\":\"Person\",\"name\":\"Maxime DOMEGNI (de notre correspondant r\u00e9gional)\",\"url\":\"\/fr\/?s=Maxime DOMEGNI (de notre correspondant r\u00e9gional)\"}]}<\/script>\n<!-- \/ Yoast SEO Premium plugin. -->","yoast_head_json":{"title":"Gambie : pour juger l'ancien Pr\u00e9sident Jammeh, \"la collecte des preuves a d\u00e9j\u00e0 commenc\u00e9\" - JusticeInfo.net","robots":{"index":"index","follow":"follow","max-snippet":"max-snippet:-1","max-image-preview":"max-image-preview:large","max-video-preview":"max-video-preview:-1"},"canonical":"https:\/\/www.justiceinfo.net\/fr\/35209-gambie.html","og_locale":"fr_FR","og_type":"article","og_title":"Gambie : pour juger l'ancien Pr\u00e9sident Jammeh, \"la collecte des preuves a d\u00e9j\u00e0 commenc\u00e9\"","og_url":"https:\/\/www.justiceinfo.net\/fr\/35209-gambie.html","og_site_name":"JusticeInfo.net","article_publisher":"https:\/\/www.facebook.com\/JusticeInfo\/","article_published_time":"2017-11-10T13:29:05+00:00","og_image":[{"width":2560,"height":1709,"url":"https:\/\/www.justiceinfo.net\/wp-content\/uploads\/e18881922b4fbdacfe19e572f14897b7-scaled.jpg","type":"image\/jpeg"}],"author":"Maxime DOMEGNI (de notre correspondant r\u00e9gional)","twitter_card":"summary_large_image","twitter_creator":"@justiceinfonet","twitter_site":"@justiceinfonet","twitter_misc":{"\u00c9crit par":"Maxime DOMEGNI (de notre correspondant r\u00e9gional)","Dur\u00e9e de lecture estim\u00e9e":"6 minutes"},"schema":{"@context":"https:\/\/schema.org","@graph":[{"@type":"NewsArticle","@id":"https:\/\/www.justiceinfo.net\/fr\/35209-gambie.html#article","isPartOf":{"@id":"https:\/\/www.justiceinfo.net\/fr\/35209-gambie.html"},"author":{"name":"solivri","@id":"https:\/\/www.justiceinfo.net\/fr#\/schema\/person\/6e53cba1629e2e66f3fc1821d3091865"},"headline":"Gambie : pour juger l'ancien Pr\u00e9sident Jammeh, \"la collecte des preuves a d\u00e9j\u00e0 commenc\u00e9\"","datePublished":"2017-11-10T13:29:05+00:00","mainEntityOfPage":{"@id":"https:\/\/www.justiceinfo.net\/fr\/35209-gambie.html"},"wordCount":1282,"commentCount":0,"publisher":{"@id":"https:\/\/www.justiceinfo.net\/fr#organization"},"image":{"@id":"https:\/\/www.justiceinfo.net\/fr\/35209-gambie.html#primaryimage"},"thumbnailUrl":"https:\/\/www.justiceinfo.net\/wp-content\/uploads\/e18881922b4fbdacfe19e572f14897b7-scaled.jpg","articleSection":["Divers"],"inLanguage":"fr-FR","potentialAction":[{"@type":"CommentAction","name":"Comment","target":["https:\/\/www.justiceinfo.net\/fr\/35209-gambie.html#respond"]}]},{"@type":"WebPage","@id":"https:\/\/www.justiceinfo.net\/fr\/35209-gambie.html","url":"https:\/\/www.justiceinfo.net\/fr\/35209-gambie.html","name":"Gambie : pour juger l'ancien Pr\u00e9sident Jammeh, \"la collecte des preuves a d\u00e9j\u00e0 commenc\u00e9\" - JusticeInfo.net","isPartOf":{"@id":"https:\/\/www.justiceinfo.net\/fr#website"},"primaryImageOfPage":{"@id":"https:\/\/www.justiceinfo.net\/fr\/35209-gambie.html#primaryimage"},"image":{"@id":"https:\/\/www.justiceinfo.net\/fr\/35209-gambie.html#primaryimage"},"thumbnailUrl":"https:\/\/www.justiceinfo.net\/wp-content\/uploads\/e18881922b4fbdacfe19e572f14897b7-scaled.jpg","datePublished":"2017-11-10T13:29:05+00:00","breadcrumb":{"@id":"https:\/\/www.justiceinfo.net\/fr\/35209-gambie.html#breadcrumb"},"inLanguage":"fr-FR","potentialAction":[{"@type":"ReadAction","target":["https:\/\/www.justiceinfo.net\/fr\/35209-gambie.html"]}]},{"@type":"ImageObject","inLanguage":"fr-FR","@id":"https:\/\/www.justiceinfo.net\/fr\/35209-gambie.html#primaryimage","url":"https:\/\/www.justiceinfo.net\/wp-content\/uploads\/e18881922b4fbdacfe19e572f14897b7-scaled.jpg","contentUrl":"https:\/\/www.justiceinfo.net\/wp-content\/uploads\/e18881922b4fbdacfe19e572f14897b7-scaled.jpg","width":2560,"height":1709},{"@type":"BreadcrumbList","@id":"https:\/\/www.justiceinfo.net\/fr\/35209-gambie.html#breadcrumb","itemListElement":[{"@type":"ListItem","position":1,"name":"Home","item":"https:\/\/www.justiceinfo.net\/fr"},{"@type":"ListItem","position":2,"name":"Gambie : pour juger l'ancien Pr\u00e9sident Jammeh, \"la collecte des preuves a d\u00e9j\u00e0 commenc\u00e9\""}]},{"@type":"WebSite","@id":"https:\/\/www.justiceinfo.net\/fr#website","url":"https:\/\/www.justiceinfo.net\/fr","name":"JusticeInfo.net","description":"La justice doit \u00eatre vue pour \u00eatre rendue","publisher":{"@id":"https:\/\/www.justiceinfo.net\/fr#organization"},"potentialAction":[{"@type":"SearchAction","target":{"@type":"EntryPoint","urlTemplate":"https:\/\/www.justiceinfo.net\/fr?s={search_term_string}"},"query-input":{"@type":"PropertyValueSpecification","valueRequired":true,"valueName":"search_term_string"}}],"inLanguage":"fr-FR"},{"@type":"Organization","@id":"https:\/\/www.justiceinfo.net\/fr#organization","name":"Justice Info","url":"https:\/\/www.justiceinfo.net\/fr","logo":{"@type":"ImageObject","inLanguage":"fr-FR","@id":"https:\/\/www.justiceinfo.net\/fr#\/schema\/logo\/image\/","url":"https:\/\/www.justiceinfo.net\/wp-content\/uploads\/justiceinfo_logo-trans_1200x1200px.png","contentUrl":"https:\/\/www.justiceinfo.net\/wp-content\/uploads\/justiceinfo_logo-trans_1200x1200px.png","width":1199,"height":1200,"caption":"Justice Info"},"image":{"@id":"https:\/\/www.justiceinfo.net\/fr#\/schema\/logo\/image\/"},"sameAs":["https:\/\/www.facebook.com\/JusticeInfo\/","https:\/\/x.com\/justiceinfonet","https:\/\/www.linkedin.com\/company\/justice-info","https:\/\/www.youtube.com\/channel\/UCyCEsARodyuWtkWyhn-e7pA"]},{"@type":"Person","name":"Maxime DOMEGNI (de notre correspondant r\u00e9gional)","url":"\/fr\/?s=Maxime DOMEGNI (de notre correspondant r\u00e9gional)"}]}},"_links":{"self":[{"href":"https:\/\/www.justiceinfo.net\/fr\/wp-json\/wp\/v2\/posts\/35209","targetHints":{"allow":["GET"]}}],"collection":[{"href":"https:\/\/www.justiceinfo.net\/fr\/wp-json\/wp\/v2\/posts"}],"about":[{"href":"https:\/\/www.justiceinfo.net\/fr\/wp-json\/wp\/v2\/types\/post"}],"author":[{"embeddable":true,"href":"https:\/\/www.justiceinfo.net\/fr\/wp-json\/wp\/v2\/users\/64"}],"replies":[{"embeddable":true,"href":"https:\/\/www.justiceinfo.net\/fr\/wp-json\/wp\/v2\/comments?post=35209"}],"version-history":[{"count":0,"href":"https:\/\/www.justiceinfo.net\/fr\/wp-json\/wp\/v2\/posts\/35209\/revisions"}],"wp:featuredmedia":[{"embeddable":true,"href":"https:\/\/www.justiceinfo.net\/fr\/wp-json\/wp\/v2\/media\/65534"}],"wp:attachment":[{"href":"https:\/\/www.justiceinfo.net\/fr\/wp-json\/wp\/v2\/media?parent=35209"}],"wp:term":[{"taxonomy":"category","embeddable":true,"href":"https:\/\/www.justiceinfo.net\/fr\/wp-json\/wp\/v2\/categories?post=35209"},{"taxonomy":"post_tag","embeddable":true,"href":"https:\/\/www.justiceinfo.net\/fr\/wp-json\/wp\/v2\/tags?post=35209"},{"taxonomy":"ji_location","embeddable":true,"href":"https:\/\/www.justiceinfo.net\/fr\/wp-json\/wp\/v2\/ji_location?post=35209"}],"curies":[{"name":"wp","href":"https:\/\/api.w.org\/{rel}","templated":true}]}}