{"id":3521,"date":"2008-03-01T06:09:07","date_gmt":"2008-03-01T05:09:07","guid":{"rendered":"https:\/\/www.justiceinfo.net\/3521-290208-tpirsynthese-hebdomadaire-un-condamne-transfere-en-italie311.html"},"modified":"2008-03-01T06:09:07","modified_gmt":"2008-03-01T05:09:07","slug":"290208-tpirsynthese-hebdomadaire-un-condamne-transfere-en-italie311","status":"publish","type":"post","link":"https:\/\/www.justiceinfo.net\/fr\/3521-290208-tpirsynthese-hebdomadaire-un-condamne-transfere-en-italie311.html","title":{"rendered":"29.02.08 - TPIR\/SYNTHESE HEBDOMADAIRE  - UN CONDAMNE TRANSFERE EN ITALIE"},"content":{"rendered":"<p  >\nArusha, 29 f\u00e9vrier 2008 (FH) - Georges Ruggiu, 51 ans, condamn\u00e9 \u00e0 12 ans de prison par le Tribunal p\u00e9nal international pour le Rwanda (TPIR) en 2000 a \u00e9t\u00e9 transf\u00e9r\u00e9 en Italie jeudi pour y purger le reste de sa peine.<br \/>\n L\u2019Italie et le TPIR ont sign\u00e9 en 2004 un accord permettant \u00e0 ce pays d\u2019h\u00e9berger dans ses prisons des personnes condamn\u00e9es par la juridiction internationale.\n<\/p>\n<p><!--more--><\/p>\n<p  >\nSeul non-Rwandais inculp\u00e9 par le TPIR, Ruggiu a une double nationalit\u00e9 : italienne et belge. Arr\u00eat\u00e9 en 1997 au Kenya, il  ne lui reste que 17 mois de prison \u00e0 effectuer.\n<\/p>\n<p  >\nEn 1994, Ruggiu \u00e9tait pr\u00e9sentateur \u00e0 la Radio-t\u00e9l\u00e9vision libre des mille collines (RTLM) qui a incit\u00e9 au g\u00e9nocide. Il a plaid\u00e9 coupable.<br \/>\nOutre l\u2019Italie, cinq autres pays ont d\u00e9j\u00e0 sign\u00e9 l'accord sur l'ex\u00e9cution des peines avec le TPIR. Il s\u2019agit du Mali, du B\u00e9nin, le Swaziland, la France et la Su\u00e8de. Le Rwanda le fera \u00e0 son tour le 4 mars, selon le porte-parole du TPIR, Roland Amoussouga.\n<\/p>\n<p  >\nLe statut du TPIR stipule que \"les peines d'emprisonnement sont ex\u00e9cut\u00e9es au Rwanda ou dans un Etat d\u00e9sign\u00e9 par le tribunal sur la liste des Etats qui ont fait savoir au Conseil de s\u00e9curit\u00e9 qu'ils \u00e9taient dispos\u00e9s \u00e0 recevoir des condamn\u00e9s\". Le Mali h\u00e9berge depuis d\u00e9cembre 2001 six condamn\u00e9s, dont l\u2019ancien premier ministre Jean Kambanda.<br \/>\nDes proc\u00e8s se sont par ailleurs poursuivis cette semaine au TPIR. Trois affaires \u00e9taient au r\u00f4le de cette juridiction \u00e0 savoir Militaires II, Gouvernement II et Butare.<br \/>\nDans Militaires II, qui concerne quatre officiers, c\u2019est l\u2019ancien chef d\u2019\u00e9tat major de la gendarmerie rwandaise, le g\u00e9n\u00e9ral Augustin Ndindiliyimana, qui pr\u00e9sente sa d\u00e9fense. Le t\u00e9moin prot\u00e9g\u00e9 CBP-72 a d\u00e9clar\u00e9 que les gendarmes rwandais ne s\u2019entendaient pas avec les miliciens Interahamwe, principaux bras arm\u00e9s du g\u00e9nocide de 1994. \u00ab C\u2019\u00e9tait bien connu, les gendarmes ne s\u2019entendaient avec les Interahamwe, ils n\u2019\u00e9mettaient pas sur la m\u00eame longueur d\u2019onde \u00bb, a d\u00e9clar\u00e9 le t\u00e9moin, lui-m\u00eame ancien gendarme.\n<\/p>\n<p  >\nLe g\u00e9n\u00e9ral Augustin Ndindiliyimana et ses coaccus\u00e9s sont poursuivis pour g\u00e9nocide, crimes contre l\u2019humanit\u00e9 et de crimes de guerre. Ils plaident non coupable.\n<\/p>\n<p  >\nLe procureur soutient que gendarmes, militaires et miliciens ont travaill\u00e9, main dans la main, \u00e0 la perp\u00e9tration du g\u00e9nocide de 1994 qui a fait, selon l'ONU, 800 000 morts, essentiellement parmi la communaut\u00e9 tutsie.\n<\/p>\n<p  >\nLe t\u00e9moin a contest\u00e9 cette th\u00e8se, affirmant, \u00e0 titre d\u2019exemple, que des gendarmes avaient repouss\u00e9 en avril 1994 une attaque lanc\u00e9e par des Interahamwe sur des Tutsis qui avaient cherch\u00e9 refuge dans les locaux du coll\u00e8ge Saint-Andr\u00e9 \u00e0 Kigali. \"Ils (les Interahamwe NDLR) occupaient les lieux o\u00f9 la gendarmerie n'\u00e9tait pas pr\u00e9sente\" a-t-il expliqu\u00e9.\n<\/p>\n<p  >\nLe t\u00e9moin a ajout\u00e9 qu\u2019apr\u00e8s le d\u00e9clenchement du g\u00e9nocide, la gendarmerie ne pouvait plus proc\u00e9der \u00e0 des arrestations de malfaiteurs, car, a-t-il dit, partout, les gens fuyaient.\n<\/p>\n<p  >\nIl a \u00e9t\u00e9 \u00e9galement question des Interahamwe dans le proc\u00e8s Gouvernement II en cours depuis novembre 2003.<br \/>\nUn t\u00e9moin de la d\u00e9fense a, \u00e0 cet \u00e9gard, affirm\u00e9 que l\u2019ex-ministre de la fonction publique, Prosper Mugiraneza, un des quatre accus\u00e9s, n\u2019avait pas de liens avec ces miliciens.<br \/>\nLe t\u00e9moin prot\u00e9g\u00e9, Mme LWZ, a expliqu\u00e9 qu\u2019elle \u00e9tait membre des Interahamwe, aile jeunesse de l\u2019ancien parti au pouvoir, avant qu\u2019ils ne soient rejoints par des tueurs au lendemain du 6 avril 1994.<br \/>\n \u00ab Nous chantions des louanges pour notre parti, nous dansions \u00bb, a indiqu\u00e9 le t\u00e9moin, \u00e9voquant la situation ant\u00e9rieure au 6 avril 1994.<br \/>\n\u00ab Pendant la guerre, les choses \u00e9taient tr\u00e8s graves. Je ne sais pas si Mugiraneza avait une quelconque autorit\u00e9. Il ne pouvait pas contr\u00f4ler les Interahamwe\u2026.sauf s\u2019il \u00e9tait pr\u00eat \u00e0 mourir \u00bb, a indiqu\u00e9 le t\u00e9moin, d\u00e9crivant la tournure qu\u2019avaient pris les \u00e9v\u00e9nements.<br \/>\nS\u2019agissant du troisi\u00e8me proc\u00e8s de la semaine, celui du groupe Butare, une r\u00e9gion du sud du Rwanda, les juges ont poursuivi l\u2019audition des t\u00e9moins de la d\u00e9fense du cinqui\u00e8me des six accus\u00e9s, l\u2019ancien maire de Ngoma, Joseph Kanyabashi.<br \/>\nAT\/PB\/GF<\/p>\n","protected":false},"excerpt":{"rendered":"<p>Arusha, 29 f\u00e9vrier 2008 (FH) - Georges Ruggiu, 51 ans, condamn\u00e9 \u00e0 12 ans de prison par le Tribunal p\u00e9nal international pour le Rwanda (TPIR) en 2000 a \u00e9t\u00e9 transf\u00e9r\u00e9 en Italie jeudi pour y purger le reste de sa peine. L\u2019Italie et le TPIR ont sign\u00e9 en 2004 un accord permettant \u00e0 ce pays [&hellip;]<\/p>\n","protected":false},"author":64,"featured_media":0,"comment_status":"open","ping_status":"closed","sticky":false,"template":"","format":"standard","meta":{"_acf_changed":false,"footnotes":""},"categories":[554],"tags":[],"ji_location":[],"class_list":["post-3521","post","type-post","status-publish","format-standard","hentry","category-hirondellenews"],"acf":[],"yoast_head":"<!-- This site is optimized with the Yoast SEO Premium plugin v25.3.1 (Yoast SEO v25.3.1) - https:\/\/yoast.com\/wordpress\/plugins\/seo\/ -->\n<title>29.02.08 - TPIR\/SYNTHESE HEBDOMADAIRE - UN CONDAMNE TRANSFERE EN ITALIE - JusticeInfo.net<\/title>\n<meta name=\"robots\" content=\"index, follow, max-snippet:-1, max-image-preview:large, max-video-preview:-1\" \/>\n<link rel=\"canonical\" href=\"https:\/\/www.justiceinfo.net\/fr\/3521-290208-tpirsynthese-hebdomadaire-un-condamne-transfere-en-italie311.html\" \/>\n<meta property=\"og:locale\" content=\"fr_FR\" \/>\n<meta property=\"og:type\" content=\"article\" \/>\n<meta property=\"og:title\" content=\"29.02.08 - TPIR\/SYNTHESE HEBDOMADAIRE - UN CONDAMNE TRANSFERE EN ITALIE\" \/>\n<meta property=\"og:description\" content=\"Arusha, 29 f\u00e9vrier 2008 (FH) - Georges Ruggiu, 51 ans, condamn\u00e9 \u00e0 12 ans de prison par le Tribunal p\u00e9nal international pour le Rwanda (TPIR) en 2000 a \u00e9t\u00e9 transf\u00e9r\u00e9 en Italie jeudi pour y purger le reste de sa peine. L\u2019Italie et le TPIR ont sign\u00e9 en 2004 un accord permettant \u00e0 ce pays [&hellip;]\" \/>\n<meta property=\"og:url\" content=\"https:\/\/www.justiceinfo.net\/fr\/3521-290208-tpirsynthese-hebdomadaire-un-condamne-transfere-en-italie311.html\" \/>\n<meta property=\"og:site_name\" content=\"JusticeInfo.net\" \/>\n<meta property=\"article:publisher\" content=\"https:\/\/www.facebook.com\/JusticeInfo\/\" \/>\n<meta property=\"article:published_time\" content=\"2008-03-01T05:09:07+00:00\" \/>\n<meta property=\"og:image\" content=\"https:\/\/www.justiceinfo.net\/wp-content\/uploads\/JusticeInfoNet_logo_1200x630px.jpg\" \/>\n\t<meta property=\"og:image:width\" content=\"1200\" \/>\n\t<meta property=\"og:image:height\" content=\"630\" \/>\n\t<meta property=\"og:image:type\" content=\"image\/jpeg\" \/>\n<meta name=\"author\" content=\"solivri\" \/>\n<meta name=\"twitter:card\" content=\"summary_large_image\" \/>\n<meta name=\"twitter:creator\" content=\"@justiceinfonet\" \/>\n<meta name=\"twitter:site\" content=\"@justiceinfonet\" \/>\n<meta name=\"twitter:label1\" content=\"\u00c9crit par\" \/>\n\t<meta name=\"twitter:data1\" content=\"solivri\" \/>\n\t<meta name=\"twitter:label2\" content=\"Dur\u00e9e de lecture estim\u00e9e\" \/>\n\t<meta name=\"twitter:data2\" content=\"4 minutes\" \/>\n<script type=\"application\/ld+json\" class=\"yoast-schema-graph\">{\"@context\":\"https:\/\/schema.org\",\"@graph\":[{\"@type\":\"NewsArticle\",\"@id\":\"https:\/\/www.justiceinfo.net\/fr\/3521-290208-tpirsynthese-hebdomadaire-un-condamne-transfere-en-italie311.html#article\",\"isPartOf\":{\"@id\":\"https:\/\/www.justiceinfo.net\/fr\/3521-290208-tpirsynthese-hebdomadaire-un-condamne-transfere-en-italie311.html\"},\"author\":{\"name\":\"solivri\",\"@id\":\"https:\/\/www.justiceinfo.net\/fr#\/schema\/person\/6e53cba1629e2e66f3fc1821d3091865\"},\"headline\":\"29.02.08 - TPIR\/SYNTHESE HEBDOMADAIRE - UN CONDAMNE TRANSFERE EN ITALIE\",\"datePublished\":\"2008-03-01T05:09:07+00:00\",\"mainEntityOfPage\":{\"@id\":\"https:\/\/www.justiceinfo.net\/fr\/3521-290208-tpirsynthese-hebdomadaire-un-condamne-transfere-en-italie311.html\"},\"wordCount\":723,\"commentCount\":0,\"publisher\":{\"@id\":\"https:\/\/www.justiceinfo.net\/fr#organization\"},\"articleSection\":[\"Hirondelle News\"],\"inLanguage\":\"fr-FR\",\"potentialAction\":[{\"@type\":\"CommentAction\",\"name\":\"Comment\",\"target\":[\"https:\/\/www.justiceinfo.net\/fr\/3521-290208-tpirsynthese-hebdomadaire-un-condamne-transfere-en-italie311.html#respond\"]}]},{\"@type\":\"WebPage\",\"@id\":\"https:\/\/www.justiceinfo.net\/fr\/3521-290208-tpirsynthese-hebdomadaire-un-condamne-transfere-en-italie311.html\",\"url\":\"https:\/\/www.justiceinfo.net\/fr\/3521-290208-tpirsynthese-hebdomadaire-un-condamne-transfere-en-italie311.html\",\"name\":\"29.02.08 - TPIR\/SYNTHESE HEBDOMADAIRE - UN CONDAMNE TRANSFERE EN ITALIE - JusticeInfo.net\",\"isPartOf\":{\"@id\":\"https:\/\/www.justiceinfo.net\/fr#website\"},\"datePublished\":\"2008-03-01T05:09:07+00:00\",\"breadcrumb\":{\"@id\":\"https:\/\/www.justiceinfo.net\/fr\/3521-290208-tpirsynthese-hebdomadaire-un-condamne-transfere-en-italie311.html#breadcrumb\"},\"inLanguage\":\"fr-FR\",\"potentialAction\":[{\"@type\":\"ReadAction\",\"target\":[\"https:\/\/www.justiceinfo.net\/fr\/3521-290208-tpirsynthese-hebdomadaire-un-condamne-transfere-en-italie311.html\"]}]},{\"@type\":\"BreadcrumbList\",\"@id\":\"https:\/\/www.justiceinfo.net\/fr\/3521-290208-tpirsynthese-hebdomadaire-un-condamne-transfere-en-italie311.html#breadcrumb\",\"itemListElement\":[{\"@type\":\"ListItem\",\"position\":1,\"name\":\"Home\",\"item\":\"https:\/\/www.justiceinfo.net\/fr\"},{\"@type\":\"ListItem\",\"position\":2,\"name\":\"29.02.08 - TPIR\/SYNTHESE HEBDOMADAIRE - UN CONDAMNE TRANSFERE EN ITALIE\"}]},{\"@type\":\"WebSite\",\"@id\":\"https:\/\/www.justiceinfo.net\/fr#website\",\"url\":\"https:\/\/www.justiceinfo.net\/fr\",\"name\":\"JusticeInfo.net\",\"description\":\"La justice doit \u00eatre vue pour \u00eatre rendue\",\"publisher\":{\"@id\":\"https:\/\/www.justiceinfo.net\/fr#organization\"},\"potentialAction\":[{\"@type\":\"SearchAction\",\"target\":{\"@type\":\"EntryPoint\",\"urlTemplate\":\"https:\/\/www.justiceinfo.net\/fr?s={search_term_string}\"},\"query-input\":{\"@type\":\"PropertyValueSpecification\",\"valueRequired\":true,\"valueName\":\"search_term_string\"}}],\"inLanguage\":\"fr-FR\"},{\"@type\":\"Organization\",\"@id\":\"https:\/\/www.justiceinfo.net\/fr#organization\",\"name\":\"Justice Info\",\"url\":\"https:\/\/www.justiceinfo.net\/fr\",\"logo\":{\"@type\":\"ImageObject\",\"inLanguage\":\"fr-FR\",\"@id\":\"https:\/\/www.justiceinfo.net\/fr#\/schema\/logo\/image\/\",\"url\":\"https:\/\/www.justiceinfo.net\/wp-content\/uploads\/justiceinfo_logo-trans_1200x1200px.png\",\"contentUrl\":\"https:\/\/www.justiceinfo.net\/wp-content\/uploads\/justiceinfo_logo-trans_1200x1200px.png\",\"width\":1199,\"height\":1200,\"caption\":\"Justice Info\"},\"image\":{\"@id\":\"https:\/\/www.justiceinfo.net\/fr#\/schema\/logo\/image\/\"},\"sameAs\":[\"https:\/\/www.facebook.com\/JusticeInfo\/\",\"https:\/\/x.com\/justiceinfonet\",\"https:\/\/www.linkedin.com\/company\/justice-info\",\"https:\/\/www.youtube.com\/channel\/UCyCEsARodyuWtkWyhn-e7pA\"]},{\"@type\":\"Person\",\"name\":\"solivri\",\"url\":\"\/fr\/?s=solivri\"}]}<\/script>\n<!-- \/ Yoast SEO Premium plugin. -->","yoast_head_json":{"title":"29.02.08 - TPIR\/SYNTHESE HEBDOMADAIRE - UN CONDAMNE TRANSFERE EN ITALIE - JusticeInfo.net","robots":{"index":"index","follow":"follow","max-snippet":"max-snippet:-1","max-image-preview":"max-image-preview:large","max-video-preview":"max-video-preview:-1"},"canonical":"https:\/\/www.justiceinfo.net\/fr\/3521-290208-tpirsynthese-hebdomadaire-un-condamne-transfere-en-italie311.html","og_locale":"fr_FR","og_type":"article","og_title":"29.02.08 - TPIR\/SYNTHESE HEBDOMADAIRE - UN CONDAMNE TRANSFERE EN ITALIE","og_description":"Arusha, 29 f\u00e9vrier 2008 (FH) - Georges Ruggiu, 51 ans, condamn\u00e9 \u00e0 12 ans de prison par le Tribunal p\u00e9nal international pour le Rwanda (TPIR) en 2000 a \u00e9t\u00e9 transf\u00e9r\u00e9 en Italie jeudi pour y purger le reste de sa peine. L\u2019Italie et le TPIR ont sign\u00e9 en 2004 un accord permettant \u00e0 ce pays [&hellip;]","og_url":"https:\/\/www.justiceinfo.net\/fr\/3521-290208-tpirsynthese-hebdomadaire-un-condamne-transfere-en-italie311.html","og_site_name":"JusticeInfo.net","article_publisher":"https:\/\/www.facebook.com\/JusticeInfo\/","article_published_time":"2008-03-01T05:09:07+00:00","og_image":[{"width":1200,"height":630,"url":"https:\/\/www.justiceinfo.net\/wp-content\/uploads\/JusticeInfoNet_logo_1200x630px.jpg","type":"image\/jpeg"}],"author":"solivri","twitter_card":"summary_large_image","twitter_creator":"@justiceinfonet","twitter_site":"@justiceinfonet","twitter_misc":{"\u00c9crit par":"solivri","Dur\u00e9e de lecture estim\u00e9e":"4 minutes"},"schema":{"@context":"https:\/\/schema.org","@graph":[{"@type":"NewsArticle","@id":"https:\/\/www.justiceinfo.net\/fr\/3521-290208-tpirsynthese-hebdomadaire-un-condamne-transfere-en-italie311.html#article","isPartOf":{"@id":"https:\/\/www.justiceinfo.net\/fr\/3521-290208-tpirsynthese-hebdomadaire-un-condamne-transfere-en-italie311.html"},"author":{"name":"solivri","@id":"https:\/\/www.justiceinfo.net\/fr#\/schema\/person\/6e53cba1629e2e66f3fc1821d3091865"},"headline":"29.02.08 - TPIR\/SYNTHESE HEBDOMADAIRE - UN CONDAMNE TRANSFERE EN ITALIE","datePublished":"2008-03-01T05:09:07+00:00","mainEntityOfPage":{"@id":"https:\/\/www.justiceinfo.net\/fr\/3521-290208-tpirsynthese-hebdomadaire-un-condamne-transfere-en-italie311.html"},"wordCount":723,"commentCount":0,"publisher":{"@id":"https:\/\/www.justiceinfo.net\/fr#organization"},"articleSection":["Hirondelle News"],"inLanguage":"fr-FR","potentialAction":[{"@type":"CommentAction","name":"Comment","target":["https:\/\/www.justiceinfo.net\/fr\/3521-290208-tpirsynthese-hebdomadaire-un-condamne-transfere-en-italie311.html#respond"]}]},{"@type":"WebPage","@id":"https:\/\/www.justiceinfo.net\/fr\/3521-290208-tpirsynthese-hebdomadaire-un-condamne-transfere-en-italie311.html","url":"https:\/\/www.justiceinfo.net\/fr\/3521-290208-tpirsynthese-hebdomadaire-un-condamne-transfere-en-italie311.html","name":"29.02.08 - TPIR\/SYNTHESE HEBDOMADAIRE - UN CONDAMNE TRANSFERE EN ITALIE - JusticeInfo.net","isPartOf":{"@id":"https:\/\/www.justiceinfo.net\/fr#website"},"datePublished":"2008-03-01T05:09:07+00:00","breadcrumb":{"@id":"https:\/\/www.justiceinfo.net\/fr\/3521-290208-tpirsynthese-hebdomadaire-un-condamne-transfere-en-italie311.html#breadcrumb"},"inLanguage":"fr-FR","potentialAction":[{"@type":"ReadAction","target":["https:\/\/www.justiceinfo.net\/fr\/3521-290208-tpirsynthese-hebdomadaire-un-condamne-transfere-en-italie311.html"]}]},{"@type":"BreadcrumbList","@id":"https:\/\/www.justiceinfo.net\/fr\/3521-290208-tpirsynthese-hebdomadaire-un-condamne-transfere-en-italie311.html#breadcrumb","itemListElement":[{"@type":"ListItem","position":1,"name":"Home","item":"https:\/\/www.justiceinfo.net\/fr"},{"@type":"ListItem","position":2,"name":"29.02.08 - TPIR\/SYNTHESE HEBDOMADAIRE - UN CONDAMNE TRANSFERE EN ITALIE"}]},{"@type":"WebSite","@id":"https:\/\/www.justiceinfo.net\/fr#website","url":"https:\/\/www.justiceinfo.net\/fr","name":"JusticeInfo.net","description":"La justice doit \u00eatre vue pour \u00eatre rendue","publisher":{"@id":"https:\/\/www.justiceinfo.net\/fr#organization"},"potentialAction":[{"@type":"SearchAction","target":{"@type":"EntryPoint","urlTemplate":"https:\/\/www.justiceinfo.net\/fr?s={search_term_string}"},"query-input":{"@type":"PropertyValueSpecification","valueRequired":true,"valueName":"search_term_string"}}],"inLanguage":"fr-FR"},{"@type":"Organization","@id":"https:\/\/www.justiceinfo.net\/fr#organization","name":"Justice Info","url":"https:\/\/www.justiceinfo.net\/fr","logo":{"@type":"ImageObject","inLanguage":"fr-FR","@id":"https:\/\/www.justiceinfo.net\/fr#\/schema\/logo\/image\/","url":"https:\/\/www.justiceinfo.net\/wp-content\/uploads\/justiceinfo_logo-trans_1200x1200px.png","contentUrl":"https:\/\/www.justiceinfo.net\/wp-content\/uploads\/justiceinfo_logo-trans_1200x1200px.png","width":1199,"height":1200,"caption":"Justice Info"},"image":{"@id":"https:\/\/www.justiceinfo.net\/fr#\/schema\/logo\/image\/"},"sameAs":["https:\/\/www.facebook.com\/JusticeInfo\/","https:\/\/x.com\/justiceinfonet","https:\/\/www.linkedin.com\/company\/justice-info","https:\/\/www.youtube.com\/channel\/UCyCEsARodyuWtkWyhn-e7pA"]},{"@type":"Person","name":"solivri","url":"\/fr\/?s=solivri"}]}},"_links":{"self":[{"href":"https:\/\/www.justiceinfo.net\/fr\/wp-json\/wp\/v2\/posts\/3521","targetHints":{"allow":["GET"]}}],"collection":[{"href":"https:\/\/www.justiceinfo.net\/fr\/wp-json\/wp\/v2\/posts"}],"about":[{"href":"https:\/\/www.justiceinfo.net\/fr\/wp-json\/wp\/v2\/types\/post"}],"author":[{"embeddable":true,"href":"https:\/\/www.justiceinfo.net\/fr\/wp-json\/wp\/v2\/users\/64"}],"replies":[{"embeddable":true,"href":"https:\/\/www.justiceinfo.net\/fr\/wp-json\/wp\/v2\/comments?post=3521"}],"version-history":[{"count":0,"href":"https:\/\/www.justiceinfo.net\/fr\/wp-json\/wp\/v2\/posts\/3521\/revisions"}],"wp:attachment":[{"href":"https:\/\/www.justiceinfo.net\/fr\/wp-json\/wp\/v2\/media?parent=3521"}],"wp:term":[{"taxonomy":"category","embeddable":true,"href":"https:\/\/www.justiceinfo.net\/fr\/wp-json\/wp\/v2\/categories?post=3521"},{"taxonomy":"post_tag","embeddable":true,"href":"https:\/\/www.justiceinfo.net\/fr\/wp-json\/wp\/v2\/tags?post=3521"},{"taxonomy":"ji_location","embeddable":true,"href":"https:\/\/www.justiceinfo.net\/fr\/wp-json\/wp\/v2\/ji_location?post=3521"}],"curies":[{"name":"wp","href":"https:\/\/api.w.org\/{rel}","templated":true}]}}