{"id":35234,"date":"2017-11-13T07:40:31","date_gmt":"2017-11-13T06:40:31","guid":{"rendered":"https:\/\/www.justiceinfo.net\/35234-la-semaine-de-la-justice-transitionnelle-le-burundi-se-retire-de-la-cpi-l-enquete-commence.html"},"modified":"2017-11-13T07:40:31","modified_gmt":"2017-11-13T06:40:31","slug":"la-semaine-de-la-justice-transitionnelle-le-burundi-se-retire-de-la-cpi-l-enquete-commence","status":"publish","type":"post","link":"https:\/\/www.justiceinfo.net\/fr\/35234-la-semaine-de-la-justice-transitionnelle-le-burundi-se-retire-de-la-cpi-l-enquete-commence.html","title":{"rendered":"La semaine de la justice transitionnelle : enqu\u00eate de la CPI au Burundi, espoir en RDCongo"},"content":{"rendered":"<div class=\"content-excerpt\">\n<p>L\u2019ouverture d\u2019une enqu\u00eate pour \u00ab\u00a0 crimes contre l\u2019humanit\u00e9\u00a0\u00bb commis au Burundi par la Cour P\u00e9nale Internationale a domin\u00e9 la semaine de la justice transitionnelle. Premier pays \u00e0 quitter la CPI, africain de surcroit, le Burundi s\u2019est vu notifier par la procureure Fatou Bensouda cette d\u00e9cision quelques jours apr\u00e8s la date de son retrait officiel fix\u00e9e au 27 octobre.<\/p>\n<\/div>\n<p>\u00ab\u00a0En quittant la CPI, Bujumbura croyait s\u2019offrir l\u2019impunit\u00e9. La Cour lui adresse une fin de non-recevoir\u00a0\u00bb, <a href=\"fr\/justice-reconciliation\/35203-malgr%C3%A9-le-retrait-du-burundi,-la-cpi-ouvre-une-enqu%C3%AAte-sur-les-crimes-du-r%C3%A9gime.html\">\u00e9crit<\/a> ainsi la correspondante de JusticeInfo aupr\u00e8s de la CPI, St\u00e9phanie Maupas. Rappelons que le Burundi avait d\u00e9cid\u00e9, il y a un an,\u00a0de se retirer de la CPI, pensant, \u00e0 tort, que cette mesure emp\u00eacherait la Cour d\u2019enqu\u00eater sur les auteurs pr\u00e9sum\u00e9s des crimes du r\u00e9gime. <br \/> Le r\u00e9gime de Pierre Nkurunziza pour se maintenir au pouvoir aurait fait plusieurs dizaines voire des centaines de morts, selon la procureure de la Cour et plus de 400\u00a0000 d\u00e9plac\u00e9s.<\/p>\n<p>Malgr\u00e9 le retrait du pays, les auteurs pr\u00e9sum\u00e9s de ces crimes sont justiciables pour tous les actes commis depuis avril 2015 jusqu\u2019\u00e0 la date officielle du retrait. La procureure pourra aussi enqu\u00eater sur certains crimes commis depuis ce retrait officiel notamment les disparitions forc\u00e9es, consid\u00e9r\u00e9es comme un crime continu en droit international. Rappelons que de nombreux opposants, militants des droits de l\u2019homme, journalistes ont disparu, victimes de la f\u00e9roce r\u00e9pression du r\u00e9gime. Il reste \u00e0 savoir comment la CPI pourra conduire ses enqu\u00eates avec un r\u00e9gime d\u00e9cid\u00e9 \u00e0 entraver toute collaboration avec les juges et \u00e0 intimider ou \u00e9liminer les t\u00e9moins.<\/p>\n<p>Mais, pour Lambert Nigarura, pr\u00e9sident de la Coalition des ONG pour la CPI au Burundi \u00ab\u00a0A partir de maintenant, les auteurs, les co-auteurs, les complices de crimes doivent comprendre que les jeux sont faits\u00a0\u00bb.\u00a0<\/p>\n<h3>Espoir au Congo<\/h3>\n<p>Autre avanc\u00e9e de la justice nationale cette fois-ci, la R\u00e9publique D\u00e9mocratique du Congo o\u00f9 s\u2019est ouvert vendredi un proc\u00e8s sans pr\u00e9c\u00e9dent pour viols et mutilations de fillettes par une milice et secte entre 2013 et 2016 dans le village Kavumu, dans la province du Sud-Kivu. Selon des sources proches du dossier, ces bourreaux pensaient acqu\u00e9rir une force surnaturelle. Pour ce proc\u00e8s historique, les juges militaires si\u00e9geront sur les lieux des faits, dans le village. Parmi les accus\u00e9s, figure le d\u00e9put\u00e9 provincial Fr\u00e9d\u00e9ric Batumike, chef pr\u00e9sum\u00e9 de cette secte-milice nomm\u00e9e en swahili <em>\u00ab Jeshi la Yesu \u00bb<\/em>, <em>\u00ab\u00a0l\u2019Arm\u00e9e de J\u00e9sus\u00a0\u00bb<\/em>. <a href=\"fr\/justice-reconciliation\/35172-rdc-proces-d-adeptes-de-%C2%AB-l-armee-de-j%C3%A9sus-%C2%BB-accus%C3%A9s-de-viols-systematiques-de-mineures.html\">Interview\u00e9<\/a> par JusticeInfo.net, Daniele Perissi, de l\u2019ONG, Trial International, explique\u00a0: \u00ab\u00a0les crimes odieux commis \u00e0 Kavumu entre 2013 et 2016 repr\u00e9sentent un microcosme du fl\u00e9au des violences sexuelles qui ravage encore la R\u00e9publique d\u00e9mocratique du Congo. Ce proc\u00e8s met en lumi\u00e8re la n\u00e9cessit\u00e9 de prendre au s\u00e9rieux la lutte contre l\u2019impunit\u00e9 afin de pr\u00e9venir des crimes futurs\u00a0\u00bb.<\/p>\n<p>Contre-exemple de cette justice entrain de se faire, le Mexique o\u00f9 les militants d\u00e9noncent des crimes contre l\u2019humanit\u00e9 perp\u00e9tr\u00e9s au Mexique au nom de la guerre contre la drogue initi\u00e9e en 2006 et dont le bilan s\u2019\u00e9l\u00e8ve \u00e0 200 000 victimes et au moins 36 000 disparus. Un documentaire sur ces crimes<em> \u00ab Mexique, justice pour les disparus \u00bb<\/em> raconte l\u2019histoire d\u2019une plainte d\u00e9pos\u00e9e par un groupe d\u2019ONG mexicaines et internationales sur le bureau de la procureure de la Cour p\u00e9nale internationale en juillet 2017 et le long parcours d\u2019une justice aux allures d\u2019un impossible combat. Les ONG entendent user de la Cour comme d\u2019un levier pour forcer les autorit\u00e9s mexicaines \u00e0 rendre justice, <a href=\"fr\/justice-reconciliation\/35184-mexique.html\">\u00e9crit<\/a> JusticeInfo.net.Mais l\u2019inertie de la Cour suscite l\u2019amertume, nourrissant toutes les suspicions.<\/p>\n","protected":false},"excerpt":{"rendered":"<p>L\u2019ouverture d\u2019une enqu\u00eate pour \u00ab\u00a0 crimes contre l\u2019humanit\u00e9\u00a0\u00bb commis au Burundi par la Cour P\u00e9nale Internationale a domin\u00e9 la semaine de la justice transitionnelle. Premier pays \u00e0 quitter la CPI, africain de surcroit, le Burundi s\u2019est vu notifier par la procureure Fatou Bensouda cette d\u00e9cision quelques jours apr\u00e8s la date de son retrait officiel fix\u00e9e [&hellip;]<\/p>\n","protected":false},"author":58,"featured_media":67979,"comment_status":"open","ping_status":"closed","sticky":false,"template":"","format":"standard","meta":{"_acf_changed":false,"footnotes":""},"categories":[570],"tags":[],"ji_location":[2566],"class_list":["post-35234","post","type-post","status-publish","format-standard","has-post-thumbnail","hentry","category-cpi","ji_location-international"],"acf":[],"yoast_head":"<!-- This site is optimized with the Yoast SEO Premium plugin v25.3.1 (Yoast SEO v25.3.1) - https:\/\/yoast.com\/wordpress\/plugins\/seo\/ -->\n<title>La semaine de la justice transitionnelle : enqu\u00eate de la CPI au Burundi, espoir en RDCongo - JusticeInfo.net<\/title>\n<meta name=\"robots\" content=\"index, follow, max-snippet:-1, max-image-preview:large, max-video-preview:-1\" \/>\n<link rel=\"canonical\" href=\"https:\/\/www.justiceinfo.net\/fr\/35234-la-semaine-de-la-justice-transitionnelle-le-burundi-se-retire-de-la-cpi-l-enquete-commence.html\" \/>\n<meta property=\"og:locale\" content=\"fr_FR\" \/>\n<meta property=\"og:type\" content=\"article\" \/>\n<meta property=\"og:title\" content=\"La semaine de la justice transitionnelle : enqu\u00eate de la CPI au Burundi, espoir en RDCongo\" \/>\n<meta property=\"og:description\" content=\"L\u2019ouverture d\u2019une enqu\u00eate pour \u00ab\u00a0 crimes contre l\u2019humanit\u00e9\u00a0\u00bb commis au Burundi par la Cour P\u00e9nale Internationale a domin\u00e9 la semaine de la justice transitionnelle. Premier pays \u00e0 quitter la CPI, africain de surcroit, le Burundi s\u2019est vu notifier par la procureure Fatou Bensouda cette d\u00e9cision quelques jours apr\u00e8s la date de son retrait officiel fix\u00e9e [&hellip;]\" \/>\n<meta property=\"og:url\" content=\"https:\/\/www.justiceinfo.net\/fr\/35234-la-semaine-de-la-justice-transitionnelle-le-burundi-se-retire-de-la-cpi-l-enquete-commence.html\" \/>\n<meta property=\"og:site_name\" content=\"JusticeInfo.net\" \/>\n<meta property=\"article:publisher\" content=\"https:\/\/www.facebook.com\/JusticeInfo\/\" \/>\n<meta property=\"article:author\" content=\"https:\/\/www.facebook.com\/profile.php?id=100004809918727\" \/>\n<meta property=\"article:published_time\" content=\"2017-11-13T06:40:31+00:00\" \/>\n<meta property=\"og:image\" content=\"https:\/\/www.justiceinfo.net\/wp-content\/uploads\/4738cac6594dfc924d993fc399439a64.jpg\" \/>\n\t<meta property=\"og:image:width\" content=\"1600\" \/>\n\t<meta property=\"og:image:height\" content=\"1200\" \/>\n\t<meta property=\"og:image:type\" content=\"image\/jpeg\" \/>\n<meta name=\"author\" content=\"Fran\u00e7ois Sergent\" \/>\n<meta name=\"twitter:card\" content=\"summary_large_image\" \/>\n<meta name=\"twitter:creator\" content=\"@FrancoisSergent\" \/>\n<meta name=\"twitter:site\" content=\"@justiceinfonet\" \/>\n<meta name=\"twitter:label1\" content=\"\u00c9crit par\" \/>\n\t<meta name=\"twitter:data1\" content=\"Fran\u00e7ois Sergent\" \/>\n\t<meta name=\"twitter:label2\" content=\"Dur\u00e9e de lecture estim\u00e9e\" \/>\n\t<meta name=\"twitter:data2\" content=\"3 minutes\" \/>\n<script type=\"application\/ld+json\" class=\"yoast-schema-graph\">{\"@context\":\"https:\/\/schema.org\",\"@graph\":[{\"@type\":\"NewsArticle\",\"@id\":\"https:\/\/www.justiceinfo.net\/fr\/35234-la-semaine-de-la-justice-transitionnelle-le-burundi-se-retire-de-la-cpi-l-enquete-commence.html#article\",\"isPartOf\":{\"@id\":\"https:\/\/www.justiceinfo.net\/fr\/35234-la-semaine-de-la-justice-transitionnelle-le-burundi-se-retire-de-la-cpi-l-enquete-commence.html\"},\"author\":{\"name\":\"fsergent\",\"@id\":\"https:\/\/www.justiceinfo.net\/fr#\/schema\/person\/724414fc3a7779fc189a73a27563e5e1\"},\"headline\":\"La semaine de la justice transitionnelle : enqu\u00eate de la CPI au Burundi, espoir en RDCongo\",\"datePublished\":\"2017-11-13T06:40:31+00:00\",\"mainEntityOfPage\":{\"@id\":\"https:\/\/www.justiceinfo.net\/fr\/35234-la-semaine-de-la-justice-transitionnelle-le-burundi-se-retire-de-la-cpi-l-enquete-commence.html\"},\"wordCount\":651,\"commentCount\":0,\"publisher\":{\"@id\":\"https:\/\/www.justiceinfo.net\/fr#organization\"},\"image\":{\"@id\":\"https:\/\/www.justiceinfo.net\/fr\/35234-la-semaine-de-la-justice-transitionnelle-le-burundi-se-retire-de-la-cpi-l-enquete-commence.html#primaryimage\"},\"thumbnailUrl\":\"https:\/\/www.justiceinfo.net\/wp-content\/uploads\/4738cac6594dfc924d993fc399439a64.jpg\",\"articleSection\":[\"CPI\"],\"inLanguage\":\"fr-FR\",\"potentialAction\":[{\"@type\":\"CommentAction\",\"name\":\"Comment\",\"target\":[\"https:\/\/www.justiceinfo.net\/fr\/35234-la-semaine-de-la-justice-transitionnelle-le-burundi-se-retire-de-la-cpi-l-enquete-commence.html#respond\"]}]},{\"@type\":\"WebPage\",\"@id\":\"https:\/\/www.justiceinfo.net\/fr\/35234-la-semaine-de-la-justice-transitionnelle-le-burundi-se-retire-de-la-cpi-l-enquete-commence.html\",\"url\":\"https:\/\/www.justiceinfo.net\/fr\/35234-la-semaine-de-la-justice-transitionnelle-le-burundi-se-retire-de-la-cpi-l-enquete-commence.html\",\"name\":\"La semaine de la justice transitionnelle : enqu\u00eate de la CPI au Burundi, espoir en RDCongo - JusticeInfo.net\",\"isPartOf\":{\"@id\":\"https:\/\/www.justiceinfo.net\/fr#website\"},\"primaryImageOfPage\":{\"@id\":\"https:\/\/www.justiceinfo.net\/fr\/35234-la-semaine-de-la-justice-transitionnelle-le-burundi-se-retire-de-la-cpi-l-enquete-commence.html#primaryimage\"},\"image\":{\"@id\":\"https:\/\/www.justiceinfo.net\/fr\/35234-la-semaine-de-la-justice-transitionnelle-le-burundi-se-retire-de-la-cpi-l-enquete-commence.html#primaryimage\"},\"thumbnailUrl\":\"https:\/\/www.justiceinfo.net\/wp-content\/uploads\/4738cac6594dfc924d993fc399439a64.jpg\",\"datePublished\":\"2017-11-13T06:40:31+00:00\",\"breadcrumb\":{\"@id\":\"https:\/\/www.justiceinfo.net\/fr\/35234-la-semaine-de-la-justice-transitionnelle-le-burundi-se-retire-de-la-cpi-l-enquete-commence.html#breadcrumb\"},\"inLanguage\":\"fr-FR\",\"potentialAction\":[{\"@type\":\"ReadAction\",\"target\":[\"https:\/\/www.justiceinfo.net\/fr\/35234-la-semaine-de-la-justice-transitionnelle-le-burundi-se-retire-de-la-cpi-l-enquete-commence.html\"]}]},{\"@type\":\"ImageObject\",\"inLanguage\":\"fr-FR\",\"@id\":\"https:\/\/www.justiceinfo.net\/fr\/35234-la-semaine-de-la-justice-transitionnelle-le-burundi-se-retire-de-la-cpi-l-enquete-commence.html#primaryimage\",\"url\":\"https:\/\/www.justiceinfo.net\/wp-content\/uploads\/4738cac6594dfc924d993fc399439a64.jpg\",\"contentUrl\":\"https:\/\/www.justiceinfo.net\/wp-content\/uploads\/4738cac6594dfc924d993fc399439a64.jpg\",\"width\":1600,\"height\":1200},{\"@type\":\"BreadcrumbList\",\"@id\":\"https:\/\/www.justiceinfo.net\/fr\/35234-la-semaine-de-la-justice-transitionnelle-le-burundi-se-retire-de-la-cpi-l-enquete-commence.html#breadcrumb\",\"itemListElement\":[{\"@type\":\"ListItem\",\"position\":1,\"name\":\"Home\",\"item\":\"https:\/\/www.justiceinfo.net\/fr\"},{\"@type\":\"ListItem\",\"position\":2,\"name\":\"La semaine de la justice transitionnelle : enqu\u00eate de la CPI au Burundi, espoir en RDCongo\"}]},{\"@type\":\"WebSite\",\"@id\":\"https:\/\/www.justiceinfo.net\/fr#website\",\"url\":\"https:\/\/www.justiceinfo.net\/fr\",\"name\":\"JusticeInfo.net\",\"description\":\"La justice doit \u00eatre vue pour \u00eatre rendue\",\"publisher\":{\"@id\":\"https:\/\/www.justiceinfo.net\/fr#organization\"},\"potentialAction\":[{\"@type\":\"SearchAction\",\"target\":{\"@type\":\"EntryPoint\",\"urlTemplate\":\"https:\/\/www.justiceinfo.net\/fr?s={search_term_string}\"},\"query-input\":{\"@type\":\"PropertyValueSpecification\",\"valueRequired\":true,\"valueName\":\"search_term_string\"}}],\"inLanguage\":\"fr-FR\"},{\"@type\":\"Organization\",\"@id\":\"https:\/\/www.justiceinfo.net\/fr#organization\",\"name\":\"Justice Info\",\"url\":\"https:\/\/www.justiceinfo.net\/fr\",\"logo\":{\"@type\":\"ImageObject\",\"inLanguage\":\"fr-FR\",\"@id\":\"https:\/\/www.justiceinfo.net\/fr#\/schema\/logo\/image\/\",\"url\":\"https:\/\/www.justiceinfo.net\/wp-content\/uploads\/justiceinfo_logo-trans_1200x1200px.png\",\"contentUrl\":\"https:\/\/www.justiceinfo.net\/wp-content\/uploads\/justiceinfo_logo-trans_1200x1200px.png\",\"width\":1199,\"height\":1200,\"caption\":\"Justice Info\"},\"image\":{\"@id\":\"https:\/\/www.justiceinfo.net\/fr#\/schema\/logo\/image\/\"},\"sameAs\":[\"https:\/\/www.facebook.com\/JusticeInfo\/\",\"https:\/\/x.com\/justiceinfonet\",\"https:\/\/www.linkedin.com\/company\/justice-info\",\"https:\/\/www.youtube.com\/channel\/UCyCEsARodyuWtkWyhn-e7pA\"]},{\"@type\":\"Person\",\"name\":\"Fran\u00e7ois Sergent\",\"sameAs\":[\"https:\/\/www.facebook.com\/profile.php?id=100004809918727\",\"https:\/\/x.com\/FrancoisSergent\"],\"url\":\"https:\/\/www.justiceinfo.net\/fr\/auteur\/fsergent\"}]}<\/script>\n<!-- \/ Yoast SEO Premium plugin. -->","yoast_head_json":{"title":"La semaine de la justice transitionnelle : enqu\u00eate de la CPI au Burundi, espoir en RDCongo - JusticeInfo.net","robots":{"index":"index","follow":"follow","max-snippet":"max-snippet:-1","max-image-preview":"max-image-preview:large","max-video-preview":"max-video-preview:-1"},"canonical":"https:\/\/www.justiceinfo.net\/fr\/35234-la-semaine-de-la-justice-transitionnelle-le-burundi-se-retire-de-la-cpi-l-enquete-commence.html","og_locale":"fr_FR","og_type":"article","og_title":"La semaine de la justice transitionnelle : enqu\u00eate de la CPI au Burundi, espoir en RDCongo","og_description":"L\u2019ouverture d\u2019une enqu\u00eate pour \u00ab\u00a0 crimes contre l\u2019humanit\u00e9\u00a0\u00bb commis au Burundi par la Cour P\u00e9nale Internationale a domin\u00e9 la semaine de la justice transitionnelle. Premier pays \u00e0 quitter la CPI, africain de surcroit, le Burundi s\u2019est vu notifier par la procureure Fatou Bensouda cette d\u00e9cision quelques jours apr\u00e8s la date de son retrait officiel fix\u00e9e [&hellip;]","og_url":"https:\/\/www.justiceinfo.net\/fr\/35234-la-semaine-de-la-justice-transitionnelle-le-burundi-se-retire-de-la-cpi-l-enquete-commence.html","og_site_name":"JusticeInfo.net","article_publisher":"https:\/\/www.facebook.com\/JusticeInfo\/","article_author":"https:\/\/www.facebook.com\/profile.php?id=100004809918727","article_published_time":"2017-11-13T06:40:31+00:00","og_image":[{"width":1600,"height":1200,"url":"https:\/\/www.justiceinfo.net\/wp-content\/uploads\/4738cac6594dfc924d993fc399439a64.jpg","type":"image\/jpeg"}],"author":"Fran\u00e7ois Sergent","twitter_card":"summary_large_image","twitter_creator":"@FrancoisSergent","twitter_site":"@justiceinfonet","twitter_misc":{"\u00c9crit par":"Fran\u00e7ois Sergent","Dur\u00e9e de lecture estim\u00e9e":"3 minutes"},"schema":{"@context":"https:\/\/schema.org","@graph":[{"@type":"NewsArticle","@id":"https:\/\/www.justiceinfo.net\/fr\/35234-la-semaine-de-la-justice-transitionnelle-le-burundi-se-retire-de-la-cpi-l-enquete-commence.html#article","isPartOf":{"@id":"https:\/\/www.justiceinfo.net\/fr\/35234-la-semaine-de-la-justice-transitionnelle-le-burundi-se-retire-de-la-cpi-l-enquete-commence.html"},"author":{"name":"fsergent","@id":"https:\/\/www.justiceinfo.net\/fr#\/schema\/person\/724414fc3a7779fc189a73a27563e5e1"},"headline":"La semaine de la justice transitionnelle : enqu\u00eate de la CPI au Burundi, espoir en RDCongo","datePublished":"2017-11-13T06:40:31+00:00","mainEntityOfPage":{"@id":"https:\/\/www.justiceinfo.net\/fr\/35234-la-semaine-de-la-justice-transitionnelle-le-burundi-se-retire-de-la-cpi-l-enquete-commence.html"},"wordCount":651,"commentCount":0,"publisher":{"@id":"https:\/\/www.justiceinfo.net\/fr#organization"},"image":{"@id":"https:\/\/www.justiceinfo.net\/fr\/35234-la-semaine-de-la-justice-transitionnelle-le-burundi-se-retire-de-la-cpi-l-enquete-commence.html#primaryimage"},"thumbnailUrl":"https:\/\/www.justiceinfo.net\/wp-content\/uploads\/4738cac6594dfc924d993fc399439a64.jpg","articleSection":["CPI"],"inLanguage":"fr-FR","potentialAction":[{"@type":"CommentAction","name":"Comment","target":["https:\/\/www.justiceinfo.net\/fr\/35234-la-semaine-de-la-justice-transitionnelle-le-burundi-se-retire-de-la-cpi-l-enquete-commence.html#respond"]}]},{"@type":"WebPage","@id":"https:\/\/www.justiceinfo.net\/fr\/35234-la-semaine-de-la-justice-transitionnelle-le-burundi-se-retire-de-la-cpi-l-enquete-commence.html","url":"https:\/\/www.justiceinfo.net\/fr\/35234-la-semaine-de-la-justice-transitionnelle-le-burundi-se-retire-de-la-cpi-l-enquete-commence.html","name":"La semaine de la justice transitionnelle : enqu\u00eate de la CPI au Burundi, espoir en RDCongo - JusticeInfo.net","isPartOf":{"@id":"https:\/\/www.justiceinfo.net\/fr#website"},"primaryImageOfPage":{"@id":"https:\/\/www.justiceinfo.net\/fr\/35234-la-semaine-de-la-justice-transitionnelle-le-burundi-se-retire-de-la-cpi-l-enquete-commence.html#primaryimage"},"image":{"@id":"https:\/\/www.justiceinfo.net\/fr\/35234-la-semaine-de-la-justice-transitionnelle-le-burundi-se-retire-de-la-cpi-l-enquete-commence.html#primaryimage"},"thumbnailUrl":"https:\/\/www.justiceinfo.net\/wp-content\/uploads\/4738cac6594dfc924d993fc399439a64.jpg","datePublished":"2017-11-13T06:40:31+00:00","breadcrumb":{"@id":"https:\/\/www.justiceinfo.net\/fr\/35234-la-semaine-de-la-justice-transitionnelle-le-burundi-se-retire-de-la-cpi-l-enquete-commence.html#breadcrumb"},"inLanguage":"fr-FR","potentialAction":[{"@type":"ReadAction","target":["https:\/\/www.justiceinfo.net\/fr\/35234-la-semaine-de-la-justice-transitionnelle-le-burundi-se-retire-de-la-cpi-l-enquete-commence.html"]}]},{"@type":"ImageObject","inLanguage":"fr-FR","@id":"https:\/\/www.justiceinfo.net\/fr\/35234-la-semaine-de-la-justice-transitionnelle-le-burundi-se-retire-de-la-cpi-l-enquete-commence.html#primaryimage","url":"https:\/\/www.justiceinfo.net\/wp-content\/uploads\/4738cac6594dfc924d993fc399439a64.jpg","contentUrl":"https:\/\/www.justiceinfo.net\/wp-content\/uploads\/4738cac6594dfc924d993fc399439a64.jpg","width":1600,"height":1200},{"@type":"BreadcrumbList","@id":"https:\/\/www.justiceinfo.net\/fr\/35234-la-semaine-de-la-justice-transitionnelle-le-burundi-se-retire-de-la-cpi-l-enquete-commence.html#breadcrumb","itemListElement":[{"@type":"ListItem","position":1,"name":"Home","item":"https:\/\/www.justiceinfo.net\/fr"},{"@type":"ListItem","position":2,"name":"La semaine de la justice transitionnelle : enqu\u00eate de la CPI au Burundi, espoir en RDCongo"}]},{"@type":"WebSite","@id":"https:\/\/www.justiceinfo.net\/fr#website","url":"https:\/\/www.justiceinfo.net\/fr","name":"JusticeInfo.net","description":"La justice doit \u00eatre vue pour \u00eatre rendue","publisher":{"@id":"https:\/\/www.justiceinfo.net\/fr#organization"},"potentialAction":[{"@type":"SearchAction","target":{"@type":"EntryPoint","urlTemplate":"https:\/\/www.justiceinfo.net\/fr?s={search_term_string}"},"query-input":{"@type":"PropertyValueSpecification","valueRequired":true,"valueName":"search_term_string"}}],"inLanguage":"fr-FR"},{"@type":"Organization","@id":"https:\/\/www.justiceinfo.net\/fr#organization","name":"Justice Info","url":"https:\/\/www.justiceinfo.net\/fr","logo":{"@type":"ImageObject","inLanguage":"fr-FR","@id":"https:\/\/www.justiceinfo.net\/fr#\/schema\/logo\/image\/","url":"https:\/\/www.justiceinfo.net\/wp-content\/uploads\/justiceinfo_logo-trans_1200x1200px.png","contentUrl":"https:\/\/www.justiceinfo.net\/wp-content\/uploads\/justiceinfo_logo-trans_1200x1200px.png","width":1199,"height":1200,"caption":"Justice Info"},"image":{"@id":"https:\/\/www.justiceinfo.net\/fr#\/schema\/logo\/image\/"},"sameAs":["https:\/\/www.facebook.com\/JusticeInfo\/","https:\/\/x.com\/justiceinfonet","https:\/\/www.linkedin.com\/company\/justice-info","https:\/\/www.youtube.com\/channel\/UCyCEsARodyuWtkWyhn-e7pA"]},{"@type":"Person","name":"Fran\u00e7ois Sergent","sameAs":["https:\/\/www.facebook.com\/profile.php?id=100004809918727","https:\/\/x.com\/FrancoisSergent"],"url":"https:\/\/www.justiceinfo.net\/fr\/auteur\/fsergent"}]}},"_links":{"self":[{"href":"https:\/\/www.justiceinfo.net\/fr\/wp-json\/wp\/v2\/posts\/35234","targetHints":{"allow":["GET"]}}],"collection":[{"href":"https:\/\/www.justiceinfo.net\/fr\/wp-json\/wp\/v2\/posts"}],"about":[{"href":"https:\/\/www.justiceinfo.net\/fr\/wp-json\/wp\/v2\/types\/post"}],"author":[{"embeddable":true,"href":"https:\/\/www.justiceinfo.net\/fr\/wp-json\/wp\/v2\/users\/58"}],"replies":[{"embeddable":true,"href":"https:\/\/www.justiceinfo.net\/fr\/wp-json\/wp\/v2\/comments?post=35234"}],"version-history":[{"count":0,"href":"https:\/\/www.justiceinfo.net\/fr\/wp-json\/wp\/v2\/posts\/35234\/revisions"}],"wp:featuredmedia":[{"embeddable":true,"href":"https:\/\/www.justiceinfo.net\/fr\/wp-json\/wp\/v2\/media\/67979"}],"wp:attachment":[{"href":"https:\/\/www.justiceinfo.net\/fr\/wp-json\/wp\/v2\/media?parent=35234"}],"wp:term":[{"taxonomy":"category","embeddable":true,"href":"https:\/\/www.justiceinfo.net\/fr\/wp-json\/wp\/v2\/categories?post=35234"},{"taxonomy":"post_tag","embeddable":true,"href":"https:\/\/www.justiceinfo.net\/fr\/wp-json\/wp\/v2\/tags?post=35234"},{"taxonomy":"ji_location","embeddable":true,"href":"https:\/\/www.justiceinfo.net\/fr\/wp-json\/wp\/v2\/ji_location?post=35234"}],"curies":[{"name":"wp","href":"https:\/\/api.w.org\/{rel}","templated":true}]}}