{"id":35247,"date":"2017-09-13T13:35:00","date_gmt":"2017-09-13T11:35:00","guid":{"rendered":"https:\/\/www.justiceinfo.net\/35247-centrafrique-le-combat-de-deux-personnalites-religieuses.html"},"modified":"2017-09-13T13:35:00","modified_gmt":"2017-09-13T11:35:00","slug":"centrafrique-le-combat-de-deux-personnalites-religieuses","status":"publish","type":"post","link":"https:\/\/www.justiceinfo.net\/fr\/35247-centrafrique-le-combat-de-deux-personnalites-religieuses.html","title":{"rendered":"Centrafrique : le combat de deux personnalit\u00e9s religieuses"},"content":{"rendered":"<p>D\u00e9clench\u00e9 en 2013, l\u2019actuel conflit centrafricain pourrait \u00eatre d\u00e9fini comme un conflit inter-communautaire opposant, au d\u00e9part, les milices de la Seleka \u00e0 majorit\u00e9 musulmane, \u00e0 des groupes d\u2019autod\u00e9fense majoritairement chr\u00e9tiens et animistes, les anti-balaka.<\/p>\n<p>\u00a0<\/p>\n<p>C\u2019est la Seleka, une n\u00e9buleuse h\u00e9t\u00e9roclite, qui chasse du pouvoir le pr\u00e9sident Fran\u00e7ois Boziz\u00e9 en 2013 et porte \u00e0 la t\u00eate du pays Michel Djotodia, premier chef d\u2019Etat musulman de l\u2019histoire de la Centrafrique.<\/p>\n<p>\u00a0<\/p>\n<p>Pour leur part, les anti-balaka, soutenus par d\u2019anciens membres des Forces arm\u00e9es centrafricaines (FACA), sont fid\u00e8les \u00e0 Fran\u00e7ois Boziz\u00e9 aujourd\u2019hui en exil, comme son tombeur Michel Djotodia.<\/p>\n<p>\u00a0<\/p>\n<p>D\u00e8s leur prise du pouvoir, les rebelles de la Seleka s\u2019illustrent par leurs exactions contre des civils. Dans leur riposte, les anti-balaka, vont aussi se livrer \u00e0 des violations graves des droits de l\u2019homme visant essentiellement des membres de la communaut\u00e9 musulmane. Certains musulmans pourchass\u00e9s cherchent refuge dans des \u00e9glises chr\u00e9tiennes tandis que d\u2019autres se radicalisent davantage.<\/p>\n<p>Le conflit prend alors des allures d\u2019une confrontation interreligieuse. Face \u00e0 cette situation, trois hauts responsables religieux du pays, se sentent interpell\u00e9s et d\u00e9cident de se jeter \u00e0 l\u2019eau. L\u2019Archev\u00eaque catholique de Bangui, Monseigneur Dieudonn\u00e9 Nzapalainga, le pasteur Nicolas Guerekoyame, pr\u00e9sident de l\u2019Alliance des \u00e9vang\u00e9liques et l\u2019Imam Oumar Kobine Layama lancent ce qui est connu aujourd\u2019hui sous le nom de Plateforme des confessions religieuses de Centrafrique. Les trois hommes en sont les piliers.<\/p>\n<p>Sillonnant leur pays c\u00f4te-\u00e0-c\u00f4te, parfois sous les critiques ou la ris\u00e9e de certains membres de leurs communaut\u00e9s respectives, ils r\u00e9ussiront \u00e0 pr\u00e9venir certains affrontements ou attaques, sauvant ainsi des vies humaines.<\/p>\n<p>Plus appr\u00e9ci\u00e9e \u00e0 l\u2019ext\u00e9rieur qu\u2019\u00e0 l\u2019int\u00e9rieur de la Centrafrique, leur \u0153uvre commune leur vaudra une reconnaissance internationale marqu\u00e9e notamment par le prix\u00a0 de l'organisation am\u00e9ricaine Search for Common Ground. Ce prix\u00a0, qu\u2019ils ont re\u00e7u fin 2014,\u00a0 honore chaque ann\u00e9e une personnalit\u00e9 ou des personnalit\u00e9s ayant accompli un travail exceptionnel dans la r\u00e9solution des conflits.<\/p>\n<p>\u00a0<\/p>\n","protected":false},"excerpt":{"rendered":"<p>D\u00e9clench\u00e9 en 2013, l\u2019actuel conflit centrafricain pourrait \u00eatre d\u00e9fini comme un conflit inter-communautaire opposant, au d\u00e9part, les milices de la Seleka \u00e0 majorit\u00e9 musulmane, \u00e0 des groupes d\u2019autod\u00e9fense majoritairement chr\u00e9tiens et animistes, les anti-balaka. \u00a0 C\u2019est la Seleka, une n\u00e9buleuse h\u00e9t\u00e9roclite, qui chasse du pouvoir le pr\u00e9sident Fran\u00e7ois Boziz\u00e9 en 2013 et porte \u00e0 la [&hellip;]<\/p>\n","protected":false},"author":64,"featured_media":0,"comment_status":"open","ping_status":"closed","sticky":false,"template":"","format":"standard","meta":{"_acf_changed":false,"footnotes":""},"categories":[556],"tags":[],"ji_location":[2164],"class_list":["post-35247","post","type-post","status-publish","format-standard","hentry","category-divers","ji_location-republique-centrafricaine"],"acf":[],"yoast_head":"<!-- This site is optimized with the Yoast SEO Premium plugin v25.3.1 (Yoast SEO v25.3.1) - https:\/\/yoast.com\/wordpress\/plugins\/seo\/ -->\n<title>Centrafrique : le combat de deux personnalit\u00e9s religieuses - JusticeInfo.net<\/title>\n<meta name=\"robots\" content=\"index, follow, max-snippet:-1, max-image-preview:large, max-video-preview:-1\" \/>\n<link rel=\"canonical\" href=\"https:\/\/www.justiceinfo.net\/fr\/35247-centrafrique-le-combat-de-deux-personnalites-religieuses.html\" \/>\n<meta property=\"og:locale\" content=\"fr_FR\" \/>\n<meta property=\"og:type\" content=\"article\" \/>\n<meta property=\"og:title\" content=\"Centrafrique : le combat de deux personnalit\u00e9s religieuses\" \/>\n<meta property=\"og:description\" content=\"D\u00e9clench\u00e9 en 2013, l\u2019actuel conflit centrafricain pourrait \u00eatre d\u00e9fini comme un conflit inter-communautaire opposant, au d\u00e9part, les milices de la Seleka \u00e0 majorit\u00e9 musulmane, \u00e0 des groupes d\u2019autod\u00e9fense majoritairement chr\u00e9tiens et animistes, les anti-balaka. \u00a0 C\u2019est la Seleka, une n\u00e9buleuse h\u00e9t\u00e9roclite, qui chasse du pouvoir le pr\u00e9sident Fran\u00e7ois Boziz\u00e9 en 2013 et porte \u00e0 la [&hellip;]\" \/>\n<meta property=\"og:url\" content=\"https:\/\/www.justiceinfo.net\/fr\/35247-centrafrique-le-combat-de-deux-personnalites-religieuses.html\" \/>\n<meta property=\"og:site_name\" content=\"JusticeInfo.net\" \/>\n<meta property=\"article:publisher\" content=\"https:\/\/www.facebook.com\/JusticeInfo\/\" \/>\n<meta property=\"article:published_time\" content=\"2017-09-13T11:35:00+00:00\" \/>\n<meta property=\"og:image\" content=\"https:\/\/www.justiceinfo.net\/wp-content\/uploads\/JusticeInfoNet_logo_1200x630px.jpg\" \/>\n\t<meta property=\"og:image:width\" content=\"1200\" \/>\n\t<meta property=\"og:image:height\" content=\"630\" \/>\n\t<meta property=\"og:image:type\" content=\"image\/jpeg\" \/>\n<meta name=\"author\" content=\"JusticeInfo.Net\" \/>\n<meta name=\"twitter:card\" content=\"summary_large_image\" \/>\n<meta name=\"twitter:creator\" content=\"@justiceinfonet\" \/>\n<meta name=\"twitter:site\" content=\"@justiceinfonet\" \/>\n<meta name=\"twitter:label1\" content=\"\u00c9crit par\" \/>\n\t<meta name=\"twitter:data1\" content=\"JusticeInfo.Net\" \/>\n\t<meta name=\"twitter:label2\" content=\"Dur\u00e9e de lecture estim\u00e9e\" \/>\n\t<meta name=\"twitter:data2\" content=\"2 minutes\" \/>\n<script type=\"application\/ld+json\" class=\"yoast-schema-graph\">{\"@context\":\"https:\/\/schema.org\",\"@graph\":[{\"@type\":\"NewsArticle\",\"@id\":\"https:\/\/www.justiceinfo.net\/fr\/35247-centrafrique-le-combat-de-deux-personnalites-religieuses.html#article\",\"isPartOf\":{\"@id\":\"https:\/\/www.justiceinfo.net\/fr\/35247-centrafrique-le-combat-de-deux-personnalites-religieuses.html\"},\"author\":{\"name\":\"solivri\",\"@id\":\"https:\/\/www.justiceinfo.net\/fr#\/schema\/person\/6e53cba1629e2e66f3fc1821d3091865\"},\"headline\":\"Centrafrique : le combat de deux personnalit\u00e9s religieuses\",\"datePublished\":\"2017-09-13T11:35:00+00:00\",\"mainEntityOfPage\":{\"@id\":\"https:\/\/www.justiceinfo.net\/fr\/35247-centrafrique-le-combat-de-deux-personnalites-religieuses.html\"},\"wordCount\":365,\"commentCount\":0,\"publisher\":{\"@id\":\"https:\/\/www.justiceinfo.net\/fr#organization\"},\"articleSection\":[\"Divers\"],\"inLanguage\":\"fr-FR\",\"potentialAction\":[{\"@type\":\"CommentAction\",\"name\":\"Comment\",\"target\":[\"https:\/\/www.justiceinfo.net\/fr\/35247-centrafrique-le-combat-de-deux-personnalites-religieuses.html#respond\"]}]},{\"@type\":\"WebPage\",\"@id\":\"https:\/\/www.justiceinfo.net\/fr\/35247-centrafrique-le-combat-de-deux-personnalites-religieuses.html\",\"url\":\"https:\/\/www.justiceinfo.net\/fr\/35247-centrafrique-le-combat-de-deux-personnalites-religieuses.html\",\"name\":\"Centrafrique : le combat de deux personnalit\u00e9s religieuses - JusticeInfo.net\",\"isPartOf\":{\"@id\":\"https:\/\/www.justiceinfo.net\/fr#website\"},\"datePublished\":\"2017-09-13T11:35:00+00:00\",\"breadcrumb\":{\"@id\":\"https:\/\/www.justiceinfo.net\/fr\/35247-centrafrique-le-combat-de-deux-personnalites-religieuses.html#breadcrumb\"},\"inLanguage\":\"fr-FR\",\"potentialAction\":[{\"@type\":\"ReadAction\",\"target\":[\"https:\/\/www.justiceinfo.net\/fr\/35247-centrafrique-le-combat-de-deux-personnalites-religieuses.html\"]}]},{\"@type\":\"BreadcrumbList\",\"@id\":\"https:\/\/www.justiceinfo.net\/fr\/35247-centrafrique-le-combat-de-deux-personnalites-religieuses.html#breadcrumb\",\"itemListElement\":[{\"@type\":\"ListItem\",\"position\":1,\"name\":\"Home\",\"item\":\"https:\/\/www.justiceinfo.net\/fr\"},{\"@type\":\"ListItem\",\"position\":2,\"name\":\"Centrafrique : le combat de deux personnalit\u00e9s religieuses\"}]},{\"@type\":\"WebSite\",\"@id\":\"https:\/\/www.justiceinfo.net\/fr#website\",\"url\":\"https:\/\/www.justiceinfo.net\/fr\",\"name\":\"JusticeInfo.net\",\"description\":\"La justice doit \u00eatre vue pour \u00eatre rendue\",\"publisher\":{\"@id\":\"https:\/\/www.justiceinfo.net\/fr#organization\"},\"potentialAction\":[{\"@type\":\"SearchAction\",\"target\":{\"@type\":\"EntryPoint\",\"urlTemplate\":\"https:\/\/www.justiceinfo.net\/fr?s={search_term_string}\"},\"query-input\":{\"@type\":\"PropertyValueSpecification\",\"valueRequired\":true,\"valueName\":\"search_term_string\"}}],\"inLanguage\":\"fr-FR\"},{\"@type\":\"Organization\",\"@id\":\"https:\/\/www.justiceinfo.net\/fr#organization\",\"name\":\"Justice Info\",\"url\":\"https:\/\/www.justiceinfo.net\/fr\",\"logo\":{\"@type\":\"ImageObject\",\"inLanguage\":\"fr-FR\",\"@id\":\"https:\/\/www.justiceinfo.net\/fr#\/schema\/logo\/image\/\",\"url\":\"https:\/\/www.justiceinfo.net\/wp-content\/uploads\/justiceinfo_logo-trans_1200x1200px.png\",\"contentUrl\":\"https:\/\/www.justiceinfo.net\/wp-content\/uploads\/justiceinfo_logo-trans_1200x1200px.png\",\"width\":1199,\"height\":1200,\"caption\":\"Justice Info\"},\"image\":{\"@id\":\"https:\/\/www.justiceinfo.net\/fr#\/schema\/logo\/image\/\"},\"sameAs\":[\"https:\/\/www.facebook.com\/JusticeInfo\/\",\"https:\/\/x.com\/justiceinfonet\",\"https:\/\/www.linkedin.com\/company\/justice-info\",\"https:\/\/www.youtube.com\/channel\/UCyCEsARodyuWtkWyhn-e7pA\"]},{\"@type\":\"Person\",\"name\":\"JusticeInfo.Net\",\"url\":\"\/fr\/?s=JusticeInfo.Net\"}]}<\/script>\n<!-- \/ Yoast SEO Premium plugin. -->","yoast_head_json":{"title":"Centrafrique : le combat de deux personnalit\u00e9s religieuses - JusticeInfo.net","robots":{"index":"index","follow":"follow","max-snippet":"max-snippet:-1","max-image-preview":"max-image-preview:large","max-video-preview":"max-video-preview:-1"},"canonical":"https:\/\/www.justiceinfo.net\/fr\/35247-centrafrique-le-combat-de-deux-personnalites-religieuses.html","og_locale":"fr_FR","og_type":"article","og_title":"Centrafrique : le combat de deux personnalit\u00e9s religieuses","og_description":"D\u00e9clench\u00e9 en 2013, l\u2019actuel conflit centrafricain pourrait \u00eatre d\u00e9fini comme un conflit inter-communautaire opposant, au d\u00e9part, les milices de la Seleka \u00e0 majorit\u00e9 musulmane, \u00e0 des groupes d\u2019autod\u00e9fense majoritairement chr\u00e9tiens et animistes, les anti-balaka. \u00a0 C\u2019est la Seleka, une n\u00e9buleuse h\u00e9t\u00e9roclite, qui chasse du pouvoir le pr\u00e9sident Fran\u00e7ois Boziz\u00e9 en 2013 et porte \u00e0 la [&hellip;]","og_url":"https:\/\/www.justiceinfo.net\/fr\/35247-centrafrique-le-combat-de-deux-personnalites-religieuses.html","og_site_name":"JusticeInfo.net","article_publisher":"https:\/\/www.facebook.com\/JusticeInfo\/","article_published_time":"2017-09-13T11:35:00+00:00","og_image":[{"width":1200,"height":630,"url":"https:\/\/www.justiceinfo.net\/wp-content\/uploads\/JusticeInfoNet_logo_1200x630px.jpg","type":"image\/jpeg"}],"author":"JusticeInfo.Net","twitter_card":"summary_large_image","twitter_creator":"@justiceinfonet","twitter_site":"@justiceinfonet","twitter_misc":{"\u00c9crit par":"JusticeInfo.Net","Dur\u00e9e de lecture estim\u00e9e":"2 minutes"},"schema":{"@context":"https:\/\/schema.org","@graph":[{"@type":"NewsArticle","@id":"https:\/\/www.justiceinfo.net\/fr\/35247-centrafrique-le-combat-de-deux-personnalites-religieuses.html#article","isPartOf":{"@id":"https:\/\/www.justiceinfo.net\/fr\/35247-centrafrique-le-combat-de-deux-personnalites-religieuses.html"},"author":{"name":"solivri","@id":"https:\/\/www.justiceinfo.net\/fr#\/schema\/person\/6e53cba1629e2e66f3fc1821d3091865"},"headline":"Centrafrique : le combat de deux personnalit\u00e9s religieuses","datePublished":"2017-09-13T11:35:00+00:00","mainEntityOfPage":{"@id":"https:\/\/www.justiceinfo.net\/fr\/35247-centrafrique-le-combat-de-deux-personnalites-religieuses.html"},"wordCount":365,"commentCount":0,"publisher":{"@id":"https:\/\/www.justiceinfo.net\/fr#organization"},"articleSection":["Divers"],"inLanguage":"fr-FR","potentialAction":[{"@type":"CommentAction","name":"Comment","target":["https:\/\/www.justiceinfo.net\/fr\/35247-centrafrique-le-combat-de-deux-personnalites-religieuses.html#respond"]}]},{"@type":"WebPage","@id":"https:\/\/www.justiceinfo.net\/fr\/35247-centrafrique-le-combat-de-deux-personnalites-religieuses.html","url":"https:\/\/www.justiceinfo.net\/fr\/35247-centrafrique-le-combat-de-deux-personnalites-religieuses.html","name":"Centrafrique : le combat de deux personnalit\u00e9s religieuses - JusticeInfo.net","isPartOf":{"@id":"https:\/\/www.justiceinfo.net\/fr#website"},"datePublished":"2017-09-13T11:35:00+00:00","breadcrumb":{"@id":"https:\/\/www.justiceinfo.net\/fr\/35247-centrafrique-le-combat-de-deux-personnalites-religieuses.html#breadcrumb"},"inLanguage":"fr-FR","potentialAction":[{"@type":"ReadAction","target":["https:\/\/www.justiceinfo.net\/fr\/35247-centrafrique-le-combat-de-deux-personnalites-religieuses.html"]}]},{"@type":"BreadcrumbList","@id":"https:\/\/www.justiceinfo.net\/fr\/35247-centrafrique-le-combat-de-deux-personnalites-religieuses.html#breadcrumb","itemListElement":[{"@type":"ListItem","position":1,"name":"Home","item":"https:\/\/www.justiceinfo.net\/fr"},{"@type":"ListItem","position":2,"name":"Centrafrique : le combat de deux personnalit\u00e9s religieuses"}]},{"@type":"WebSite","@id":"https:\/\/www.justiceinfo.net\/fr#website","url":"https:\/\/www.justiceinfo.net\/fr","name":"JusticeInfo.net","description":"La justice doit \u00eatre vue pour \u00eatre rendue","publisher":{"@id":"https:\/\/www.justiceinfo.net\/fr#organization"},"potentialAction":[{"@type":"SearchAction","target":{"@type":"EntryPoint","urlTemplate":"https:\/\/www.justiceinfo.net\/fr?s={search_term_string}"},"query-input":{"@type":"PropertyValueSpecification","valueRequired":true,"valueName":"search_term_string"}}],"inLanguage":"fr-FR"},{"@type":"Organization","@id":"https:\/\/www.justiceinfo.net\/fr#organization","name":"Justice Info","url":"https:\/\/www.justiceinfo.net\/fr","logo":{"@type":"ImageObject","inLanguage":"fr-FR","@id":"https:\/\/www.justiceinfo.net\/fr#\/schema\/logo\/image\/","url":"https:\/\/www.justiceinfo.net\/wp-content\/uploads\/justiceinfo_logo-trans_1200x1200px.png","contentUrl":"https:\/\/www.justiceinfo.net\/wp-content\/uploads\/justiceinfo_logo-trans_1200x1200px.png","width":1199,"height":1200,"caption":"Justice Info"},"image":{"@id":"https:\/\/www.justiceinfo.net\/fr#\/schema\/logo\/image\/"},"sameAs":["https:\/\/www.facebook.com\/JusticeInfo\/","https:\/\/x.com\/justiceinfonet","https:\/\/www.linkedin.com\/company\/justice-info","https:\/\/www.youtube.com\/channel\/UCyCEsARodyuWtkWyhn-e7pA"]},{"@type":"Person","name":"JusticeInfo.Net","url":"\/fr\/?s=JusticeInfo.Net"}]}},"_links":{"self":[{"href":"https:\/\/www.justiceinfo.net\/fr\/wp-json\/wp\/v2\/posts\/35247","targetHints":{"allow":["GET"]}}],"collection":[{"href":"https:\/\/www.justiceinfo.net\/fr\/wp-json\/wp\/v2\/posts"}],"about":[{"href":"https:\/\/www.justiceinfo.net\/fr\/wp-json\/wp\/v2\/types\/post"}],"author":[{"embeddable":true,"href":"https:\/\/www.justiceinfo.net\/fr\/wp-json\/wp\/v2\/users\/64"}],"replies":[{"embeddable":true,"href":"https:\/\/www.justiceinfo.net\/fr\/wp-json\/wp\/v2\/comments?post=35247"}],"version-history":[{"count":0,"href":"https:\/\/www.justiceinfo.net\/fr\/wp-json\/wp\/v2\/posts\/35247\/revisions"}],"wp:attachment":[{"href":"https:\/\/www.justiceinfo.net\/fr\/wp-json\/wp\/v2\/media?parent=35247"}],"wp:term":[{"taxonomy":"category","embeddable":true,"href":"https:\/\/www.justiceinfo.net\/fr\/wp-json\/wp\/v2\/categories?post=35247"},{"taxonomy":"post_tag","embeddable":true,"href":"https:\/\/www.justiceinfo.net\/fr\/wp-json\/wp\/v2\/tags?post=35247"},{"taxonomy":"ji_location","embeddable":true,"href":"https:\/\/www.justiceinfo.net\/fr\/wp-json\/wp\/v2\/ji_location?post=35247"}],"curies":[{"name":"wp","href":"https:\/\/api.w.org\/{rel}","templated":true}]}}