{"id":35249,"date":"2017-11-13T14:42:33","date_gmt":"2017-11-13T13:42:33","guid":{"rendered":"https:\/\/www.justiceinfo.net\/35249-la-reponse-de-la-communaute-internationale-a-la-crise-centrafricaine.html"},"modified":"2017-11-13T14:42:33","modified_gmt":"2017-11-13T13:42:33","slug":"la-reponse-de-la-communaute-internationale-a-la-crise-centrafricaine","status":"publish","type":"post","link":"https:\/\/www.justiceinfo.net\/fr\/35249-la-reponse-de-la-communaute-internationale-a-la-crise-centrafricaine.html","title":{"rendered":"La r\u00e9ponse de la communaut\u00e9 internationale \u00e0 la crise centrafricaine"},"content":{"rendered":"<p>Au renversement du pr\u00e9sident Boziz\u00e9 en mars 2013, un Bureau int\u00e9gr\u00e9 des Nations unies pour la consolidation de la paix en R\u00e9publique centrafricaine (BINUCA) est d\u00e9j\u00e0 sur place. Son mandat, comme son nom l\u2019indique, est d\u2019aider \u00e0 consolider la paix et renforcer les institutions d\u00e9mocratiques en Centrafrique.<\/p>\n<p>Suite \u00e0 la d\u00e9t\u00e9rioration progressive de la situation dans le pays, le Conseil de s\u00e9curit\u00e9, dans sa r\u00e9solution 2127 (2013) du 5 d\u00e9cembre 2013, autorise le d\u00e9ploiement de la Mission internationale de soutien \u00e0 la Centrafrique sous conduite africaine (MISCA) et d\u2019une force de maintien de la paix appuy\u00e9e par la France (appel\u00e9e Op\u00e9ration Sangaris) pour mettre un terme \u00e0 l\u2019escalade de la violence.<\/p>\n<p>Le d\u00e9ploiement rapide de la MISCA et de l\u2019Op\u00e9ration Sangaris permet, dans des conditions parfois extr\u00eamement difficiles, de sauver la vie de nombreux civils et d\u2019emp\u00eacher une trag\u00e9die d\u2019une plus grande ampleur.<\/p>\n<p>Au 21 f\u00e9vrier 2014, les effectifs militaires de la MISCA se montent 6 032 hommes tandis que l\u2019Op\u00e9ration Sangaris \u00a0en compte 2 000. Ces forces africaines et fran\u00e7aises vont \u00eatre renforc\u00e9es \u00e0 partir d\u2019avril 2014 par un contingent militaire de l\u2019Union europ\u00e9enne, fort de 1 000 hommes.<\/p>\n<p>Dans le souci de r\u00e9pondre plus efficacement \u00e0 la crise, dans ses dimensions s\u00e9curitaire, humanitaire et politique, le secr\u00e9taire g\u00e9n\u00e9ral de l\u2019ONU recommande au Conseil de s\u00e9curit\u00e9, d\u00e9but mars 2014, d\u2019autoriser le d\u00e9ploiement d\u2019une op\u00e9ration de maintien de la paix multidimensionnelle des Nations unies.<\/p>\n<p>Ainsi, par sa r\u00e9solution 2149\u00a0 du 10 avril 2014, le Conseil de s\u00e9curit\u00e9\u00a0 cr\u00e9e la Mission int\u00e9gr\u00e9e multidimensionnelle de stabilisation des Nations unies en R\u00e9publique centrafricaine (MINUSCA)\u00a0 et prie\u00a0 le secr\u00e9taire g\u00e9n\u00e9ral d'int\u00e9grer le BINUCA dans la nouvelle mission. Le Conseil de s\u00e9curit\u00e9 d\u00e9cide en outre que le transfert de responsabilit\u00e9 de la MISCA \u00e0 la MINUSCA s'effectue le 15 septembre 2014.<\/p>\n<p>La\u00a0 MINUSCA se voit assigner sept missions prioritaires initiales \u00e0 savoir\u00a0:<\/p>\n<ul>\n<li>prot\u00e9ger les civils<\/li>\n<li>apporter un appui \u00e0 la mise en ouvre de la transition, y compris mener une action en faveur de l\u2019extension de l\u2019autorit\u00e9 de l\u2019Etat et du maintien de l\u2019int\u00e9grit\u00e9 territoriale<\/li>\n<li>faciliter l\u2019acheminement imm\u00e9diat, en toute s\u00e9curit\u00e9 et sans entrave, de toute l\u2019aide humanitaire<\/li>\n<li>prot\u00e9ger le personnel et les biens des Nations unies<\/li>\n<li>promouvoir et prot\u00e9ger des droits de l\u2019homme<\/li>\n<li>mener une action en faveur de la justice nationale et internationale et de l\u2019\u00e9tat de droit<\/li>\n<li>aider au d\u00e9sarmement, \u00e0 la d\u00e9mobilisation, \u00e0 la r\u00e9int\u00e9gration et au rapatriement des combattants<\/li>\n<\/ul>\n<p>Des t\u00e2ches additionnelles lui sont \u00e9galement assign\u00e9es, dont celle consistant \u00e0 appuyer\u00a0 la r\u00e9forme du secteur de la s\u00e9curit\u00e9.<\/p>\n<p>\u00a0<\/p>\n<p>\u00a0<\/p>\n","protected":false},"excerpt":{"rendered":"<p>Au renversement du pr\u00e9sident Boziz\u00e9 en mars 2013, un Bureau int\u00e9gr\u00e9 des Nations unies pour la consolidation de la paix en R\u00e9publique centrafricaine (BINUCA) est d\u00e9j\u00e0 sur place. Son mandat, comme son nom l\u2019indique, est d\u2019aider \u00e0 consolider la paix et renforcer les institutions d\u00e9mocratiques en Centrafrique. Suite \u00e0 la d\u00e9t\u00e9rioration progressive de la situation [&hellip;]<\/p>\n","protected":false},"author":64,"featured_media":67932,"comment_status":"open","ping_status":"closed","sticky":false,"template":"","format":"standard","meta":{"_acf_changed":false,"footnotes":""},"categories":[556],"tags":[],"ji_location":[2164],"class_list":["post-35249","post","type-post","status-publish","format-standard","has-post-thumbnail","hentry","category-divers","ji_location-republique-centrafricaine"],"acf":[],"yoast_head":"<!-- This site is optimized with the Yoast SEO Premium plugin v25.3.1 (Yoast SEO v25.3.1) - https:\/\/yoast.com\/wordpress\/plugins\/seo\/ -->\n<title>La r\u00e9ponse de la communaut\u00e9 internationale \u00e0 la crise centrafricaine - JusticeInfo.net<\/title>\n<meta name=\"robots\" content=\"index, follow, max-snippet:-1, max-image-preview:large, max-video-preview:-1\" \/>\n<link rel=\"canonical\" href=\"https:\/\/www.justiceinfo.net\/fr\/35249-la-reponse-de-la-communaute-internationale-a-la-crise-centrafricaine.html\" \/>\n<meta property=\"og:locale\" content=\"fr_FR\" \/>\n<meta property=\"og:type\" content=\"article\" \/>\n<meta property=\"og:title\" content=\"La r\u00e9ponse de la communaut\u00e9 internationale \u00e0 la crise centrafricaine\" \/>\n<meta property=\"og:description\" content=\"Au renversement du pr\u00e9sident Boziz\u00e9 en mars 2013, un Bureau int\u00e9gr\u00e9 des Nations unies pour la consolidation de la paix en R\u00e9publique centrafricaine (BINUCA) est d\u00e9j\u00e0 sur place. Son mandat, comme son nom l\u2019indique, est d\u2019aider \u00e0 consolider la paix et renforcer les institutions d\u00e9mocratiques en Centrafrique. Suite \u00e0 la d\u00e9t\u00e9rioration progressive de la situation [&hellip;]\" \/>\n<meta property=\"og:url\" content=\"https:\/\/www.justiceinfo.net\/fr\/35249-la-reponse-de-la-communaute-internationale-a-la-crise-centrafricaine.html\" \/>\n<meta property=\"og:site_name\" content=\"JusticeInfo.net\" \/>\n<meta property=\"article:publisher\" content=\"https:\/\/www.facebook.com\/JusticeInfo\/\" \/>\n<meta property=\"article:published_time\" content=\"2017-11-13T13:42:33+00:00\" \/>\n<meta property=\"og:image\" content=\"https:\/\/www.justiceinfo.net\/wp-content\/uploads\/a0434be13842ceff0bc3a8db1db9956b-scaled.jpg\" \/>\n\t<meta property=\"og:image:width\" content=\"2560\" \/>\n\t<meta property=\"og:image:height\" content=\"1707\" \/>\n\t<meta property=\"og:image:type\" content=\"image\/jpeg\" \/>\n<meta name=\"author\" content=\"JusticeInfo.Net\" \/>\n<meta name=\"twitter:card\" content=\"summary_large_image\" \/>\n<meta name=\"twitter:creator\" content=\"@justiceinfonet\" \/>\n<meta name=\"twitter:site\" content=\"@justiceinfonet\" \/>\n<meta name=\"twitter:label1\" content=\"\u00c9crit par\" \/>\n\t<meta name=\"twitter:data1\" content=\"JusticeInfo.Net\" \/>\n\t<meta name=\"twitter:label2\" content=\"Dur\u00e9e de lecture estim\u00e9e\" \/>\n\t<meta name=\"twitter:data2\" content=\"2 minutes\" \/>\n<script type=\"application\/ld+json\" class=\"yoast-schema-graph\">{\"@context\":\"https:\/\/schema.org\",\"@graph\":[{\"@type\":\"NewsArticle\",\"@id\":\"https:\/\/www.justiceinfo.net\/fr\/35249-la-reponse-de-la-communaute-internationale-a-la-crise-centrafricaine.html#article\",\"isPartOf\":{\"@id\":\"https:\/\/www.justiceinfo.net\/fr\/35249-la-reponse-de-la-communaute-internationale-a-la-crise-centrafricaine.html\"},\"author\":{\"name\":\"solivri\",\"@id\":\"https:\/\/www.justiceinfo.net\/fr#\/schema\/person\/6e53cba1629e2e66f3fc1821d3091865\"},\"headline\":\"La r\u00e9ponse de la communaut\u00e9 internationale \u00e0 la crise centrafricaine\",\"datePublished\":\"2017-11-13T13:42:33+00:00\",\"mainEntityOfPage\":{\"@id\":\"https:\/\/www.justiceinfo.net\/fr\/35249-la-reponse-de-la-communaute-internationale-a-la-crise-centrafricaine.html\"},\"wordCount\":478,\"commentCount\":0,\"publisher\":{\"@id\":\"https:\/\/www.justiceinfo.net\/fr#organization\"},\"image\":{\"@id\":\"https:\/\/www.justiceinfo.net\/fr\/35249-la-reponse-de-la-communaute-internationale-a-la-crise-centrafricaine.html#primaryimage\"},\"thumbnailUrl\":\"https:\/\/www.justiceinfo.net\/wp-content\/uploads\/a0434be13842ceff0bc3a8db1db9956b-scaled.jpg\",\"articleSection\":[\"Divers\"],\"inLanguage\":\"fr-FR\",\"potentialAction\":[{\"@type\":\"CommentAction\",\"name\":\"Comment\",\"target\":[\"https:\/\/www.justiceinfo.net\/fr\/35249-la-reponse-de-la-communaute-internationale-a-la-crise-centrafricaine.html#respond\"]}]},{\"@type\":\"WebPage\",\"@id\":\"https:\/\/www.justiceinfo.net\/fr\/35249-la-reponse-de-la-communaute-internationale-a-la-crise-centrafricaine.html\",\"url\":\"https:\/\/www.justiceinfo.net\/fr\/35249-la-reponse-de-la-communaute-internationale-a-la-crise-centrafricaine.html\",\"name\":\"La r\u00e9ponse de la communaut\u00e9 internationale \u00e0 la crise centrafricaine - JusticeInfo.net\",\"isPartOf\":{\"@id\":\"https:\/\/www.justiceinfo.net\/fr#website\"},\"primaryImageOfPage\":{\"@id\":\"https:\/\/www.justiceinfo.net\/fr\/35249-la-reponse-de-la-communaute-internationale-a-la-crise-centrafricaine.html#primaryimage\"},\"image\":{\"@id\":\"https:\/\/www.justiceinfo.net\/fr\/35249-la-reponse-de-la-communaute-internationale-a-la-crise-centrafricaine.html#primaryimage\"},\"thumbnailUrl\":\"https:\/\/www.justiceinfo.net\/wp-content\/uploads\/a0434be13842ceff0bc3a8db1db9956b-scaled.jpg\",\"datePublished\":\"2017-11-13T13:42:33+00:00\",\"breadcrumb\":{\"@id\":\"https:\/\/www.justiceinfo.net\/fr\/35249-la-reponse-de-la-communaute-internationale-a-la-crise-centrafricaine.html#breadcrumb\"},\"inLanguage\":\"fr-FR\",\"potentialAction\":[{\"@type\":\"ReadAction\",\"target\":[\"https:\/\/www.justiceinfo.net\/fr\/35249-la-reponse-de-la-communaute-internationale-a-la-crise-centrafricaine.html\"]}]},{\"@type\":\"ImageObject\",\"inLanguage\":\"fr-FR\",\"@id\":\"https:\/\/www.justiceinfo.net\/fr\/35249-la-reponse-de-la-communaute-internationale-a-la-crise-centrafricaine.html#primaryimage\",\"url\":\"https:\/\/www.justiceinfo.net\/wp-content\/uploads\/a0434be13842ceff0bc3a8db1db9956b-scaled.jpg\",\"contentUrl\":\"https:\/\/www.justiceinfo.net\/wp-content\/uploads\/a0434be13842ceff0bc3a8db1db9956b-scaled.jpg\",\"width\":2560,\"height\":1707},{\"@type\":\"BreadcrumbList\",\"@id\":\"https:\/\/www.justiceinfo.net\/fr\/35249-la-reponse-de-la-communaute-internationale-a-la-crise-centrafricaine.html#breadcrumb\",\"itemListElement\":[{\"@type\":\"ListItem\",\"position\":1,\"name\":\"Home\",\"item\":\"https:\/\/www.justiceinfo.net\/fr\"},{\"@type\":\"ListItem\",\"position\":2,\"name\":\"La r\u00e9ponse de la communaut\u00e9 internationale \u00e0 la crise centrafricaine\"}]},{\"@type\":\"WebSite\",\"@id\":\"https:\/\/www.justiceinfo.net\/fr#website\",\"url\":\"https:\/\/www.justiceinfo.net\/fr\",\"name\":\"JusticeInfo.net\",\"description\":\"La justice doit \u00eatre vue pour \u00eatre rendue\",\"publisher\":{\"@id\":\"https:\/\/www.justiceinfo.net\/fr#organization\"},\"potentialAction\":[{\"@type\":\"SearchAction\",\"target\":{\"@type\":\"EntryPoint\",\"urlTemplate\":\"https:\/\/www.justiceinfo.net\/fr?s={search_term_string}\"},\"query-input\":{\"@type\":\"PropertyValueSpecification\",\"valueRequired\":true,\"valueName\":\"search_term_string\"}}],\"inLanguage\":\"fr-FR\"},{\"@type\":\"Organization\",\"@id\":\"https:\/\/www.justiceinfo.net\/fr#organization\",\"name\":\"Justice Info\",\"url\":\"https:\/\/www.justiceinfo.net\/fr\",\"logo\":{\"@type\":\"ImageObject\",\"inLanguage\":\"fr-FR\",\"@id\":\"https:\/\/www.justiceinfo.net\/fr#\/schema\/logo\/image\/\",\"url\":\"https:\/\/www.justiceinfo.net\/wp-content\/uploads\/justiceinfo_logo-trans_1200x1200px.png\",\"contentUrl\":\"https:\/\/www.justiceinfo.net\/wp-content\/uploads\/justiceinfo_logo-trans_1200x1200px.png\",\"width\":1199,\"height\":1200,\"caption\":\"Justice Info\"},\"image\":{\"@id\":\"https:\/\/www.justiceinfo.net\/fr#\/schema\/logo\/image\/\"},\"sameAs\":[\"https:\/\/www.facebook.com\/JusticeInfo\/\",\"https:\/\/x.com\/justiceinfonet\",\"https:\/\/www.linkedin.com\/company\/justice-info\",\"https:\/\/www.youtube.com\/channel\/UCyCEsARodyuWtkWyhn-e7pA\"]},{\"@type\":\"Person\",\"name\":\"JusticeInfo.Net\",\"url\":\"\/fr\/?s=JusticeInfo.Net\"}]}<\/script>\n<!-- \/ Yoast SEO Premium plugin. -->","yoast_head_json":{"title":"La r\u00e9ponse de la communaut\u00e9 internationale \u00e0 la crise centrafricaine - JusticeInfo.net","robots":{"index":"index","follow":"follow","max-snippet":"max-snippet:-1","max-image-preview":"max-image-preview:large","max-video-preview":"max-video-preview:-1"},"canonical":"https:\/\/www.justiceinfo.net\/fr\/35249-la-reponse-de-la-communaute-internationale-a-la-crise-centrafricaine.html","og_locale":"fr_FR","og_type":"article","og_title":"La r\u00e9ponse de la communaut\u00e9 internationale \u00e0 la crise centrafricaine","og_description":"Au renversement du pr\u00e9sident Boziz\u00e9 en mars 2013, un Bureau int\u00e9gr\u00e9 des Nations unies pour la consolidation de la paix en R\u00e9publique centrafricaine (BINUCA) est d\u00e9j\u00e0 sur place. Son mandat, comme son nom l\u2019indique, est d\u2019aider \u00e0 consolider la paix et renforcer les institutions d\u00e9mocratiques en Centrafrique. Suite \u00e0 la d\u00e9t\u00e9rioration progressive de la situation [&hellip;]","og_url":"https:\/\/www.justiceinfo.net\/fr\/35249-la-reponse-de-la-communaute-internationale-a-la-crise-centrafricaine.html","og_site_name":"JusticeInfo.net","article_publisher":"https:\/\/www.facebook.com\/JusticeInfo\/","article_published_time":"2017-11-13T13:42:33+00:00","og_image":[{"width":2560,"height":1707,"url":"https:\/\/www.justiceinfo.net\/wp-content\/uploads\/a0434be13842ceff0bc3a8db1db9956b-scaled.jpg","type":"image\/jpeg"}],"author":"JusticeInfo.Net","twitter_card":"summary_large_image","twitter_creator":"@justiceinfonet","twitter_site":"@justiceinfonet","twitter_misc":{"\u00c9crit par":"JusticeInfo.Net","Dur\u00e9e de lecture estim\u00e9e":"2 minutes"},"schema":{"@context":"https:\/\/schema.org","@graph":[{"@type":"NewsArticle","@id":"https:\/\/www.justiceinfo.net\/fr\/35249-la-reponse-de-la-communaute-internationale-a-la-crise-centrafricaine.html#article","isPartOf":{"@id":"https:\/\/www.justiceinfo.net\/fr\/35249-la-reponse-de-la-communaute-internationale-a-la-crise-centrafricaine.html"},"author":{"name":"solivri","@id":"https:\/\/www.justiceinfo.net\/fr#\/schema\/person\/6e53cba1629e2e66f3fc1821d3091865"},"headline":"La r\u00e9ponse de la communaut\u00e9 internationale \u00e0 la crise centrafricaine","datePublished":"2017-11-13T13:42:33+00:00","mainEntityOfPage":{"@id":"https:\/\/www.justiceinfo.net\/fr\/35249-la-reponse-de-la-communaute-internationale-a-la-crise-centrafricaine.html"},"wordCount":478,"commentCount":0,"publisher":{"@id":"https:\/\/www.justiceinfo.net\/fr#organization"},"image":{"@id":"https:\/\/www.justiceinfo.net\/fr\/35249-la-reponse-de-la-communaute-internationale-a-la-crise-centrafricaine.html#primaryimage"},"thumbnailUrl":"https:\/\/www.justiceinfo.net\/wp-content\/uploads\/a0434be13842ceff0bc3a8db1db9956b-scaled.jpg","articleSection":["Divers"],"inLanguage":"fr-FR","potentialAction":[{"@type":"CommentAction","name":"Comment","target":["https:\/\/www.justiceinfo.net\/fr\/35249-la-reponse-de-la-communaute-internationale-a-la-crise-centrafricaine.html#respond"]}]},{"@type":"WebPage","@id":"https:\/\/www.justiceinfo.net\/fr\/35249-la-reponse-de-la-communaute-internationale-a-la-crise-centrafricaine.html","url":"https:\/\/www.justiceinfo.net\/fr\/35249-la-reponse-de-la-communaute-internationale-a-la-crise-centrafricaine.html","name":"La r\u00e9ponse de la communaut\u00e9 internationale \u00e0 la crise centrafricaine - JusticeInfo.net","isPartOf":{"@id":"https:\/\/www.justiceinfo.net\/fr#website"},"primaryImageOfPage":{"@id":"https:\/\/www.justiceinfo.net\/fr\/35249-la-reponse-de-la-communaute-internationale-a-la-crise-centrafricaine.html#primaryimage"},"image":{"@id":"https:\/\/www.justiceinfo.net\/fr\/35249-la-reponse-de-la-communaute-internationale-a-la-crise-centrafricaine.html#primaryimage"},"thumbnailUrl":"https:\/\/www.justiceinfo.net\/wp-content\/uploads\/a0434be13842ceff0bc3a8db1db9956b-scaled.jpg","datePublished":"2017-11-13T13:42:33+00:00","breadcrumb":{"@id":"https:\/\/www.justiceinfo.net\/fr\/35249-la-reponse-de-la-communaute-internationale-a-la-crise-centrafricaine.html#breadcrumb"},"inLanguage":"fr-FR","potentialAction":[{"@type":"ReadAction","target":["https:\/\/www.justiceinfo.net\/fr\/35249-la-reponse-de-la-communaute-internationale-a-la-crise-centrafricaine.html"]}]},{"@type":"ImageObject","inLanguage":"fr-FR","@id":"https:\/\/www.justiceinfo.net\/fr\/35249-la-reponse-de-la-communaute-internationale-a-la-crise-centrafricaine.html#primaryimage","url":"https:\/\/www.justiceinfo.net\/wp-content\/uploads\/a0434be13842ceff0bc3a8db1db9956b-scaled.jpg","contentUrl":"https:\/\/www.justiceinfo.net\/wp-content\/uploads\/a0434be13842ceff0bc3a8db1db9956b-scaled.jpg","width":2560,"height":1707},{"@type":"BreadcrumbList","@id":"https:\/\/www.justiceinfo.net\/fr\/35249-la-reponse-de-la-communaute-internationale-a-la-crise-centrafricaine.html#breadcrumb","itemListElement":[{"@type":"ListItem","position":1,"name":"Home","item":"https:\/\/www.justiceinfo.net\/fr"},{"@type":"ListItem","position":2,"name":"La r\u00e9ponse de la communaut\u00e9 internationale \u00e0 la crise centrafricaine"}]},{"@type":"WebSite","@id":"https:\/\/www.justiceinfo.net\/fr#website","url":"https:\/\/www.justiceinfo.net\/fr","name":"JusticeInfo.net","description":"La justice doit \u00eatre vue pour \u00eatre rendue","publisher":{"@id":"https:\/\/www.justiceinfo.net\/fr#organization"},"potentialAction":[{"@type":"SearchAction","target":{"@type":"EntryPoint","urlTemplate":"https:\/\/www.justiceinfo.net\/fr?s={search_term_string}"},"query-input":{"@type":"PropertyValueSpecification","valueRequired":true,"valueName":"search_term_string"}}],"inLanguage":"fr-FR"},{"@type":"Organization","@id":"https:\/\/www.justiceinfo.net\/fr#organization","name":"Justice Info","url":"https:\/\/www.justiceinfo.net\/fr","logo":{"@type":"ImageObject","inLanguage":"fr-FR","@id":"https:\/\/www.justiceinfo.net\/fr#\/schema\/logo\/image\/","url":"https:\/\/www.justiceinfo.net\/wp-content\/uploads\/justiceinfo_logo-trans_1200x1200px.png","contentUrl":"https:\/\/www.justiceinfo.net\/wp-content\/uploads\/justiceinfo_logo-trans_1200x1200px.png","width":1199,"height":1200,"caption":"Justice Info"},"image":{"@id":"https:\/\/www.justiceinfo.net\/fr#\/schema\/logo\/image\/"},"sameAs":["https:\/\/www.facebook.com\/JusticeInfo\/","https:\/\/x.com\/justiceinfonet","https:\/\/www.linkedin.com\/company\/justice-info","https:\/\/www.youtube.com\/channel\/UCyCEsARodyuWtkWyhn-e7pA"]},{"@type":"Person","name":"JusticeInfo.Net","url":"\/fr\/?s=JusticeInfo.Net"}]}},"_links":{"self":[{"href":"https:\/\/www.justiceinfo.net\/fr\/wp-json\/wp\/v2\/posts\/35249","targetHints":{"allow":["GET"]}}],"collection":[{"href":"https:\/\/www.justiceinfo.net\/fr\/wp-json\/wp\/v2\/posts"}],"about":[{"href":"https:\/\/www.justiceinfo.net\/fr\/wp-json\/wp\/v2\/types\/post"}],"author":[{"embeddable":true,"href":"https:\/\/www.justiceinfo.net\/fr\/wp-json\/wp\/v2\/users\/64"}],"replies":[{"embeddable":true,"href":"https:\/\/www.justiceinfo.net\/fr\/wp-json\/wp\/v2\/comments?post=35249"}],"version-history":[{"count":0,"href":"https:\/\/www.justiceinfo.net\/fr\/wp-json\/wp\/v2\/posts\/35249\/revisions"}],"wp:featuredmedia":[{"embeddable":true,"href":"https:\/\/www.justiceinfo.net\/fr\/wp-json\/wp\/v2\/media\/67932"}],"wp:attachment":[{"href":"https:\/\/www.justiceinfo.net\/fr\/wp-json\/wp\/v2\/media?parent=35249"}],"wp:term":[{"taxonomy":"category","embeddable":true,"href":"https:\/\/www.justiceinfo.net\/fr\/wp-json\/wp\/v2\/categories?post=35249"},{"taxonomy":"post_tag","embeddable":true,"href":"https:\/\/www.justiceinfo.net\/fr\/wp-json\/wp\/v2\/tags?post=35249"},{"taxonomy":"ji_location","embeddable":true,"href":"https:\/\/www.justiceinfo.net\/fr\/wp-json\/wp\/v2\/ji_location?post=35249"}],"curies":[{"name":"wp","href":"https:\/\/api.w.org\/{rel}","templated":true}]}}