{"id":3531,"date":"2008-03-07T05:18:15","date_gmt":"2008-03-07T04:18:15","guid":{"rendered":"https:\/\/www.justiceinfo.net\/3531-060308-rwandagacaca-une-nouvelle-reforme-des-gacacas-envisage-des-tig-pour-les-2eme-categorie321.html"},"modified":"2008-03-07T05:18:15","modified_gmt":"2008-03-07T04:18:15","slug":"060308-rwandagacaca-une-nouvelle-reforme-des-gacacas-envisage-des-tig-pour-les-2eme-categorie321","status":"publish","type":"post","link":"https:\/\/www.justiceinfo.net\/fr\/3531-060308-rwandagacaca-une-nouvelle-reforme-des-gacacas-envisage-des-tig-pour-les-2eme-categorie321.html","title":{"rendered":"06.03.08 -RWANDA\/GACACA-UNE NOUVELLE REFORME DES GACACAS ENVISAGE DES TIG POUR LES 2EME CATEGORIE"},"content":{"rendered":"<p  >\nKigali  6 mars 2008 (FH) -  La loi sur les Gacacas, ces tribunaux semi traditionnels rwandais qui sont sur le point de solder le contentieux judiciaire sur le g\u00e9nocide, pourrait de nouveau \u00eatre modifi\u00e9e afin que les pr\u00e9sum\u00e9s auteurs  du g\u00e9nocide class\u00e9s dans la 2\u00e8me cat\u00e9gorie (ex\u00e9cutants non planificateurs) ne soient passibles que de travaux d'int\u00e9r\u00eat  G\u00e9n\u00e9ral (TIG), apprend-on \u00e0 Kigali aupr\u00e8s d'un des responsables d'Ibuka.\n<\/p>\n<p  >\nSelon ce repr\u00e9sentant de la principale association de rescap\u00e9s qui a pr\u00e9f\u00e9r\u00e9 garder l'anonymat, \u00abla nouvelle r\u00e9vision en cours  de la  loi sur les juridictions Gacaca consacre une r\u00e9duction excessive  des peines.\n<\/p>\n<p><!--more--><\/p>\n<p  >\nAinsi les tueurs de grand  renom qui auront  avou\u00e9 leurs crimes et demand\u00e9 pardon seraient exclusivement condamn\u00e9s aux TIG\u00bb.\n<\/p>\n<p  >\nCe projet a \u00e9t\u00e9 envisag\u00e9 lors d'une rencontre, \u00e0 huis clos, entre le Service National  des  Juridiction Gacaca (SNJG)  et les repr\u00e9sentants d'Ibuka , tant  nationaux que r\u00e9gionaux, qui s'est tenue le 26 F\u00e9vrier denier \u00e0 l'h\u00f4tel Alpha Palace de Kigali.\n<\/p>\n<p  >\n\u00ab Les  d\u00e9bats sont contradictoires et l'amendement touche des points sensibles. Notamment le jugement des auteurs de  viol par les juridictions Gacaca, le jugement des planificateurs du g\u00e9nocide au niveau national et pr\u00e9fectoral par les juridictions classiques, ceux des autres niveaux devant \u00eatre d\u00e9f\u00e9r\u00e9s devant les Gacaca. Mais qui  seront-ils pour m\u00e9riter de juger en toute intimit\u00e9 des cas de viol ? Qui seront-ils et avec quelle int\u00e9grit\u00e9 pour juger des planificateurs du g\u00e9nocide \u00bb, s'est interrog\u00e9 ce m\u00eame responsable.\n<\/p>\n<p  >\nCe projet d'amendement est \u00e0 l'\u00e9tude dans une commission du Parlement, apr\u00e8s que son opportunit\u00e9 ait \u00e9t\u00e9 vot\u00e9e en pl\u00e9ni\u00e8re le 21 F\u00e9vrier dernier, indique une source officielle au sein du Parlement. <\/p>\n<p>\u00ab Le dernier amendement  de juillet 2007 pla\u00e7ait les TIG en d\u00e9but d'ex\u00e9cution de la peine, celui qui est envisag\u00e9 le consacre comme peine exclusive. Nous nous en remettons \u00e0 la sagesse du l\u00e9gislateur pour ne pas ent\u00e9riner ces amendements qui frisent le sacre de l'impunit\u00e9 \u00bb, confie le m\u00eame responsable d'Ibuka \u00e0 l'Agence.\n<\/p>\n<p  >\nDepuis la cr\u00e9ation de ces tribunaux en 2001, quatre amendements de la loi sur les Gacaca ont \u00e9t\u00e9 adopt\u00e9s. Ces jugements qui auraient d\u00fb \u00eatre termin\u00e9es \u00e0 la fin de l'ann\u00e9e derni\u00e8re se poursuivent dans plusieurs r\u00e9gions. Pr\u00e8s d'un million de personnes ont d\u00e9ja \u00e9t\u00e9 jug\u00e9es pour leur participation au g\u00e9nocide de 1994, qui a fait environ 800.000 victimes selon les Nations Unies.\n<\/p>\n<p  >\nSRE\/PB\/GF<\/p>\n","protected":false},"excerpt":{"rendered":"<p>Kigali 6 mars 2008 (FH) - La loi sur les Gacacas, ces tribunaux semi traditionnels rwandais qui sont sur le point de solder le contentieux judiciaire sur le g\u00e9nocide, pourrait de nouveau \u00eatre modifi\u00e9e afin que les pr\u00e9sum\u00e9s auteurs du g\u00e9nocide class\u00e9s dans la 2\u00e8me cat\u00e9gorie (ex\u00e9cutants non planificateurs) ne soient passibles que de travaux [&hellip;]<\/p>\n","protected":false},"author":64,"featured_media":0,"comment_status":"open","ping_status":"closed","sticky":false,"template":"","format":"standard","meta":{"_acf_changed":false,"footnotes":""},"categories":[554],"tags":[],"ji_location":[],"class_list":["post-3531","post","type-post","status-publish","format-standard","hentry","category-hirondellenews"],"acf":[],"yoast_head":"<!-- This site is optimized with the Yoast SEO Premium plugin v25.3.1 (Yoast SEO v25.3.1) - https:\/\/yoast.com\/wordpress\/plugins\/seo\/ -->\n<title>06.03.08 -RWANDA\/GACACA-UNE NOUVELLE REFORME DES GACACAS ENVISAGE DES TIG POUR LES 2EME CATEGORIE - JusticeInfo.net<\/title>\n<meta name=\"robots\" content=\"index, follow, max-snippet:-1, max-image-preview:large, max-video-preview:-1\" \/>\n<link rel=\"canonical\" href=\"https:\/\/www.justiceinfo.net\/fr\/3531-060308-rwandagacaca-une-nouvelle-reforme-des-gacacas-envisage-des-tig-pour-les-2eme-categorie321.html\" \/>\n<meta property=\"og:locale\" content=\"fr_FR\" \/>\n<meta property=\"og:type\" content=\"article\" \/>\n<meta property=\"og:title\" content=\"06.03.08 -RWANDA\/GACACA-UNE NOUVELLE REFORME DES GACACAS ENVISAGE DES TIG POUR LES 2EME CATEGORIE\" \/>\n<meta property=\"og:description\" content=\"Kigali 6 mars 2008 (FH) - La loi sur les Gacacas, ces tribunaux semi traditionnels rwandais qui sont sur le point de solder le contentieux judiciaire sur le g\u00e9nocide, pourrait de nouveau \u00eatre modifi\u00e9e afin que les pr\u00e9sum\u00e9s auteurs du g\u00e9nocide class\u00e9s dans la 2\u00e8me cat\u00e9gorie (ex\u00e9cutants non planificateurs) ne soient passibles que de travaux [&hellip;]\" \/>\n<meta property=\"og:url\" content=\"https:\/\/www.justiceinfo.net\/fr\/3531-060308-rwandagacaca-une-nouvelle-reforme-des-gacacas-envisage-des-tig-pour-les-2eme-categorie321.html\" \/>\n<meta property=\"og:site_name\" content=\"JusticeInfo.net\" \/>\n<meta property=\"article:publisher\" content=\"https:\/\/www.facebook.com\/JusticeInfo\/\" \/>\n<meta property=\"article:published_time\" content=\"2008-03-07T04:18:15+00:00\" \/>\n<meta property=\"og:image\" content=\"https:\/\/www.justiceinfo.net\/wp-content\/uploads\/JusticeInfoNet_logo_1200x630px.jpg\" \/>\n\t<meta property=\"og:image:width\" content=\"1200\" \/>\n\t<meta property=\"og:image:height\" content=\"630\" \/>\n\t<meta property=\"og:image:type\" content=\"image\/jpeg\" \/>\n<meta name=\"author\" content=\"solivri\" \/>\n<meta name=\"twitter:card\" content=\"summary_large_image\" \/>\n<meta name=\"twitter:creator\" content=\"@justiceinfonet\" \/>\n<meta name=\"twitter:site\" content=\"@justiceinfonet\" \/>\n<meta name=\"twitter:label1\" content=\"\u00c9crit par\" \/>\n\t<meta name=\"twitter:data1\" content=\"solivri\" \/>\n\t<meta name=\"twitter:label2\" content=\"Dur\u00e9e de lecture estim\u00e9e\" \/>\n\t<meta name=\"twitter:data2\" content=\"2 minutes\" \/>\n<script type=\"application\/ld+json\" class=\"yoast-schema-graph\">{\"@context\":\"https:\/\/schema.org\",\"@graph\":[{\"@type\":\"NewsArticle\",\"@id\":\"https:\/\/www.justiceinfo.net\/fr\/3531-060308-rwandagacaca-une-nouvelle-reforme-des-gacacas-envisage-des-tig-pour-les-2eme-categorie321.html#article\",\"isPartOf\":{\"@id\":\"https:\/\/www.justiceinfo.net\/fr\/3531-060308-rwandagacaca-une-nouvelle-reforme-des-gacacas-envisage-des-tig-pour-les-2eme-categorie321.html\"},\"author\":{\"name\":\"solivri\",\"@id\":\"https:\/\/www.justiceinfo.net\/fr#\/schema\/person\/6e53cba1629e2e66f3fc1821d3091865\"},\"headline\":\"06.03.08 -RWANDA\/GACACA-UNE NOUVELLE REFORME DES GACACAS ENVISAGE DES TIG POUR LES 2EME CATEGORIE\",\"datePublished\":\"2008-03-07T04:18:15+00:00\",\"mainEntityOfPage\":{\"@id\":\"https:\/\/www.justiceinfo.net\/fr\/3531-060308-rwandagacaca-une-nouvelle-reforme-des-gacacas-envisage-des-tig-pour-les-2eme-categorie321.html\"},\"wordCount\":455,\"commentCount\":0,\"publisher\":{\"@id\":\"https:\/\/www.justiceinfo.net\/fr#organization\"},\"articleSection\":[\"Hirondelle News\"],\"inLanguage\":\"fr-FR\",\"potentialAction\":[{\"@type\":\"CommentAction\",\"name\":\"Comment\",\"target\":[\"https:\/\/www.justiceinfo.net\/fr\/3531-060308-rwandagacaca-une-nouvelle-reforme-des-gacacas-envisage-des-tig-pour-les-2eme-categorie321.html#respond\"]}]},{\"@type\":\"WebPage\",\"@id\":\"https:\/\/www.justiceinfo.net\/fr\/3531-060308-rwandagacaca-une-nouvelle-reforme-des-gacacas-envisage-des-tig-pour-les-2eme-categorie321.html\",\"url\":\"https:\/\/www.justiceinfo.net\/fr\/3531-060308-rwandagacaca-une-nouvelle-reforme-des-gacacas-envisage-des-tig-pour-les-2eme-categorie321.html\",\"name\":\"06.03.08 -RWANDA\/GACACA-UNE NOUVELLE REFORME DES GACACAS ENVISAGE DES TIG POUR LES 2EME CATEGORIE - JusticeInfo.net\",\"isPartOf\":{\"@id\":\"https:\/\/www.justiceinfo.net\/fr#website\"},\"datePublished\":\"2008-03-07T04:18:15+00:00\",\"breadcrumb\":{\"@id\":\"https:\/\/www.justiceinfo.net\/fr\/3531-060308-rwandagacaca-une-nouvelle-reforme-des-gacacas-envisage-des-tig-pour-les-2eme-categorie321.html#breadcrumb\"},\"inLanguage\":\"fr-FR\",\"potentialAction\":[{\"@type\":\"ReadAction\",\"target\":[\"https:\/\/www.justiceinfo.net\/fr\/3531-060308-rwandagacaca-une-nouvelle-reforme-des-gacacas-envisage-des-tig-pour-les-2eme-categorie321.html\"]}]},{\"@type\":\"BreadcrumbList\",\"@id\":\"https:\/\/www.justiceinfo.net\/fr\/3531-060308-rwandagacaca-une-nouvelle-reforme-des-gacacas-envisage-des-tig-pour-les-2eme-categorie321.html#breadcrumb\",\"itemListElement\":[{\"@type\":\"ListItem\",\"position\":1,\"name\":\"Home\",\"item\":\"https:\/\/www.justiceinfo.net\/fr\"},{\"@type\":\"ListItem\",\"position\":2,\"name\":\"06.03.08 -RWANDA\/GACACA-UNE NOUVELLE REFORME DES GACACAS ENVISAGE DES TIG POUR LES 2EME CATEGORIE\"}]},{\"@type\":\"WebSite\",\"@id\":\"https:\/\/www.justiceinfo.net\/fr#website\",\"url\":\"https:\/\/www.justiceinfo.net\/fr\",\"name\":\"JusticeInfo.net\",\"description\":\"La justice doit \u00eatre vue pour \u00eatre rendue\",\"publisher\":{\"@id\":\"https:\/\/www.justiceinfo.net\/fr#organization\"},\"potentialAction\":[{\"@type\":\"SearchAction\",\"target\":{\"@type\":\"EntryPoint\",\"urlTemplate\":\"https:\/\/www.justiceinfo.net\/fr?s={search_term_string}\"},\"query-input\":{\"@type\":\"PropertyValueSpecification\",\"valueRequired\":true,\"valueName\":\"search_term_string\"}}],\"inLanguage\":\"fr-FR\"},{\"@type\":\"Organization\",\"@id\":\"https:\/\/www.justiceinfo.net\/fr#organization\",\"name\":\"Justice Info\",\"url\":\"https:\/\/www.justiceinfo.net\/fr\",\"logo\":{\"@type\":\"ImageObject\",\"inLanguage\":\"fr-FR\",\"@id\":\"https:\/\/www.justiceinfo.net\/fr#\/schema\/logo\/image\/\",\"url\":\"https:\/\/www.justiceinfo.net\/wp-content\/uploads\/justiceinfo_logo-trans_1200x1200px.png\",\"contentUrl\":\"https:\/\/www.justiceinfo.net\/wp-content\/uploads\/justiceinfo_logo-trans_1200x1200px.png\",\"width\":1199,\"height\":1200,\"caption\":\"Justice Info\"},\"image\":{\"@id\":\"https:\/\/www.justiceinfo.net\/fr#\/schema\/logo\/image\/\"},\"sameAs\":[\"https:\/\/www.facebook.com\/JusticeInfo\/\",\"https:\/\/x.com\/justiceinfonet\",\"https:\/\/www.linkedin.com\/company\/justice-info\",\"https:\/\/www.youtube.com\/channel\/UCyCEsARodyuWtkWyhn-e7pA\"]},{\"@type\":\"Person\",\"name\":\"solivri\",\"url\":\"\/fr\/?s=solivri\"}]}<\/script>\n<!-- \/ Yoast SEO Premium plugin. -->","yoast_head_json":{"title":"06.03.08 -RWANDA\/GACACA-UNE NOUVELLE REFORME DES GACACAS ENVISAGE DES TIG POUR LES 2EME CATEGORIE - JusticeInfo.net","robots":{"index":"index","follow":"follow","max-snippet":"max-snippet:-1","max-image-preview":"max-image-preview:large","max-video-preview":"max-video-preview:-1"},"canonical":"https:\/\/www.justiceinfo.net\/fr\/3531-060308-rwandagacaca-une-nouvelle-reforme-des-gacacas-envisage-des-tig-pour-les-2eme-categorie321.html","og_locale":"fr_FR","og_type":"article","og_title":"06.03.08 -RWANDA\/GACACA-UNE NOUVELLE REFORME DES GACACAS ENVISAGE DES TIG POUR LES 2EME CATEGORIE","og_description":"Kigali 6 mars 2008 (FH) - La loi sur les Gacacas, ces tribunaux semi traditionnels rwandais qui sont sur le point de solder le contentieux judiciaire sur le g\u00e9nocide, pourrait de nouveau \u00eatre modifi\u00e9e afin que les pr\u00e9sum\u00e9s auteurs du g\u00e9nocide class\u00e9s dans la 2\u00e8me cat\u00e9gorie (ex\u00e9cutants non planificateurs) ne soient passibles que de travaux [&hellip;]","og_url":"https:\/\/www.justiceinfo.net\/fr\/3531-060308-rwandagacaca-une-nouvelle-reforme-des-gacacas-envisage-des-tig-pour-les-2eme-categorie321.html","og_site_name":"JusticeInfo.net","article_publisher":"https:\/\/www.facebook.com\/JusticeInfo\/","article_published_time":"2008-03-07T04:18:15+00:00","og_image":[{"width":1200,"height":630,"url":"https:\/\/www.justiceinfo.net\/wp-content\/uploads\/JusticeInfoNet_logo_1200x630px.jpg","type":"image\/jpeg"}],"author":"solivri","twitter_card":"summary_large_image","twitter_creator":"@justiceinfonet","twitter_site":"@justiceinfonet","twitter_misc":{"\u00c9crit par":"solivri","Dur\u00e9e de lecture estim\u00e9e":"2 minutes"},"schema":{"@context":"https:\/\/schema.org","@graph":[{"@type":"NewsArticle","@id":"https:\/\/www.justiceinfo.net\/fr\/3531-060308-rwandagacaca-une-nouvelle-reforme-des-gacacas-envisage-des-tig-pour-les-2eme-categorie321.html#article","isPartOf":{"@id":"https:\/\/www.justiceinfo.net\/fr\/3531-060308-rwandagacaca-une-nouvelle-reforme-des-gacacas-envisage-des-tig-pour-les-2eme-categorie321.html"},"author":{"name":"solivri","@id":"https:\/\/www.justiceinfo.net\/fr#\/schema\/person\/6e53cba1629e2e66f3fc1821d3091865"},"headline":"06.03.08 -RWANDA\/GACACA-UNE NOUVELLE REFORME DES GACACAS ENVISAGE DES TIG POUR LES 2EME CATEGORIE","datePublished":"2008-03-07T04:18:15+00:00","mainEntityOfPage":{"@id":"https:\/\/www.justiceinfo.net\/fr\/3531-060308-rwandagacaca-une-nouvelle-reforme-des-gacacas-envisage-des-tig-pour-les-2eme-categorie321.html"},"wordCount":455,"commentCount":0,"publisher":{"@id":"https:\/\/www.justiceinfo.net\/fr#organization"},"articleSection":["Hirondelle News"],"inLanguage":"fr-FR","potentialAction":[{"@type":"CommentAction","name":"Comment","target":["https:\/\/www.justiceinfo.net\/fr\/3531-060308-rwandagacaca-une-nouvelle-reforme-des-gacacas-envisage-des-tig-pour-les-2eme-categorie321.html#respond"]}]},{"@type":"WebPage","@id":"https:\/\/www.justiceinfo.net\/fr\/3531-060308-rwandagacaca-une-nouvelle-reforme-des-gacacas-envisage-des-tig-pour-les-2eme-categorie321.html","url":"https:\/\/www.justiceinfo.net\/fr\/3531-060308-rwandagacaca-une-nouvelle-reforme-des-gacacas-envisage-des-tig-pour-les-2eme-categorie321.html","name":"06.03.08 -RWANDA\/GACACA-UNE NOUVELLE REFORME DES GACACAS ENVISAGE DES TIG POUR LES 2EME CATEGORIE - JusticeInfo.net","isPartOf":{"@id":"https:\/\/www.justiceinfo.net\/fr#website"},"datePublished":"2008-03-07T04:18:15+00:00","breadcrumb":{"@id":"https:\/\/www.justiceinfo.net\/fr\/3531-060308-rwandagacaca-une-nouvelle-reforme-des-gacacas-envisage-des-tig-pour-les-2eme-categorie321.html#breadcrumb"},"inLanguage":"fr-FR","potentialAction":[{"@type":"ReadAction","target":["https:\/\/www.justiceinfo.net\/fr\/3531-060308-rwandagacaca-une-nouvelle-reforme-des-gacacas-envisage-des-tig-pour-les-2eme-categorie321.html"]}]},{"@type":"BreadcrumbList","@id":"https:\/\/www.justiceinfo.net\/fr\/3531-060308-rwandagacaca-une-nouvelle-reforme-des-gacacas-envisage-des-tig-pour-les-2eme-categorie321.html#breadcrumb","itemListElement":[{"@type":"ListItem","position":1,"name":"Home","item":"https:\/\/www.justiceinfo.net\/fr"},{"@type":"ListItem","position":2,"name":"06.03.08 -RWANDA\/GACACA-UNE NOUVELLE REFORME DES GACACAS ENVISAGE DES TIG POUR LES 2EME CATEGORIE"}]},{"@type":"WebSite","@id":"https:\/\/www.justiceinfo.net\/fr#website","url":"https:\/\/www.justiceinfo.net\/fr","name":"JusticeInfo.net","description":"La justice doit \u00eatre vue pour \u00eatre rendue","publisher":{"@id":"https:\/\/www.justiceinfo.net\/fr#organization"},"potentialAction":[{"@type":"SearchAction","target":{"@type":"EntryPoint","urlTemplate":"https:\/\/www.justiceinfo.net\/fr?s={search_term_string}"},"query-input":{"@type":"PropertyValueSpecification","valueRequired":true,"valueName":"search_term_string"}}],"inLanguage":"fr-FR"},{"@type":"Organization","@id":"https:\/\/www.justiceinfo.net\/fr#organization","name":"Justice Info","url":"https:\/\/www.justiceinfo.net\/fr","logo":{"@type":"ImageObject","inLanguage":"fr-FR","@id":"https:\/\/www.justiceinfo.net\/fr#\/schema\/logo\/image\/","url":"https:\/\/www.justiceinfo.net\/wp-content\/uploads\/justiceinfo_logo-trans_1200x1200px.png","contentUrl":"https:\/\/www.justiceinfo.net\/wp-content\/uploads\/justiceinfo_logo-trans_1200x1200px.png","width":1199,"height":1200,"caption":"Justice Info"},"image":{"@id":"https:\/\/www.justiceinfo.net\/fr#\/schema\/logo\/image\/"},"sameAs":["https:\/\/www.facebook.com\/JusticeInfo\/","https:\/\/x.com\/justiceinfonet","https:\/\/www.linkedin.com\/company\/justice-info","https:\/\/www.youtube.com\/channel\/UCyCEsARodyuWtkWyhn-e7pA"]},{"@type":"Person","name":"solivri","url":"\/fr\/?s=solivri"}]}},"_links":{"self":[{"href":"https:\/\/www.justiceinfo.net\/fr\/wp-json\/wp\/v2\/posts\/3531","targetHints":{"allow":["GET"]}}],"collection":[{"href":"https:\/\/www.justiceinfo.net\/fr\/wp-json\/wp\/v2\/posts"}],"about":[{"href":"https:\/\/www.justiceinfo.net\/fr\/wp-json\/wp\/v2\/types\/post"}],"author":[{"embeddable":true,"href":"https:\/\/www.justiceinfo.net\/fr\/wp-json\/wp\/v2\/users\/64"}],"replies":[{"embeddable":true,"href":"https:\/\/www.justiceinfo.net\/fr\/wp-json\/wp\/v2\/comments?post=3531"}],"version-history":[{"count":0,"href":"https:\/\/www.justiceinfo.net\/fr\/wp-json\/wp\/v2\/posts\/3531\/revisions"}],"wp:attachment":[{"href":"https:\/\/www.justiceinfo.net\/fr\/wp-json\/wp\/v2\/media?parent=3531"}],"wp:term":[{"taxonomy":"category","embeddable":true,"href":"https:\/\/www.justiceinfo.net\/fr\/wp-json\/wp\/v2\/categories?post=3531"},{"taxonomy":"post_tag","embeddable":true,"href":"https:\/\/www.justiceinfo.net\/fr\/wp-json\/wp\/v2\/tags?post=3531"},{"taxonomy":"ji_location","embeddable":true,"href":"https:\/\/www.justiceinfo.net\/fr\/wp-json\/wp\/v2\/ji_location?post=3531"}],"curies":[{"name":"wp","href":"https:\/\/api.w.org\/{rel}","templated":true}]}}