{"id":3537,"date":"2008-03-05T05:21:09","date_gmt":"2008-03-05T04:21:09","guid":{"rendered":"https:\/\/www.justiceinfo.net\/3537-040308-tpirtemoins-un-temoin-du-procureur-reconnait-des-accusations-mensongeres327.html"},"modified":"2008-03-05T05:21:09","modified_gmt":"2008-03-05T04:21:09","slug":"040308-tpirtemoins-un-temoin-du-procureur-reconnait-des-accusations-mensongeres327","status":"publish","type":"post","link":"https:\/\/www.justiceinfo.net\/fr\/3537-040308-tpirtemoins-un-temoin-du-procureur-reconnait-des-accusations-mensongeres327.html","title":{"rendered":"04.03.08 - TPIR\/TEMOINS  - UN TEMOIN DU PROCUREUR RECONNAIT DES ACCUSATIONS MENSONGERES"},"content":{"rendered":"<p  >\nArusha, 4 mars 2008 (FH) - Un t\u00e9moin prot\u00e9g\u00e9 du procureur du tribunal p\u00e9nal international pour le Rwanda (TPIR), surnomm\u00e9 GFA, perturbe actuellement plusieurs proc\u00e8s apr\u00e8s avoir reconnu dans une d\u00e9claration, qu\u2019il avait lors de pr\u00e9c\u00e9dentes d\u00e9positions devant le TPIR menti sous la pression d\u2019officiels rwandais.  <\/p>\n<p>Dans cette d\u00e9claration o\u00f9 il \u00e9voque des accusations lanc\u00e9es contre plusieurs accus\u00e9s du TPIR, GFA explique que ces mensonges lui ont \u00e9t\u00e9 sugg\u00e9r\u00e9s par un procureur rwandais (dont il donne le nom) alors qu\u2019il \u00e9tait emprisonn\u00e9 au Rwanda.\n<\/p>\n<p><!--more--><\/p>\n<p  >\nSelon lui, plusieurs personnes ont ainsi \u00e9t\u00e9 charg\u00e9es de coordonner leurs t\u00e9moignages avant de venir t\u00e9moigner devant le TPIR et de porter de fausses accusations contre d\u2019anciens responsables rwandais jug\u00e9s par le TPIR. <\/p>\n<p>Ces d\u00e9clarations ont \u00e9t\u00e9 recueillies d\u00e9but f\u00e9vrier en video devant un repr\u00e9sentant d\u2019une \u00e9quipe de d\u00e9fense mais aussi devant plusieurs membres du bureau du procureur \u00e0 Kampala, o\u00f9 GFA avait trouv\u00e9 refuge. Elles sont actuellement en cours de retranscription et promettent de remettre en cause diff\u00e9rentes accusations, apprend on aupr\u00e8s de plusieurs avocats. <\/p>\n<p>Ainsi, Me Gilles St Laurent, avocat de d\u2019Augustin Bizimungu, ancien chef d\u2019Etat major de l\u2019arm\u00e9e rwandaise, a attir\u00e9 l\u2019attention de la cour sur ce revirement qui devrait, si il est pris en compte, annuler de nombreux paragraphes de l\u2019acte d\u2019accusation lanc\u00e9 contre son client. Les arguments de l\u2019accusation ont d\u00e9j\u00e0 \u00e9t\u00e9 d\u00e9velopp\u00e9s devant la chambre depuis le d\u00e9but de ce proc\u00e8s en septembre 2004. La phase accusatoire est th\u00e9oriquement termin\u00e9e et les accus\u00e9s ont commenc\u00e9 \u00e0 pr\u00e9senter les preuves de leur d\u00e9fense. <\/p>\n<p>Selon GFA, certaines accusations lanc\u00e9es contre Bizimungu comme la participation \u00e0 une r\u00e9union d\u2019organisation du g\u00e9nocide, ou la distribution d\u2019armes sont fausses et ont \u00e9t\u00e9 invent\u00e9es lors de ces r\u00e9unions \u00e0 l\u2019int\u00e9rieur de la prison o\u00f9 il \u00e9tait d\u00e9tenu. La Cour a ordonn\u00e9 la retranscription rapide de cette d\u00e9claration de GFA. <\/p>\n<p>Cette r\u00e9tractation de GFA a \u00e9t\u00e9 enregistr\u00e9e \u00e0 la demande de l\u2019\u00e9quipe de d\u00e9fense de Jerome Bicamumpaka, l\u2019ancien ministre des Affaires \u00e9trang\u00e8res jug\u00e9 actuellement dans un autre proc\u00e8s. Dans ses explications il \u00e9voque aussi un troisi\u00e8me proc\u00e8s, celui de Joseph Nzirorera, qui a \u00e9galement \u00e9t\u00e9 vis\u00e9 par ces fausses d\u00e9clarations. <\/p>\n<p>Depuis le d\u00e9but des audiences du TPIR en 1997 les avocats des accus\u00e9s d\u00e9noncent les t\u00e9moins de l\u2019accusation qui sont souvent sortis dans ce but des prisons rwandaises. Ils leur reprochent des faux t\u00e9moignages flagrants qui n\u2019avaient jusqu\u2019\u00e0 ces derniers mois jamais \u00e9t\u00e9 prouv\u00e9s et encore moins jug\u00e9s. Un premier t\u00e9moin a \u00e0 la fin de l\u2019ann\u00e9e 2007 \u00e9t\u00e9 condamn\u00e9 \u00e0 neuf mois de prison pour outrage \u00e0 la cour apr\u00e8s avoir effectu\u00e9 un faux t\u00e9moignage qu\u2019il a reconnu. <\/p>\n<p>PB\/GF<\/p>\n","protected":false},"excerpt":{"rendered":"<p>Arusha, 4 mars 2008 (FH) - Un t\u00e9moin prot\u00e9g\u00e9 du procureur du tribunal p\u00e9nal international pour le Rwanda (TPIR), surnomm\u00e9 GFA, perturbe actuellement plusieurs proc\u00e8s apr\u00e8s avoir reconnu dans une d\u00e9claration, qu\u2019il avait lors de pr\u00e9c\u00e9dentes d\u00e9positions devant le TPIR menti sous la pression d\u2019officiels rwandais. Dans cette d\u00e9claration o\u00f9 il \u00e9voque des accusations lanc\u00e9es [&hellip;]<\/p>\n","protected":false},"author":64,"featured_media":0,"comment_status":"open","ping_status":"closed","sticky":false,"template":"","format":"standard","meta":{"_acf_changed":false,"footnotes":""},"categories":[554],"tags":[],"ji_location":[],"class_list":["post-3537","post","type-post","status-publish","format-standard","hentry","category-hirondellenews"],"acf":[],"yoast_head":"<!-- This site is optimized with the Yoast SEO Premium plugin v25.3.1 (Yoast SEO v25.3.1) - https:\/\/yoast.com\/wordpress\/plugins\/seo\/ -->\n<title>04.03.08 - TPIR\/TEMOINS - UN TEMOIN DU PROCUREUR RECONNAIT DES ACCUSATIONS MENSONGERES - JusticeInfo.net<\/title>\n<meta name=\"robots\" content=\"index, follow, max-snippet:-1, max-image-preview:large, max-video-preview:-1\" \/>\n<link rel=\"canonical\" href=\"https:\/\/www.justiceinfo.net\/fr\/3537-040308-tpirtemoins-un-temoin-du-procureur-reconnait-des-accusations-mensongeres327.html\" \/>\n<meta property=\"og:locale\" content=\"fr_FR\" \/>\n<meta property=\"og:type\" content=\"article\" \/>\n<meta property=\"og:title\" content=\"04.03.08 - TPIR\/TEMOINS - UN TEMOIN DU PROCUREUR RECONNAIT DES ACCUSATIONS MENSONGERES\" \/>\n<meta property=\"og:description\" content=\"Arusha, 4 mars 2008 (FH) - Un t\u00e9moin prot\u00e9g\u00e9 du procureur du tribunal p\u00e9nal international pour le Rwanda (TPIR), surnomm\u00e9 GFA, perturbe actuellement plusieurs proc\u00e8s apr\u00e8s avoir reconnu dans une d\u00e9claration, qu\u2019il avait lors de pr\u00e9c\u00e9dentes d\u00e9positions devant le TPIR menti sous la pression d\u2019officiels rwandais. Dans cette d\u00e9claration o\u00f9 il \u00e9voque des accusations lanc\u00e9es [&hellip;]\" \/>\n<meta property=\"og:url\" content=\"https:\/\/www.justiceinfo.net\/fr\/3537-040308-tpirtemoins-un-temoin-du-procureur-reconnait-des-accusations-mensongeres327.html\" \/>\n<meta property=\"og:site_name\" content=\"JusticeInfo.net\" \/>\n<meta property=\"article:publisher\" content=\"https:\/\/www.facebook.com\/JusticeInfo\/\" \/>\n<meta property=\"article:published_time\" content=\"2008-03-05T04:21:09+00:00\" \/>\n<meta property=\"og:image\" content=\"https:\/\/www.justiceinfo.net\/wp-content\/uploads\/JusticeInfoNet_logo_1200x630px.jpg\" \/>\n\t<meta property=\"og:image:width\" content=\"1200\" \/>\n\t<meta property=\"og:image:height\" content=\"630\" \/>\n\t<meta property=\"og:image:type\" content=\"image\/jpeg\" \/>\n<meta name=\"author\" content=\"solivri\" \/>\n<meta name=\"twitter:card\" content=\"summary_large_image\" \/>\n<meta name=\"twitter:creator\" content=\"@justiceinfonet\" \/>\n<meta name=\"twitter:site\" content=\"@justiceinfonet\" \/>\n<meta name=\"twitter:label1\" content=\"\u00c9crit par\" \/>\n\t<meta name=\"twitter:data1\" content=\"solivri\" \/>\n\t<meta name=\"twitter:label2\" content=\"Dur\u00e9e de lecture estim\u00e9e\" \/>\n\t<meta name=\"twitter:data2\" content=\"3 minutes\" \/>\n<script type=\"application\/ld+json\" class=\"yoast-schema-graph\">{\"@context\":\"https:\/\/schema.org\",\"@graph\":[{\"@type\":\"NewsArticle\",\"@id\":\"https:\/\/www.justiceinfo.net\/fr\/3537-040308-tpirtemoins-un-temoin-du-procureur-reconnait-des-accusations-mensongeres327.html#article\",\"isPartOf\":{\"@id\":\"https:\/\/www.justiceinfo.net\/fr\/3537-040308-tpirtemoins-un-temoin-du-procureur-reconnait-des-accusations-mensongeres327.html\"},\"author\":{\"name\":\"solivri\",\"@id\":\"https:\/\/www.justiceinfo.net\/fr#\/schema\/person\/6e53cba1629e2e66f3fc1821d3091865\"},\"headline\":\"04.03.08 - TPIR\/TEMOINS - UN TEMOIN DU PROCUREUR RECONNAIT DES ACCUSATIONS MENSONGERES\",\"datePublished\":\"2008-03-05T04:21:09+00:00\",\"mainEntityOfPage\":{\"@id\":\"https:\/\/www.justiceinfo.net\/fr\/3537-040308-tpirtemoins-un-temoin-du-procureur-reconnait-des-accusations-mensongeres327.html\"},\"wordCount\":517,\"commentCount\":0,\"publisher\":{\"@id\":\"https:\/\/www.justiceinfo.net\/fr#organization\"},\"articleSection\":[\"Hirondelle News\"],\"inLanguage\":\"fr-FR\",\"potentialAction\":[{\"@type\":\"CommentAction\",\"name\":\"Comment\",\"target\":[\"https:\/\/www.justiceinfo.net\/fr\/3537-040308-tpirtemoins-un-temoin-du-procureur-reconnait-des-accusations-mensongeres327.html#respond\"]}]},{\"@type\":\"WebPage\",\"@id\":\"https:\/\/www.justiceinfo.net\/fr\/3537-040308-tpirtemoins-un-temoin-du-procureur-reconnait-des-accusations-mensongeres327.html\",\"url\":\"https:\/\/www.justiceinfo.net\/fr\/3537-040308-tpirtemoins-un-temoin-du-procureur-reconnait-des-accusations-mensongeres327.html\",\"name\":\"04.03.08 - TPIR\/TEMOINS - UN TEMOIN DU PROCUREUR RECONNAIT DES ACCUSATIONS MENSONGERES - JusticeInfo.net\",\"isPartOf\":{\"@id\":\"https:\/\/www.justiceinfo.net\/fr#website\"},\"datePublished\":\"2008-03-05T04:21:09+00:00\",\"breadcrumb\":{\"@id\":\"https:\/\/www.justiceinfo.net\/fr\/3537-040308-tpirtemoins-un-temoin-du-procureur-reconnait-des-accusations-mensongeres327.html#breadcrumb\"},\"inLanguage\":\"fr-FR\",\"potentialAction\":[{\"@type\":\"ReadAction\",\"target\":[\"https:\/\/www.justiceinfo.net\/fr\/3537-040308-tpirtemoins-un-temoin-du-procureur-reconnait-des-accusations-mensongeres327.html\"]}]},{\"@type\":\"BreadcrumbList\",\"@id\":\"https:\/\/www.justiceinfo.net\/fr\/3537-040308-tpirtemoins-un-temoin-du-procureur-reconnait-des-accusations-mensongeres327.html#breadcrumb\",\"itemListElement\":[{\"@type\":\"ListItem\",\"position\":1,\"name\":\"Home\",\"item\":\"https:\/\/www.justiceinfo.net\/fr\"},{\"@type\":\"ListItem\",\"position\":2,\"name\":\"04.03.08 - TPIR\/TEMOINS - UN TEMOIN DU PROCUREUR RECONNAIT DES ACCUSATIONS MENSONGERES\"}]},{\"@type\":\"WebSite\",\"@id\":\"https:\/\/www.justiceinfo.net\/fr#website\",\"url\":\"https:\/\/www.justiceinfo.net\/fr\",\"name\":\"JusticeInfo.net\",\"description\":\"La justice doit \u00eatre vue pour \u00eatre rendue\",\"publisher\":{\"@id\":\"https:\/\/www.justiceinfo.net\/fr#organization\"},\"potentialAction\":[{\"@type\":\"SearchAction\",\"target\":{\"@type\":\"EntryPoint\",\"urlTemplate\":\"https:\/\/www.justiceinfo.net\/fr?s={search_term_string}\"},\"query-input\":{\"@type\":\"PropertyValueSpecification\",\"valueRequired\":true,\"valueName\":\"search_term_string\"}}],\"inLanguage\":\"fr-FR\"},{\"@type\":\"Organization\",\"@id\":\"https:\/\/www.justiceinfo.net\/fr#organization\",\"name\":\"Justice Info\",\"url\":\"https:\/\/www.justiceinfo.net\/fr\",\"logo\":{\"@type\":\"ImageObject\",\"inLanguage\":\"fr-FR\",\"@id\":\"https:\/\/www.justiceinfo.net\/fr#\/schema\/logo\/image\/\",\"url\":\"https:\/\/www.justiceinfo.net\/wp-content\/uploads\/justiceinfo_logo-trans_1200x1200px.png\",\"contentUrl\":\"https:\/\/www.justiceinfo.net\/wp-content\/uploads\/justiceinfo_logo-trans_1200x1200px.png\",\"width\":1199,\"height\":1200,\"caption\":\"Justice Info\"},\"image\":{\"@id\":\"https:\/\/www.justiceinfo.net\/fr#\/schema\/logo\/image\/\"},\"sameAs\":[\"https:\/\/www.facebook.com\/JusticeInfo\/\",\"https:\/\/x.com\/justiceinfonet\",\"https:\/\/www.linkedin.com\/company\/justice-info\",\"https:\/\/www.youtube.com\/channel\/UCyCEsARodyuWtkWyhn-e7pA\"]},{\"@type\":\"Person\",\"name\":\"solivri\",\"url\":\"\/fr\/?s=solivri\"}]}<\/script>\n<!-- \/ Yoast SEO Premium plugin. -->","yoast_head_json":{"title":"04.03.08 - TPIR\/TEMOINS - UN TEMOIN DU PROCUREUR RECONNAIT DES ACCUSATIONS MENSONGERES - JusticeInfo.net","robots":{"index":"index","follow":"follow","max-snippet":"max-snippet:-1","max-image-preview":"max-image-preview:large","max-video-preview":"max-video-preview:-1"},"canonical":"https:\/\/www.justiceinfo.net\/fr\/3537-040308-tpirtemoins-un-temoin-du-procureur-reconnait-des-accusations-mensongeres327.html","og_locale":"fr_FR","og_type":"article","og_title":"04.03.08 - TPIR\/TEMOINS - UN TEMOIN DU PROCUREUR RECONNAIT DES ACCUSATIONS MENSONGERES","og_description":"Arusha, 4 mars 2008 (FH) - Un t\u00e9moin prot\u00e9g\u00e9 du procureur du tribunal p\u00e9nal international pour le Rwanda (TPIR), surnomm\u00e9 GFA, perturbe actuellement plusieurs proc\u00e8s apr\u00e8s avoir reconnu dans une d\u00e9claration, qu\u2019il avait lors de pr\u00e9c\u00e9dentes d\u00e9positions devant le TPIR menti sous la pression d\u2019officiels rwandais. Dans cette d\u00e9claration o\u00f9 il \u00e9voque des accusations lanc\u00e9es [&hellip;]","og_url":"https:\/\/www.justiceinfo.net\/fr\/3537-040308-tpirtemoins-un-temoin-du-procureur-reconnait-des-accusations-mensongeres327.html","og_site_name":"JusticeInfo.net","article_publisher":"https:\/\/www.facebook.com\/JusticeInfo\/","article_published_time":"2008-03-05T04:21:09+00:00","og_image":[{"width":1200,"height":630,"url":"https:\/\/www.justiceinfo.net\/wp-content\/uploads\/JusticeInfoNet_logo_1200x630px.jpg","type":"image\/jpeg"}],"author":"solivri","twitter_card":"summary_large_image","twitter_creator":"@justiceinfonet","twitter_site":"@justiceinfonet","twitter_misc":{"\u00c9crit par":"solivri","Dur\u00e9e de lecture estim\u00e9e":"3 minutes"},"schema":{"@context":"https:\/\/schema.org","@graph":[{"@type":"NewsArticle","@id":"https:\/\/www.justiceinfo.net\/fr\/3537-040308-tpirtemoins-un-temoin-du-procureur-reconnait-des-accusations-mensongeres327.html#article","isPartOf":{"@id":"https:\/\/www.justiceinfo.net\/fr\/3537-040308-tpirtemoins-un-temoin-du-procureur-reconnait-des-accusations-mensongeres327.html"},"author":{"name":"solivri","@id":"https:\/\/www.justiceinfo.net\/fr#\/schema\/person\/6e53cba1629e2e66f3fc1821d3091865"},"headline":"04.03.08 - TPIR\/TEMOINS - UN TEMOIN DU PROCUREUR RECONNAIT DES ACCUSATIONS MENSONGERES","datePublished":"2008-03-05T04:21:09+00:00","mainEntityOfPage":{"@id":"https:\/\/www.justiceinfo.net\/fr\/3537-040308-tpirtemoins-un-temoin-du-procureur-reconnait-des-accusations-mensongeres327.html"},"wordCount":517,"commentCount":0,"publisher":{"@id":"https:\/\/www.justiceinfo.net\/fr#organization"},"articleSection":["Hirondelle News"],"inLanguage":"fr-FR","potentialAction":[{"@type":"CommentAction","name":"Comment","target":["https:\/\/www.justiceinfo.net\/fr\/3537-040308-tpirtemoins-un-temoin-du-procureur-reconnait-des-accusations-mensongeres327.html#respond"]}]},{"@type":"WebPage","@id":"https:\/\/www.justiceinfo.net\/fr\/3537-040308-tpirtemoins-un-temoin-du-procureur-reconnait-des-accusations-mensongeres327.html","url":"https:\/\/www.justiceinfo.net\/fr\/3537-040308-tpirtemoins-un-temoin-du-procureur-reconnait-des-accusations-mensongeres327.html","name":"04.03.08 - TPIR\/TEMOINS - UN TEMOIN DU PROCUREUR RECONNAIT DES ACCUSATIONS MENSONGERES - JusticeInfo.net","isPartOf":{"@id":"https:\/\/www.justiceinfo.net\/fr#website"},"datePublished":"2008-03-05T04:21:09+00:00","breadcrumb":{"@id":"https:\/\/www.justiceinfo.net\/fr\/3537-040308-tpirtemoins-un-temoin-du-procureur-reconnait-des-accusations-mensongeres327.html#breadcrumb"},"inLanguage":"fr-FR","potentialAction":[{"@type":"ReadAction","target":["https:\/\/www.justiceinfo.net\/fr\/3537-040308-tpirtemoins-un-temoin-du-procureur-reconnait-des-accusations-mensongeres327.html"]}]},{"@type":"BreadcrumbList","@id":"https:\/\/www.justiceinfo.net\/fr\/3537-040308-tpirtemoins-un-temoin-du-procureur-reconnait-des-accusations-mensongeres327.html#breadcrumb","itemListElement":[{"@type":"ListItem","position":1,"name":"Home","item":"https:\/\/www.justiceinfo.net\/fr"},{"@type":"ListItem","position":2,"name":"04.03.08 - TPIR\/TEMOINS - UN TEMOIN DU PROCUREUR RECONNAIT DES ACCUSATIONS MENSONGERES"}]},{"@type":"WebSite","@id":"https:\/\/www.justiceinfo.net\/fr#website","url":"https:\/\/www.justiceinfo.net\/fr","name":"JusticeInfo.net","description":"La justice doit \u00eatre vue pour \u00eatre rendue","publisher":{"@id":"https:\/\/www.justiceinfo.net\/fr#organization"},"potentialAction":[{"@type":"SearchAction","target":{"@type":"EntryPoint","urlTemplate":"https:\/\/www.justiceinfo.net\/fr?s={search_term_string}"},"query-input":{"@type":"PropertyValueSpecification","valueRequired":true,"valueName":"search_term_string"}}],"inLanguage":"fr-FR"},{"@type":"Organization","@id":"https:\/\/www.justiceinfo.net\/fr#organization","name":"Justice Info","url":"https:\/\/www.justiceinfo.net\/fr","logo":{"@type":"ImageObject","inLanguage":"fr-FR","@id":"https:\/\/www.justiceinfo.net\/fr#\/schema\/logo\/image\/","url":"https:\/\/www.justiceinfo.net\/wp-content\/uploads\/justiceinfo_logo-trans_1200x1200px.png","contentUrl":"https:\/\/www.justiceinfo.net\/wp-content\/uploads\/justiceinfo_logo-trans_1200x1200px.png","width":1199,"height":1200,"caption":"Justice Info"},"image":{"@id":"https:\/\/www.justiceinfo.net\/fr#\/schema\/logo\/image\/"},"sameAs":["https:\/\/www.facebook.com\/JusticeInfo\/","https:\/\/x.com\/justiceinfonet","https:\/\/www.linkedin.com\/company\/justice-info","https:\/\/www.youtube.com\/channel\/UCyCEsARodyuWtkWyhn-e7pA"]},{"@type":"Person","name":"solivri","url":"\/fr\/?s=solivri"}]}},"_links":{"self":[{"href":"https:\/\/www.justiceinfo.net\/fr\/wp-json\/wp\/v2\/posts\/3537","targetHints":{"allow":["GET"]}}],"collection":[{"href":"https:\/\/www.justiceinfo.net\/fr\/wp-json\/wp\/v2\/posts"}],"about":[{"href":"https:\/\/www.justiceinfo.net\/fr\/wp-json\/wp\/v2\/types\/post"}],"author":[{"embeddable":true,"href":"https:\/\/www.justiceinfo.net\/fr\/wp-json\/wp\/v2\/users\/64"}],"replies":[{"embeddable":true,"href":"https:\/\/www.justiceinfo.net\/fr\/wp-json\/wp\/v2\/comments?post=3537"}],"version-history":[{"count":0,"href":"https:\/\/www.justiceinfo.net\/fr\/wp-json\/wp\/v2\/posts\/3537\/revisions"}],"wp:attachment":[{"href":"https:\/\/www.justiceinfo.net\/fr\/wp-json\/wp\/v2\/media?parent=3537"}],"wp:term":[{"taxonomy":"category","embeddable":true,"href":"https:\/\/www.justiceinfo.net\/fr\/wp-json\/wp\/v2\/categories?post=3537"},{"taxonomy":"post_tag","embeddable":true,"href":"https:\/\/www.justiceinfo.net\/fr\/wp-json\/wp\/v2\/tags?post=3537"},{"taxonomy":"ji_location","embeddable":true,"href":"https:\/\/www.justiceinfo.net\/fr\/wp-json\/wp\/v2\/ji_location?post=3537"}],"curies":[{"name":"wp","href":"https:\/\/api.w.org\/{rel}","templated":true}]}}