{"id":3539,"date":"2008-03-06T05:14:30","date_gmt":"2008-03-06T04:14:30","guid":{"rendered":"https:\/\/www.justiceinfo.net\/3539-050308-tpirmilitaires-ii-ndindiliyimana-un-homme-de-paix-ex-chef-de-la-police-tanzanienne329.html"},"modified":"2008-03-06T05:14:30","modified_gmt":"2008-03-06T04:14:30","slug":"050308-tpirmilitaires-ii-ndindiliyimana-un-homme-de-paix-ex-chef-de-la-police-tanzanienne329","status":"publish","type":"post","link":"https:\/\/www.justiceinfo.net\/fr\/3539-050308-tpirmilitaires-ii-ndindiliyimana-un-homme-de-paix-ex-chef-de-la-police-tanzanienne329.html","title":{"rendered":"05.03.08 - TPIR\/MILITAIRES II  - NDINDILIYIMANA, UN HOMME DE PAIX - EX-CHEF DE LA POLICE TANZANIENNE"},"content":{"rendered":"<p  >\nArusha, 5 mars 2008 (FH) - Le g\u00e9n\u00e9ral Augustin Ndindiliyimana, chef d'\u00e9tat-major responsable de la gendarmerie rwandaise en 1994, \u00e9tait un homme \u00e9pris de paix, a d\u00e9clar\u00e9 un ex-chef de la police tanzanienne mercredi devant le Tribunal p\u00e9nal international pour le Rwanda (TPIR).<br \/>\nCit\u00e9 par la d\u00e9fense de cet officier accus\u00e9 de participation au g\u00e9nocide des Tutsis en 1994, Harun Mahundi, 68 ans, \u00e9tait inspecteur g\u00e9n\u00e9ral de la police tanzanienne \u00e0 l\u2019\u00e9poque des faits.\n<\/p>\n<p><!--more--><\/p>\n<p  >\nIl a dit avoir rencontr\u00e9 Ndindiliyimana en Tanzanie en 1993, et au Rwanda l\u2019ann\u00e9e suivante.<br \/>\nNdindiliyimana \u00e9tait pr\u00e9occup\u00e9 par la formation de la gendarmerie en perspective du multipartisme renaissant et de la fusion entre les forces gouvernementales et les rebelles du Front patriotique rwandais (FPR), selon le t\u00e9moin. \u00ab Ce qui le pr\u00e9occupait, c\u2019\u00e9tait la paix, la tranquillit\u00e9 du pays, comment disperser les foules (sans porter atteinte \u00e0 leur int\u00e9grit\u00e9 physique) ; il disait que c\u2019\u00e9tait sa responsabilit\u00e9 \u00bb, a indiqu\u00e9 Harun Mahundi.<br \/>\nLe gouvernement et le FPR \u00e9taient en n\u00e9gociations \u00e0 Arusha en Tanzanie afin de mettre fin \u00e0 une guerre civile qui avait \u00e9clat\u00e9 en octobre 1990.<br \/>\n\u00ab Il (Ndindiliyimana) semblait plein d\u2019espoir quand au fait que ces n\u00e9gociations pouvaient conna\u00eetre le succ\u00e8s \u00bb, a soulign\u00e9 le t\u00e9moin. L\u2019ex-chef de la police tanzanienne a ajout\u00e9 que l\u2019accus\u00e9 lui paraissait \u00eatre \u00ab quelqu\u2019un qui n\u2019aimait pas la confrontation \u00bb.<br \/>\nHarun Mahundi a d\u00e9clar\u00e9 que lors de sa visite des unit\u00e9s de gendarmerie au Rwanda, \u00ab il m\u2019a sembl\u00e9 qu\u2019ils n\u2019avaient pas suffisamment de ressources pour faire face \u00e0 une situation d\u2019\u00e9meutes \u00bb.  Selon le t\u00e9moin, \u00ab il y avait d\u00e9j\u00e0 toutes les installations techniques qui n\u2019\u00e9taient pas id\u00e9ales. Et entre autres, ils n\u2019avaient pas suffisamment de mobilit\u00e9, des v\u00e9hicules qui leur auraient permis de d\u00e9ployer des troupes pour faire face \u00e0 une situation donn\u00e9e. Le syst\u00e8me de communication n\u2019\u00e9tait pas efficace. \u00bb<br \/>\nL\u2019ex-chef de la police tanzanienne a soulign\u00e9 que la gendarmerie rwandaise ne disposait pas non plus de canon \u00e0 eau pour disperser les foules importantes ou de gazs lacrymog\u00e8nes pour faire face aux petits attroupements.<br \/>\nHarun Mahundi a r\u00e9v\u00e9l\u00e9 que Ndindiliyimana lui avait notamment parl\u00e9 de ses plans pour l\u2019avenir. \u00ab Il voulait prendre sa retraite le plus rapidement possible. Il ne voulait pas attendre qu\u2019il soit trop \u00e2g\u00e9. Il voulait se convertir dans les affaires \u00bb, a confi\u00e9 le t\u00e9moin. Mahundi a racont\u00e9 que Ndindiliyimana avait visit\u00e9 le port de Mwanza sur la rive tanzanienne du lac Victoria et qu\u2019il avait manifest\u00e9 un int\u00e9r\u00eat pour l\u2019importation du poisson. \"Il aurait aim\u00e9 prendre sa retraite le plus rapidement possible pour s\u2019occuper de ce type de commerce \u00bb, a dit le t\u00e9moin.<br \/>\nPoursuivi avec trois autres officiers pour g\u00e9nocide et crimes contre l\u2019humanit\u00e9, Ndindiliyimana plaide non coupable. Actuellement, il fait compara\u00eetre des t\u00e9moins \u00e0 d\u00e9charge. Le t\u00e9moin Makundi l\u2019a d\u00e9crit comme un homme \u00ab tr\u00e8s poli \u00bb et \u00ab tr\u00e8s pos\u00e9 \u00bb, qui souhaitait que son pays ait la s\u00e9curit\u00e9.<br \/>\nCe proc\u00e8s conjoint dit \u00ab Militaires II \u00bb a commenc\u00e9 en septembre 2004.<br \/>\n AT\/PB\/GF<\/p>\n","protected":false},"excerpt":{"rendered":"<p>Arusha, 5 mars 2008 (FH) - Le g\u00e9n\u00e9ral Augustin Ndindiliyimana, chef d'\u00e9tat-major responsable de la gendarmerie rwandaise en 1994, \u00e9tait un homme \u00e9pris de paix, a d\u00e9clar\u00e9 un ex-chef de la police tanzanienne mercredi devant le Tribunal p\u00e9nal international pour le Rwanda (TPIR). Cit\u00e9 par la d\u00e9fense de cet officier accus\u00e9 de participation au g\u00e9nocide [&hellip;]<\/p>\n","protected":false},"author":64,"featured_media":0,"comment_status":"open","ping_status":"closed","sticky":false,"template":"","format":"standard","meta":{"_acf_changed":false,"footnotes":""},"categories":[554],"tags":[],"ji_location":[],"class_list":["post-3539","post","type-post","status-publish","format-standard","hentry","category-hirondellenews"],"acf":[],"yoast_head":"<!-- This site is optimized with the Yoast SEO Premium plugin v25.3.1 (Yoast SEO v25.3.1) - https:\/\/yoast.com\/wordpress\/plugins\/seo\/ -->\n<title>05.03.08 - TPIR\/MILITAIRES II - NDINDILIYIMANA, UN HOMME DE PAIX - EX-CHEF DE LA POLICE TANZANIENNE - JusticeInfo.net<\/title>\n<meta name=\"robots\" content=\"index, follow, max-snippet:-1, max-image-preview:large, max-video-preview:-1\" \/>\n<link rel=\"canonical\" href=\"https:\/\/www.justiceinfo.net\/fr\/3539-050308-tpirmilitaires-ii-ndindiliyimana-un-homme-de-paix-ex-chef-de-la-police-tanzanienne329.html\" \/>\n<meta property=\"og:locale\" content=\"fr_FR\" \/>\n<meta property=\"og:type\" content=\"article\" \/>\n<meta property=\"og:title\" content=\"05.03.08 - TPIR\/MILITAIRES II - NDINDILIYIMANA, UN HOMME DE PAIX - EX-CHEF DE LA POLICE TANZANIENNE\" \/>\n<meta property=\"og:description\" content=\"Arusha, 5 mars 2008 (FH) - Le g\u00e9n\u00e9ral Augustin Ndindiliyimana, chef d&#039;\u00e9tat-major responsable de la gendarmerie rwandaise en 1994, \u00e9tait un homme \u00e9pris de paix, a d\u00e9clar\u00e9 un ex-chef de la police tanzanienne mercredi devant le Tribunal p\u00e9nal international pour le Rwanda (TPIR). Cit\u00e9 par la d\u00e9fense de cet officier accus\u00e9 de participation au g\u00e9nocide [&hellip;]\" \/>\n<meta property=\"og:url\" content=\"https:\/\/www.justiceinfo.net\/fr\/3539-050308-tpirmilitaires-ii-ndindiliyimana-un-homme-de-paix-ex-chef-de-la-police-tanzanienne329.html\" \/>\n<meta property=\"og:site_name\" content=\"JusticeInfo.net\" \/>\n<meta property=\"article:publisher\" content=\"https:\/\/www.facebook.com\/JusticeInfo\/\" \/>\n<meta property=\"article:published_time\" content=\"2008-03-06T04:14:30+00:00\" \/>\n<meta property=\"og:image\" content=\"https:\/\/www.justiceinfo.net\/wp-content\/uploads\/JusticeInfoNet_logo_1200x630px.jpg\" \/>\n\t<meta property=\"og:image:width\" content=\"1200\" \/>\n\t<meta property=\"og:image:height\" content=\"630\" \/>\n\t<meta property=\"og:image:type\" content=\"image\/jpeg\" \/>\n<meta name=\"author\" content=\"solivri\" \/>\n<meta name=\"twitter:card\" content=\"summary_large_image\" \/>\n<meta name=\"twitter:creator\" content=\"@justiceinfonet\" \/>\n<meta name=\"twitter:site\" content=\"@justiceinfonet\" \/>\n<meta name=\"twitter:label1\" content=\"\u00c9crit par\" \/>\n\t<meta name=\"twitter:data1\" content=\"solivri\" \/>\n\t<meta name=\"twitter:label2\" content=\"Dur\u00e9e de lecture estim\u00e9e\" \/>\n\t<meta name=\"twitter:data2\" content=\"3 minutes\" \/>\n<script type=\"application\/ld+json\" class=\"yoast-schema-graph\">{\"@context\":\"https:\/\/schema.org\",\"@graph\":[{\"@type\":\"NewsArticle\",\"@id\":\"https:\/\/www.justiceinfo.net\/fr\/3539-050308-tpirmilitaires-ii-ndindiliyimana-un-homme-de-paix-ex-chef-de-la-police-tanzanienne329.html#article\",\"isPartOf\":{\"@id\":\"https:\/\/www.justiceinfo.net\/fr\/3539-050308-tpirmilitaires-ii-ndindiliyimana-un-homme-de-paix-ex-chef-de-la-police-tanzanienne329.html\"},\"author\":{\"name\":\"solivri\",\"@id\":\"https:\/\/www.justiceinfo.net\/fr#\/schema\/person\/6e53cba1629e2e66f3fc1821d3091865\"},\"headline\":\"05.03.08 - TPIR\/MILITAIRES II - NDINDILIYIMANA, UN HOMME DE PAIX - EX-CHEF DE LA POLICE TANZANIENNE\",\"datePublished\":\"2008-03-06T04:14:30+00:00\",\"mainEntityOfPage\":{\"@id\":\"https:\/\/www.justiceinfo.net\/fr\/3539-050308-tpirmilitaires-ii-ndindiliyimana-un-homme-de-paix-ex-chef-de-la-police-tanzanienne329.html\"},\"wordCount\":551,\"commentCount\":0,\"publisher\":{\"@id\":\"https:\/\/www.justiceinfo.net\/fr#organization\"},\"articleSection\":[\"Hirondelle News\"],\"inLanguage\":\"fr-FR\",\"potentialAction\":[{\"@type\":\"CommentAction\",\"name\":\"Comment\",\"target\":[\"https:\/\/www.justiceinfo.net\/fr\/3539-050308-tpirmilitaires-ii-ndindiliyimana-un-homme-de-paix-ex-chef-de-la-police-tanzanienne329.html#respond\"]}]},{\"@type\":\"WebPage\",\"@id\":\"https:\/\/www.justiceinfo.net\/fr\/3539-050308-tpirmilitaires-ii-ndindiliyimana-un-homme-de-paix-ex-chef-de-la-police-tanzanienne329.html\",\"url\":\"https:\/\/www.justiceinfo.net\/fr\/3539-050308-tpirmilitaires-ii-ndindiliyimana-un-homme-de-paix-ex-chef-de-la-police-tanzanienne329.html\",\"name\":\"05.03.08 - TPIR\/MILITAIRES II - NDINDILIYIMANA, UN HOMME DE PAIX - EX-CHEF DE LA POLICE TANZANIENNE - JusticeInfo.net\",\"isPartOf\":{\"@id\":\"https:\/\/www.justiceinfo.net\/fr#website\"},\"datePublished\":\"2008-03-06T04:14:30+00:00\",\"breadcrumb\":{\"@id\":\"https:\/\/www.justiceinfo.net\/fr\/3539-050308-tpirmilitaires-ii-ndindiliyimana-un-homme-de-paix-ex-chef-de-la-police-tanzanienne329.html#breadcrumb\"},\"inLanguage\":\"fr-FR\",\"potentialAction\":[{\"@type\":\"ReadAction\",\"target\":[\"https:\/\/www.justiceinfo.net\/fr\/3539-050308-tpirmilitaires-ii-ndindiliyimana-un-homme-de-paix-ex-chef-de-la-police-tanzanienne329.html\"]}]},{\"@type\":\"BreadcrumbList\",\"@id\":\"https:\/\/www.justiceinfo.net\/fr\/3539-050308-tpirmilitaires-ii-ndindiliyimana-un-homme-de-paix-ex-chef-de-la-police-tanzanienne329.html#breadcrumb\",\"itemListElement\":[{\"@type\":\"ListItem\",\"position\":1,\"name\":\"Home\",\"item\":\"https:\/\/www.justiceinfo.net\/fr\"},{\"@type\":\"ListItem\",\"position\":2,\"name\":\"05.03.08 - TPIR\/MILITAIRES II - NDINDILIYIMANA, UN HOMME DE PAIX - EX-CHEF DE LA POLICE TANZANIENNE\"}]},{\"@type\":\"WebSite\",\"@id\":\"https:\/\/www.justiceinfo.net\/fr#website\",\"url\":\"https:\/\/www.justiceinfo.net\/fr\",\"name\":\"JusticeInfo.net\",\"description\":\"La justice doit \u00eatre vue pour \u00eatre rendue\",\"publisher\":{\"@id\":\"https:\/\/www.justiceinfo.net\/fr#organization\"},\"potentialAction\":[{\"@type\":\"SearchAction\",\"target\":{\"@type\":\"EntryPoint\",\"urlTemplate\":\"https:\/\/www.justiceinfo.net\/fr?s={search_term_string}\"},\"query-input\":{\"@type\":\"PropertyValueSpecification\",\"valueRequired\":true,\"valueName\":\"search_term_string\"}}],\"inLanguage\":\"fr-FR\"},{\"@type\":\"Organization\",\"@id\":\"https:\/\/www.justiceinfo.net\/fr#organization\",\"name\":\"Justice Info\",\"url\":\"https:\/\/www.justiceinfo.net\/fr\",\"logo\":{\"@type\":\"ImageObject\",\"inLanguage\":\"fr-FR\",\"@id\":\"https:\/\/www.justiceinfo.net\/fr#\/schema\/logo\/image\/\",\"url\":\"https:\/\/www.justiceinfo.net\/wp-content\/uploads\/justiceinfo_logo-trans_1200x1200px.png\",\"contentUrl\":\"https:\/\/www.justiceinfo.net\/wp-content\/uploads\/justiceinfo_logo-trans_1200x1200px.png\",\"width\":1199,\"height\":1200,\"caption\":\"Justice Info\"},\"image\":{\"@id\":\"https:\/\/www.justiceinfo.net\/fr#\/schema\/logo\/image\/\"},\"sameAs\":[\"https:\/\/www.facebook.com\/JusticeInfo\/\",\"https:\/\/x.com\/justiceinfonet\",\"https:\/\/www.linkedin.com\/company\/justice-info\",\"https:\/\/www.youtube.com\/channel\/UCyCEsARodyuWtkWyhn-e7pA\"]},{\"@type\":\"Person\",\"name\":\"solivri\",\"url\":\"\/fr\/?s=solivri\"}]}<\/script>\n<!-- \/ Yoast SEO Premium plugin. -->","yoast_head_json":{"title":"05.03.08 - TPIR\/MILITAIRES II - NDINDILIYIMANA, UN HOMME DE PAIX - EX-CHEF DE LA POLICE TANZANIENNE - JusticeInfo.net","robots":{"index":"index","follow":"follow","max-snippet":"max-snippet:-1","max-image-preview":"max-image-preview:large","max-video-preview":"max-video-preview:-1"},"canonical":"https:\/\/www.justiceinfo.net\/fr\/3539-050308-tpirmilitaires-ii-ndindiliyimana-un-homme-de-paix-ex-chef-de-la-police-tanzanienne329.html","og_locale":"fr_FR","og_type":"article","og_title":"05.03.08 - TPIR\/MILITAIRES II - NDINDILIYIMANA, UN HOMME DE PAIX - EX-CHEF DE LA POLICE TANZANIENNE","og_description":"Arusha, 5 mars 2008 (FH) - Le g\u00e9n\u00e9ral Augustin Ndindiliyimana, chef d'\u00e9tat-major responsable de la gendarmerie rwandaise en 1994, \u00e9tait un homme \u00e9pris de paix, a d\u00e9clar\u00e9 un ex-chef de la police tanzanienne mercredi devant le Tribunal p\u00e9nal international pour le Rwanda (TPIR). Cit\u00e9 par la d\u00e9fense de cet officier accus\u00e9 de participation au g\u00e9nocide [&hellip;]","og_url":"https:\/\/www.justiceinfo.net\/fr\/3539-050308-tpirmilitaires-ii-ndindiliyimana-un-homme-de-paix-ex-chef-de-la-police-tanzanienne329.html","og_site_name":"JusticeInfo.net","article_publisher":"https:\/\/www.facebook.com\/JusticeInfo\/","article_published_time":"2008-03-06T04:14:30+00:00","og_image":[{"width":1200,"height":630,"url":"https:\/\/www.justiceinfo.net\/wp-content\/uploads\/JusticeInfoNet_logo_1200x630px.jpg","type":"image\/jpeg"}],"author":"solivri","twitter_card":"summary_large_image","twitter_creator":"@justiceinfonet","twitter_site":"@justiceinfonet","twitter_misc":{"\u00c9crit par":"solivri","Dur\u00e9e de lecture estim\u00e9e":"3 minutes"},"schema":{"@context":"https:\/\/schema.org","@graph":[{"@type":"NewsArticle","@id":"https:\/\/www.justiceinfo.net\/fr\/3539-050308-tpirmilitaires-ii-ndindiliyimana-un-homme-de-paix-ex-chef-de-la-police-tanzanienne329.html#article","isPartOf":{"@id":"https:\/\/www.justiceinfo.net\/fr\/3539-050308-tpirmilitaires-ii-ndindiliyimana-un-homme-de-paix-ex-chef-de-la-police-tanzanienne329.html"},"author":{"name":"solivri","@id":"https:\/\/www.justiceinfo.net\/fr#\/schema\/person\/6e53cba1629e2e66f3fc1821d3091865"},"headline":"05.03.08 - TPIR\/MILITAIRES II - NDINDILIYIMANA, UN HOMME DE PAIX - EX-CHEF DE LA POLICE TANZANIENNE","datePublished":"2008-03-06T04:14:30+00:00","mainEntityOfPage":{"@id":"https:\/\/www.justiceinfo.net\/fr\/3539-050308-tpirmilitaires-ii-ndindiliyimana-un-homme-de-paix-ex-chef-de-la-police-tanzanienne329.html"},"wordCount":551,"commentCount":0,"publisher":{"@id":"https:\/\/www.justiceinfo.net\/fr#organization"},"articleSection":["Hirondelle News"],"inLanguage":"fr-FR","potentialAction":[{"@type":"CommentAction","name":"Comment","target":["https:\/\/www.justiceinfo.net\/fr\/3539-050308-tpirmilitaires-ii-ndindiliyimana-un-homme-de-paix-ex-chef-de-la-police-tanzanienne329.html#respond"]}]},{"@type":"WebPage","@id":"https:\/\/www.justiceinfo.net\/fr\/3539-050308-tpirmilitaires-ii-ndindiliyimana-un-homme-de-paix-ex-chef-de-la-police-tanzanienne329.html","url":"https:\/\/www.justiceinfo.net\/fr\/3539-050308-tpirmilitaires-ii-ndindiliyimana-un-homme-de-paix-ex-chef-de-la-police-tanzanienne329.html","name":"05.03.08 - TPIR\/MILITAIRES II - NDINDILIYIMANA, UN HOMME DE PAIX - EX-CHEF DE LA POLICE TANZANIENNE - JusticeInfo.net","isPartOf":{"@id":"https:\/\/www.justiceinfo.net\/fr#website"},"datePublished":"2008-03-06T04:14:30+00:00","breadcrumb":{"@id":"https:\/\/www.justiceinfo.net\/fr\/3539-050308-tpirmilitaires-ii-ndindiliyimana-un-homme-de-paix-ex-chef-de-la-police-tanzanienne329.html#breadcrumb"},"inLanguage":"fr-FR","potentialAction":[{"@type":"ReadAction","target":["https:\/\/www.justiceinfo.net\/fr\/3539-050308-tpirmilitaires-ii-ndindiliyimana-un-homme-de-paix-ex-chef-de-la-police-tanzanienne329.html"]}]},{"@type":"BreadcrumbList","@id":"https:\/\/www.justiceinfo.net\/fr\/3539-050308-tpirmilitaires-ii-ndindiliyimana-un-homme-de-paix-ex-chef-de-la-police-tanzanienne329.html#breadcrumb","itemListElement":[{"@type":"ListItem","position":1,"name":"Home","item":"https:\/\/www.justiceinfo.net\/fr"},{"@type":"ListItem","position":2,"name":"05.03.08 - TPIR\/MILITAIRES II - NDINDILIYIMANA, UN HOMME DE PAIX - EX-CHEF DE LA POLICE TANZANIENNE"}]},{"@type":"WebSite","@id":"https:\/\/www.justiceinfo.net\/fr#website","url":"https:\/\/www.justiceinfo.net\/fr","name":"JusticeInfo.net","description":"La justice doit \u00eatre vue pour \u00eatre rendue","publisher":{"@id":"https:\/\/www.justiceinfo.net\/fr#organization"},"potentialAction":[{"@type":"SearchAction","target":{"@type":"EntryPoint","urlTemplate":"https:\/\/www.justiceinfo.net\/fr?s={search_term_string}"},"query-input":{"@type":"PropertyValueSpecification","valueRequired":true,"valueName":"search_term_string"}}],"inLanguage":"fr-FR"},{"@type":"Organization","@id":"https:\/\/www.justiceinfo.net\/fr#organization","name":"Justice Info","url":"https:\/\/www.justiceinfo.net\/fr","logo":{"@type":"ImageObject","inLanguage":"fr-FR","@id":"https:\/\/www.justiceinfo.net\/fr#\/schema\/logo\/image\/","url":"https:\/\/www.justiceinfo.net\/wp-content\/uploads\/justiceinfo_logo-trans_1200x1200px.png","contentUrl":"https:\/\/www.justiceinfo.net\/wp-content\/uploads\/justiceinfo_logo-trans_1200x1200px.png","width":1199,"height":1200,"caption":"Justice Info"},"image":{"@id":"https:\/\/www.justiceinfo.net\/fr#\/schema\/logo\/image\/"},"sameAs":["https:\/\/www.facebook.com\/JusticeInfo\/","https:\/\/x.com\/justiceinfonet","https:\/\/www.linkedin.com\/company\/justice-info","https:\/\/www.youtube.com\/channel\/UCyCEsARodyuWtkWyhn-e7pA"]},{"@type":"Person","name":"solivri","url":"\/fr\/?s=solivri"}]}},"_links":{"self":[{"href":"https:\/\/www.justiceinfo.net\/fr\/wp-json\/wp\/v2\/posts\/3539","targetHints":{"allow":["GET"]}}],"collection":[{"href":"https:\/\/www.justiceinfo.net\/fr\/wp-json\/wp\/v2\/posts"}],"about":[{"href":"https:\/\/www.justiceinfo.net\/fr\/wp-json\/wp\/v2\/types\/post"}],"author":[{"embeddable":true,"href":"https:\/\/www.justiceinfo.net\/fr\/wp-json\/wp\/v2\/users\/64"}],"replies":[{"embeddable":true,"href":"https:\/\/www.justiceinfo.net\/fr\/wp-json\/wp\/v2\/comments?post=3539"}],"version-history":[{"count":0,"href":"https:\/\/www.justiceinfo.net\/fr\/wp-json\/wp\/v2\/posts\/3539\/revisions"}],"wp:attachment":[{"href":"https:\/\/www.justiceinfo.net\/fr\/wp-json\/wp\/v2\/media?parent=3539"}],"wp:term":[{"taxonomy":"category","embeddable":true,"href":"https:\/\/www.justiceinfo.net\/fr\/wp-json\/wp\/v2\/categories?post=3539"},{"taxonomy":"post_tag","embeddable":true,"href":"https:\/\/www.justiceinfo.net\/fr\/wp-json\/wp\/v2\/tags?post=3539"},{"taxonomy":"ji_location","embeddable":true,"href":"https:\/\/www.justiceinfo.net\/fr\/wp-json\/wp\/v2\/ji_location?post=3539"}],"curies":[{"name":"wp","href":"https:\/\/api.w.org\/{rel}","templated":true}]}}