{"id":3543,"date":"2008-03-08T05:40:02","date_gmt":"2008-03-08T04:40:02","guid":{"rendered":"https:\/\/www.justiceinfo.net\/3543-070308-tpirsynthese-hebdomadaire-rwanda-septieme-pays-a-signer-un-accord-sur-lexecution-des333.html"},"modified":"2008-03-08T05:40:02","modified_gmt":"2008-03-08T04:40:02","slug":"070308-tpirsynthese-hebdomadaire-rwanda-septieme-pays-a-signer-un-accord-sur-lexecution-des333","status":"publish","type":"post","link":"https:\/\/www.justiceinfo.net\/fr\/3543-070308-tpirsynthese-hebdomadaire-rwanda-septieme-pays-a-signer-un-accord-sur-lexecution-des333.html","title":{"rendered":"07.03.08 - TPIR\/SYNTHESE HEBDOMADAIRE - RWANDA, SEPTIEME PAYS A SIGNER UN ACCORD SUR L\u2019EXECUTION DES"},"content":{"rendered":"<p  >\nArusha, 7 mars 2008 (FH) - Le Rwanda a sign\u00e9 cette semaine un accord qui lui permettra \u00e0 terme d\u2019accueillir dans ses prisons des personnes condamn\u00e9es par le Tribunal international pour le Rwanda (TPIR), devenant ainsi le septi\u00e8me pays \u00e0 coop\u00e9rer dans ce sens avec cette juridiction.<br \/>\nIl a \u00e9t\u00e9 pr\u00e9c\u00e9d\u00e9 par le Mali, le B\u00e9nin, le Swaziland, la France, l\u2019Italie et la Su\u00e8de.\n<\/p>\n<p><!--more--><\/p>\n<p  >\nLe texte a \u00e9t\u00e9 paraph\u00e9 mardi \u00e0 Kigali par le ministre rwandais des Affaires \u00e9trang\u00e8res, Charles Murigande, et le greffier du TPIR,  Adama Dieng.<br \/>\nLe Rwanda a construit au lieu-dit Mpanga dans le centre, une prison qui, selon le TPIR, r\u00e9pond aux normes internationales. <\/p>\n<p>Le statut du TPIR stipule que, \u00ables peines d\u2019emprisonnement sont ex\u00e9cut\u00e9es au Rwanda ou dans un autre Etat d\u00e9sign\u00e9 par le tribunal sur la liste des Etats qui ont fait savoir au Conseil de s\u00e9curit\u00e9 qu\u2019ils \u00e9taient dispos\u00e9s \u00e0 recevoir des condamn\u00e9s \u00bb.<br \/>\nAu TPIR, les d\u00e9tenus ont protest\u00e9 contre cet accord, qui selon eux, vise \u00e0 livrer les condamn\u00e9s \u00ab \u00e0 une mort certaine, ou tout au moins, aux traitements inhumains et d\u00e9gradants et \u00e0 la torture \u00bb.<br \/>\n\u00ab Si jamais le transfert au Rwanda \u00e9tait d\u00e9cid\u00e9 par le TPIR contre notre gr\u00e9, nous demandons \u00e0 nos familles et \u00e0 tous les organismes qui veillent au respect des droits de la personne humaine, \u00e0 tenir enti\u00e8rement le TPIR et l\u2019ONU responsables de l\u2019\u00e9limination ou des mauvais traitements de quiconque sera envoy\u00e9 dans ce pays \u00bb, lit-on dans une lettre adress\u00e9e au pr\u00e9sident du TPIR par 30 sur la cinquantaine de d\u00e9tenus.<br \/>\nLes signataires de la lettre avaient par ailleurs annonc\u00e9 une gr\u00e8ve de la faim et un boycott des audiences. Le mouvement a \u00e9t\u00e9 faiblement suivi. Dix-sept personnes condamn\u00e9es d\u00e9finitivement attendent d\u2019\u00eatre transf\u00e9r\u00e9s dans les pays o\u00f9 ils purgeront leurs peines respectives.\n<\/p>\n<p  >\nC\u00f4t\u00e9 audiences, trois proc\u00e8s \u00e9taient programm\u00e9s au cours de la semaine. Il s\u2019agit de Militaires II, Gouvernement II et Butare.<br \/>\nDans Militaires II comparaissent quatre hauts grad\u00e9s. C\u2019est l\u2019un d\u2019entre eux, le g\u00e9n\u00e9ral Augustin Ndindiliyimana, qui pr\u00e9sente sa d\u00e9fense. L\u2019accus\u00e9 \u00e9tait chef d\u2019Etat-major de la gendarmerie en 1994.<br \/>\nCette semaine il a \u00e9t\u00e9, entre autres, d\u00e9fendu par l\u2019ancien responsable de la police tanzanienne, Harun Mahundi. Ce dernier, qui l\u2019a rencontr\u00e9 au Rwanda et en Tanzanie avant le g\u00e9nocide, l\u2019a d\u00e9crit comme un homme \u00e9pris de paix, soucieux de la s\u00e9curit\u00e9 de son pays et de ses habitants.<br \/>\n Jeudi, le proc\u00e8s Militaires II a \u00e9t\u00e9 suspendu jusqu\u2019au  26 mai. A la reprise, c\u2019est Ndindiliyimana qui poursuivra sa d\u00e9fense. Il a d\u00e9j\u00e0 cit\u00e9 27 t\u00e9moins. Il lui reste presque autant.<br \/>\n Butare et Gouvernement II sont \u00e9galement au stade de la pr\u00e9sentation des t\u00e9moins \u00e0 d\u00e9charge. Butare, en cours depuis 2001, comporte six accus\u00e9s, et Gouvernement II, ouvert en 2003, quatre.<br \/>\n La semaine prochaine, trois anciens responsables de l\u2019ex-parti au pouvoir devraient commencer leur d\u00e9fense. La chambre d\u2019appel rendra par ailleurs un arr\u00eat dans le proc\u00e8s de l\u2019abb\u00e9 Athanase Seromba, condamn\u00e9 \u00e0 15 ans de prison en d\u00e9cembre 2006 pour avoir facilit\u00e9 le massacre de 1500 de ses paroissiens. Il plaide non coupable.<br \/>\n Le Tribunal proc\u00e9dera enfin \u00e0 la lib\u00e9ration de \u00ab GAA \u00bb, un t\u00e9moin prot\u00e9g\u00e9 qui a \u00e9t\u00e9 condamn\u00e9 \u00e0 neuf mois de prison pour outrage \u00e0 la cour. Il aura purg\u00e9 la totalit\u00e9 de sa peine.<br \/>\nAT\/PB\/GF<\/p>\n","protected":false},"excerpt":{"rendered":"<p>Arusha, 7 mars 2008 (FH) - Le Rwanda a sign\u00e9 cette semaine un accord qui lui permettra \u00e0 terme d\u2019accueillir dans ses prisons des personnes condamn\u00e9es par le Tribunal international pour le Rwanda (TPIR), devenant ainsi le septi\u00e8me pays \u00e0 coop\u00e9rer dans ce sens avec cette juridiction. Il a \u00e9t\u00e9 pr\u00e9c\u00e9d\u00e9 par le Mali, le [&hellip;]<\/p>\n","protected":false},"author":64,"featured_media":0,"comment_status":"open","ping_status":"closed","sticky":false,"template":"","format":"standard","meta":{"_acf_changed":false,"footnotes":""},"categories":[554],"tags":[],"ji_location":[],"class_list":["post-3543","post","type-post","status-publish","format-standard","hentry","category-hirondellenews"],"acf":[],"yoast_head":"<!-- This site is optimized with the Yoast SEO Premium plugin v25.3.1 (Yoast SEO v25.3.1) - https:\/\/yoast.com\/wordpress\/plugins\/seo\/ -->\n<title>07.03.08 - TPIR\/SYNTHESE HEBDOMADAIRE - RWANDA, SEPTIEME PAYS A SIGNER UN ACCORD SUR L\u2019EXECUTION DES - JusticeInfo.net<\/title>\n<meta name=\"robots\" content=\"index, follow, max-snippet:-1, max-image-preview:large, max-video-preview:-1\" \/>\n<link rel=\"canonical\" href=\"https:\/\/www.justiceinfo.net\/fr\/3543-070308-tpirsynthese-hebdomadaire-rwanda-septieme-pays-a-signer-un-accord-sur-lexecution-des333.html\" \/>\n<meta property=\"og:locale\" content=\"fr_FR\" \/>\n<meta property=\"og:type\" content=\"article\" \/>\n<meta property=\"og:title\" content=\"07.03.08 - TPIR\/SYNTHESE HEBDOMADAIRE - RWANDA, SEPTIEME PAYS A SIGNER UN ACCORD SUR L\u2019EXECUTION DES\" \/>\n<meta property=\"og:description\" content=\"Arusha, 7 mars 2008 (FH) - Le Rwanda a sign\u00e9 cette semaine un accord qui lui permettra \u00e0 terme d\u2019accueillir dans ses prisons des personnes condamn\u00e9es par le Tribunal international pour le Rwanda (TPIR), devenant ainsi le septi\u00e8me pays \u00e0 coop\u00e9rer dans ce sens avec cette juridiction. Il a \u00e9t\u00e9 pr\u00e9c\u00e9d\u00e9 par le Mali, le [&hellip;]\" \/>\n<meta property=\"og:url\" content=\"https:\/\/www.justiceinfo.net\/fr\/3543-070308-tpirsynthese-hebdomadaire-rwanda-septieme-pays-a-signer-un-accord-sur-lexecution-des333.html\" \/>\n<meta property=\"og:site_name\" content=\"JusticeInfo.net\" \/>\n<meta property=\"article:publisher\" content=\"https:\/\/www.facebook.com\/JusticeInfo\/\" \/>\n<meta property=\"article:published_time\" content=\"2008-03-08T04:40:02+00:00\" \/>\n<meta property=\"og:image\" content=\"https:\/\/www.justiceinfo.net\/wp-content\/uploads\/JusticeInfoNet_logo_1200x630px.jpg\" \/>\n\t<meta property=\"og:image:width\" content=\"1200\" \/>\n\t<meta property=\"og:image:height\" content=\"630\" \/>\n\t<meta property=\"og:image:type\" content=\"image\/jpeg\" \/>\n<meta name=\"author\" content=\"solivri\" \/>\n<meta name=\"twitter:card\" content=\"summary_large_image\" \/>\n<meta name=\"twitter:creator\" content=\"@justiceinfonet\" \/>\n<meta name=\"twitter:site\" content=\"@justiceinfonet\" \/>\n<meta name=\"twitter:label1\" content=\"\u00c9crit par\" \/>\n\t<meta name=\"twitter:data1\" content=\"solivri\" \/>\n\t<meta name=\"twitter:label2\" content=\"Dur\u00e9e de lecture estim\u00e9e\" \/>\n\t<meta name=\"twitter:data2\" content=\"3 minutes\" \/>\n<script type=\"application\/ld+json\" class=\"yoast-schema-graph\">{\"@context\":\"https:\/\/schema.org\",\"@graph\":[{\"@type\":\"NewsArticle\",\"@id\":\"https:\/\/www.justiceinfo.net\/fr\/3543-070308-tpirsynthese-hebdomadaire-rwanda-septieme-pays-a-signer-un-accord-sur-lexecution-des333.html#article\",\"isPartOf\":{\"@id\":\"https:\/\/www.justiceinfo.net\/fr\/3543-070308-tpirsynthese-hebdomadaire-rwanda-septieme-pays-a-signer-un-accord-sur-lexecution-des333.html\"},\"author\":{\"name\":\"solivri\",\"@id\":\"https:\/\/www.justiceinfo.net\/fr#\/schema\/person\/6e53cba1629e2e66f3fc1821d3091865\"},\"headline\":\"07.03.08 - TPIR\/SYNTHESE HEBDOMADAIRE - RWANDA, SEPTIEME PAYS A SIGNER UN ACCORD SUR L\u2019EXECUTION DES\",\"datePublished\":\"2008-03-08T04:40:02+00:00\",\"mainEntityOfPage\":{\"@id\":\"https:\/\/www.justiceinfo.net\/fr\/3543-070308-tpirsynthese-hebdomadaire-rwanda-septieme-pays-a-signer-un-accord-sur-lexecution-des333.html\"},\"wordCount\":610,\"commentCount\":0,\"publisher\":{\"@id\":\"https:\/\/www.justiceinfo.net\/fr#organization\"},\"articleSection\":[\"Hirondelle News\"],\"inLanguage\":\"fr-FR\",\"potentialAction\":[{\"@type\":\"CommentAction\",\"name\":\"Comment\",\"target\":[\"https:\/\/www.justiceinfo.net\/fr\/3543-070308-tpirsynthese-hebdomadaire-rwanda-septieme-pays-a-signer-un-accord-sur-lexecution-des333.html#respond\"]}]},{\"@type\":\"WebPage\",\"@id\":\"https:\/\/www.justiceinfo.net\/fr\/3543-070308-tpirsynthese-hebdomadaire-rwanda-septieme-pays-a-signer-un-accord-sur-lexecution-des333.html\",\"url\":\"https:\/\/www.justiceinfo.net\/fr\/3543-070308-tpirsynthese-hebdomadaire-rwanda-septieme-pays-a-signer-un-accord-sur-lexecution-des333.html\",\"name\":\"07.03.08 - TPIR\/SYNTHESE HEBDOMADAIRE - RWANDA, SEPTIEME PAYS A SIGNER UN ACCORD SUR L\u2019EXECUTION DES - JusticeInfo.net\",\"isPartOf\":{\"@id\":\"https:\/\/www.justiceinfo.net\/fr#website\"},\"datePublished\":\"2008-03-08T04:40:02+00:00\",\"breadcrumb\":{\"@id\":\"https:\/\/www.justiceinfo.net\/fr\/3543-070308-tpirsynthese-hebdomadaire-rwanda-septieme-pays-a-signer-un-accord-sur-lexecution-des333.html#breadcrumb\"},\"inLanguage\":\"fr-FR\",\"potentialAction\":[{\"@type\":\"ReadAction\",\"target\":[\"https:\/\/www.justiceinfo.net\/fr\/3543-070308-tpirsynthese-hebdomadaire-rwanda-septieme-pays-a-signer-un-accord-sur-lexecution-des333.html\"]}]},{\"@type\":\"BreadcrumbList\",\"@id\":\"https:\/\/www.justiceinfo.net\/fr\/3543-070308-tpirsynthese-hebdomadaire-rwanda-septieme-pays-a-signer-un-accord-sur-lexecution-des333.html#breadcrumb\",\"itemListElement\":[{\"@type\":\"ListItem\",\"position\":1,\"name\":\"Home\",\"item\":\"https:\/\/www.justiceinfo.net\/fr\"},{\"@type\":\"ListItem\",\"position\":2,\"name\":\"07.03.08 - TPIR\/SYNTHESE HEBDOMADAIRE - RWANDA, SEPTIEME PAYS A SIGNER UN ACCORD SUR L\u2019EXECUTION DES\"}]},{\"@type\":\"WebSite\",\"@id\":\"https:\/\/www.justiceinfo.net\/fr#website\",\"url\":\"https:\/\/www.justiceinfo.net\/fr\",\"name\":\"JusticeInfo.net\",\"description\":\"La justice doit \u00eatre vue pour \u00eatre rendue\",\"publisher\":{\"@id\":\"https:\/\/www.justiceinfo.net\/fr#organization\"},\"potentialAction\":[{\"@type\":\"SearchAction\",\"target\":{\"@type\":\"EntryPoint\",\"urlTemplate\":\"https:\/\/www.justiceinfo.net\/fr?s={search_term_string}\"},\"query-input\":{\"@type\":\"PropertyValueSpecification\",\"valueRequired\":true,\"valueName\":\"search_term_string\"}}],\"inLanguage\":\"fr-FR\"},{\"@type\":\"Organization\",\"@id\":\"https:\/\/www.justiceinfo.net\/fr#organization\",\"name\":\"Justice Info\",\"url\":\"https:\/\/www.justiceinfo.net\/fr\",\"logo\":{\"@type\":\"ImageObject\",\"inLanguage\":\"fr-FR\",\"@id\":\"https:\/\/www.justiceinfo.net\/fr#\/schema\/logo\/image\/\",\"url\":\"https:\/\/www.justiceinfo.net\/wp-content\/uploads\/justiceinfo_logo-trans_1200x1200px.png\",\"contentUrl\":\"https:\/\/www.justiceinfo.net\/wp-content\/uploads\/justiceinfo_logo-trans_1200x1200px.png\",\"width\":1199,\"height\":1200,\"caption\":\"Justice Info\"},\"image\":{\"@id\":\"https:\/\/www.justiceinfo.net\/fr#\/schema\/logo\/image\/\"},\"sameAs\":[\"https:\/\/www.facebook.com\/JusticeInfo\/\",\"https:\/\/x.com\/justiceinfonet\",\"https:\/\/www.linkedin.com\/company\/justice-info\",\"https:\/\/www.youtube.com\/channel\/UCyCEsARodyuWtkWyhn-e7pA\"]},{\"@type\":\"Person\",\"name\":\"solivri\",\"url\":\"\/fr\/?s=solivri\"}]}<\/script>\n<!-- \/ Yoast SEO Premium plugin. -->","yoast_head_json":{"title":"07.03.08 - TPIR\/SYNTHESE HEBDOMADAIRE - RWANDA, SEPTIEME PAYS A SIGNER UN ACCORD SUR L\u2019EXECUTION DES - JusticeInfo.net","robots":{"index":"index","follow":"follow","max-snippet":"max-snippet:-1","max-image-preview":"max-image-preview:large","max-video-preview":"max-video-preview:-1"},"canonical":"https:\/\/www.justiceinfo.net\/fr\/3543-070308-tpirsynthese-hebdomadaire-rwanda-septieme-pays-a-signer-un-accord-sur-lexecution-des333.html","og_locale":"fr_FR","og_type":"article","og_title":"07.03.08 - TPIR\/SYNTHESE HEBDOMADAIRE - RWANDA, SEPTIEME PAYS A SIGNER UN ACCORD SUR L\u2019EXECUTION DES","og_description":"Arusha, 7 mars 2008 (FH) - Le Rwanda a sign\u00e9 cette semaine un accord qui lui permettra \u00e0 terme d\u2019accueillir dans ses prisons des personnes condamn\u00e9es par le Tribunal international pour le Rwanda (TPIR), devenant ainsi le septi\u00e8me pays \u00e0 coop\u00e9rer dans ce sens avec cette juridiction. Il a \u00e9t\u00e9 pr\u00e9c\u00e9d\u00e9 par le Mali, le [&hellip;]","og_url":"https:\/\/www.justiceinfo.net\/fr\/3543-070308-tpirsynthese-hebdomadaire-rwanda-septieme-pays-a-signer-un-accord-sur-lexecution-des333.html","og_site_name":"JusticeInfo.net","article_publisher":"https:\/\/www.facebook.com\/JusticeInfo\/","article_published_time":"2008-03-08T04:40:02+00:00","og_image":[{"width":1200,"height":630,"url":"https:\/\/www.justiceinfo.net\/wp-content\/uploads\/JusticeInfoNet_logo_1200x630px.jpg","type":"image\/jpeg"}],"author":"solivri","twitter_card":"summary_large_image","twitter_creator":"@justiceinfonet","twitter_site":"@justiceinfonet","twitter_misc":{"\u00c9crit par":"solivri","Dur\u00e9e de lecture estim\u00e9e":"3 minutes"},"schema":{"@context":"https:\/\/schema.org","@graph":[{"@type":"NewsArticle","@id":"https:\/\/www.justiceinfo.net\/fr\/3543-070308-tpirsynthese-hebdomadaire-rwanda-septieme-pays-a-signer-un-accord-sur-lexecution-des333.html#article","isPartOf":{"@id":"https:\/\/www.justiceinfo.net\/fr\/3543-070308-tpirsynthese-hebdomadaire-rwanda-septieme-pays-a-signer-un-accord-sur-lexecution-des333.html"},"author":{"name":"solivri","@id":"https:\/\/www.justiceinfo.net\/fr#\/schema\/person\/6e53cba1629e2e66f3fc1821d3091865"},"headline":"07.03.08 - TPIR\/SYNTHESE HEBDOMADAIRE - RWANDA, SEPTIEME PAYS A SIGNER UN ACCORD SUR L\u2019EXECUTION DES","datePublished":"2008-03-08T04:40:02+00:00","mainEntityOfPage":{"@id":"https:\/\/www.justiceinfo.net\/fr\/3543-070308-tpirsynthese-hebdomadaire-rwanda-septieme-pays-a-signer-un-accord-sur-lexecution-des333.html"},"wordCount":610,"commentCount":0,"publisher":{"@id":"https:\/\/www.justiceinfo.net\/fr#organization"},"articleSection":["Hirondelle News"],"inLanguage":"fr-FR","potentialAction":[{"@type":"CommentAction","name":"Comment","target":["https:\/\/www.justiceinfo.net\/fr\/3543-070308-tpirsynthese-hebdomadaire-rwanda-septieme-pays-a-signer-un-accord-sur-lexecution-des333.html#respond"]}]},{"@type":"WebPage","@id":"https:\/\/www.justiceinfo.net\/fr\/3543-070308-tpirsynthese-hebdomadaire-rwanda-septieme-pays-a-signer-un-accord-sur-lexecution-des333.html","url":"https:\/\/www.justiceinfo.net\/fr\/3543-070308-tpirsynthese-hebdomadaire-rwanda-septieme-pays-a-signer-un-accord-sur-lexecution-des333.html","name":"07.03.08 - TPIR\/SYNTHESE HEBDOMADAIRE - RWANDA, SEPTIEME PAYS A SIGNER UN ACCORD SUR L\u2019EXECUTION DES - JusticeInfo.net","isPartOf":{"@id":"https:\/\/www.justiceinfo.net\/fr#website"},"datePublished":"2008-03-08T04:40:02+00:00","breadcrumb":{"@id":"https:\/\/www.justiceinfo.net\/fr\/3543-070308-tpirsynthese-hebdomadaire-rwanda-septieme-pays-a-signer-un-accord-sur-lexecution-des333.html#breadcrumb"},"inLanguage":"fr-FR","potentialAction":[{"@type":"ReadAction","target":["https:\/\/www.justiceinfo.net\/fr\/3543-070308-tpirsynthese-hebdomadaire-rwanda-septieme-pays-a-signer-un-accord-sur-lexecution-des333.html"]}]},{"@type":"BreadcrumbList","@id":"https:\/\/www.justiceinfo.net\/fr\/3543-070308-tpirsynthese-hebdomadaire-rwanda-septieme-pays-a-signer-un-accord-sur-lexecution-des333.html#breadcrumb","itemListElement":[{"@type":"ListItem","position":1,"name":"Home","item":"https:\/\/www.justiceinfo.net\/fr"},{"@type":"ListItem","position":2,"name":"07.03.08 - TPIR\/SYNTHESE HEBDOMADAIRE - RWANDA, SEPTIEME PAYS A SIGNER UN ACCORD SUR L\u2019EXECUTION DES"}]},{"@type":"WebSite","@id":"https:\/\/www.justiceinfo.net\/fr#website","url":"https:\/\/www.justiceinfo.net\/fr","name":"JusticeInfo.net","description":"La justice doit \u00eatre vue pour \u00eatre rendue","publisher":{"@id":"https:\/\/www.justiceinfo.net\/fr#organization"},"potentialAction":[{"@type":"SearchAction","target":{"@type":"EntryPoint","urlTemplate":"https:\/\/www.justiceinfo.net\/fr?s={search_term_string}"},"query-input":{"@type":"PropertyValueSpecification","valueRequired":true,"valueName":"search_term_string"}}],"inLanguage":"fr-FR"},{"@type":"Organization","@id":"https:\/\/www.justiceinfo.net\/fr#organization","name":"Justice Info","url":"https:\/\/www.justiceinfo.net\/fr","logo":{"@type":"ImageObject","inLanguage":"fr-FR","@id":"https:\/\/www.justiceinfo.net\/fr#\/schema\/logo\/image\/","url":"https:\/\/www.justiceinfo.net\/wp-content\/uploads\/justiceinfo_logo-trans_1200x1200px.png","contentUrl":"https:\/\/www.justiceinfo.net\/wp-content\/uploads\/justiceinfo_logo-trans_1200x1200px.png","width":1199,"height":1200,"caption":"Justice Info"},"image":{"@id":"https:\/\/www.justiceinfo.net\/fr#\/schema\/logo\/image\/"},"sameAs":["https:\/\/www.facebook.com\/JusticeInfo\/","https:\/\/x.com\/justiceinfonet","https:\/\/www.linkedin.com\/company\/justice-info","https:\/\/www.youtube.com\/channel\/UCyCEsARodyuWtkWyhn-e7pA"]},{"@type":"Person","name":"solivri","url":"\/fr\/?s=solivri"}]}},"_links":{"self":[{"href":"https:\/\/www.justiceinfo.net\/fr\/wp-json\/wp\/v2\/posts\/3543","targetHints":{"allow":["GET"]}}],"collection":[{"href":"https:\/\/www.justiceinfo.net\/fr\/wp-json\/wp\/v2\/posts"}],"about":[{"href":"https:\/\/www.justiceinfo.net\/fr\/wp-json\/wp\/v2\/types\/post"}],"author":[{"embeddable":true,"href":"https:\/\/www.justiceinfo.net\/fr\/wp-json\/wp\/v2\/users\/64"}],"replies":[{"embeddable":true,"href":"https:\/\/www.justiceinfo.net\/fr\/wp-json\/wp\/v2\/comments?post=3543"}],"version-history":[{"count":0,"href":"https:\/\/www.justiceinfo.net\/fr\/wp-json\/wp\/v2\/posts\/3543\/revisions"}],"wp:attachment":[{"href":"https:\/\/www.justiceinfo.net\/fr\/wp-json\/wp\/v2\/media?parent=3543"}],"wp:term":[{"taxonomy":"category","embeddable":true,"href":"https:\/\/www.justiceinfo.net\/fr\/wp-json\/wp\/v2\/categories?post=3543"},{"taxonomy":"post_tag","embeddable":true,"href":"https:\/\/www.justiceinfo.net\/fr\/wp-json\/wp\/v2\/tags?post=3543"},{"taxonomy":"ji_location","embeddable":true,"href":"https:\/\/www.justiceinfo.net\/fr\/wp-json\/wp\/v2\/ji_location?post=3543"}],"curies":[{"name":"wp","href":"https:\/\/api.w.org\/{rel}","templated":true}]}}