{"id":3545,"date":"2008-03-08T05:34:21","date_gmt":"2008-03-08T04:34:21","guid":{"rendered":"https:\/\/www.justiceinfo.net\/3545-070308-rwandagacaca-une-condamnation-confirmee-en-revision-a-ndamira335.html"},"modified":"2008-03-08T05:34:21","modified_gmt":"2008-03-08T04:34:21","slug":"070308-rwandagacaca-une-condamnation-confirmee-en-revision-a-ndamira335","status":"publish","type":"post","link":"https:\/\/www.justiceinfo.net\/fr\/3545-070308-rwandagacaca-une-condamnation-confirmee-en-revision-a-ndamira335.html","title":{"rendered":"07.03.08 - RWANDA\/GACACA  - UNE CONDAMNATION CONFIRMEE EN REVISION A NDAMIRA"},"content":{"rendered":"<p  >\nNGOMA (Est du Rwanda) 7 mars 2008 (FH)  - Festus Sekamana , 44 ans, dont l\u2019acquittement en appel \u00e9tait en r\u00e9vision, a de nouveau \u00e9t\u00e9 condamn\u00e9 \u00e0 l\u2019emprisonnement  \u00e0 vie par la juridiction Gacaca  de Ndamira, district  de  Ngoma, a constat\u00e9 sur place l\u2019Agence Hirondelle.  <\/p>\n<p>Selon Jean Claude Furaha, un responsable des gacacas, une deuxi\u00e8me demande de r\u00e9vision aupr\u00e8s la  juridiction d\u2019appel de Kibungo aurait \u00e9t\u00e9 faite.\n<\/p>\n<p><!--more--><\/p>\n<p  >\n\u00ab Nous avons eu vent de ses man\u0153uvres \u00bb, a-t-il dit \u00e0 l\u2019agence en rappelant que cette juridiction \u00abl\u2019avait d\u00e9j\u00e0 acquitt\u00e9 en appel dans un proc\u00e8s contest\u00e9\u00bb. <\/p>\n<p>Plaidant non coupable, Sekamana a \u00e9t\u00e9 reconnu coupable et condamn\u00e9 pour crimes contre l\u2019humanit\u00e9 et l\u2019assassinats de Mugarura  et de sa famille, de Gakwaya  Michel, d\u2019Andr\u00e9 Bushayija, assistant m\u00e9dical, de Th\u00e9r\u00e8se Batamuriza et de ses 5 enfants ainsi que de Claver Kayinamura. <\/p>\n<p>Appr\u00e9hend\u00e9  le 17 f\u00e9vrier 1996 et d\u00e9tenu depuis \u00e0 la prison de Kibungo, Sekamana avait comparu une premi\u00e8re fois devant la juridiction Gacaca de Kibungo, a expliqu\u00e9 \u00e0 l\u2019agence Hirondelle le pr\u00e9sident de cette juridiction. En raison de charges accablantes \u00e9tay\u00e9es par des t\u00e9moins, l\u2019accus\u00e9 avait alors \u00e9t\u00e9 reconnu coupable et condamn\u00e9 \u00e0 la r\u00e9clusion \u00e0 perp\u00e9tuit\u00e9 et \u00e0 la d\u00e9gradation civique. <\/p>\n<p>\u00ab C\u2019est dans la juridiction d\u2019appel de Kibungo, le 2 octobre 2007, que les irr\u00e9gularit\u00e9s commencent\", a expliqu\u00e9 Furaha \u00e0 Hirondelle. Selon lui aucun t\u00e9moin \u00e0 charge n\u2019est venu t\u00e9moigner. Un seul t\u00e9moin est venu pour la d\u00e9fense, Paul Sinzinkayo qui se faisait appeler Paul Izabiliza du nom d\u2019un t\u00e9moin \u00e0 charge. \u00ab Faute de charges, c\u2019est l\u2019acquittement esp\u00e9r\u00e9 \u00bb, a expliqu\u00e9 le parajuriste d\u2019Ibuka. <\/p>\n<p>Peu apr\u00e8s, le pr\u00e9sident de la juridiction a sign\u00e9 sa lib\u00e9ration et Sekamana est sorti le m\u00eame jour, raconte-t-il. Mais cela a suscit\u00e9 de vives r\u00e9actions. Les t\u00e9moins et victimes se sont indign\u00e9s. Les responsables de Gacaca ont fait pression. La m\u00eame juridiction, sans avoir si\u00e9g\u00e9, \u00e9met alors un mandat d\u2019arr\u00eat et remet en d\u00e9tention Sekamana. L\u2019affaire a alors \u00e9t\u00e9 envoy\u00e9e en r\u00e9vision devant la juridiction d\u2019appel du secteur Ndamira, confirme un juge inyangamugayo (juge \u00ab int\u00e8gre \u00bb \u00e9lu sur leur r\u00e9putation par la communaut\u00e9 NDLR) de cette juridiction. <\/p>\n<p>L\u00e0, les t\u00e9moignages auraient \u00e9t\u00e9 trop accablants. Outre les pr\u00e9cedents t\u00e9moins, quatre anciennes victimes de Sekamana sont venues. L\u2019un d\u2019entre eux, Jean Claude Uwera aurait dit avant de s\u2019\u00e9vanouir : \u00abAinsi cet animal  est toujours l\u00e0 ! je le revois encore, sa longue \u00e9p\u00e9e d\u00e9goulinant de sang  \u00e0 la main !\u00bb, \u00e0 pr\u00e9cis\u00e9 \u00e0 l\u2019agence un t\u00e9moin de la sc\u00e8ne. <\/p>\n<p>Plaidant toujours  non coupable, mais reconnu coupable de tous les chefs d\u2019accusation,  Sekamana  a de nouveau \u00e9t\u00e9 condamn\u00e9 \u00e0 la prison \u00e0 vie et \u00e0 la d\u00e9gradation civique, Selon Furaha \u00abce proc\u00e8s  a \u00e9t\u00e9 juste et  \u00e9quitable \u00bb malgr\u00e9 des erreurs ou des irr\u00e9gularit\u00e9s ant\u00e9rieures. <\/p>\n<p>\u00abJe n\u2019ai pas tu\u00e9 ces Tutsi  comme on m\u2019en accuse, mais je les ai seulement enterr\u00e9s\u00bb a tent\u00e9 de faire valoir aupr\u00e9s d\u2019Ibuka Sekamana alors qu\u2019il se trouvait le 16 f\u00e9vrier dernier  dans sa prison de Kibungo. <\/p>\n<p>Selon une autorit\u00e9 locale, la juridiction d\u2019appel de Kibungo serait coutumi\u00e8re de ce genre d\u2019acquittement, comme celui de Philippe Habarurema qui avait \u00e9t\u00e9 auparavant condamn\u00e9 \u00e0 30 ans d\u2019emprisonnement pour avoir  tu\u00e9 Agathe, fille de Karwana,  apr\u00e8s l\u2019avoir amput\u00e9 d\u2019un sein. <\/p>\n<p>A propos de ces irr\u00e9gularit\u00e9s, plusieurs personnes contact\u00e9es parlent de corruption. \u00abOn en parle beaucoup au niveau de la  juridiction d\u2019appel de Kibungo. Mais les preuves ?\u00bb, a expliqu\u00e9 \u00e0 l\u2019agence Hirondelle un policier local. <\/p>\n<p>SRE\/PB\/GF<\/p>\n","protected":false},"excerpt":{"rendered":"<p>NGOMA (Est du Rwanda) 7 mars 2008 (FH) - Festus Sekamana , 44 ans, dont l\u2019acquittement en appel \u00e9tait en r\u00e9vision, a de nouveau \u00e9t\u00e9 condamn\u00e9 \u00e0 l\u2019emprisonnement \u00e0 vie par la juridiction Gacaca de Ndamira, district de Ngoma, a constat\u00e9 sur place l\u2019Agence Hirondelle. Selon Jean Claude Furaha, un responsable des gacacas, une deuxi\u00e8me [&hellip;]<\/p>\n","protected":false},"author":64,"featured_media":0,"comment_status":"open","ping_status":"closed","sticky":false,"template":"","format":"standard","meta":{"_acf_changed":false,"footnotes":""},"categories":[554],"tags":[],"ji_location":[],"class_list":["post-3545","post","type-post","status-publish","format-standard","hentry","category-hirondellenews"],"acf":[],"yoast_head":"<!-- This site is optimized with the Yoast SEO Premium plugin v25.3.1 (Yoast SEO v25.3.1) - https:\/\/yoast.com\/wordpress\/plugins\/seo\/ -->\n<title>07.03.08 - RWANDA\/GACACA - UNE CONDAMNATION CONFIRMEE EN REVISION A NDAMIRA - JusticeInfo.net<\/title>\n<meta name=\"robots\" content=\"index, follow, max-snippet:-1, max-image-preview:large, max-video-preview:-1\" \/>\n<link rel=\"canonical\" href=\"https:\/\/www.justiceinfo.net\/fr\/3545-070308-rwandagacaca-une-condamnation-confirmee-en-revision-a-ndamira335.html\" \/>\n<meta property=\"og:locale\" content=\"fr_FR\" \/>\n<meta property=\"og:type\" content=\"article\" \/>\n<meta property=\"og:title\" content=\"07.03.08 - RWANDA\/GACACA - UNE CONDAMNATION CONFIRMEE EN REVISION A NDAMIRA\" \/>\n<meta property=\"og:description\" content=\"NGOMA (Est du Rwanda) 7 mars 2008 (FH) - Festus Sekamana , 44 ans, dont l\u2019acquittement en appel \u00e9tait en r\u00e9vision, a de nouveau \u00e9t\u00e9 condamn\u00e9 \u00e0 l\u2019emprisonnement \u00e0 vie par la juridiction Gacaca de Ndamira, district de Ngoma, a constat\u00e9 sur place l\u2019Agence Hirondelle. Selon Jean Claude Furaha, un responsable des gacacas, une deuxi\u00e8me [&hellip;]\" \/>\n<meta property=\"og:url\" content=\"https:\/\/www.justiceinfo.net\/fr\/3545-070308-rwandagacaca-une-condamnation-confirmee-en-revision-a-ndamira335.html\" \/>\n<meta property=\"og:site_name\" content=\"JusticeInfo.net\" \/>\n<meta property=\"article:publisher\" content=\"https:\/\/www.facebook.com\/JusticeInfo\/\" \/>\n<meta property=\"article:published_time\" content=\"2008-03-08T04:34:21+00:00\" \/>\n<meta property=\"og:image\" content=\"https:\/\/www.justiceinfo.net\/wp-content\/uploads\/JusticeInfoNet_logo_1200x630px.jpg\" \/>\n\t<meta property=\"og:image:width\" content=\"1200\" \/>\n\t<meta property=\"og:image:height\" content=\"630\" \/>\n\t<meta property=\"og:image:type\" content=\"image\/jpeg\" \/>\n<meta name=\"author\" content=\"solivri\" \/>\n<meta name=\"twitter:card\" content=\"summary_large_image\" \/>\n<meta name=\"twitter:creator\" content=\"@justiceinfonet\" \/>\n<meta name=\"twitter:site\" content=\"@justiceinfonet\" \/>\n<meta name=\"twitter:label1\" content=\"\u00c9crit par\" \/>\n\t<meta name=\"twitter:data1\" content=\"solivri\" \/>\n\t<meta name=\"twitter:label2\" content=\"Dur\u00e9e de lecture estim\u00e9e\" \/>\n\t<meta name=\"twitter:data2\" content=\"3 minutes\" \/>\n<script type=\"application\/ld+json\" class=\"yoast-schema-graph\">{\"@context\":\"https:\/\/schema.org\",\"@graph\":[{\"@type\":\"NewsArticle\",\"@id\":\"https:\/\/www.justiceinfo.net\/fr\/3545-070308-rwandagacaca-une-condamnation-confirmee-en-revision-a-ndamira335.html#article\",\"isPartOf\":{\"@id\":\"https:\/\/www.justiceinfo.net\/fr\/3545-070308-rwandagacaca-une-condamnation-confirmee-en-revision-a-ndamira335.html\"},\"author\":{\"name\":\"solivri\",\"@id\":\"https:\/\/www.justiceinfo.net\/fr#\/schema\/person\/6e53cba1629e2e66f3fc1821d3091865\"},\"headline\":\"07.03.08 - RWANDA\/GACACA - UNE CONDAMNATION CONFIRMEE EN REVISION A NDAMIRA\",\"datePublished\":\"2008-03-08T04:34:21+00:00\",\"mainEntityOfPage\":{\"@id\":\"https:\/\/www.justiceinfo.net\/fr\/3545-070308-rwandagacaca-une-condamnation-confirmee-en-revision-a-ndamira335.html\"},\"wordCount\":643,\"commentCount\":0,\"publisher\":{\"@id\":\"https:\/\/www.justiceinfo.net\/fr#organization\"},\"articleSection\":[\"Hirondelle News\"],\"inLanguage\":\"fr-FR\",\"potentialAction\":[{\"@type\":\"CommentAction\",\"name\":\"Comment\",\"target\":[\"https:\/\/www.justiceinfo.net\/fr\/3545-070308-rwandagacaca-une-condamnation-confirmee-en-revision-a-ndamira335.html#respond\"]}]},{\"@type\":\"WebPage\",\"@id\":\"https:\/\/www.justiceinfo.net\/fr\/3545-070308-rwandagacaca-une-condamnation-confirmee-en-revision-a-ndamira335.html\",\"url\":\"https:\/\/www.justiceinfo.net\/fr\/3545-070308-rwandagacaca-une-condamnation-confirmee-en-revision-a-ndamira335.html\",\"name\":\"07.03.08 - RWANDA\/GACACA - UNE CONDAMNATION CONFIRMEE EN REVISION A NDAMIRA - JusticeInfo.net\",\"isPartOf\":{\"@id\":\"https:\/\/www.justiceinfo.net\/fr#website\"},\"datePublished\":\"2008-03-08T04:34:21+00:00\",\"breadcrumb\":{\"@id\":\"https:\/\/www.justiceinfo.net\/fr\/3545-070308-rwandagacaca-une-condamnation-confirmee-en-revision-a-ndamira335.html#breadcrumb\"},\"inLanguage\":\"fr-FR\",\"potentialAction\":[{\"@type\":\"ReadAction\",\"target\":[\"https:\/\/www.justiceinfo.net\/fr\/3545-070308-rwandagacaca-une-condamnation-confirmee-en-revision-a-ndamira335.html\"]}]},{\"@type\":\"BreadcrumbList\",\"@id\":\"https:\/\/www.justiceinfo.net\/fr\/3545-070308-rwandagacaca-une-condamnation-confirmee-en-revision-a-ndamira335.html#breadcrumb\",\"itemListElement\":[{\"@type\":\"ListItem\",\"position\":1,\"name\":\"Home\",\"item\":\"https:\/\/www.justiceinfo.net\/fr\"},{\"@type\":\"ListItem\",\"position\":2,\"name\":\"07.03.08 - RWANDA\/GACACA - UNE CONDAMNATION CONFIRMEE EN REVISION A NDAMIRA\"}]},{\"@type\":\"WebSite\",\"@id\":\"https:\/\/www.justiceinfo.net\/fr#website\",\"url\":\"https:\/\/www.justiceinfo.net\/fr\",\"name\":\"JusticeInfo.net\",\"description\":\"La justice doit \u00eatre vue pour \u00eatre rendue\",\"publisher\":{\"@id\":\"https:\/\/www.justiceinfo.net\/fr#organization\"},\"potentialAction\":[{\"@type\":\"SearchAction\",\"target\":{\"@type\":\"EntryPoint\",\"urlTemplate\":\"https:\/\/www.justiceinfo.net\/fr?s={search_term_string}\"},\"query-input\":{\"@type\":\"PropertyValueSpecification\",\"valueRequired\":true,\"valueName\":\"search_term_string\"}}],\"inLanguage\":\"fr-FR\"},{\"@type\":\"Organization\",\"@id\":\"https:\/\/www.justiceinfo.net\/fr#organization\",\"name\":\"Justice Info\",\"url\":\"https:\/\/www.justiceinfo.net\/fr\",\"logo\":{\"@type\":\"ImageObject\",\"inLanguage\":\"fr-FR\",\"@id\":\"https:\/\/www.justiceinfo.net\/fr#\/schema\/logo\/image\/\",\"url\":\"https:\/\/www.justiceinfo.net\/wp-content\/uploads\/justiceinfo_logo-trans_1200x1200px.png\",\"contentUrl\":\"https:\/\/www.justiceinfo.net\/wp-content\/uploads\/justiceinfo_logo-trans_1200x1200px.png\",\"width\":1199,\"height\":1200,\"caption\":\"Justice Info\"},\"image\":{\"@id\":\"https:\/\/www.justiceinfo.net\/fr#\/schema\/logo\/image\/\"},\"sameAs\":[\"https:\/\/www.facebook.com\/JusticeInfo\/\",\"https:\/\/x.com\/justiceinfonet\",\"https:\/\/www.linkedin.com\/company\/justice-info\",\"https:\/\/www.youtube.com\/channel\/UCyCEsARodyuWtkWyhn-e7pA\"]},{\"@type\":\"Person\",\"name\":\"solivri\",\"url\":\"\/fr\/?s=solivri\"}]}<\/script>\n<!-- \/ Yoast SEO Premium plugin. -->","yoast_head_json":{"title":"07.03.08 - RWANDA\/GACACA - UNE CONDAMNATION CONFIRMEE EN REVISION A NDAMIRA - JusticeInfo.net","robots":{"index":"index","follow":"follow","max-snippet":"max-snippet:-1","max-image-preview":"max-image-preview:large","max-video-preview":"max-video-preview:-1"},"canonical":"https:\/\/www.justiceinfo.net\/fr\/3545-070308-rwandagacaca-une-condamnation-confirmee-en-revision-a-ndamira335.html","og_locale":"fr_FR","og_type":"article","og_title":"07.03.08 - RWANDA\/GACACA - UNE CONDAMNATION CONFIRMEE EN REVISION A NDAMIRA","og_description":"NGOMA (Est du Rwanda) 7 mars 2008 (FH) - Festus Sekamana , 44 ans, dont l\u2019acquittement en appel \u00e9tait en r\u00e9vision, a de nouveau \u00e9t\u00e9 condamn\u00e9 \u00e0 l\u2019emprisonnement \u00e0 vie par la juridiction Gacaca de Ndamira, district de Ngoma, a constat\u00e9 sur place l\u2019Agence Hirondelle. Selon Jean Claude Furaha, un responsable des gacacas, une deuxi\u00e8me [&hellip;]","og_url":"https:\/\/www.justiceinfo.net\/fr\/3545-070308-rwandagacaca-une-condamnation-confirmee-en-revision-a-ndamira335.html","og_site_name":"JusticeInfo.net","article_publisher":"https:\/\/www.facebook.com\/JusticeInfo\/","article_published_time":"2008-03-08T04:34:21+00:00","og_image":[{"width":1200,"height":630,"url":"https:\/\/www.justiceinfo.net\/wp-content\/uploads\/JusticeInfoNet_logo_1200x630px.jpg","type":"image\/jpeg"}],"author":"solivri","twitter_card":"summary_large_image","twitter_creator":"@justiceinfonet","twitter_site":"@justiceinfonet","twitter_misc":{"\u00c9crit par":"solivri","Dur\u00e9e de lecture estim\u00e9e":"3 minutes"},"schema":{"@context":"https:\/\/schema.org","@graph":[{"@type":"NewsArticle","@id":"https:\/\/www.justiceinfo.net\/fr\/3545-070308-rwandagacaca-une-condamnation-confirmee-en-revision-a-ndamira335.html#article","isPartOf":{"@id":"https:\/\/www.justiceinfo.net\/fr\/3545-070308-rwandagacaca-une-condamnation-confirmee-en-revision-a-ndamira335.html"},"author":{"name":"solivri","@id":"https:\/\/www.justiceinfo.net\/fr#\/schema\/person\/6e53cba1629e2e66f3fc1821d3091865"},"headline":"07.03.08 - RWANDA\/GACACA - UNE CONDAMNATION CONFIRMEE EN REVISION A NDAMIRA","datePublished":"2008-03-08T04:34:21+00:00","mainEntityOfPage":{"@id":"https:\/\/www.justiceinfo.net\/fr\/3545-070308-rwandagacaca-une-condamnation-confirmee-en-revision-a-ndamira335.html"},"wordCount":643,"commentCount":0,"publisher":{"@id":"https:\/\/www.justiceinfo.net\/fr#organization"},"articleSection":["Hirondelle News"],"inLanguage":"fr-FR","potentialAction":[{"@type":"CommentAction","name":"Comment","target":["https:\/\/www.justiceinfo.net\/fr\/3545-070308-rwandagacaca-une-condamnation-confirmee-en-revision-a-ndamira335.html#respond"]}]},{"@type":"WebPage","@id":"https:\/\/www.justiceinfo.net\/fr\/3545-070308-rwandagacaca-une-condamnation-confirmee-en-revision-a-ndamira335.html","url":"https:\/\/www.justiceinfo.net\/fr\/3545-070308-rwandagacaca-une-condamnation-confirmee-en-revision-a-ndamira335.html","name":"07.03.08 - RWANDA\/GACACA - UNE CONDAMNATION CONFIRMEE EN REVISION A NDAMIRA - JusticeInfo.net","isPartOf":{"@id":"https:\/\/www.justiceinfo.net\/fr#website"},"datePublished":"2008-03-08T04:34:21+00:00","breadcrumb":{"@id":"https:\/\/www.justiceinfo.net\/fr\/3545-070308-rwandagacaca-une-condamnation-confirmee-en-revision-a-ndamira335.html#breadcrumb"},"inLanguage":"fr-FR","potentialAction":[{"@type":"ReadAction","target":["https:\/\/www.justiceinfo.net\/fr\/3545-070308-rwandagacaca-une-condamnation-confirmee-en-revision-a-ndamira335.html"]}]},{"@type":"BreadcrumbList","@id":"https:\/\/www.justiceinfo.net\/fr\/3545-070308-rwandagacaca-une-condamnation-confirmee-en-revision-a-ndamira335.html#breadcrumb","itemListElement":[{"@type":"ListItem","position":1,"name":"Home","item":"https:\/\/www.justiceinfo.net\/fr"},{"@type":"ListItem","position":2,"name":"07.03.08 - RWANDA\/GACACA - UNE CONDAMNATION CONFIRMEE EN REVISION A NDAMIRA"}]},{"@type":"WebSite","@id":"https:\/\/www.justiceinfo.net\/fr#website","url":"https:\/\/www.justiceinfo.net\/fr","name":"JusticeInfo.net","description":"La justice doit \u00eatre vue pour \u00eatre rendue","publisher":{"@id":"https:\/\/www.justiceinfo.net\/fr#organization"},"potentialAction":[{"@type":"SearchAction","target":{"@type":"EntryPoint","urlTemplate":"https:\/\/www.justiceinfo.net\/fr?s={search_term_string}"},"query-input":{"@type":"PropertyValueSpecification","valueRequired":true,"valueName":"search_term_string"}}],"inLanguage":"fr-FR"},{"@type":"Organization","@id":"https:\/\/www.justiceinfo.net\/fr#organization","name":"Justice Info","url":"https:\/\/www.justiceinfo.net\/fr","logo":{"@type":"ImageObject","inLanguage":"fr-FR","@id":"https:\/\/www.justiceinfo.net\/fr#\/schema\/logo\/image\/","url":"https:\/\/www.justiceinfo.net\/wp-content\/uploads\/justiceinfo_logo-trans_1200x1200px.png","contentUrl":"https:\/\/www.justiceinfo.net\/wp-content\/uploads\/justiceinfo_logo-trans_1200x1200px.png","width":1199,"height":1200,"caption":"Justice Info"},"image":{"@id":"https:\/\/www.justiceinfo.net\/fr#\/schema\/logo\/image\/"},"sameAs":["https:\/\/www.facebook.com\/JusticeInfo\/","https:\/\/x.com\/justiceinfonet","https:\/\/www.linkedin.com\/company\/justice-info","https:\/\/www.youtube.com\/channel\/UCyCEsARodyuWtkWyhn-e7pA"]},{"@type":"Person","name":"solivri","url":"\/fr\/?s=solivri"}]}},"_links":{"self":[{"href":"https:\/\/www.justiceinfo.net\/fr\/wp-json\/wp\/v2\/posts\/3545","targetHints":{"allow":["GET"]}}],"collection":[{"href":"https:\/\/www.justiceinfo.net\/fr\/wp-json\/wp\/v2\/posts"}],"about":[{"href":"https:\/\/www.justiceinfo.net\/fr\/wp-json\/wp\/v2\/types\/post"}],"author":[{"embeddable":true,"href":"https:\/\/www.justiceinfo.net\/fr\/wp-json\/wp\/v2\/users\/64"}],"replies":[{"embeddable":true,"href":"https:\/\/www.justiceinfo.net\/fr\/wp-json\/wp\/v2\/comments?post=3545"}],"version-history":[{"count":0,"href":"https:\/\/www.justiceinfo.net\/fr\/wp-json\/wp\/v2\/posts\/3545\/revisions"}],"wp:attachment":[{"href":"https:\/\/www.justiceinfo.net\/fr\/wp-json\/wp\/v2\/media?parent=3545"}],"wp:term":[{"taxonomy":"category","embeddable":true,"href":"https:\/\/www.justiceinfo.net\/fr\/wp-json\/wp\/v2\/categories?post=3545"},{"taxonomy":"post_tag","embeddable":true,"href":"https:\/\/www.justiceinfo.net\/fr\/wp-json\/wp\/v2\/tags?post=3545"},{"taxonomy":"ji_location","embeddable":true,"href":"https:\/\/www.justiceinfo.net\/fr\/wp-json\/wp\/v2\/ji_location?post=3545"}],"curies":[{"name":"wp","href":"https:\/\/api.w.org\/{rel}","templated":true}]}}