{"id":3547,"date":"2008-03-07T05:16:03","date_gmt":"2008-03-07T04:16:03","guid":{"rendered":"https:\/\/www.justiceinfo.net\/3547-060308-tpirprisonniers-stockholm-et-paris-seraient-prets-a-recevoir-quatre-condamnes-du-tpir337.html"},"modified":"2008-03-07T05:16:03","modified_gmt":"2008-03-07T04:16:03","slug":"060308-tpirprisonniers-stockholm-et-paris-seraient-prets-a-recevoir-quatre-condamnes-du-tpir337","status":"publish","type":"post","link":"https:\/\/www.justiceinfo.net\/fr\/3547-060308-tpirprisonniers-stockholm-et-paris-seraient-prets-a-recevoir-quatre-condamnes-du-tpir337.html","title":{"rendered":"06.03.08 - TPIR\/PRISONNIERS  - STOCKHOLM ET PARIS SERAIENT PRETS A RECEVOIR QUATRE CONDAMNES DU TPIR"},"content":{"rendered":"<p  >\nArusha, 6 mars 2008  (FH) - La Su\u00e8de et la France qui ont sign\u00e9 avec les Nations Unies un accord sur l\u2019ex\u00e9cution des peines, n\u2019attendraient qu\u2019une demande formelle du Tribunal p\u00e9nal international pour le Rwanda (TPIR) pour accueillir dans leurs prisons quatre condamn\u00e9s de cette juridiction onusienne, apprend-on jeudi.  <\/p>\n<p>Selon un \u00ab tableau synoptique \u00bb \u00e9tabli par les d\u00e9tenus du TPIR, le royaume scandinave \u00ab a marqu\u00e9 son accord \u00bb pour recevoir l\u2019ancien vice-pr\u00e9sident de la milice Interahamwe, Georges Rutaganda, l\u2019ex-ministre de l\u2019Information, Eli\u00e9zer Niyitegeka et l\u2019ex-maire de Bicumbi, Laurent Semanza.\n<\/p>\n<p><!--more--><\/p>\n<p  >\nSelon ce relev\u00e9, la Su\u00e8de, saisie par les condamn\u00e9s ou par leurs avocats, a marqu\u00e9 son accord de principe dans ses correspondances du 08 novembre 2005 pour Rutaganda, du 17 ao\u00fbt 2004 pour Niyitegeka et du 06 octobre 2006 pour Semanza. <\/p>\n<p>Pour sa part, Paris aurait donn\u00e9 son accord de principe, dans un courrier dat\u00e9 du 19 d\u00e9cembre 2005, pour recevoir l\u2019ex-maire de Mukingo (nord), Juv\u00e9nal Kajelijeli. <\/p>\n<p>Rutaganda et Niyitegeka ont \u00e9t\u00e9 condamn\u00e9s \u00e0 l\u2019emprisonnement \u00e0 vie tandis que Semanza et Kajelijeli (nord)  se sont vu infliger respectivement 35 et 45 ans de prison. <\/p>\n<p>Dans les quatre cas, les gouvernements n\u2019attendraient que \u00ab la demande formelle du TPIR \u00bb pour traduire dans les faits leur accord de principe, indique le document. <\/p>\n<p>Interrog\u00e9, le porte-parole du TPIR, Roland Amoussouga, a r\u00e9pondu : \u00ab Je confirme qu\u2019il y a eu des interventions de certains avocats aupr\u00e8s de la Su\u00e8de et que cela a \u00e9t\u00e9 port\u00e9 \u00e0 l\u2019attention du tribunal, mais jusqu\u2019\u00e0 pr\u00e9sent aucune d\u00e9cision n\u2019a encore \u00e9t\u00e9 prise \u00bb. \u00ab La d\u00e9signation du pays dans lequel un condamn\u00e9 doit purger sa peine rel\u00e8ve de la comp\u00e9tence exclusive du pr\u00e9sident \u00bb du TPIR, a-t-il rappel\u00e9. Pour la France, il a indiqu\u00e9 qu\u2019il n\u2019\u00e9tait pas au courant de cet accord de principe dont font \u00e9tat les d\u00e9tenus. <\/p>\n<p>Ce \u00ab tableau synoptique \u00bb est annex\u00e9 \u00e0 la lettre adress\u00e9e lundi au pr\u00e9sident du tribunal par 30 des 56 d\u00e9tenus du TPIR en guise de protestation contre la signature mardi \u00e0 Kigali entre le gouvernement rwandais et les Nations Unies d\u2019un accord en vertu duquel des condamn\u00e9s du TPIR pourraient \u00eatre transf\u00e9r\u00e9s au Rwanda. <\/p>\n<p>Lors de cette signature, le chef de la diplomatie rwandaise, Charles Murigande, a demand\u00e9 au TPIR d\u2019arr\u00eater les d\u00e9marches visant \u00e0 renvoyer ses condamn\u00e9s vers d\u2019autres pays que le Rwanda. <\/p>\n<p>Pour le ministre rwandais, le transfert de condamn\u00e9s ailleurs qu\u2019au Rwanda ne devrait \u00eatre envisag\u00e9 que dans le seul cas ou le gouvernement rwandais aurait refus\u00e9 de les accueillir. <\/p>\n<p>En plus du Rwanda, de la France et de la Su\u00e8de, quatre autres pays, le Mali, le B\u00e9nin, le Swaziland et l\u2019Italie, ont sign\u00e9 avec l\u2019ONU l\u2019accord sur l\u2019ex\u00e9cution des peines d\u2019emprisonnement du TPIR. <\/p>\n<p>Depuis 2001, six condamn\u00e9s sont d\u00e9tenus dans une prison malienne tandis qu\u2019un autre a \u00e9t\u00e9 transf\u00e9r\u00e9 dans une prison italienne la semaine derni\u00e8re. <\/p>\n<p>Selon le statut du TPIR, \u00ables peines d\u2019emprisonnement sont ex\u00e9cut\u00e9es au Rwanda ou dans un autre Etat d\u00e9sign\u00e9 par le tribunal sur la liste des Etats qui ont fait savoir au Conseil de s\u00e9curit\u00e9 qu\u2019ils \u00e9taient dispos\u00e9s \u00e0 recevoir des condamn\u00e9s \u00bb. <\/p>\n<p  >\nLe gouvernement rwandais a toujours fait valoir que, d\u2019apr\u00e8s ce texte, la premi\u00e8re destination est le Rwanda. Selon Murigande en transf\u00e9rant des condamn\u00e9s ailleurs qu\u2019au Rwanda, le TPIR a appliqu\u00e9 \u201cl\u2019exception\u201d et non \u201cla r\u00e8gle\u201d. <\/p>\n<p>Au centre de d\u00e9tention du TPIR, \u00e0 Arusha, en Tanzanie, 17 condamn\u00e9s d\u00e9finitifs attendent d\u2019\u00eatre transf\u00e9r\u00e9s du territoire tanzanien vers d\u2019autres destinations. <\/p>\n<p>ER\/PB\/GF<\/p>\n","protected":false},"excerpt":{"rendered":"<p>Arusha, 6 mars 2008 (FH) - La Su\u00e8de et la France qui ont sign\u00e9 avec les Nations Unies un accord sur l\u2019ex\u00e9cution des peines, n\u2019attendraient qu\u2019une demande formelle du Tribunal p\u00e9nal international pour le Rwanda (TPIR) pour accueillir dans leurs prisons quatre condamn\u00e9s de cette juridiction onusienne, apprend-on jeudi. Selon un \u00ab tableau synoptique \u00bb [&hellip;]<\/p>\n","protected":false},"author":64,"featured_media":0,"comment_status":"open","ping_status":"closed","sticky":false,"template":"","format":"standard","meta":{"_acf_changed":false,"footnotes":""},"categories":[554],"tags":[],"ji_location":[],"class_list":["post-3547","post","type-post","status-publish","format-standard","hentry","category-hirondellenews"],"acf":[],"yoast_head":"<!-- This site is optimized with the Yoast SEO Premium plugin v25.3.1 (Yoast SEO v25.3.1) - https:\/\/yoast.com\/wordpress\/plugins\/seo\/ -->\n<title>06.03.08 - TPIR\/PRISONNIERS - STOCKHOLM ET PARIS SERAIENT PRETS A RECEVOIR QUATRE CONDAMNES DU TPIR - JusticeInfo.net<\/title>\n<meta name=\"robots\" content=\"index, follow, max-snippet:-1, max-image-preview:large, max-video-preview:-1\" \/>\n<link rel=\"canonical\" href=\"https:\/\/www.justiceinfo.net\/fr\/3547-060308-tpirprisonniers-stockholm-et-paris-seraient-prets-a-recevoir-quatre-condamnes-du-tpir337.html\" \/>\n<meta property=\"og:locale\" content=\"fr_FR\" \/>\n<meta property=\"og:type\" content=\"article\" \/>\n<meta property=\"og:title\" content=\"06.03.08 - TPIR\/PRISONNIERS - STOCKHOLM ET PARIS SERAIENT PRETS A RECEVOIR QUATRE CONDAMNES DU TPIR\" \/>\n<meta property=\"og:description\" content=\"Arusha, 6 mars 2008 (FH) - La Su\u00e8de et la France qui ont sign\u00e9 avec les Nations Unies un accord sur l\u2019ex\u00e9cution des peines, n\u2019attendraient qu\u2019une demande formelle du Tribunal p\u00e9nal international pour le Rwanda (TPIR) pour accueillir dans leurs prisons quatre condamn\u00e9s de cette juridiction onusienne, apprend-on jeudi. Selon un \u00ab tableau synoptique \u00bb [&hellip;]\" \/>\n<meta property=\"og:url\" content=\"https:\/\/www.justiceinfo.net\/fr\/3547-060308-tpirprisonniers-stockholm-et-paris-seraient-prets-a-recevoir-quatre-condamnes-du-tpir337.html\" \/>\n<meta property=\"og:site_name\" content=\"JusticeInfo.net\" \/>\n<meta property=\"article:publisher\" content=\"https:\/\/www.facebook.com\/JusticeInfo\/\" \/>\n<meta property=\"article:published_time\" content=\"2008-03-07T04:16:03+00:00\" \/>\n<meta property=\"og:image\" content=\"https:\/\/www.justiceinfo.net\/wp-content\/uploads\/JusticeInfoNet_logo_1200x630px.jpg\" \/>\n\t<meta property=\"og:image:width\" content=\"1200\" \/>\n\t<meta property=\"og:image:height\" content=\"630\" \/>\n\t<meta property=\"og:image:type\" content=\"image\/jpeg\" \/>\n<meta name=\"author\" content=\"solivri\" \/>\n<meta name=\"twitter:card\" content=\"summary_large_image\" \/>\n<meta name=\"twitter:creator\" content=\"@justiceinfonet\" \/>\n<meta name=\"twitter:site\" content=\"@justiceinfonet\" \/>\n<meta name=\"twitter:label1\" content=\"\u00c9crit par\" \/>\n\t<meta name=\"twitter:data1\" content=\"solivri\" \/>\n\t<meta name=\"twitter:label2\" content=\"Dur\u00e9e de lecture estim\u00e9e\" \/>\n\t<meta name=\"twitter:data2\" content=\"3 minutes\" \/>\n<script type=\"application\/ld+json\" class=\"yoast-schema-graph\">{\"@context\":\"https:\/\/schema.org\",\"@graph\":[{\"@type\":\"NewsArticle\",\"@id\":\"https:\/\/www.justiceinfo.net\/fr\/3547-060308-tpirprisonniers-stockholm-et-paris-seraient-prets-a-recevoir-quatre-condamnes-du-tpir337.html#article\",\"isPartOf\":{\"@id\":\"https:\/\/www.justiceinfo.net\/fr\/3547-060308-tpirprisonniers-stockholm-et-paris-seraient-prets-a-recevoir-quatre-condamnes-du-tpir337.html\"},\"author\":{\"name\":\"solivri\",\"@id\":\"https:\/\/www.justiceinfo.net\/fr#\/schema\/person\/6e53cba1629e2e66f3fc1821d3091865\"},\"headline\":\"06.03.08 - TPIR\/PRISONNIERS - STOCKHOLM ET PARIS SERAIENT PRETS A RECEVOIR QUATRE CONDAMNES DU TPIR\",\"datePublished\":\"2008-03-07T04:16:03+00:00\",\"mainEntityOfPage\":{\"@id\":\"https:\/\/www.justiceinfo.net\/fr\/3547-060308-tpirprisonniers-stockholm-et-paris-seraient-prets-a-recevoir-quatre-condamnes-du-tpir337.html\"},\"wordCount\":642,\"commentCount\":0,\"publisher\":{\"@id\":\"https:\/\/www.justiceinfo.net\/fr#organization\"},\"articleSection\":[\"Hirondelle News\"],\"inLanguage\":\"fr-FR\",\"potentialAction\":[{\"@type\":\"CommentAction\",\"name\":\"Comment\",\"target\":[\"https:\/\/www.justiceinfo.net\/fr\/3547-060308-tpirprisonniers-stockholm-et-paris-seraient-prets-a-recevoir-quatre-condamnes-du-tpir337.html#respond\"]}]},{\"@type\":\"WebPage\",\"@id\":\"https:\/\/www.justiceinfo.net\/fr\/3547-060308-tpirprisonniers-stockholm-et-paris-seraient-prets-a-recevoir-quatre-condamnes-du-tpir337.html\",\"url\":\"https:\/\/www.justiceinfo.net\/fr\/3547-060308-tpirprisonniers-stockholm-et-paris-seraient-prets-a-recevoir-quatre-condamnes-du-tpir337.html\",\"name\":\"06.03.08 - TPIR\/PRISONNIERS - STOCKHOLM ET PARIS SERAIENT PRETS A RECEVOIR QUATRE CONDAMNES DU TPIR - JusticeInfo.net\",\"isPartOf\":{\"@id\":\"https:\/\/www.justiceinfo.net\/fr#website\"},\"datePublished\":\"2008-03-07T04:16:03+00:00\",\"breadcrumb\":{\"@id\":\"https:\/\/www.justiceinfo.net\/fr\/3547-060308-tpirprisonniers-stockholm-et-paris-seraient-prets-a-recevoir-quatre-condamnes-du-tpir337.html#breadcrumb\"},\"inLanguage\":\"fr-FR\",\"potentialAction\":[{\"@type\":\"ReadAction\",\"target\":[\"https:\/\/www.justiceinfo.net\/fr\/3547-060308-tpirprisonniers-stockholm-et-paris-seraient-prets-a-recevoir-quatre-condamnes-du-tpir337.html\"]}]},{\"@type\":\"BreadcrumbList\",\"@id\":\"https:\/\/www.justiceinfo.net\/fr\/3547-060308-tpirprisonniers-stockholm-et-paris-seraient-prets-a-recevoir-quatre-condamnes-du-tpir337.html#breadcrumb\",\"itemListElement\":[{\"@type\":\"ListItem\",\"position\":1,\"name\":\"Home\",\"item\":\"https:\/\/www.justiceinfo.net\/fr\"},{\"@type\":\"ListItem\",\"position\":2,\"name\":\"06.03.08 - TPIR\/PRISONNIERS - STOCKHOLM ET PARIS SERAIENT PRETS A RECEVOIR QUATRE CONDAMNES DU TPIR\"}]},{\"@type\":\"WebSite\",\"@id\":\"https:\/\/www.justiceinfo.net\/fr#website\",\"url\":\"https:\/\/www.justiceinfo.net\/fr\",\"name\":\"JusticeInfo.net\",\"description\":\"La justice doit \u00eatre vue pour \u00eatre rendue\",\"publisher\":{\"@id\":\"https:\/\/www.justiceinfo.net\/fr#organization\"},\"potentialAction\":[{\"@type\":\"SearchAction\",\"target\":{\"@type\":\"EntryPoint\",\"urlTemplate\":\"https:\/\/www.justiceinfo.net\/fr?s={search_term_string}\"},\"query-input\":{\"@type\":\"PropertyValueSpecification\",\"valueRequired\":true,\"valueName\":\"search_term_string\"}}],\"inLanguage\":\"fr-FR\"},{\"@type\":\"Organization\",\"@id\":\"https:\/\/www.justiceinfo.net\/fr#organization\",\"name\":\"Justice Info\",\"url\":\"https:\/\/www.justiceinfo.net\/fr\",\"logo\":{\"@type\":\"ImageObject\",\"inLanguage\":\"fr-FR\",\"@id\":\"https:\/\/www.justiceinfo.net\/fr#\/schema\/logo\/image\/\",\"url\":\"https:\/\/www.justiceinfo.net\/wp-content\/uploads\/justiceinfo_logo-trans_1200x1200px.png\",\"contentUrl\":\"https:\/\/www.justiceinfo.net\/wp-content\/uploads\/justiceinfo_logo-trans_1200x1200px.png\",\"width\":1199,\"height\":1200,\"caption\":\"Justice Info\"},\"image\":{\"@id\":\"https:\/\/www.justiceinfo.net\/fr#\/schema\/logo\/image\/\"},\"sameAs\":[\"https:\/\/www.facebook.com\/JusticeInfo\/\",\"https:\/\/x.com\/justiceinfonet\",\"https:\/\/www.linkedin.com\/company\/justice-info\",\"https:\/\/www.youtube.com\/channel\/UCyCEsARodyuWtkWyhn-e7pA\"]},{\"@type\":\"Person\",\"name\":\"solivri\",\"url\":\"\/fr\/?s=solivri\"}]}<\/script>\n<!-- \/ Yoast SEO Premium plugin. -->","yoast_head_json":{"title":"06.03.08 - TPIR\/PRISONNIERS - STOCKHOLM ET PARIS SERAIENT PRETS A RECEVOIR QUATRE CONDAMNES DU TPIR - JusticeInfo.net","robots":{"index":"index","follow":"follow","max-snippet":"max-snippet:-1","max-image-preview":"max-image-preview:large","max-video-preview":"max-video-preview:-1"},"canonical":"https:\/\/www.justiceinfo.net\/fr\/3547-060308-tpirprisonniers-stockholm-et-paris-seraient-prets-a-recevoir-quatre-condamnes-du-tpir337.html","og_locale":"fr_FR","og_type":"article","og_title":"06.03.08 - TPIR\/PRISONNIERS - STOCKHOLM ET PARIS SERAIENT PRETS A RECEVOIR QUATRE CONDAMNES DU TPIR","og_description":"Arusha, 6 mars 2008 (FH) - La Su\u00e8de et la France qui ont sign\u00e9 avec les Nations Unies un accord sur l\u2019ex\u00e9cution des peines, n\u2019attendraient qu\u2019une demande formelle du Tribunal p\u00e9nal international pour le Rwanda (TPIR) pour accueillir dans leurs prisons quatre condamn\u00e9s de cette juridiction onusienne, apprend-on jeudi. Selon un \u00ab tableau synoptique \u00bb [&hellip;]","og_url":"https:\/\/www.justiceinfo.net\/fr\/3547-060308-tpirprisonniers-stockholm-et-paris-seraient-prets-a-recevoir-quatre-condamnes-du-tpir337.html","og_site_name":"JusticeInfo.net","article_publisher":"https:\/\/www.facebook.com\/JusticeInfo\/","article_published_time":"2008-03-07T04:16:03+00:00","og_image":[{"width":1200,"height":630,"url":"https:\/\/www.justiceinfo.net\/wp-content\/uploads\/JusticeInfoNet_logo_1200x630px.jpg","type":"image\/jpeg"}],"author":"solivri","twitter_card":"summary_large_image","twitter_creator":"@justiceinfonet","twitter_site":"@justiceinfonet","twitter_misc":{"\u00c9crit par":"solivri","Dur\u00e9e de lecture estim\u00e9e":"3 minutes"},"schema":{"@context":"https:\/\/schema.org","@graph":[{"@type":"NewsArticle","@id":"https:\/\/www.justiceinfo.net\/fr\/3547-060308-tpirprisonniers-stockholm-et-paris-seraient-prets-a-recevoir-quatre-condamnes-du-tpir337.html#article","isPartOf":{"@id":"https:\/\/www.justiceinfo.net\/fr\/3547-060308-tpirprisonniers-stockholm-et-paris-seraient-prets-a-recevoir-quatre-condamnes-du-tpir337.html"},"author":{"name":"solivri","@id":"https:\/\/www.justiceinfo.net\/fr#\/schema\/person\/6e53cba1629e2e66f3fc1821d3091865"},"headline":"06.03.08 - TPIR\/PRISONNIERS - STOCKHOLM ET PARIS SERAIENT PRETS A RECEVOIR QUATRE CONDAMNES DU TPIR","datePublished":"2008-03-07T04:16:03+00:00","mainEntityOfPage":{"@id":"https:\/\/www.justiceinfo.net\/fr\/3547-060308-tpirprisonniers-stockholm-et-paris-seraient-prets-a-recevoir-quatre-condamnes-du-tpir337.html"},"wordCount":642,"commentCount":0,"publisher":{"@id":"https:\/\/www.justiceinfo.net\/fr#organization"},"articleSection":["Hirondelle News"],"inLanguage":"fr-FR","potentialAction":[{"@type":"CommentAction","name":"Comment","target":["https:\/\/www.justiceinfo.net\/fr\/3547-060308-tpirprisonniers-stockholm-et-paris-seraient-prets-a-recevoir-quatre-condamnes-du-tpir337.html#respond"]}]},{"@type":"WebPage","@id":"https:\/\/www.justiceinfo.net\/fr\/3547-060308-tpirprisonniers-stockholm-et-paris-seraient-prets-a-recevoir-quatre-condamnes-du-tpir337.html","url":"https:\/\/www.justiceinfo.net\/fr\/3547-060308-tpirprisonniers-stockholm-et-paris-seraient-prets-a-recevoir-quatre-condamnes-du-tpir337.html","name":"06.03.08 - TPIR\/PRISONNIERS - STOCKHOLM ET PARIS SERAIENT PRETS A RECEVOIR QUATRE CONDAMNES DU TPIR - JusticeInfo.net","isPartOf":{"@id":"https:\/\/www.justiceinfo.net\/fr#website"},"datePublished":"2008-03-07T04:16:03+00:00","breadcrumb":{"@id":"https:\/\/www.justiceinfo.net\/fr\/3547-060308-tpirprisonniers-stockholm-et-paris-seraient-prets-a-recevoir-quatre-condamnes-du-tpir337.html#breadcrumb"},"inLanguage":"fr-FR","potentialAction":[{"@type":"ReadAction","target":["https:\/\/www.justiceinfo.net\/fr\/3547-060308-tpirprisonniers-stockholm-et-paris-seraient-prets-a-recevoir-quatre-condamnes-du-tpir337.html"]}]},{"@type":"BreadcrumbList","@id":"https:\/\/www.justiceinfo.net\/fr\/3547-060308-tpirprisonniers-stockholm-et-paris-seraient-prets-a-recevoir-quatre-condamnes-du-tpir337.html#breadcrumb","itemListElement":[{"@type":"ListItem","position":1,"name":"Home","item":"https:\/\/www.justiceinfo.net\/fr"},{"@type":"ListItem","position":2,"name":"06.03.08 - TPIR\/PRISONNIERS - STOCKHOLM ET PARIS SERAIENT PRETS A RECEVOIR QUATRE CONDAMNES DU TPIR"}]},{"@type":"WebSite","@id":"https:\/\/www.justiceinfo.net\/fr#website","url":"https:\/\/www.justiceinfo.net\/fr","name":"JusticeInfo.net","description":"La justice doit \u00eatre vue pour \u00eatre rendue","publisher":{"@id":"https:\/\/www.justiceinfo.net\/fr#organization"},"potentialAction":[{"@type":"SearchAction","target":{"@type":"EntryPoint","urlTemplate":"https:\/\/www.justiceinfo.net\/fr?s={search_term_string}"},"query-input":{"@type":"PropertyValueSpecification","valueRequired":true,"valueName":"search_term_string"}}],"inLanguage":"fr-FR"},{"@type":"Organization","@id":"https:\/\/www.justiceinfo.net\/fr#organization","name":"Justice Info","url":"https:\/\/www.justiceinfo.net\/fr","logo":{"@type":"ImageObject","inLanguage":"fr-FR","@id":"https:\/\/www.justiceinfo.net\/fr#\/schema\/logo\/image\/","url":"https:\/\/www.justiceinfo.net\/wp-content\/uploads\/justiceinfo_logo-trans_1200x1200px.png","contentUrl":"https:\/\/www.justiceinfo.net\/wp-content\/uploads\/justiceinfo_logo-trans_1200x1200px.png","width":1199,"height":1200,"caption":"Justice Info"},"image":{"@id":"https:\/\/www.justiceinfo.net\/fr#\/schema\/logo\/image\/"},"sameAs":["https:\/\/www.facebook.com\/JusticeInfo\/","https:\/\/x.com\/justiceinfonet","https:\/\/www.linkedin.com\/company\/justice-info","https:\/\/www.youtube.com\/channel\/UCyCEsARodyuWtkWyhn-e7pA"]},{"@type":"Person","name":"solivri","url":"\/fr\/?s=solivri"}]}},"_links":{"self":[{"href":"https:\/\/www.justiceinfo.net\/fr\/wp-json\/wp\/v2\/posts\/3547","targetHints":{"allow":["GET"]}}],"collection":[{"href":"https:\/\/www.justiceinfo.net\/fr\/wp-json\/wp\/v2\/posts"}],"about":[{"href":"https:\/\/www.justiceinfo.net\/fr\/wp-json\/wp\/v2\/types\/post"}],"author":[{"embeddable":true,"href":"https:\/\/www.justiceinfo.net\/fr\/wp-json\/wp\/v2\/users\/64"}],"replies":[{"embeddable":true,"href":"https:\/\/www.justiceinfo.net\/fr\/wp-json\/wp\/v2\/comments?post=3547"}],"version-history":[{"count":0,"href":"https:\/\/www.justiceinfo.net\/fr\/wp-json\/wp\/v2\/posts\/3547\/revisions"}],"wp:attachment":[{"href":"https:\/\/www.justiceinfo.net\/fr\/wp-json\/wp\/v2\/media?parent=3547"}],"wp:term":[{"taxonomy":"category","embeddable":true,"href":"https:\/\/www.justiceinfo.net\/fr\/wp-json\/wp\/v2\/categories?post=3547"},{"taxonomy":"post_tag","embeddable":true,"href":"https:\/\/www.justiceinfo.net\/fr\/wp-json\/wp\/v2\/tags?post=3547"},{"taxonomy":"ji_location","embeddable":true,"href":"https:\/\/www.justiceinfo.net\/fr\/wp-json\/wp\/v2\/ji_location?post=3547"}],"curies":[{"name":"wp","href":"https:\/\/api.w.org\/{rel}","templated":true}]}}