{"id":3557,"date":"2008-03-18T05:12:50","date_gmt":"2008-03-18T04:12:50","guid":{"rendered":"https:\/\/www.justiceinfo.net\/3557-170308-tpirrwanda-deux-nouveaux-transports-du-tpir-au-rwanda347.html"},"modified":"2008-03-18T05:12:50","modified_gmt":"2008-03-18T04:12:50","slug":"170308-tpirrwanda-deux-nouveaux-transports-du-tpir-au-rwanda347","status":"publish","type":"post","link":"https:\/\/www.justiceinfo.net\/fr\/3557-170308-tpirrwanda-deux-nouveaux-transports-du-tpir-au-rwanda347.html","title":{"rendered":"17.03.08 - TPIR\/RWANDA  - DEUX NOUVEAUX TRANSPORTS DU TPIR AU RWANDA"},"content":{"rendered":"<p  >\nArusha, 17 mars 2008 (FH) - Le pr\u00e9sident du Tribunal p\u00e9nal international pour le Rwanda (TPIR), le juge Dennis Byron, a autoris\u00e9 deux nouveaux transports des juges et parties au Rwanda sur les lieux des faits all\u00e9gu\u00e9s, a-t-on appris de source judiciaire lundi.  <\/p>\n<p>Ces d\u00e9placements avaient \u00e9t\u00e9 d\u00e9cid\u00e9s par les chambres concern\u00e9es mais, selon le r\u00e8glement du TPIR, ils ne peuvent avoir lieu sans l\u2019aval du pr\u00e9sident du tribunal.\n<\/p>\n<p><!--more--><\/p>\n<p  >\nDans le proc\u00e8s du chanteur Simon Bikindi accus\u00e9, entre autres, d\u2019avoir incit\u00e9 au g\u00e9nocide de 1994, par le biais de ces chansons, le transport sur les lieux se d\u00e9roulera du 14 au 18 avril, selon le calendrier de cette chambre pr\u00e9sid\u00e9e par la juge argentine, In\u00e9s Weinberg de Roca. Demand\u00e9e par la d\u00e9fense, cette visite des lieux avait \u00e9t\u00e9 accept\u00e9e par la chambre le 6 d\u00e9cembre dernier. <\/p>\n<p>L\u2019autre d\u00e9placement au Rwanda concerne l\u2019abb\u00e9 Hormisdas Nsengimana, ancien Recteur du Coll\u00e8ge Christ \u2013 Roi de Nyanza, dans le sud du pays. Cette visite demand\u00e9e par les deux parties aura lieu du 14 au 16 juillet prochain, selon le calendrier de cette chambre pr\u00e9sid\u00e9e par le norv\u00e9gien Erik Mose, ancien pr\u00e9sident du TPIR. L\u2019homme d\u2019\u00e9glise qui plaide non coupable est notamment accus\u00e9 d\u2019avoir tu\u00e9 un pr\u00eatre tutsi et sept femmes de la m\u00eame ethnie. <\/p>\n<p>Les juges du TPIR ont jusqu'\u00e0 pr\u00e9sent effectu\u00e9 6 visites au Rwanda. La premi\u00e8re a eu lieu en 2001 dans le cadre du proc\u00e8s de l\u2019ex-maire Ignace Bagilishema, premier acquitt\u00e9 du tribunal tandis que la derni\u00e8re s\u2019est d\u00e9roul\u00e9e en novembre dernier dans l\u2019affaire Protais Zigiranyirazo dit \u00ab Monsieur Z \u00bb, beau-fr\u00e8re de l\u2019ex-pr\u00e9sident Juv\u00e9nal Habyarimana. <\/p>\n<p>ER\/PB\/GF<\/p>\n","protected":false},"excerpt":{"rendered":"<p>Arusha, 17 mars 2008 (FH) - Le pr\u00e9sident du Tribunal p\u00e9nal international pour le Rwanda (TPIR), le juge Dennis Byron, a autoris\u00e9 deux nouveaux transports des juges et parties au Rwanda sur les lieux des faits all\u00e9gu\u00e9s, a-t-on appris de source judiciaire lundi. Ces d\u00e9placements avaient \u00e9t\u00e9 d\u00e9cid\u00e9s par les chambres concern\u00e9es mais, selon le [&hellip;]<\/p>\n","protected":false},"author":64,"featured_media":0,"comment_status":"open","ping_status":"closed","sticky":false,"template":"","format":"standard","meta":{"_acf_changed":false,"footnotes":""},"categories":[554],"tags":[],"ji_location":[],"class_list":["post-3557","post","type-post","status-publish","format-standard","hentry","category-hirondellenews"],"acf":[],"yoast_head":"<!-- This site is optimized with the Yoast SEO Premium plugin v25.3.1 (Yoast SEO v25.3.1) - https:\/\/yoast.com\/wordpress\/plugins\/seo\/ -->\n<title>17.03.08 - TPIR\/RWANDA - DEUX NOUVEAUX TRANSPORTS DU TPIR AU RWANDA - JusticeInfo.net<\/title>\n<meta name=\"robots\" content=\"index, follow, max-snippet:-1, max-image-preview:large, max-video-preview:-1\" \/>\n<link rel=\"canonical\" href=\"https:\/\/www.justiceinfo.net\/fr\/3557-170308-tpirrwanda-deux-nouveaux-transports-du-tpir-au-rwanda347.html\" \/>\n<meta property=\"og:locale\" content=\"fr_FR\" \/>\n<meta property=\"og:type\" content=\"article\" \/>\n<meta property=\"og:title\" content=\"17.03.08 - TPIR\/RWANDA - DEUX NOUVEAUX TRANSPORTS DU TPIR AU RWANDA\" \/>\n<meta property=\"og:description\" content=\"Arusha, 17 mars 2008 (FH) - Le pr\u00e9sident du Tribunal p\u00e9nal international pour le Rwanda (TPIR), le juge Dennis Byron, a autoris\u00e9 deux nouveaux transports des juges et parties au Rwanda sur les lieux des faits all\u00e9gu\u00e9s, a-t-on appris de source judiciaire lundi. Ces d\u00e9placements avaient \u00e9t\u00e9 d\u00e9cid\u00e9s par les chambres concern\u00e9es mais, selon le [&hellip;]\" \/>\n<meta property=\"og:url\" content=\"https:\/\/www.justiceinfo.net\/fr\/3557-170308-tpirrwanda-deux-nouveaux-transports-du-tpir-au-rwanda347.html\" \/>\n<meta property=\"og:site_name\" content=\"JusticeInfo.net\" \/>\n<meta property=\"article:publisher\" content=\"https:\/\/www.facebook.com\/JusticeInfo\/\" \/>\n<meta property=\"article:published_time\" content=\"2008-03-18T04:12:50+00:00\" \/>\n<meta property=\"og:image\" content=\"https:\/\/www.justiceinfo.net\/wp-content\/uploads\/JusticeInfoNet_logo_1200x630px.jpg\" \/>\n\t<meta property=\"og:image:width\" content=\"1200\" \/>\n\t<meta property=\"og:image:height\" content=\"630\" \/>\n\t<meta property=\"og:image:type\" content=\"image\/jpeg\" \/>\n<meta name=\"author\" content=\"solivri\" \/>\n<meta name=\"twitter:card\" content=\"summary_large_image\" \/>\n<meta name=\"twitter:creator\" content=\"@justiceinfonet\" \/>\n<meta name=\"twitter:site\" content=\"@justiceinfonet\" \/>\n<meta name=\"twitter:label1\" content=\"\u00c9crit par\" \/>\n\t<meta name=\"twitter:data1\" content=\"solivri\" \/>\n\t<meta name=\"twitter:label2\" content=\"Dur\u00e9e de lecture estim\u00e9e\" \/>\n\t<meta name=\"twitter:data2\" content=\"2 minutes\" \/>\n<script type=\"application\/ld+json\" class=\"yoast-schema-graph\">{\"@context\":\"https:\/\/schema.org\",\"@graph\":[{\"@type\":\"NewsArticle\",\"@id\":\"https:\/\/www.justiceinfo.net\/fr\/3557-170308-tpirrwanda-deux-nouveaux-transports-du-tpir-au-rwanda347.html#article\",\"isPartOf\":{\"@id\":\"https:\/\/www.justiceinfo.net\/fr\/3557-170308-tpirrwanda-deux-nouveaux-transports-du-tpir-au-rwanda347.html\"},\"author\":{\"name\":\"solivri\",\"@id\":\"https:\/\/www.justiceinfo.net\/fr#\/schema\/person\/6e53cba1629e2e66f3fc1821d3091865\"},\"headline\":\"17.03.08 - TPIR\/RWANDA - DEUX NOUVEAUX TRANSPORTS DU TPIR AU RWANDA\",\"datePublished\":\"2008-03-18T04:12:50+00:00\",\"mainEntityOfPage\":{\"@id\":\"https:\/\/www.justiceinfo.net\/fr\/3557-170308-tpirrwanda-deux-nouveaux-transports-du-tpir-au-rwanda347.html\"},\"wordCount\":315,\"commentCount\":0,\"publisher\":{\"@id\":\"https:\/\/www.justiceinfo.net\/fr#organization\"},\"articleSection\":[\"Hirondelle News\"],\"inLanguage\":\"fr-FR\",\"potentialAction\":[{\"@type\":\"CommentAction\",\"name\":\"Comment\",\"target\":[\"https:\/\/www.justiceinfo.net\/fr\/3557-170308-tpirrwanda-deux-nouveaux-transports-du-tpir-au-rwanda347.html#respond\"]}]},{\"@type\":\"WebPage\",\"@id\":\"https:\/\/www.justiceinfo.net\/fr\/3557-170308-tpirrwanda-deux-nouveaux-transports-du-tpir-au-rwanda347.html\",\"url\":\"https:\/\/www.justiceinfo.net\/fr\/3557-170308-tpirrwanda-deux-nouveaux-transports-du-tpir-au-rwanda347.html\",\"name\":\"17.03.08 - TPIR\/RWANDA - DEUX NOUVEAUX TRANSPORTS DU TPIR AU RWANDA - JusticeInfo.net\",\"isPartOf\":{\"@id\":\"https:\/\/www.justiceinfo.net\/fr#website\"},\"datePublished\":\"2008-03-18T04:12:50+00:00\",\"breadcrumb\":{\"@id\":\"https:\/\/www.justiceinfo.net\/fr\/3557-170308-tpirrwanda-deux-nouveaux-transports-du-tpir-au-rwanda347.html#breadcrumb\"},\"inLanguage\":\"fr-FR\",\"potentialAction\":[{\"@type\":\"ReadAction\",\"target\":[\"https:\/\/www.justiceinfo.net\/fr\/3557-170308-tpirrwanda-deux-nouveaux-transports-du-tpir-au-rwanda347.html\"]}]},{\"@type\":\"BreadcrumbList\",\"@id\":\"https:\/\/www.justiceinfo.net\/fr\/3557-170308-tpirrwanda-deux-nouveaux-transports-du-tpir-au-rwanda347.html#breadcrumb\",\"itemListElement\":[{\"@type\":\"ListItem\",\"position\":1,\"name\":\"Home\",\"item\":\"https:\/\/www.justiceinfo.net\/fr\"},{\"@type\":\"ListItem\",\"position\":2,\"name\":\"17.03.08 - TPIR\/RWANDA - DEUX NOUVEAUX TRANSPORTS DU TPIR AU RWANDA\"}]},{\"@type\":\"WebSite\",\"@id\":\"https:\/\/www.justiceinfo.net\/fr#website\",\"url\":\"https:\/\/www.justiceinfo.net\/fr\",\"name\":\"JusticeInfo.net\",\"description\":\"La justice doit \u00eatre vue pour \u00eatre rendue\",\"publisher\":{\"@id\":\"https:\/\/www.justiceinfo.net\/fr#organization\"},\"potentialAction\":[{\"@type\":\"SearchAction\",\"target\":{\"@type\":\"EntryPoint\",\"urlTemplate\":\"https:\/\/www.justiceinfo.net\/fr?s={search_term_string}\"},\"query-input\":{\"@type\":\"PropertyValueSpecification\",\"valueRequired\":true,\"valueName\":\"search_term_string\"}}],\"inLanguage\":\"fr-FR\"},{\"@type\":\"Organization\",\"@id\":\"https:\/\/www.justiceinfo.net\/fr#organization\",\"name\":\"Justice Info\",\"url\":\"https:\/\/www.justiceinfo.net\/fr\",\"logo\":{\"@type\":\"ImageObject\",\"inLanguage\":\"fr-FR\",\"@id\":\"https:\/\/www.justiceinfo.net\/fr#\/schema\/logo\/image\/\",\"url\":\"https:\/\/www.justiceinfo.net\/wp-content\/uploads\/justiceinfo_logo-trans_1200x1200px.png\",\"contentUrl\":\"https:\/\/www.justiceinfo.net\/wp-content\/uploads\/justiceinfo_logo-trans_1200x1200px.png\",\"width\":1199,\"height\":1200,\"caption\":\"Justice Info\"},\"image\":{\"@id\":\"https:\/\/www.justiceinfo.net\/fr#\/schema\/logo\/image\/\"},\"sameAs\":[\"https:\/\/www.facebook.com\/JusticeInfo\/\",\"https:\/\/x.com\/justiceinfonet\",\"https:\/\/www.linkedin.com\/company\/justice-info\",\"https:\/\/www.youtube.com\/channel\/UCyCEsARodyuWtkWyhn-e7pA\"]},{\"@type\":\"Person\",\"name\":\"solivri\",\"url\":\"\/fr\/?s=solivri\"}]}<\/script>\n<!-- \/ Yoast SEO Premium plugin. -->","yoast_head_json":{"title":"17.03.08 - TPIR\/RWANDA - DEUX NOUVEAUX TRANSPORTS DU TPIR AU RWANDA - JusticeInfo.net","robots":{"index":"index","follow":"follow","max-snippet":"max-snippet:-1","max-image-preview":"max-image-preview:large","max-video-preview":"max-video-preview:-1"},"canonical":"https:\/\/www.justiceinfo.net\/fr\/3557-170308-tpirrwanda-deux-nouveaux-transports-du-tpir-au-rwanda347.html","og_locale":"fr_FR","og_type":"article","og_title":"17.03.08 - TPIR\/RWANDA - DEUX NOUVEAUX TRANSPORTS DU TPIR AU RWANDA","og_description":"Arusha, 17 mars 2008 (FH) - Le pr\u00e9sident du Tribunal p\u00e9nal international pour le Rwanda (TPIR), le juge Dennis Byron, a autoris\u00e9 deux nouveaux transports des juges et parties au Rwanda sur les lieux des faits all\u00e9gu\u00e9s, a-t-on appris de source judiciaire lundi. Ces d\u00e9placements avaient \u00e9t\u00e9 d\u00e9cid\u00e9s par les chambres concern\u00e9es mais, selon le [&hellip;]","og_url":"https:\/\/www.justiceinfo.net\/fr\/3557-170308-tpirrwanda-deux-nouveaux-transports-du-tpir-au-rwanda347.html","og_site_name":"JusticeInfo.net","article_publisher":"https:\/\/www.facebook.com\/JusticeInfo\/","article_published_time":"2008-03-18T04:12:50+00:00","og_image":[{"width":1200,"height":630,"url":"https:\/\/www.justiceinfo.net\/wp-content\/uploads\/JusticeInfoNet_logo_1200x630px.jpg","type":"image\/jpeg"}],"author":"solivri","twitter_card":"summary_large_image","twitter_creator":"@justiceinfonet","twitter_site":"@justiceinfonet","twitter_misc":{"\u00c9crit par":"solivri","Dur\u00e9e de lecture estim\u00e9e":"2 minutes"},"schema":{"@context":"https:\/\/schema.org","@graph":[{"@type":"NewsArticle","@id":"https:\/\/www.justiceinfo.net\/fr\/3557-170308-tpirrwanda-deux-nouveaux-transports-du-tpir-au-rwanda347.html#article","isPartOf":{"@id":"https:\/\/www.justiceinfo.net\/fr\/3557-170308-tpirrwanda-deux-nouveaux-transports-du-tpir-au-rwanda347.html"},"author":{"name":"solivri","@id":"https:\/\/www.justiceinfo.net\/fr#\/schema\/person\/6e53cba1629e2e66f3fc1821d3091865"},"headline":"17.03.08 - TPIR\/RWANDA - DEUX NOUVEAUX TRANSPORTS DU TPIR AU RWANDA","datePublished":"2008-03-18T04:12:50+00:00","mainEntityOfPage":{"@id":"https:\/\/www.justiceinfo.net\/fr\/3557-170308-tpirrwanda-deux-nouveaux-transports-du-tpir-au-rwanda347.html"},"wordCount":315,"commentCount":0,"publisher":{"@id":"https:\/\/www.justiceinfo.net\/fr#organization"},"articleSection":["Hirondelle News"],"inLanguage":"fr-FR","potentialAction":[{"@type":"CommentAction","name":"Comment","target":["https:\/\/www.justiceinfo.net\/fr\/3557-170308-tpirrwanda-deux-nouveaux-transports-du-tpir-au-rwanda347.html#respond"]}]},{"@type":"WebPage","@id":"https:\/\/www.justiceinfo.net\/fr\/3557-170308-tpirrwanda-deux-nouveaux-transports-du-tpir-au-rwanda347.html","url":"https:\/\/www.justiceinfo.net\/fr\/3557-170308-tpirrwanda-deux-nouveaux-transports-du-tpir-au-rwanda347.html","name":"17.03.08 - TPIR\/RWANDA - DEUX NOUVEAUX TRANSPORTS DU TPIR AU RWANDA - JusticeInfo.net","isPartOf":{"@id":"https:\/\/www.justiceinfo.net\/fr#website"},"datePublished":"2008-03-18T04:12:50+00:00","breadcrumb":{"@id":"https:\/\/www.justiceinfo.net\/fr\/3557-170308-tpirrwanda-deux-nouveaux-transports-du-tpir-au-rwanda347.html#breadcrumb"},"inLanguage":"fr-FR","potentialAction":[{"@type":"ReadAction","target":["https:\/\/www.justiceinfo.net\/fr\/3557-170308-tpirrwanda-deux-nouveaux-transports-du-tpir-au-rwanda347.html"]}]},{"@type":"BreadcrumbList","@id":"https:\/\/www.justiceinfo.net\/fr\/3557-170308-tpirrwanda-deux-nouveaux-transports-du-tpir-au-rwanda347.html#breadcrumb","itemListElement":[{"@type":"ListItem","position":1,"name":"Home","item":"https:\/\/www.justiceinfo.net\/fr"},{"@type":"ListItem","position":2,"name":"17.03.08 - TPIR\/RWANDA - DEUX NOUVEAUX TRANSPORTS DU TPIR AU RWANDA"}]},{"@type":"WebSite","@id":"https:\/\/www.justiceinfo.net\/fr#website","url":"https:\/\/www.justiceinfo.net\/fr","name":"JusticeInfo.net","description":"La justice doit \u00eatre vue pour \u00eatre rendue","publisher":{"@id":"https:\/\/www.justiceinfo.net\/fr#organization"},"potentialAction":[{"@type":"SearchAction","target":{"@type":"EntryPoint","urlTemplate":"https:\/\/www.justiceinfo.net\/fr?s={search_term_string}"},"query-input":{"@type":"PropertyValueSpecification","valueRequired":true,"valueName":"search_term_string"}}],"inLanguage":"fr-FR"},{"@type":"Organization","@id":"https:\/\/www.justiceinfo.net\/fr#organization","name":"Justice Info","url":"https:\/\/www.justiceinfo.net\/fr","logo":{"@type":"ImageObject","inLanguage":"fr-FR","@id":"https:\/\/www.justiceinfo.net\/fr#\/schema\/logo\/image\/","url":"https:\/\/www.justiceinfo.net\/wp-content\/uploads\/justiceinfo_logo-trans_1200x1200px.png","contentUrl":"https:\/\/www.justiceinfo.net\/wp-content\/uploads\/justiceinfo_logo-trans_1200x1200px.png","width":1199,"height":1200,"caption":"Justice Info"},"image":{"@id":"https:\/\/www.justiceinfo.net\/fr#\/schema\/logo\/image\/"},"sameAs":["https:\/\/www.facebook.com\/JusticeInfo\/","https:\/\/x.com\/justiceinfonet","https:\/\/www.linkedin.com\/company\/justice-info","https:\/\/www.youtube.com\/channel\/UCyCEsARodyuWtkWyhn-e7pA"]},{"@type":"Person","name":"solivri","url":"\/fr\/?s=solivri"}]}},"_links":{"self":[{"href":"https:\/\/www.justiceinfo.net\/fr\/wp-json\/wp\/v2\/posts\/3557","targetHints":{"allow":["GET"]}}],"collection":[{"href":"https:\/\/www.justiceinfo.net\/fr\/wp-json\/wp\/v2\/posts"}],"about":[{"href":"https:\/\/www.justiceinfo.net\/fr\/wp-json\/wp\/v2\/types\/post"}],"author":[{"embeddable":true,"href":"https:\/\/www.justiceinfo.net\/fr\/wp-json\/wp\/v2\/users\/64"}],"replies":[{"embeddable":true,"href":"https:\/\/www.justiceinfo.net\/fr\/wp-json\/wp\/v2\/comments?post=3557"}],"version-history":[{"count":0,"href":"https:\/\/www.justiceinfo.net\/fr\/wp-json\/wp\/v2\/posts\/3557\/revisions"}],"wp:attachment":[{"href":"https:\/\/www.justiceinfo.net\/fr\/wp-json\/wp\/v2\/media?parent=3557"}],"wp:term":[{"taxonomy":"category","embeddable":true,"href":"https:\/\/www.justiceinfo.net\/fr\/wp-json\/wp\/v2\/categories?post=3557"},{"taxonomy":"post_tag","embeddable":true,"href":"https:\/\/www.justiceinfo.net\/fr\/wp-json\/wp\/v2\/tags?post=3557"},{"taxonomy":"ji_location","embeddable":true,"href":"https:\/\/www.justiceinfo.net\/fr\/wp-json\/wp\/v2\/ji_location?post=3557"}],"curies":[{"name":"wp","href":"https:\/\/api.w.org\/{rel}","templated":true}]}}