{"id":35600,"date":"2017-12-02T07:49:57","date_gmt":"2017-12-02T06:49:57","guid":{"rendered":"https:\/\/www.justiceinfo.net\/35600-la-semaine-de-la-justice-transitionnelle-suicide-au-tpiy-et-refus-de-l-impunite-en-rca.html"},"modified":"2017-12-02T07:49:57","modified_gmt":"2017-12-02T06:49:57","slug":"la-semaine-de-la-justice-transitionnelle-suicide-au-tpiy-et-refus-de-l-impunite-en-rca","status":"publish","type":"post","link":"https:\/\/www.justiceinfo.net\/fr\/35600-la-semaine-de-la-justice-transitionnelle-suicide-au-tpiy-et-refus-de-l-impunite-en-rca.html","title":{"rendered":"La semaine de la justice transitionnelle : suicide au TPIY et refus de l'impunit\u00e9 en RCA"},"content":{"rendered":"<div class=\"content-excerpt\">\n<p>Le suicide en pleine audience, - le jour de sa condamnation - du criminel de guerre croate Slobodan Praljak met un point final tragique au Tribunal P\u00e9nal Internationale pour l\u2019ex-Yougoslavie. C'est sur ces images diffus\u00e9es que le TPIY va fermer d\u00e9finitivement ses portes \u00e0 la fin du mois de d\u00e9cembre. \u00ab Un baisser de rideau o\u00f9 la salle d'audience est devenue \"sc\u00e8ne de crime\" \u00bb, \u00e9crit ainsi l\u2019AFP.<\/p>\n<\/div>\n<p>Premier tribunal pour les crimes de guerre mis sur pied par les Nations unies et premier tribunal international \u00e9tabli apr\u00e8s les proc\u00e8s des responsables nazis \u00e0 Nuremberg, le TPIY, n\u00e9 au coeur du conflit des Balkans, laisse un h\u00e9ritage consid\u00e9rable mais aussi controvers\u00e9 pour la justice internationale. <br \/>Dans un article titr\u00e9 \u00ab la saveur am\u00e8re de la justice dans les Balkans \u00bb, Pierre Hazan \u00e9crit ainsi : \u00ab jamais tant de crimes ont suscit\u00e9 un tel travail d\u2019enqu\u00eate. Jamais une guerre n\u2019a \u00e9t\u00e9 aussi document\u00e9e, scrut\u00e9e, analys\u00e9e par le pouvoir judiciaire depuis la 2\u00e8me guerre mondiale. Ce travail d\u2019historicisation du TPIY est indispensable, ne serait-ce que pour tirer les le\u00e7ons pour l\u2019avenir de la justice internationale \u00bb.<br \/>Au-del\u00e0 de la fin th\u00e9\u00e2trale de Slobodan Praljak, \u00ab Ce qui frappe avant tout, c\u2019est l\u2019infinie distance entre la v\u00e9rit\u00e9 judiciaire et l\u2019\u00e9cho que celle-ci suscite dans les soci\u00e9t\u00e9s les premi\u00e8res concern\u00e9es. Avec courage, mais aussi avec tristesse, le procureur du TPIY est le premier \u00e0 reconna\u00eetre que ceux qui sont glorifi\u00e9s aujourd\u2019hui, ce sont les criminels de guerre et non leurs victimes \u00bb, \u00e9crit ainsi Pierre Hazan. \u00ab Un \u00e9chec exige une r\u00e9flexion profonde sur le d\u00e9fi que repr\u00e9sente la capacit\u00e9 d\u2019une Cour internationale \u00e0 faire passer son message dans des soci\u00e9t\u00e9s divis\u00e9es \u00bb.<br \/>Pourtant, dans une interview publi\u00e9e par JusticeInfo, le Cardinal Dieudonn\u00e9 Nzapalainga, une des voix les plus \u00e9cout\u00e9es dans cette Centrafrique meurtrie par quatre ans de conflit arm\u00e9, affirme, sans ambages, qu\u2019il n\u2019y aura pas de paix sans justice. Et d\u2019ajouter : \u00ab Dire non \u00e0 l\u2019impunit\u00e9, c\u2019est dire non au cycle infernal de violences et au fait que les bourreaux deviendraient des victimes et les victimes deviendraient des bourreaux. Ceux qui ont pos\u00e9 des actes, qui ont divis\u00e9, qui ont tu\u00e9, doivent rendre compte de leurs actes parce qu\u2019il est trop facile de dire : \u00ab on passe l\u2019\u00e9ponge, tout est fini \u00bb.<br \/>Dans une expression imag\u00e9e, le pr\u00e9lat dit \u00ab non \u00e0 la casse \u00bb.<br \/>\u00ab Une casse \u00bb qui prend chez les enfants une dimension encore plus poignante. Comme le montrent un livre et une exposition itin\u00e9rante sur les dessins des enfants de la guerre. Notamment au Darfour. Ces dessins pr\u00e9cis, poignants, r\u00e9colt\u00e9s par Human Rights Watch sont devenus autant de pi\u00e8ces \u00e0 conviction d\u00e9pos\u00e9es devant la Cour P\u00e9nale Internationale. Fran\u00e7oise H\u00e9ritier qui a pr\u00e9fac\u00e9 le livre \u00e9voque notamment \u00ab le silence assourdissant \u00bb que traduisent ces dessins. L\u2019anthropologue fran\u00e7aise d\u00e9c\u00e9d\u00e9e le 15 novembre \u00e0 Paris et qui signe l\u00e0 l\u2019un de ses derniers textes d\u00e9crit ainsi : \u00ab la r\u00e9alit\u00e9 obsc\u00e8ne (qui) a d\u00fb \u00eatre faire de fureur et de vacarme \u00bb, ajoutant \u00ab rien dans ces t\u00e9moignages ne rel\u00e8ve de l\u2019imagination\u00bb.\u00a0 Ils sont les figures de la violence universelle.<\/p>\n","protected":false},"excerpt":{"rendered":"<p>Le suicide en pleine audience, - le jour de sa condamnation - du criminel de guerre croate Slobodan Praljak met un point final tragique au Tribunal P\u00e9nal Internationale pour l\u2019ex-Yougoslavie. C'est sur ces images diffus\u00e9es que le TPIY va fermer d\u00e9finitivement ses portes \u00e0 la fin du mois de d\u00e9cembre. \u00ab Un baisser de rideau [&hellip;]<\/p>\n","protected":false},"author":58,"featured_media":67973,"comment_status":"open","ping_status":"closed","sticky":false,"template":"","format":"standard","meta":{"_acf_changed":false,"footnotes":""},"categories":[556],"tags":[],"ji_location":[2566],"class_list":["post-35600","post","type-post","status-publish","format-standard","has-post-thumbnail","hentry","category-divers","ji_location-international"],"acf":[],"yoast_head":"<!-- This site is optimized with the Yoast SEO Premium plugin v25.3.1 (Yoast SEO v25.3.1) - https:\/\/yoast.com\/wordpress\/plugins\/seo\/ -->\n<title>La semaine de la justice transitionnelle : suicide au TPIY et refus de l&#039;impunit\u00e9 en RCA - JusticeInfo.net<\/title>\n<meta name=\"robots\" content=\"index, follow, max-snippet:-1, max-image-preview:large, max-video-preview:-1\" \/>\n<link rel=\"canonical\" href=\"https:\/\/www.justiceinfo.net\/fr\/35600-la-semaine-de-la-justice-transitionnelle-suicide-au-tpiy-et-refus-de-l-impunite-en-rca.html\" \/>\n<meta property=\"og:locale\" content=\"fr_FR\" \/>\n<meta property=\"og:type\" content=\"article\" \/>\n<meta property=\"og:title\" content=\"La semaine de la justice transitionnelle : suicide au TPIY et refus de l&#039;impunit\u00e9 en RCA\" \/>\n<meta property=\"og:description\" content=\"Le suicide en pleine audience, - le jour de sa condamnation - du criminel de guerre croate Slobodan Praljak met un point final tragique au Tribunal P\u00e9nal Internationale pour l\u2019ex-Yougoslavie. C&#039;est sur ces images diffus\u00e9es que le TPIY va fermer d\u00e9finitivement ses portes \u00e0 la fin du mois de d\u00e9cembre. \u00ab Un baisser de rideau [&hellip;]\" \/>\n<meta property=\"og:url\" content=\"https:\/\/www.justiceinfo.net\/fr\/35600-la-semaine-de-la-justice-transitionnelle-suicide-au-tpiy-et-refus-de-l-impunite-en-rca.html\" \/>\n<meta property=\"og:site_name\" content=\"JusticeInfo.net\" \/>\n<meta property=\"article:publisher\" content=\"https:\/\/www.facebook.com\/JusticeInfo\/\" \/>\n<meta property=\"article:author\" content=\"https:\/\/www.facebook.com\/profile.php?id=100004809918727\" \/>\n<meta property=\"article:published_time\" content=\"2017-12-02T06:49:57+00:00\" \/>\n<meta property=\"og:image\" content=\"https:\/\/www.justiceinfo.net\/wp-content\/uploads\/799c785d7ad35862e3d861b9e09de703.jpg\" \/>\n\t<meta property=\"og:image:width\" content=\"1334\" \/>\n\t<meta property=\"og:image:height\" content=\"701\" \/>\n\t<meta property=\"og:image:type\" content=\"image\/jpeg\" \/>\n<meta name=\"author\" content=\"Fran\u00e7ois Sergent\" \/>\n<meta name=\"twitter:card\" content=\"summary_large_image\" \/>\n<meta name=\"twitter:creator\" content=\"@FrancoisSergent\" \/>\n<meta name=\"twitter:site\" content=\"@justiceinfonet\" \/>\n<meta name=\"twitter:label1\" content=\"\u00c9crit par\" \/>\n\t<meta name=\"twitter:data1\" content=\"Fran\u00e7ois Sergent\" \/>\n\t<meta name=\"twitter:label2\" content=\"Dur\u00e9e de lecture estim\u00e9e\" \/>\n\t<meta name=\"twitter:data2\" content=\"3 minutes\" \/>\n<script type=\"application\/ld+json\" class=\"yoast-schema-graph\">{\"@context\":\"https:\/\/schema.org\",\"@graph\":[{\"@type\":\"NewsArticle\",\"@id\":\"https:\/\/www.justiceinfo.net\/fr\/35600-la-semaine-de-la-justice-transitionnelle-suicide-au-tpiy-et-refus-de-l-impunite-en-rca.html#article\",\"isPartOf\":{\"@id\":\"https:\/\/www.justiceinfo.net\/fr\/35600-la-semaine-de-la-justice-transitionnelle-suicide-au-tpiy-et-refus-de-l-impunite-en-rca.html\"},\"author\":{\"name\":\"fsergent\",\"@id\":\"https:\/\/www.justiceinfo.net\/fr#\/schema\/person\/724414fc3a7779fc189a73a27563e5e1\"},\"headline\":\"La semaine de la justice transitionnelle : suicide au TPIY et refus de l'impunit\u00e9 en RCA\",\"datePublished\":\"2017-12-02T06:49:57+00:00\",\"mainEntityOfPage\":{\"@id\":\"https:\/\/www.justiceinfo.net\/fr\/35600-la-semaine-de-la-justice-transitionnelle-suicide-au-tpiy-et-refus-de-l-impunite-en-rca.html\"},\"wordCount\":580,\"commentCount\":0,\"publisher\":{\"@id\":\"https:\/\/www.justiceinfo.net\/fr#organization\"},\"image\":{\"@id\":\"https:\/\/www.justiceinfo.net\/fr\/35600-la-semaine-de-la-justice-transitionnelle-suicide-au-tpiy-et-refus-de-l-impunite-en-rca.html#primaryimage\"},\"thumbnailUrl\":\"https:\/\/www.justiceinfo.net\/wp-content\/uploads\/799c785d7ad35862e3d861b9e09de703.jpg\",\"articleSection\":[\"Divers\"],\"inLanguage\":\"fr-FR\",\"potentialAction\":[{\"@type\":\"CommentAction\",\"name\":\"Comment\",\"target\":[\"https:\/\/www.justiceinfo.net\/fr\/35600-la-semaine-de-la-justice-transitionnelle-suicide-au-tpiy-et-refus-de-l-impunite-en-rca.html#respond\"]}]},{\"@type\":\"WebPage\",\"@id\":\"https:\/\/www.justiceinfo.net\/fr\/35600-la-semaine-de-la-justice-transitionnelle-suicide-au-tpiy-et-refus-de-l-impunite-en-rca.html\",\"url\":\"https:\/\/www.justiceinfo.net\/fr\/35600-la-semaine-de-la-justice-transitionnelle-suicide-au-tpiy-et-refus-de-l-impunite-en-rca.html\",\"name\":\"La semaine de la justice transitionnelle : suicide au TPIY et refus de l'impunit\u00e9 en RCA - JusticeInfo.net\",\"isPartOf\":{\"@id\":\"https:\/\/www.justiceinfo.net\/fr#website\"},\"primaryImageOfPage\":{\"@id\":\"https:\/\/www.justiceinfo.net\/fr\/35600-la-semaine-de-la-justice-transitionnelle-suicide-au-tpiy-et-refus-de-l-impunite-en-rca.html#primaryimage\"},\"image\":{\"@id\":\"https:\/\/www.justiceinfo.net\/fr\/35600-la-semaine-de-la-justice-transitionnelle-suicide-au-tpiy-et-refus-de-l-impunite-en-rca.html#primaryimage\"},\"thumbnailUrl\":\"https:\/\/www.justiceinfo.net\/wp-content\/uploads\/799c785d7ad35862e3d861b9e09de703.jpg\",\"datePublished\":\"2017-12-02T06:49:57+00:00\",\"breadcrumb\":{\"@id\":\"https:\/\/www.justiceinfo.net\/fr\/35600-la-semaine-de-la-justice-transitionnelle-suicide-au-tpiy-et-refus-de-l-impunite-en-rca.html#breadcrumb\"},\"inLanguage\":\"fr-FR\",\"potentialAction\":[{\"@type\":\"ReadAction\",\"target\":[\"https:\/\/www.justiceinfo.net\/fr\/35600-la-semaine-de-la-justice-transitionnelle-suicide-au-tpiy-et-refus-de-l-impunite-en-rca.html\"]}]},{\"@type\":\"ImageObject\",\"inLanguage\":\"fr-FR\",\"@id\":\"https:\/\/www.justiceinfo.net\/fr\/35600-la-semaine-de-la-justice-transitionnelle-suicide-au-tpiy-et-refus-de-l-impunite-en-rca.html#primaryimage\",\"url\":\"https:\/\/www.justiceinfo.net\/wp-content\/uploads\/799c785d7ad35862e3d861b9e09de703.jpg\",\"contentUrl\":\"https:\/\/www.justiceinfo.net\/wp-content\/uploads\/799c785d7ad35862e3d861b9e09de703.jpg\",\"width\":1334,\"height\":701},{\"@type\":\"BreadcrumbList\",\"@id\":\"https:\/\/www.justiceinfo.net\/fr\/35600-la-semaine-de-la-justice-transitionnelle-suicide-au-tpiy-et-refus-de-l-impunite-en-rca.html#breadcrumb\",\"itemListElement\":[{\"@type\":\"ListItem\",\"position\":1,\"name\":\"Home\",\"item\":\"https:\/\/www.justiceinfo.net\/fr\"},{\"@type\":\"ListItem\",\"position\":2,\"name\":\"La semaine de la justice transitionnelle : suicide au TPIY et refus de l'impunit\u00e9 en RCA\"}]},{\"@type\":\"WebSite\",\"@id\":\"https:\/\/www.justiceinfo.net\/fr#website\",\"url\":\"https:\/\/www.justiceinfo.net\/fr\",\"name\":\"JusticeInfo.net\",\"description\":\"La justice doit \u00eatre vue pour \u00eatre rendue\",\"publisher\":{\"@id\":\"https:\/\/www.justiceinfo.net\/fr#organization\"},\"potentialAction\":[{\"@type\":\"SearchAction\",\"target\":{\"@type\":\"EntryPoint\",\"urlTemplate\":\"https:\/\/www.justiceinfo.net\/fr?s={search_term_string}\"},\"query-input\":{\"@type\":\"PropertyValueSpecification\",\"valueRequired\":true,\"valueName\":\"search_term_string\"}}],\"inLanguage\":\"fr-FR\"},{\"@type\":\"Organization\",\"@id\":\"https:\/\/www.justiceinfo.net\/fr#organization\",\"name\":\"Justice Info\",\"url\":\"https:\/\/www.justiceinfo.net\/fr\",\"logo\":{\"@type\":\"ImageObject\",\"inLanguage\":\"fr-FR\",\"@id\":\"https:\/\/www.justiceinfo.net\/fr#\/schema\/logo\/image\/\",\"url\":\"https:\/\/www.justiceinfo.net\/wp-content\/uploads\/justiceinfo_logo-trans_1200x1200px.png\",\"contentUrl\":\"https:\/\/www.justiceinfo.net\/wp-content\/uploads\/justiceinfo_logo-trans_1200x1200px.png\",\"width\":1199,\"height\":1200,\"caption\":\"Justice Info\"},\"image\":{\"@id\":\"https:\/\/www.justiceinfo.net\/fr#\/schema\/logo\/image\/\"},\"sameAs\":[\"https:\/\/www.facebook.com\/JusticeInfo\/\",\"https:\/\/x.com\/justiceinfonet\",\"https:\/\/www.linkedin.com\/company\/justice-info\",\"https:\/\/www.youtube.com\/channel\/UCyCEsARodyuWtkWyhn-e7pA\"]},{\"@type\":\"Person\",\"name\":\"Fran\u00e7ois Sergent\",\"sameAs\":[\"https:\/\/www.facebook.com\/profile.php?id=100004809918727\",\"https:\/\/x.com\/FrancoisSergent\"],\"url\":\"https:\/\/www.justiceinfo.net\/fr\/auteur\/fsergent\"}]}<\/script>\n<!-- \/ Yoast SEO Premium plugin. -->","yoast_head_json":{"title":"La semaine de la justice transitionnelle : suicide au TPIY et refus de l'impunit\u00e9 en RCA - JusticeInfo.net","robots":{"index":"index","follow":"follow","max-snippet":"max-snippet:-1","max-image-preview":"max-image-preview:large","max-video-preview":"max-video-preview:-1"},"canonical":"https:\/\/www.justiceinfo.net\/fr\/35600-la-semaine-de-la-justice-transitionnelle-suicide-au-tpiy-et-refus-de-l-impunite-en-rca.html","og_locale":"fr_FR","og_type":"article","og_title":"La semaine de la justice transitionnelle : suicide au TPIY et refus de l'impunit\u00e9 en RCA","og_description":"Le suicide en pleine audience, - le jour de sa condamnation - du criminel de guerre croate Slobodan Praljak met un point final tragique au Tribunal P\u00e9nal Internationale pour l\u2019ex-Yougoslavie. C'est sur ces images diffus\u00e9es que le TPIY va fermer d\u00e9finitivement ses portes \u00e0 la fin du mois de d\u00e9cembre. \u00ab Un baisser de rideau [&hellip;]","og_url":"https:\/\/www.justiceinfo.net\/fr\/35600-la-semaine-de-la-justice-transitionnelle-suicide-au-tpiy-et-refus-de-l-impunite-en-rca.html","og_site_name":"JusticeInfo.net","article_publisher":"https:\/\/www.facebook.com\/JusticeInfo\/","article_author":"https:\/\/www.facebook.com\/profile.php?id=100004809918727","article_published_time":"2017-12-02T06:49:57+00:00","og_image":[{"width":1334,"height":701,"url":"https:\/\/www.justiceinfo.net\/wp-content\/uploads\/799c785d7ad35862e3d861b9e09de703.jpg","type":"image\/jpeg"}],"author":"Fran\u00e7ois Sergent","twitter_card":"summary_large_image","twitter_creator":"@FrancoisSergent","twitter_site":"@justiceinfonet","twitter_misc":{"\u00c9crit par":"Fran\u00e7ois Sergent","Dur\u00e9e de lecture estim\u00e9e":"3 minutes"},"schema":{"@context":"https:\/\/schema.org","@graph":[{"@type":"NewsArticle","@id":"https:\/\/www.justiceinfo.net\/fr\/35600-la-semaine-de-la-justice-transitionnelle-suicide-au-tpiy-et-refus-de-l-impunite-en-rca.html#article","isPartOf":{"@id":"https:\/\/www.justiceinfo.net\/fr\/35600-la-semaine-de-la-justice-transitionnelle-suicide-au-tpiy-et-refus-de-l-impunite-en-rca.html"},"author":{"name":"fsergent","@id":"https:\/\/www.justiceinfo.net\/fr#\/schema\/person\/724414fc3a7779fc189a73a27563e5e1"},"headline":"La semaine de la justice transitionnelle : suicide au TPIY et refus de l'impunit\u00e9 en RCA","datePublished":"2017-12-02T06:49:57+00:00","mainEntityOfPage":{"@id":"https:\/\/www.justiceinfo.net\/fr\/35600-la-semaine-de-la-justice-transitionnelle-suicide-au-tpiy-et-refus-de-l-impunite-en-rca.html"},"wordCount":580,"commentCount":0,"publisher":{"@id":"https:\/\/www.justiceinfo.net\/fr#organization"},"image":{"@id":"https:\/\/www.justiceinfo.net\/fr\/35600-la-semaine-de-la-justice-transitionnelle-suicide-au-tpiy-et-refus-de-l-impunite-en-rca.html#primaryimage"},"thumbnailUrl":"https:\/\/www.justiceinfo.net\/wp-content\/uploads\/799c785d7ad35862e3d861b9e09de703.jpg","articleSection":["Divers"],"inLanguage":"fr-FR","potentialAction":[{"@type":"CommentAction","name":"Comment","target":["https:\/\/www.justiceinfo.net\/fr\/35600-la-semaine-de-la-justice-transitionnelle-suicide-au-tpiy-et-refus-de-l-impunite-en-rca.html#respond"]}]},{"@type":"WebPage","@id":"https:\/\/www.justiceinfo.net\/fr\/35600-la-semaine-de-la-justice-transitionnelle-suicide-au-tpiy-et-refus-de-l-impunite-en-rca.html","url":"https:\/\/www.justiceinfo.net\/fr\/35600-la-semaine-de-la-justice-transitionnelle-suicide-au-tpiy-et-refus-de-l-impunite-en-rca.html","name":"La semaine de la justice transitionnelle : suicide au TPIY et refus de l'impunit\u00e9 en RCA - JusticeInfo.net","isPartOf":{"@id":"https:\/\/www.justiceinfo.net\/fr#website"},"primaryImageOfPage":{"@id":"https:\/\/www.justiceinfo.net\/fr\/35600-la-semaine-de-la-justice-transitionnelle-suicide-au-tpiy-et-refus-de-l-impunite-en-rca.html#primaryimage"},"image":{"@id":"https:\/\/www.justiceinfo.net\/fr\/35600-la-semaine-de-la-justice-transitionnelle-suicide-au-tpiy-et-refus-de-l-impunite-en-rca.html#primaryimage"},"thumbnailUrl":"https:\/\/www.justiceinfo.net\/wp-content\/uploads\/799c785d7ad35862e3d861b9e09de703.jpg","datePublished":"2017-12-02T06:49:57+00:00","breadcrumb":{"@id":"https:\/\/www.justiceinfo.net\/fr\/35600-la-semaine-de-la-justice-transitionnelle-suicide-au-tpiy-et-refus-de-l-impunite-en-rca.html#breadcrumb"},"inLanguage":"fr-FR","potentialAction":[{"@type":"ReadAction","target":["https:\/\/www.justiceinfo.net\/fr\/35600-la-semaine-de-la-justice-transitionnelle-suicide-au-tpiy-et-refus-de-l-impunite-en-rca.html"]}]},{"@type":"ImageObject","inLanguage":"fr-FR","@id":"https:\/\/www.justiceinfo.net\/fr\/35600-la-semaine-de-la-justice-transitionnelle-suicide-au-tpiy-et-refus-de-l-impunite-en-rca.html#primaryimage","url":"https:\/\/www.justiceinfo.net\/wp-content\/uploads\/799c785d7ad35862e3d861b9e09de703.jpg","contentUrl":"https:\/\/www.justiceinfo.net\/wp-content\/uploads\/799c785d7ad35862e3d861b9e09de703.jpg","width":1334,"height":701},{"@type":"BreadcrumbList","@id":"https:\/\/www.justiceinfo.net\/fr\/35600-la-semaine-de-la-justice-transitionnelle-suicide-au-tpiy-et-refus-de-l-impunite-en-rca.html#breadcrumb","itemListElement":[{"@type":"ListItem","position":1,"name":"Home","item":"https:\/\/www.justiceinfo.net\/fr"},{"@type":"ListItem","position":2,"name":"La semaine de la justice transitionnelle : suicide au TPIY et refus de l'impunit\u00e9 en RCA"}]},{"@type":"WebSite","@id":"https:\/\/www.justiceinfo.net\/fr#website","url":"https:\/\/www.justiceinfo.net\/fr","name":"JusticeInfo.net","description":"La justice doit \u00eatre vue pour \u00eatre rendue","publisher":{"@id":"https:\/\/www.justiceinfo.net\/fr#organization"},"potentialAction":[{"@type":"SearchAction","target":{"@type":"EntryPoint","urlTemplate":"https:\/\/www.justiceinfo.net\/fr?s={search_term_string}"},"query-input":{"@type":"PropertyValueSpecification","valueRequired":true,"valueName":"search_term_string"}}],"inLanguage":"fr-FR"},{"@type":"Organization","@id":"https:\/\/www.justiceinfo.net\/fr#organization","name":"Justice Info","url":"https:\/\/www.justiceinfo.net\/fr","logo":{"@type":"ImageObject","inLanguage":"fr-FR","@id":"https:\/\/www.justiceinfo.net\/fr#\/schema\/logo\/image\/","url":"https:\/\/www.justiceinfo.net\/wp-content\/uploads\/justiceinfo_logo-trans_1200x1200px.png","contentUrl":"https:\/\/www.justiceinfo.net\/wp-content\/uploads\/justiceinfo_logo-trans_1200x1200px.png","width":1199,"height":1200,"caption":"Justice Info"},"image":{"@id":"https:\/\/www.justiceinfo.net\/fr#\/schema\/logo\/image\/"},"sameAs":["https:\/\/www.facebook.com\/JusticeInfo\/","https:\/\/x.com\/justiceinfonet","https:\/\/www.linkedin.com\/company\/justice-info","https:\/\/www.youtube.com\/channel\/UCyCEsARodyuWtkWyhn-e7pA"]},{"@type":"Person","name":"Fran\u00e7ois Sergent","sameAs":["https:\/\/www.facebook.com\/profile.php?id=100004809918727","https:\/\/x.com\/FrancoisSergent"],"url":"https:\/\/www.justiceinfo.net\/fr\/auteur\/fsergent"}]}},"_links":{"self":[{"href":"https:\/\/www.justiceinfo.net\/fr\/wp-json\/wp\/v2\/posts\/35600","targetHints":{"allow":["GET"]}}],"collection":[{"href":"https:\/\/www.justiceinfo.net\/fr\/wp-json\/wp\/v2\/posts"}],"about":[{"href":"https:\/\/www.justiceinfo.net\/fr\/wp-json\/wp\/v2\/types\/post"}],"author":[{"embeddable":true,"href":"https:\/\/www.justiceinfo.net\/fr\/wp-json\/wp\/v2\/users\/58"}],"replies":[{"embeddable":true,"href":"https:\/\/www.justiceinfo.net\/fr\/wp-json\/wp\/v2\/comments?post=35600"}],"version-history":[{"count":0,"href":"https:\/\/www.justiceinfo.net\/fr\/wp-json\/wp\/v2\/posts\/35600\/revisions"}],"wp:featuredmedia":[{"embeddable":true,"href":"https:\/\/www.justiceinfo.net\/fr\/wp-json\/wp\/v2\/media\/67973"}],"wp:attachment":[{"href":"https:\/\/www.justiceinfo.net\/fr\/wp-json\/wp\/v2\/media?parent=35600"}],"wp:term":[{"taxonomy":"category","embeddable":true,"href":"https:\/\/www.justiceinfo.net\/fr\/wp-json\/wp\/v2\/categories?post=35600"},{"taxonomy":"post_tag","embeddable":true,"href":"https:\/\/www.justiceinfo.net\/fr\/wp-json\/wp\/v2\/tags?post=35600"},{"taxonomy":"ji_location","embeddable":true,"href":"https:\/\/www.justiceinfo.net\/fr\/wp-json\/wp\/v2\/ji_location?post=35600"}],"curies":[{"name":"wp","href":"https:\/\/api.w.org\/{rel}","templated":true}]}}