{"id":3563,"date":"2008-03-19T09:25:31","date_gmt":"2008-03-19T08:25:31","guid":{"rendered":"https:\/\/www.justiceinfo.net\/3563-180308-cpiprocureur-lmes-seules-limites-sont-mes-preuvesr-moreno-ocampo353.html"},"modified":"2008-03-19T09:25:31","modified_gmt":"2008-03-19T08:25:31","slug":"180308-cpiprocureur-lmes-seules-limites-sont-mes-preuvesr-moreno-ocampo353","status":"publish","type":"post","link":"https:\/\/www.justiceinfo.net\/fr\/3563-180308-cpiprocureur-lmes-seules-limites-sont-mes-preuvesr-moreno-ocampo353.html","title":{"rendered":"18.03.08 - CPI\/PROCUREUR -  \u00abMES SEULES LIMITES SONT MES PREUVES\u00bb (MORENO OCAMPO)"},"content":{"rendered":"<p  >\nArusha, 13 mars 2008 (FH) -  Le procureur de la Cour P\u00e9nale internationale (CPI), Luis Moreno Ocampo, affirme jeudi dans une interview au site d\u2019information fran\u00e7ais Rue 89 :\u00abmes seules limites sont mes preuves \u00bb et admet que \u00ab le destin d\u2019un procureur international est d\u2019\u00eatre critiqu\u00e9\u00bb.  <\/p>\n<p>\u00ab Dans les enqu\u00eates que nous menons, nous n\u2019\u00e9cartons l\u2019inculpation de personne, tout d\u00e9pend des preuves que nous pourrions r\u00e9unir \u00bb dit notamment M.\n<\/p>\n<p><!--more--><\/p>\n<p  >\nMoreno Ocampo. Evoquant Thomas Lubanga Dyilo dont la date d\u2019ouverture du proc\u00e8s a \u00e9t\u00e9 repouss\u00e9e au 23 juin prochain, il affirme qu\u2019il est le \u00ab num\u00e9ro un des criminels \u00bb dans l\u2019affaire qui le concerne. <\/p>\n<p>A propos de la LRA, dont il a refus\u00e9 de recevoir une d\u00e9l\u00e9gation venue \u00e0 La Haye, le procureur explique qu\u2019entre 2002 et 2004, les crimes \u00ab les plus s\u00e9rieux \u00bb sont de son fait. 2500 homicides ont \u00e9t\u00e9 commis, dit-il. Selon Moreno, d\u2019autres responsables sont suspect\u00e9s et des renseignements ont \u00e9t\u00e9 demand\u00e9s \u00e0 l\u2019Ouganda apr\u00e8s la mise en accusation de cinq responsables de la LRA  dont Joseph Kony. <\/p>\n<p>Le procureur de la CPI maintient son accusation de g\u00e9nocide au Darfour, bien qu\u2019une commission internationale ait estim\u00e9 qu\u2019il ne pouvait \u00eatre question de cela. \u00ab Le g\u00e9nocide ne d\u00e9pend pas seulement du nombre de crimes mais aussi des intentions de ses auteurs \u00bb explique Moreno Ocampo. \u00ab Nous avons pr\u00e9sent\u00e9 un cas \u00bb ajoute-t-il, \u00ab il s\u2019agit d\u2019une attaque coordonn\u00e9e par le ministre de l\u2019Int\u00e9rieur du Soudan Ahmed Harun \u00bb. \u00ab Il est actuellement le ministre des affaires humanitaires \u00bb, pr\u00e9cise-t-il. <\/p>\n<p>D\u2019autres enqu\u00eates sont en cours notamment en R\u00e9publique centrafricaine depuis mai 2007 pour des viols massifs perp\u00e9tr\u00e9s d\u00e9but 2003. En Colombie dit il, \u00ab nous sommes en train d\u2019examiner les proc\u00e9dures ouvertes contre les chefs des paramilitaires, enqu\u00eates qui touchent une quarantaine de membres du Congr\u00e8s \u00bb. A propos des Forces arm\u00e9es r\u00e9volutionnaires colombiennes (FARC) la CPI a re\u00e7u des informations de la part du gouvernement colombien ajoute-t-il rappelant que la Colombie, le Venezuela et l\u2019Equateur ont sign\u00e9 le trait\u00e9 de Romme cr\u00e9ant la CPI. <\/p>\n<p>PB\/GF\/DO<\/p>\n","protected":false},"excerpt":{"rendered":"<p>Arusha, 13 mars 2008 (FH) - Le procureur de la Cour P\u00e9nale internationale (CPI), Luis Moreno Ocampo, affirme jeudi dans une interview au site d\u2019information fran\u00e7ais Rue 89 :\u00abmes seules limites sont mes preuves \u00bb et admet que \u00ab le destin d\u2019un procureur international est d\u2019\u00eatre critiqu\u00e9\u00bb. \u00ab Dans les enqu\u00eates que nous menons, nous [&hellip;]<\/p>\n","protected":false},"author":64,"featured_media":0,"comment_status":"open","ping_status":"closed","sticky":false,"template":"","format":"standard","meta":{"_acf_changed":false,"footnotes":""},"categories":[554],"tags":[],"ji_location":[],"class_list":["post-3563","post","type-post","status-publish","format-standard","hentry","category-hirondellenews"],"acf":[],"yoast_head":"<!-- This site is optimized with the Yoast SEO Premium plugin v25.3.1 (Yoast SEO v25.3.1) - https:\/\/yoast.com\/wordpress\/plugins\/seo\/ -->\n<title>18.03.08 - CPI\/PROCUREUR - \u00abMES SEULES LIMITES SONT MES PREUVES\u00bb (MORENO OCAMPO) - JusticeInfo.net<\/title>\n<meta name=\"robots\" content=\"index, follow, max-snippet:-1, max-image-preview:large, max-video-preview:-1\" \/>\n<link rel=\"canonical\" href=\"https:\/\/www.justiceinfo.net\/fr\/3563-180308-cpiprocureur-lmes-seules-limites-sont-mes-preuvesr-moreno-ocampo353.html\" \/>\n<meta property=\"og:locale\" content=\"fr_FR\" \/>\n<meta property=\"og:type\" content=\"article\" \/>\n<meta property=\"og:title\" content=\"18.03.08 - CPI\/PROCUREUR - \u00abMES SEULES LIMITES SONT MES PREUVES\u00bb (MORENO OCAMPO)\" \/>\n<meta property=\"og:description\" content=\"Arusha, 13 mars 2008 (FH) - Le procureur de la Cour P\u00e9nale internationale (CPI), Luis Moreno Ocampo, affirme jeudi dans une interview au site d\u2019information fran\u00e7ais Rue 89 :\u00abmes seules limites sont mes preuves \u00bb et admet que \u00ab le destin d\u2019un procureur international est d\u2019\u00eatre critiqu\u00e9\u00bb. \u00ab Dans les enqu\u00eates que nous menons, nous [&hellip;]\" \/>\n<meta property=\"og:url\" content=\"https:\/\/www.justiceinfo.net\/fr\/3563-180308-cpiprocureur-lmes-seules-limites-sont-mes-preuvesr-moreno-ocampo353.html\" \/>\n<meta property=\"og:site_name\" content=\"JusticeInfo.net\" \/>\n<meta property=\"article:publisher\" content=\"https:\/\/www.facebook.com\/JusticeInfo\/\" \/>\n<meta property=\"article:published_time\" content=\"2008-03-19T08:25:31+00:00\" \/>\n<meta property=\"og:image\" content=\"https:\/\/www.justiceinfo.net\/wp-content\/uploads\/JusticeInfoNet_logo_1200x630px.jpg\" \/>\n\t<meta property=\"og:image:width\" content=\"1200\" \/>\n\t<meta property=\"og:image:height\" content=\"630\" \/>\n\t<meta property=\"og:image:type\" content=\"image\/jpeg\" \/>\n<meta name=\"author\" content=\"solivri\" \/>\n<meta name=\"twitter:card\" content=\"summary_large_image\" \/>\n<meta name=\"twitter:creator\" content=\"@justiceinfonet\" \/>\n<meta name=\"twitter:site\" content=\"@justiceinfonet\" \/>\n<meta name=\"twitter:label1\" content=\"\u00c9crit par\" \/>\n\t<meta name=\"twitter:data1\" content=\"solivri\" \/>\n\t<meta name=\"twitter:label2\" content=\"Dur\u00e9e de lecture estim\u00e9e\" \/>\n\t<meta name=\"twitter:data2\" content=\"2 minutes\" \/>\n<script type=\"application\/ld+json\" class=\"yoast-schema-graph\">{\"@context\":\"https:\/\/schema.org\",\"@graph\":[{\"@type\":\"NewsArticle\",\"@id\":\"https:\/\/www.justiceinfo.net\/fr\/3563-180308-cpiprocureur-lmes-seules-limites-sont-mes-preuvesr-moreno-ocampo353.html#article\",\"isPartOf\":{\"@id\":\"https:\/\/www.justiceinfo.net\/fr\/3563-180308-cpiprocureur-lmes-seules-limites-sont-mes-preuvesr-moreno-ocampo353.html\"},\"author\":{\"name\":\"solivri\",\"@id\":\"https:\/\/www.justiceinfo.net\/fr#\/schema\/person\/6e53cba1629e2e66f3fc1821d3091865\"},\"headline\":\"18.03.08 - CPI\/PROCUREUR - \u00abMES SEULES LIMITES SONT MES PREUVES\u00bb (MORENO OCAMPO)\",\"datePublished\":\"2008-03-19T08:25:31+00:00\",\"mainEntityOfPage\":{\"@id\":\"https:\/\/www.justiceinfo.net\/fr\/3563-180308-cpiprocureur-lmes-seules-limites-sont-mes-preuvesr-moreno-ocampo353.html\"},\"wordCount\":380,\"commentCount\":0,\"publisher\":{\"@id\":\"https:\/\/www.justiceinfo.net\/fr#organization\"},\"articleSection\":[\"Hirondelle News\"],\"inLanguage\":\"fr-FR\",\"potentialAction\":[{\"@type\":\"CommentAction\",\"name\":\"Comment\",\"target\":[\"https:\/\/www.justiceinfo.net\/fr\/3563-180308-cpiprocureur-lmes-seules-limites-sont-mes-preuvesr-moreno-ocampo353.html#respond\"]}]},{\"@type\":\"WebPage\",\"@id\":\"https:\/\/www.justiceinfo.net\/fr\/3563-180308-cpiprocureur-lmes-seules-limites-sont-mes-preuvesr-moreno-ocampo353.html\",\"url\":\"https:\/\/www.justiceinfo.net\/fr\/3563-180308-cpiprocureur-lmes-seules-limites-sont-mes-preuvesr-moreno-ocampo353.html\",\"name\":\"18.03.08 - CPI\/PROCUREUR - \u00abMES SEULES LIMITES SONT MES PREUVES\u00bb (MORENO OCAMPO) - JusticeInfo.net\",\"isPartOf\":{\"@id\":\"https:\/\/www.justiceinfo.net\/fr#website\"},\"datePublished\":\"2008-03-19T08:25:31+00:00\",\"breadcrumb\":{\"@id\":\"https:\/\/www.justiceinfo.net\/fr\/3563-180308-cpiprocureur-lmes-seules-limites-sont-mes-preuvesr-moreno-ocampo353.html#breadcrumb\"},\"inLanguage\":\"fr-FR\",\"potentialAction\":[{\"@type\":\"ReadAction\",\"target\":[\"https:\/\/www.justiceinfo.net\/fr\/3563-180308-cpiprocureur-lmes-seules-limites-sont-mes-preuvesr-moreno-ocampo353.html\"]}]},{\"@type\":\"BreadcrumbList\",\"@id\":\"https:\/\/www.justiceinfo.net\/fr\/3563-180308-cpiprocureur-lmes-seules-limites-sont-mes-preuvesr-moreno-ocampo353.html#breadcrumb\",\"itemListElement\":[{\"@type\":\"ListItem\",\"position\":1,\"name\":\"Home\",\"item\":\"https:\/\/www.justiceinfo.net\/fr\"},{\"@type\":\"ListItem\",\"position\":2,\"name\":\"18.03.08 - CPI\/PROCUREUR - \u00abMES SEULES LIMITES SONT MES PREUVES\u00bb (MORENO OCAMPO)\"}]},{\"@type\":\"WebSite\",\"@id\":\"https:\/\/www.justiceinfo.net\/fr#website\",\"url\":\"https:\/\/www.justiceinfo.net\/fr\",\"name\":\"JusticeInfo.net\",\"description\":\"La justice doit \u00eatre vue pour \u00eatre rendue\",\"publisher\":{\"@id\":\"https:\/\/www.justiceinfo.net\/fr#organization\"},\"potentialAction\":[{\"@type\":\"SearchAction\",\"target\":{\"@type\":\"EntryPoint\",\"urlTemplate\":\"https:\/\/www.justiceinfo.net\/fr?s={search_term_string}\"},\"query-input\":{\"@type\":\"PropertyValueSpecification\",\"valueRequired\":true,\"valueName\":\"search_term_string\"}}],\"inLanguage\":\"fr-FR\"},{\"@type\":\"Organization\",\"@id\":\"https:\/\/www.justiceinfo.net\/fr#organization\",\"name\":\"Justice Info\",\"url\":\"https:\/\/www.justiceinfo.net\/fr\",\"logo\":{\"@type\":\"ImageObject\",\"inLanguage\":\"fr-FR\",\"@id\":\"https:\/\/www.justiceinfo.net\/fr#\/schema\/logo\/image\/\",\"url\":\"https:\/\/www.justiceinfo.net\/wp-content\/uploads\/justiceinfo_logo-trans_1200x1200px.png\",\"contentUrl\":\"https:\/\/www.justiceinfo.net\/wp-content\/uploads\/justiceinfo_logo-trans_1200x1200px.png\",\"width\":1199,\"height\":1200,\"caption\":\"Justice Info\"},\"image\":{\"@id\":\"https:\/\/www.justiceinfo.net\/fr#\/schema\/logo\/image\/\"},\"sameAs\":[\"https:\/\/www.facebook.com\/JusticeInfo\/\",\"https:\/\/x.com\/justiceinfonet\",\"https:\/\/www.linkedin.com\/company\/justice-info\",\"https:\/\/www.youtube.com\/channel\/UCyCEsARodyuWtkWyhn-e7pA\"]},{\"@type\":\"Person\",\"name\":\"solivri\",\"url\":\"\/fr\/?s=solivri\"}]}<\/script>\n<!-- \/ Yoast SEO Premium plugin. -->","yoast_head_json":{"title":"18.03.08 - CPI\/PROCUREUR - \u00abMES SEULES LIMITES SONT MES PREUVES\u00bb (MORENO OCAMPO) - JusticeInfo.net","robots":{"index":"index","follow":"follow","max-snippet":"max-snippet:-1","max-image-preview":"max-image-preview:large","max-video-preview":"max-video-preview:-1"},"canonical":"https:\/\/www.justiceinfo.net\/fr\/3563-180308-cpiprocureur-lmes-seules-limites-sont-mes-preuvesr-moreno-ocampo353.html","og_locale":"fr_FR","og_type":"article","og_title":"18.03.08 - CPI\/PROCUREUR - \u00abMES SEULES LIMITES SONT MES PREUVES\u00bb (MORENO OCAMPO)","og_description":"Arusha, 13 mars 2008 (FH) - Le procureur de la Cour P\u00e9nale internationale (CPI), Luis Moreno Ocampo, affirme jeudi dans une interview au site d\u2019information fran\u00e7ais Rue 89 :\u00abmes seules limites sont mes preuves \u00bb et admet que \u00ab le destin d\u2019un procureur international est d\u2019\u00eatre critiqu\u00e9\u00bb. \u00ab Dans les enqu\u00eates que nous menons, nous [&hellip;]","og_url":"https:\/\/www.justiceinfo.net\/fr\/3563-180308-cpiprocureur-lmes-seules-limites-sont-mes-preuvesr-moreno-ocampo353.html","og_site_name":"JusticeInfo.net","article_publisher":"https:\/\/www.facebook.com\/JusticeInfo\/","article_published_time":"2008-03-19T08:25:31+00:00","og_image":[{"width":1200,"height":630,"url":"https:\/\/www.justiceinfo.net\/wp-content\/uploads\/JusticeInfoNet_logo_1200x630px.jpg","type":"image\/jpeg"}],"author":"solivri","twitter_card":"summary_large_image","twitter_creator":"@justiceinfonet","twitter_site":"@justiceinfonet","twitter_misc":{"\u00c9crit par":"solivri","Dur\u00e9e de lecture estim\u00e9e":"2 minutes"},"schema":{"@context":"https:\/\/schema.org","@graph":[{"@type":"NewsArticle","@id":"https:\/\/www.justiceinfo.net\/fr\/3563-180308-cpiprocureur-lmes-seules-limites-sont-mes-preuvesr-moreno-ocampo353.html#article","isPartOf":{"@id":"https:\/\/www.justiceinfo.net\/fr\/3563-180308-cpiprocureur-lmes-seules-limites-sont-mes-preuvesr-moreno-ocampo353.html"},"author":{"name":"solivri","@id":"https:\/\/www.justiceinfo.net\/fr#\/schema\/person\/6e53cba1629e2e66f3fc1821d3091865"},"headline":"18.03.08 - CPI\/PROCUREUR - \u00abMES SEULES LIMITES SONT MES PREUVES\u00bb (MORENO OCAMPO)","datePublished":"2008-03-19T08:25:31+00:00","mainEntityOfPage":{"@id":"https:\/\/www.justiceinfo.net\/fr\/3563-180308-cpiprocureur-lmes-seules-limites-sont-mes-preuvesr-moreno-ocampo353.html"},"wordCount":380,"commentCount":0,"publisher":{"@id":"https:\/\/www.justiceinfo.net\/fr#organization"},"articleSection":["Hirondelle News"],"inLanguage":"fr-FR","potentialAction":[{"@type":"CommentAction","name":"Comment","target":["https:\/\/www.justiceinfo.net\/fr\/3563-180308-cpiprocureur-lmes-seules-limites-sont-mes-preuvesr-moreno-ocampo353.html#respond"]}]},{"@type":"WebPage","@id":"https:\/\/www.justiceinfo.net\/fr\/3563-180308-cpiprocureur-lmes-seules-limites-sont-mes-preuvesr-moreno-ocampo353.html","url":"https:\/\/www.justiceinfo.net\/fr\/3563-180308-cpiprocureur-lmes-seules-limites-sont-mes-preuvesr-moreno-ocampo353.html","name":"18.03.08 - CPI\/PROCUREUR - \u00abMES SEULES LIMITES SONT MES PREUVES\u00bb (MORENO OCAMPO) - JusticeInfo.net","isPartOf":{"@id":"https:\/\/www.justiceinfo.net\/fr#website"},"datePublished":"2008-03-19T08:25:31+00:00","breadcrumb":{"@id":"https:\/\/www.justiceinfo.net\/fr\/3563-180308-cpiprocureur-lmes-seules-limites-sont-mes-preuvesr-moreno-ocampo353.html#breadcrumb"},"inLanguage":"fr-FR","potentialAction":[{"@type":"ReadAction","target":["https:\/\/www.justiceinfo.net\/fr\/3563-180308-cpiprocureur-lmes-seules-limites-sont-mes-preuvesr-moreno-ocampo353.html"]}]},{"@type":"BreadcrumbList","@id":"https:\/\/www.justiceinfo.net\/fr\/3563-180308-cpiprocureur-lmes-seules-limites-sont-mes-preuvesr-moreno-ocampo353.html#breadcrumb","itemListElement":[{"@type":"ListItem","position":1,"name":"Home","item":"https:\/\/www.justiceinfo.net\/fr"},{"@type":"ListItem","position":2,"name":"18.03.08 - CPI\/PROCUREUR - \u00abMES SEULES LIMITES SONT MES PREUVES\u00bb (MORENO OCAMPO)"}]},{"@type":"WebSite","@id":"https:\/\/www.justiceinfo.net\/fr#website","url":"https:\/\/www.justiceinfo.net\/fr","name":"JusticeInfo.net","description":"La justice doit \u00eatre vue pour \u00eatre rendue","publisher":{"@id":"https:\/\/www.justiceinfo.net\/fr#organization"},"potentialAction":[{"@type":"SearchAction","target":{"@type":"EntryPoint","urlTemplate":"https:\/\/www.justiceinfo.net\/fr?s={search_term_string}"},"query-input":{"@type":"PropertyValueSpecification","valueRequired":true,"valueName":"search_term_string"}}],"inLanguage":"fr-FR"},{"@type":"Organization","@id":"https:\/\/www.justiceinfo.net\/fr#organization","name":"Justice Info","url":"https:\/\/www.justiceinfo.net\/fr","logo":{"@type":"ImageObject","inLanguage":"fr-FR","@id":"https:\/\/www.justiceinfo.net\/fr#\/schema\/logo\/image\/","url":"https:\/\/www.justiceinfo.net\/wp-content\/uploads\/justiceinfo_logo-trans_1200x1200px.png","contentUrl":"https:\/\/www.justiceinfo.net\/wp-content\/uploads\/justiceinfo_logo-trans_1200x1200px.png","width":1199,"height":1200,"caption":"Justice Info"},"image":{"@id":"https:\/\/www.justiceinfo.net\/fr#\/schema\/logo\/image\/"},"sameAs":["https:\/\/www.facebook.com\/JusticeInfo\/","https:\/\/x.com\/justiceinfonet","https:\/\/www.linkedin.com\/company\/justice-info","https:\/\/www.youtube.com\/channel\/UCyCEsARodyuWtkWyhn-e7pA"]},{"@type":"Person","name":"solivri","url":"\/fr\/?s=solivri"}]}},"_links":{"self":[{"href":"https:\/\/www.justiceinfo.net\/fr\/wp-json\/wp\/v2\/posts\/3563","targetHints":{"allow":["GET"]}}],"collection":[{"href":"https:\/\/www.justiceinfo.net\/fr\/wp-json\/wp\/v2\/posts"}],"about":[{"href":"https:\/\/www.justiceinfo.net\/fr\/wp-json\/wp\/v2\/types\/post"}],"author":[{"embeddable":true,"href":"https:\/\/www.justiceinfo.net\/fr\/wp-json\/wp\/v2\/users\/64"}],"replies":[{"embeddable":true,"href":"https:\/\/www.justiceinfo.net\/fr\/wp-json\/wp\/v2\/comments?post=3563"}],"version-history":[{"count":0,"href":"https:\/\/www.justiceinfo.net\/fr\/wp-json\/wp\/v2\/posts\/3563\/revisions"}],"wp:attachment":[{"href":"https:\/\/www.justiceinfo.net\/fr\/wp-json\/wp\/v2\/media?parent=3563"}],"wp:term":[{"taxonomy":"category","embeddable":true,"href":"https:\/\/www.justiceinfo.net\/fr\/wp-json\/wp\/v2\/categories?post=3563"},{"taxonomy":"post_tag","embeddable":true,"href":"https:\/\/www.justiceinfo.net\/fr\/wp-json\/wp\/v2\/tags?post=3563"},{"taxonomy":"ji_location","embeddable":true,"href":"https:\/\/www.justiceinfo.net\/fr\/wp-json\/wp\/v2\/ji_location?post=3563"}],"curies":[{"name":"wp","href":"https:\/\/api.w.org\/{rel}","templated":true}]}}