{"id":35674,"date":"2017-12-10T11:14:00","date_gmt":"2017-12-10T10:14:00","guid":{"rendered":"https:\/\/www.justiceinfo.net\/35674-faut-il-juger-les-dictateurs-africains.html"},"modified":"2017-12-10T11:14:00","modified_gmt":"2017-12-10T10:14:00","slug":"faut-il-juger-les-dictateurs-africains","status":"publish","type":"post","link":"https:\/\/www.justiceinfo.net\/fr\/35674-faut-il-juger-les-dictateurs-africains.html","title":{"rendered":"Faut-il juger les dictateurs : la r\u00e9ponse d'activistes africains"},"content":{"rendered":"<div class=\"content-excerpt\">\n<p><strong><em>Plusieurs activistes africains, mais aussi europ\u00e9ens, ont pris part, fin novembre \u00e0 Abidjan, \u00e0 un contre-sommet organis\u00e9 par la soci\u00e9t\u00e9 civile en marge du 5e sommet \u00a0Afrique-Europe tenu dans la capital ivoirienne. Un des th\u00e8mes phares de cette rencontre \u00e9tait le grave d\u00e9ficit de d\u00e9mocratie et d\u2019alternance politique sur le continent africain. Pendant que certains h\u00e9sitent \u00e0 invoquer un proc\u00e8s contre les dictateurs africains, d\u2019autres,\u00a0par contre, croient dur que tout citoyen doit\u00a0 r\u00e9pondre de ses actes, f\u00fbt-il un dirigeant ou non. R\u00e9ponse de\u00a0 6 militants Africains.<br \/><\/em><\/strong><\/p>\n<\/div>\n<figure class=\"pull-right\"><img loading=\"lazy\" decoding=\"async\" src=\"images\/Brigitte-Amganvi-Togo.jpg\" alt=\"\" width=\"430\" height=\"227\" \/><figcaption><em>\u00a0 Brigitte Am\u00e9ganvi<\/em><\/figcaption><\/figure>\n<p><strong>\u00a0<\/strong><\/p>\n<h3><strong>Brigitte Am\u00e9ganvi, pr\u00e9sidente \u00ab\u00a0Synergie Togo\u00a0\u00bb<\/strong><\/h3>\n<p>Moi? ma conviction profonde est qu\u2019il faut les juger. Il faut rendre compte, il faut qu\u2019ils s\u2019expliquent de mani\u00e8re \u00e0 ce que l\u2019ensemble de la communaut\u00e9 trouve un point de rep\u00e8re et sache quelles sont les lignes qu\u2019il ne faut pas franchir, ce qu\u2019on peut se permettre de faire et ce que l\u2019on n\u2019a pas le droit de faire\u00a0; quitte \u00e0 ce que la soci\u00e9t\u00e9 d\u00e9cide ensuite de prendre une loi d\u2019amnistie.<\/p>\n<p>Si je me r\u00e9f\u00e8re au cas du Togo, il y a eu historiquement deux lois d\u2019amnistie. Et ces lois \u00e9taient toujours assorties de mesures\u00a0 d\u2019annulation de l\u2019effet d\u2019amnistie en cas de r\u00e9cidive. Et si ces lois d\u2019amnistie n\u2019ont pas jou\u00e9, si les cas de r\u00e9cidive se sont multipli\u00e9s d\u2019ann\u00e9e en ann\u00e9e de la part des m\u00eames acteurs, c\u2019est parce qu\u2019on n\u2019a jamais pris la peine de juger. Et c\u2019est aussi ce qu\u2019on peut reprocher \u00e0 notre processus de Justice V\u00e9rit\u00e9 et R\u00e9conciliation. Il n\u2019y a pas eu de v\u00e9rit\u00e9, on a identifi\u00e9 les victimes mais on n\u2019a pas identifi\u00e9 les crimes qui ont \u00e9t\u00e9 commis et les personnes qui les ont commis. Ce qui fait que tout ce processus de r\u00e9conciliation a \u00e9t\u00e9 fauss\u00e9.<\/p>\n<p>Donc, oui, je suis fermement persuad\u00e9e que, pour qu\u2019il puisse y avoir r\u00e9conciliation, il faut qu\u2019il y ait identification des torts caus\u00e9s, qui les a caus\u00e9s, quitte \u00e0 ce que les victimes d\u00e9cident\u00a0 de pardonner et de passer l\u2019\u00e9ponge.<\/p>\n<p>\u00a0<\/p>\n<figure class=\"pull-right\"><img loading=\"lazy\" decoding=\"async\" src=\"images\/Ndong-Gabon.jpg\" width=\"430\" height=\"192\" \/><figcaption><em>\u00a0Laurence Ndong<\/em><\/figcaption><\/figure>\n<h3><strong>Laurence Ndong, Coordinatrice du \u00ab\u00a0Mouvement \u00c7a suffit comme \u00e7a\u00bb (Gabon)<\/strong><\/h3>\n<p>Les dictateurs africains sont des citoyens. Et tout citoyen doit r\u00e9pondre de ses actes devant la Justice quand cela s\u2019impose. Ce n\u2019est pas parce qu\u2019ils ont \u00e9t\u00e9 pr\u00e9sidents qu\u2019ils doivent \u00eatre au-dessus de la loi. Si on les qualifie de dictateurs, c\u2019est parce qu\u2019ils ont \u00e9t\u00e9 de mauvais pr\u00e9sidents, ils ont fait du mal, ils ont priv\u00e9 les gens de leurs libert\u00e9s\u00a0; ils ont tu\u00e9 et fait emprisonner des gens arbitrairement. On ne peut pas faire tout \u00e7a et resper impuni parce qu\u2019on l\u2019a fait en \u00e9tant pr\u00e9sident. Alors que le citoyen qui va voler, peut-\u00eatre parce qu\u2019il a faim, va \u00eatre condamn\u00e9 par la justice. On ne peut avoir une justice \u00e0 multiple vitesse.<\/p>\n<p>Pour moi, la question ne se pose pas. Ce sont des citoyens, ils doivent r\u00e9pondre de leurs actes, surtout quand ils les ont commis en \u00e9tant pr\u00e9sident, parce qu\u2019ils ont trahi le peuple. On n\u2019est pas pr\u00e9sident pour opprimer les gens, pour voler un pays. C\u2019est tromper doublement. Un pr\u00e9sident est l\u00e0 pour le bien des populations. Quand il\u00a0 ne respecte pas cela, il doit \u00eatre jug\u00e9.<\/p>\n<p><strong>A votre avis les juger divise ou r\u00e9concilie les citoyens\u00a0?<\/strong><\/p>\n<p>Pourquoi \u00e7a devrait diviser\u00a0? Quand on juge un voleur, quelqu\u2019un qui vient voler chez vous, \u00e7a doit vous d\u00e9ranger qu\u2019il soit jug\u00e9\u00a0? Ils ont vol\u00e9 des pays entiers, qui \u00e7a devrait d\u00e9ranger dans un pays que quelqu\u2019un qui les a vol\u00e9s, tu\u00e9s, opprim\u00e9s puisse \u00eatre jug\u00e9? Moi je ne pense pas. On a vu le proc\u00e8s d\u2019Hiss\u00e8ne Habr\u00e9 au Tchad. \u00c7a a divis\u00e9? Seuls ceux qui ont des choses \u00e0 se reprocher, qui sont complices de cette dictature se sentent mal, ils veulent absolument \u00e9chapper \u00e0 la justice. Mais il\u00a0 faut que les uns et les autres r\u00e9pondent de leurs actes devant la justice.<\/p>\n<p>\u00a0<\/p>\n<figure class=\"pull-right\"><img decoding=\"async\" src=\"images\/Brice-Mackosso-Congo-Brazzaville.jpg\" width=\"430\" \/><figcaption><em>\u00a0 Brice Mackosso<\/em><\/figcaption><\/figure>\n<h3><strong>Brice Mackosso, secr\u00e9taire permanent de la \u00ab\u00a0Commission Justice et Paix\u00a0\u00bb au Congo Brazzaville<\/strong><\/h3>\n<p>D\u2019abord, il faut dire que nos pr\u00e9sidents sont des gens responsables, ils ont exerc\u00e9 des responsabilit\u00e9s dans nos pays, et du fait d\u2019avoir exerc\u00e9 ces responsabilit\u00e9s, il y a un minimum qu\u2019il faudrait faire avec nos anciens dirigeants. Moi, je crois qu\u2019il y a deux niveaux de la situation. Nous reconnaissons que nos dirigeants n\u2019ont pas \u00e9t\u00e9 des mod\u00e8les et donc \u00e0 ce niveau-l\u00e0 il y a un acte de contrition \u00e0 faire de leur part et de notre c\u00f4t\u00e9, il y a un pardon \u00e0 accorder \u00e0 ces dirigeants. Et puis, les dirigeants devront savoir aussi qu\u2019il y a une petite p\u00e9nitence\u00a0 \u00e0 faire. Lorsqu\u2019on a fait acte de contrition, il y a forc\u00e9ment une p\u00e9nitence \u00e0 faire.<\/p>\n<p>Juger nos dirigeants, je ne sais pas du tout \u00e0 quoi on va aboutir. Est-ce qu\u2019on ne va pas entrer dans un autre cycle de violence que les cycles de violence que nous avons actuellement?<\/p>\n<p><strong>Quel acte de contrition par exemple\u00a0?<\/strong><\/p>\n<p>Qu\u2019ils se retirent de la vie politique. D\u00e9j\u00e0 pour parler de quelques-uns, ils ont 32 ans, 40 ans au pouvoir. Une fois qu\u2019ils partent qu\u2019ils nous promettent de plus jamais revenir. Apr\u00e8s 40 ans, s\u2019ils doivent revenir pour 10, 15 ans, ils n\u2019auront rien fait.<\/p>\n<p><strong>\u00a0<\/strong><\/p>\n<p><strong>\u00a0<\/strong><\/p>\n<p class=\"pull-right\"><img decoding=\"async\" src=\"images\/Jean-Marc-Bikoko-Cameroun.jpg\" width=\"430\" \/><em>\u00a0 Jean-Marc Bikoko<\/em><\/p>\n<h3><strong>Jean-Marc Bikoko, pr\u00e9sident de la \u00ab\u00a0Centrale Syndicale du Secteur Public\u00a0\u00bb (<\/strong><strong>Cameroun)<\/strong><\/h3>\n<p>Je pense qu\u2019il y a des pr\u00e9alables. Le premier est de savoir s\u2019ils sont des dictateurs et qui va d\u00e9terminer leur culpabilit\u00e9. La plupart des chefx d\u2019Etat ne le sont que de nom. Ils sont au service des gens. Je prends le cas du Burkina Faso. Quand Compaor\u00e9 tue Sankara, vous croyez\u00a0 qu\u2019il a agi de lui-m\u00eame\u00a0? Il a \u00e9t\u00e9 instrumentalis\u00e9. Il a fait plus de 20 ans parce que ceux qui l\u2019ont mis en place le prot\u00e9geaient toujours. Il faut savoir d\u2019abord qui prot\u00e8ge ces dictateurs pour qu\u2019en jugeant ces chefs d\u2019Etat qui agissaient sous des ordres, on juge aussi les donneurs d\u2019ordre.<\/p>\n<p>Pour moi, on sait d\u00e9j\u00e0 qu\u2019ils maltraitent leur peuple, ils pillent les richesses des pays pour le mettre au service d\u2019autres personnes, c\u2019est \u00e9vident. Parfois le peuple se soul\u00e8ve pour les d\u00e9gager. Mais on voit aussi comment ces dirigeants tout seuls poss\u00e8dent des moyens pour rester. Alors moi, je pense qu\u2019il ne faut pas les juger seuls. Si on veut les juger, qu\u2019on \u00e9tablisse d\u2019abord\u00a0 toutes les responsabilit\u00e9s et \u00e0 partir de cela, on doit identifier tous ceux pour qui ils travaillent\u00a0 pour que le jugement soit \u00e9quitable.<\/p>\n<p>Si on prend encore le cas de Compaor\u00e9 qu\u2019on a exfiltr\u00e9. Voil\u00e0 quelqu\u2019un qui a dirig\u00e9 pendant longtemps le Burkina Faso, en un temps trois mouvements (rire), il devient Ivoirien. Et si le Burkina Faso veut le juger, on aura en face un Ivoirien et la communaut\u00e9 internationale accepte cet \u00e9tat des choses.<\/p>\n<p>Moi, je pense qu\u2019on doit les juger, mais avant de les traduire devant les tribunaux, il faut un pr\u00e9alable. Autrement, comme on voit qu\u2019aujourd\u2019hui, le jugement des dictateurs risque de ne pas faire pas l\u2019unanimit\u00e9. D\u2019abord, il n\u2019y a pas de consensus sur leur culpabilit\u00e9, si on prend le cas par exemple de Kadhafi, de Mugab\u00e9 qu\u2019on traite de dictateurs. Quand on les juge aujourd\u2019hui, on se rend compte que cela divise plus les peuples parce que leurs soutiens ne seront jamais d\u2019accord. Ceux qui ont profit\u00e9 du r\u00e9gime \u00e9galement. Je pense qu\u2019il faut veiller\u00a0 \u00e0 ce que les dirigeants soient \u00e0 la t\u00eate de syst\u00e8mes r\u00e9publicains avec des institutions fortes. Sinon aussi longtemps que les pr\u00e9sidents seront plus forts que les institutions comme au Cameroun, on ne sera pas \u00e0 l\u2019abri de la dictature. Et il faut que la communaut\u00e9 internationale cesse d\u2019\u00eatre complice des chefs d\u2019Etat africains qu\u2019on traite de dictateur mais qui \u00e9taient r\u00e9ellement \u00e0 leur service.<\/p>\n<p>\u00a0<\/p>\n<figure class=\"pull-right\"><img decoding=\"async\" src=\"images\/Ka-Mana-RDC.jpg\" width=\"430\" \/><figcaption><em>\u00a0 Godefroid Ka Mana Kangudie<\/em><\/figcaption><\/figure>\n<h3><strong>Pr Godefroid Ka Mana Kangudie, Directeur de l\u2019\u00a0\u00ab\u00a0Institut Interculturel dans la R\u00e9gion des Grands Lacs\u00a0\u00bb (R\u00e9publique D\u00e9mocratique du Congo)<\/strong><\/h3>\n<p>Ce qu\u2019il faut juger, ce sont les syst\u00e8mes politiques africains dans leur ensemble, tous les m\u00e9canismes qui sont mis sur pied pour qu\u2019une certaine classe conserve le pouvoir le plus longtemps possible. Et dans ce syst\u00e8me-l\u00e0, figurent en bonne place les agences de renseignement, les syst\u00e8mes de police, l\u2019arm\u00e9e. Tout cela compose une certaine structure qui devrait \u00eatre jug\u00e9e en tant que structure et j\u2019ajouterais meme, nous, les peuples de nos pays. Nous, people, avons notre responsabilit\u00e9 dans tout ce qui s\u2019est pass\u00e9. S\u2019il y a un jugement, c\u2019est l\u2019ensemble du syst\u00e8me qu\u2019il faut juger.<\/p>\n<p>On ne change pas un syst\u00e8me en sanctionnant une seule personne. Si vous sanctionnez un seul, vous aurez un autre. C\u2019est un probl\u00e8me de mentalit\u00e9, de vision des pouvoirs en Afrique d\u2019aujourd\u2019hui. Il y a un travail \u00e0 faire pour que nous tous, nous pussions \u00eatre d\u2019accord sur au moins les principes de base \u00e0 partir desquels, nous allons gouverner nos pays. C\u2019est nous, le peuple, les \u00e9lites, la classe intellectuelle et aussi la classe politique au pouvoir. Nous nous tenons dans un seul syst\u00e8me qu\u2019il faut regarder\u00a0 pour dire comment\u00a0 change-t-on un syst\u00e8me pareil? Si on le change en jugeant un chef d\u2019Etat, c\u2019est une erreur. Cela n\u2019a aucun int\u00e9r\u00eat pour le moment. Cela amuse!<\/p>\n<p>\u00a0<\/p>\n<figure class=\"pull-right\"><img decoding=\"async\" src=\"images\/Eg-Mapathi-Lucha-RDC.jpg\" width=\"430\" \/><figcaption><em>\u00a0 Eg\u00e9 Mapathi<\/em><\/figcaption><\/figure>\n<h3><strong>Eg\u00e9Mapathi, activiste du mouvement citoyen LUCHA (R\u00e9publique D\u00e9mocratique du Congo)<\/strong><\/h3>\n<p>Oui, il faudrait les juger parce qu\u2019ils sont des garants de la nation. Chaque dictateur doit rendre compte et c\u2019est pour cela qu\u2019on doit les juger. Ils savent ce qu\u2019ils ont fait. Comme au Congo, Kabila a commis beaucoup de crimes pour juste conserver le pouvoir qui est la seule chose qui l\u2019int\u00e9resse en plus de l\u2019enrichissement. Il a accept\u00e9 un dialogue sous l'\u00e9gide de la CENCO \u00e0 la Saint sylvestre 2016, qui stipule que les \u00e9lections doivent se passer avant le 31 d\u00e9cembre 2017. Avant cela, au mois de septembre 2016, il y avait d\u00e9j\u00e0 eu un premier dialogue sous l\u2019\u00e9gide del\u2019Union Africaine avec son envoy\u00e9 sp\u00e9cial Edem Kodjo. Mais il joue toujours avec le destin du peuple congolais. \u00ab\u00a0L\u2019ambition dont on n\u2019a pas les comp\u00e9tences est un crime\u00a0\u00bb.<\/p>\n<p>Leur jugement, je dois l\u2019avouer, ne fait unanimit\u00e9 parce qu\u2019il y a les pro-pouvoir, pro-opposition et la soci\u00e9t\u00e9 civile. Tout le monde ne peut pas avoir\u00a0 une m\u00eame id\u00e9e sur la question.<\/p>\n<p>\u00a0<\/p>\n<p>\u00a0<\/p>\n<p>\u00a0<\/p>\n<p>\u00a0<\/p>\n<p>\u00a0<\/p>\n<p>\u00a0<\/p>\n<p>\u00a0<\/p>\n<p><strong>\u00a0<\/strong><\/p>\n<p>\u00a0<\/p>\n","protected":false},"excerpt":{"rendered":"<p>Plusieurs activistes africains, mais aussi europ\u00e9ens, ont pris part, fin novembre \u00e0 Abidjan, \u00e0 un contre-sommet organis\u00e9 par la soci\u00e9t\u00e9 civile en marge du 5e sommet \u00a0Afrique-Europe tenu dans la capital ivoirienne. Un des th\u00e8mes phares de cette rencontre \u00e9tait le grave d\u00e9ficit de d\u00e9mocratie et d\u2019alternance politique sur le continent africain. Pendant que certains [&hellip;]<\/p>\n","protected":false},"author":64,"featured_media":68316,"comment_status":"open","ping_status":"closed","sticky":false,"template":"","format":"standard","meta":{"_acf_changed":false,"footnotes":""},"categories":[548],"tags":[],"ji_location":[2074],"class_list":["post-35674","post","type-post","status-publish","format-standard","has-post-thumbnail","hentry","category-commissions-verite","ji_location-afrique"],"acf":[],"yoast_head":"<!-- This site is optimized with the Yoast SEO Premium plugin v25.3.1 (Yoast SEO v25.3.1) - https:\/\/yoast.com\/wordpress\/plugins\/seo\/ -->\n<title>Faut-il juger les dictateurs : la r\u00e9ponse d&#039;activistes africains - JusticeInfo.net<\/title>\n<meta name=\"robots\" content=\"index, follow, max-snippet:-1, max-image-preview:large, max-video-preview:-1\" \/>\n<link rel=\"canonical\" href=\"https:\/\/www.justiceinfo.net\/fr\/35674-faut-il-juger-les-dictateurs-africains.html\" \/>\n<meta property=\"og:locale\" content=\"fr_FR\" \/>\n<meta property=\"og:type\" content=\"article\" \/>\n<meta property=\"og:title\" content=\"Faut-il juger les dictateurs : la r\u00e9ponse d&#039;activistes africains\" \/>\n<meta property=\"og:description\" content=\"Plusieurs activistes africains, mais aussi europ\u00e9ens, ont pris part, fin novembre \u00e0 Abidjan, \u00e0 un contre-sommet organis\u00e9 par la soci\u00e9t\u00e9 civile en marge du 5e sommet \u00a0Afrique-Europe tenu dans la capital ivoirienne. Un des th\u00e8mes phares de cette rencontre \u00e9tait le grave d\u00e9ficit de d\u00e9mocratie et d\u2019alternance politique sur le continent africain. Pendant que certains [&hellip;]\" \/>\n<meta property=\"og:url\" content=\"https:\/\/www.justiceinfo.net\/fr\/35674-faut-il-juger-les-dictateurs-africains.html\" \/>\n<meta property=\"og:site_name\" content=\"JusticeInfo.net\" \/>\n<meta property=\"article:publisher\" content=\"https:\/\/www.facebook.com\/JusticeInfo\/\" \/>\n<meta property=\"article:published_time\" content=\"2017-12-10T10:14:00+00:00\" \/>\n<meta property=\"og:image\" content=\"https:\/\/www.justiceinfo.net\/wp-content\/uploads\/63d9495b673ff76c38478651baab6625.jpg\" \/>\n\t<meta property=\"og:image:width\" content=\"610\" \/>\n\t<meta property=\"og:image:height\" content=\"393\" \/>\n\t<meta property=\"og:image:type\" content=\"image\/jpeg\" \/>\n<meta name=\"author\" content=\"Maxime Domegni, Correspondant en Afrique de l\u2019Ouest\" \/>\n<meta name=\"twitter:card\" content=\"summary_large_image\" \/>\n<meta name=\"twitter:creator\" content=\"@justiceinfonet\" \/>\n<meta name=\"twitter:site\" content=\"@justiceinfonet\" \/>\n<meta name=\"twitter:label1\" content=\"\u00c9crit par\" \/>\n\t<meta name=\"twitter:data1\" content=\"Maxime Domegni, Correspondant en Afrique de l\u2019Ouest\" \/>\n\t<meta name=\"twitter:label2\" content=\"Dur\u00e9e de lecture estim\u00e9e\" \/>\n\t<meta name=\"twitter:data2\" content=\"9 minutes\" \/>\n<script type=\"application\/ld+json\" class=\"yoast-schema-graph\">{\"@context\":\"https:\/\/schema.org\",\"@graph\":[{\"@type\":\"NewsArticle\",\"@id\":\"https:\/\/www.justiceinfo.net\/fr\/35674-faut-il-juger-les-dictateurs-africains.html#article\",\"isPartOf\":{\"@id\":\"https:\/\/www.justiceinfo.net\/fr\/35674-faut-il-juger-les-dictateurs-africains.html\"},\"author\":{\"name\":\"solivri\",\"@id\":\"https:\/\/www.justiceinfo.net\/fr#\/schema\/person\/6e53cba1629e2e66f3fc1821d3091865\"},\"headline\":\"Faut-il juger les dictateurs : la r\u00e9ponse d'activistes africains\",\"datePublished\":\"2017-12-10T10:14:00+00:00\",\"mainEntityOfPage\":{\"@id\":\"https:\/\/www.justiceinfo.net\/fr\/35674-faut-il-juger-les-dictateurs-africains.html\"},\"wordCount\":1886,\"commentCount\":0,\"publisher\":{\"@id\":\"https:\/\/www.justiceinfo.net\/fr#organization\"},\"image\":{\"@id\":\"https:\/\/www.justiceinfo.net\/fr\/35674-faut-il-juger-les-dictateurs-africains.html#primaryimage\"},\"thumbnailUrl\":\"https:\/\/www.justiceinfo.net\/wp-content\/uploads\/63d9495b673ff76c38478651baab6625.jpg\",\"articleSection\":[\"Commissions v\u00e9rit\u00e9\"],\"inLanguage\":\"fr-FR\",\"potentialAction\":[{\"@type\":\"CommentAction\",\"name\":\"Comment\",\"target\":[\"https:\/\/www.justiceinfo.net\/fr\/35674-faut-il-juger-les-dictateurs-africains.html#respond\"]}]},{\"@type\":\"WebPage\",\"@id\":\"https:\/\/www.justiceinfo.net\/fr\/35674-faut-il-juger-les-dictateurs-africains.html\",\"url\":\"https:\/\/www.justiceinfo.net\/fr\/35674-faut-il-juger-les-dictateurs-africains.html\",\"name\":\"Faut-il juger les dictateurs : la r\u00e9ponse d'activistes africains - JusticeInfo.net\",\"isPartOf\":{\"@id\":\"https:\/\/www.justiceinfo.net\/fr#website\"},\"primaryImageOfPage\":{\"@id\":\"https:\/\/www.justiceinfo.net\/fr\/35674-faut-il-juger-les-dictateurs-africains.html#primaryimage\"},\"image\":{\"@id\":\"https:\/\/www.justiceinfo.net\/fr\/35674-faut-il-juger-les-dictateurs-africains.html#primaryimage\"},\"thumbnailUrl\":\"https:\/\/www.justiceinfo.net\/wp-content\/uploads\/63d9495b673ff76c38478651baab6625.jpg\",\"datePublished\":\"2017-12-10T10:14:00+00:00\",\"breadcrumb\":{\"@id\":\"https:\/\/www.justiceinfo.net\/fr\/35674-faut-il-juger-les-dictateurs-africains.html#breadcrumb\"},\"inLanguage\":\"fr-FR\",\"potentialAction\":[{\"@type\":\"ReadAction\",\"target\":[\"https:\/\/www.justiceinfo.net\/fr\/35674-faut-il-juger-les-dictateurs-africains.html\"]}]},{\"@type\":\"ImageObject\",\"inLanguage\":\"fr-FR\",\"@id\":\"https:\/\/www.justiceinfo.net\/fr\/35674-faut-il-juger-les-dictateurs-africains.html#primaryimage\",\"url\":\"https:\/\/www.justiceinfo.net\/wp-content\/uploads\/63d9495b673ff76c38478651baab6625.jpg\",\"contentUrl\":\"https:\/\/www.justiceinfo.net\/wp-content\/uploads\/63d9495b673ff76c38478651baab6625.jpg\",\"width\":610,\"height\":393},{\"@type\":\"BreadcrumbList\",\"@id\":\"https:\/\/www.justiceinfo.net\/fr\/35674-faut-il-juger-les-dictateurs-africains.html#breadcrumb\",\"itemListElement\":[{\"@type\":\"ListItem\",\"position\":1,\"name\":\"Home\",\"item\":\"https:\/\/www.justiceinfo.net\/fr\"},{\"@type\":\"ListItem\",\"position\":2,\"name\":\"Faut-il juger les dictateurs : la r\u00e9ponse d'activistes africains\"}]},{\"@type\":\"WebSite\",\"@id\":\"https:\/\/www.justiceinfo.net\/fr#website\",\"url\":\"https:\/\/www.justiceinfo.net\/fr\",\"name\":\"JusticeInfo.net\",\"description\":\"La justice doit \u00eatre vue pour \u00eatre rendue\",\"publisher\":{\"@id\":\"https:\/\/www.justiceinfo.net\/fr#organization\"},\"potentialAction\":[{\"@type\":\"SearchAction\",\"target\":{\"@type\":\"EntryPoint\",\"urlTemplate\":\"https:\/\/www.justiceinfo.net\/fr?s={search_term_string}\"},\"query-input\":{\"@type\":\"PropertyValueSpecification\",\"valueRequired\":true,\"valueName\":\"search_term_string\"}}],\"inLanguage\":\"fr-FR\"},{\"@type\":\"Organization\",\"@id\":\"https:\/\/www.justiceinfo.net\/fr#organization\",\"name\":\"Justice Info\",\"url\":\"https:\/\/www.justiceinfo.net\/fr\",\"logo\":{\"@type\":\"ImageObject\",\"inLanguage\":\"fr-FR\",\"@id\":\"https:\/\/www.justiceinfo.net\/fr#\/schema\/logo\/image\/\",\"url\":\"https:\/\/www.justiceinfo.net\/wp-content\/uploads\/justiceinfo_logo-trans_1200x1200px.png\",\"contentUrl\":\"https:\/\/www.justiceinfo.net\/wp-content\/uploads\/justiceinfo_logo-trans_1200x1200px.png\",\"width\":1199,\"height\":1200,\"caption\":\"Justice Info\"},\"image\":{\"@id\":\"https:\/\/www.justiceinfo.net\/fr#\/schema\/logo\/image\/\"},\"sameAs\":[\"https:\/\/www.facebook.com\/JusticeInfo\/\",\"https:\/\/x.com\/justiceinfonet\",\"https:\/\/www.linkedin.com\/company\/justice-info\",\"https:\/\/www.youtube.com\/channel\/UCyCEsARodyuWtkWyhn-e7pA\"]},{\"@type\":\"Person\",\"name\":\"Maxime Domegni, Correspondant en Afrique de l\u2019Ouest\",\"url\":\"\/fr\/?s=Maxime Domegni, Correspondant en Afrique de l\u2019Ouest\"}]}<\/script>\n<!-- \/ Yoast SEO Premium plugin. -->","yoast_head_json":{"title":"Faut-il juger les dictateurs : la r\u00e9ponse d'activistes africains - JusticeInfo.net","robots":{"index":"index","follow":"follow","max-snippet":"max-snippet:-1","max-image-preview":"max-image-preview:large","max-video-preview":"max-video-preview:-1"},"canonical":"https:\/\/www.justiceinfo.net\/fr\/35674-faut-il-juger-les-dictateurs-africains.html","og_locale":"fr_FR","og_type":"article","og_title":"Faut-il juger les dictateurs : la r\u00e9ponse d'activistes africains","og_description":"Plusieurs activistes africains, mais aussi europ\u00e9ens, ont pris part, fin novembre \u00e0 Abidjan, \u00e0 un contre-sommet organis\u00e9 par la soci\u00e9t\u00e9 civile en marge du 5e sommet \u00a0Afrique-Europe tenu dans la capital ivoirienne. Un des th\u00e8mes phares de cette rencontre \u00e9tait le grave d\u00e9ficit de d\u00e9mocratie et d\u2019alternance politique sur le continent africain. Pendant que certains [&hellip;]","og_url":"https:\/\/www.justiceinfo.net\/fr\/35674-faut-il-juger-les-dictateurs-africains.html","og_site_name":"JusticeInfo.net","article_publisher":"https:\/\/www.facebook.com\/JusticeInfo\/","article_published_time":"2017-12-10T10:14:00+00:00","og_image":[{"width":610,"height":393,"url":"https:\/\/www.justiceinfo.net\/wp-content\/uploads\/63d9495b673ff76c38478651baab6625.jpg","type":"image\/jpeg"}],"author":"Maxime Domegni, Correspondant en Afrique de l\u2019Ouest","twitter_card":"summary_large_image","twitter_creator":"@justiceinfonet","twitter_site":"@justiceinfonet","twitter_misc":{"\u00c9crit par":"Maxime Domegni, Correspondant en Afrique de l\u2019Ouest","Dur\u00e9e de lecture estim\u00e9e":"9 minutes"},"schema":{"@context":"https:\/\/schema.org","@graph":[{"@type":"NewsArticle","@id":"https:\/\/www.justiceinfo.net\/fr\/35674-faut-il-juger-les-dictateurs-africains.html#article","isPartOf":{"@id":"https:\/\/www.justiceinfo.net\/fr\/35674-faut-il-juger-les-dictateurs-africains.html"},"author":{"name":"solivri","@id":"https:\/\/www.justiceinfo.net\/fr#\/schema\/person\/6e53cba1629e2e66f3fc1821d3091865"},"headline":"Faut-il juger les dictateurs : la r\u00e9ponse d'activistes africains","datePublished":"2017-12-10T10:14:00+00:00","mainEntityOfPage":{"@id":"https:\/\/www.justiceinfo.net\/fr\/35674-faut-il-juger-les-dictateurs-africains.html"},"wordCount":1886,"commentCount":0,"publisher":{"@id":"https:\/\/www.justiceinfo.net\/fr#organization"},"image":{"@id":"https:\/\/www.justiceinfo.net\/fr\/35674-faut-il-juger-les-dictateurs-africains.html#primaryimage"},"thumbnailUrl":"https:\/\/www.justiceinfo.net\/wp-content\/uploads\/63d9495b673ff76c38478651baab6625.jpg","articleSection":["Commissions v\u00e9rit\u00e9"],"inLanguage":"fr-FR","potentialAction":[{"@type":"CommentAction","name":"Comment","target":["https:\/\/www.justiceinfo.net\/fr\/35674-faut-il-juger-les-dictateurs-africains.html#respond"]}]},{"@type":"WebPage","@id":"https:\/\/www.justiceinfo.net\/fr\/35674-faut-il-juger-les-dictateurs-africains.html","url":"https:\/\/www.justiceinfo.net\/fr\/35674-faut-il-juger-les-dictateurs-africains.html","name":"Faut-il juger les dictateurs : la r\u00e9ponse d'activistes africains - JusticeInfo.net","isPartOf":{"@id":"https:\/\/www.justiceinfo.net\/fr#website"},"primaryImageOfPage":{"@id":"https:\/\/www.justiceinfo.net\/fr\/35674-faut-il-juger-les-dictateurs-africains.html#primaryimage"},"image":{"@id":"https:\/\/www.justiceinfo.net\/fr\/35674-faut-il-juger-les-dictateurs-africains.html#primaryimage"},"thumbnailUrl":"https:\/\/www.justiceinfo.net\/wp-content\/uploads\/63d9495b673ff76c38478651baab6625.jpg","datePublished":"2017-12-10T10:14:00+00:00","breadcrumb":{"@id":"https:\/\/www.justiceinfo.net\/fr\/35674-faut-il-juger-les-dictateurs-africains.html#breadcrumb"},"inLanguage":"fr-FR","potentialAction":[{"@type":"ReadAction","target":["https:\/\/www.justiceinfo.net\/fr\/35674-faut-il-juger-les-dictateurs-africains.html"]}]},{"@type":"ImageObject","inLanguage":"fr-FR","@id":"https:\/\/www.justiceinfo.net\/fr\/35674-faut-il-juger-les-dictateurs-africains.html#primaryimage","url":"https:\/\/www.justiceinfo.net\/wp-content\/uploads\/63d9495b673ff76c38478651baab6625.jpg","contentUrl":"https:\/\/www.justiceinfo.net\/wp-content\/uploads\/63d9495b673ff76c38478651baab6625.jpg","width":610,"height":393},{"@type":"BreadcrumbList","@id":"https:\/\/www.justiceinfo.net\/fr\/35674-faut-il-juger-les-dictateurs-africains.html#breadcrumb","itemListElement":[{"@type":"ListItem","position":1,"name":"Home","item":"https:\/\/www.justiceinfo.net\/fr"},{"@type":"ListItem","position":2,"name":"Faut-il juger les dictateurs : la r\u00e9ponse d'activistes africains"}]},{"@type":"WebSite","@id":"https:\/\/www.justiceinfo.net\/fr#website","url":"https:\/\/www.justiceinfo.net\/fr","name":"JusticeInfo.net","description":"La justice doit \u00eatre vue pour \u00eatre rendue","publisher":{"@id":"https:\/\/www.justiceinfo.net\/fr#organization"},"potentialAction":[{"@type":"SearchAction","target":{"@type":"EntryPoint","urlTemplate":"https:\/\/www.justiceinfo.net\/fr?s={search_term_string}"},"query-input":{"@type":"PropertyValueSpecification","valueRequired":true,"valueName":"search_term_string"}}],"inLanguage":"fr-FR"},{"@type":"Organization","@id":"https:\/\/www.justiceinfo.net\/fr#organization","name":"Justice Info","url":"https:\/\/www.justiceinfo.net\/fr","logo":{"@type":"ImageObject","inLanguage":"fr-FR","@id":"https:\/\/www.justiceinfo.net\/fr#\/schema\/logo\/image\/","url":"https:\/\/www.justiceinfo.net\/wp-content\/uploads\/justiceinfo_logo-trans_1200x1200px.png","contentUrl":"https:\/\/www.justiceinfo.net\/wp-content\/uploads\/justiceinfo_logo-trans_1200x1200px.png","width":1199,"height":1200,"caption":"Justice Info"},"image":{"@id":"https:\/\/www.justiceinfo.net\/fr#\/schema\/logo\/image\/"},"sameAs":["https:\/\/www.facebook.com\/JusticeInfo\/","https:\/\/x.com\/justiceinfonet","https:\/\/www.linkedin.com\/company\/justice-info","https:\/\/www.youtube.com\/channel\/UCyCEsARodyuWtkWyhn-e7pA"]},{"@type":"Person","name":"Maxime Domegni, Correspondant en Afrique de l\u2019Ouest","url":"\/fr\/?s=Maxime Domegni, Correspondant en Afrique de l\u2019Ouest"}]}},"_links":{"self":[{"href":"https:\/\/www.justiceinfo.net\/fr\/wp-json\/wp\/v2\/posts\/35674","targetHints":{"allow":["GET"]}}],"collection":[{"href":"https:\/\/www.justiceinfo.net\/fr\/wp-json\/wp\/v2\/posts"}],"about":[{"href":"https:\/\/www.justiceinfo.net\/fr\/wp-json\/wp\/v2\/types\/post"}],"author":[{"embeddable":true,"href":"https:\/\/www.justiceinfo.net\/fr\/wp-json\/wp\/v2\/users\/64"}],"replies":[{"embeddable":true,"href":"https:\/\/www.justiceinfo.net\/fr\/wp-json\/wp\/v2\/comments?post=35674"}],"version-history":[{"count":0,"href":"https:\/\/www.justiceinfo.net\/fr\/wp-json\/wp\/v2\/posts\/35674\/revisions"}],"wp:featuredmedia":[{"embeddable":true,"href":"https:\/\/www.justiceinfo.net\/fr\/wp-json\/wp\/v2\/media\/68316"}],"wp:attachment":[{"href":"https:\/\/www.justiceinfo.net\/fr\/wp-json\/wp\/v2\/media?parent=35674"}],"wp:term":[{"taxonomy":"category","embeddable":true,"href":"https:\/\/www.justiceinfo.net\/fr\/wp-json\/wp\/v2\/categories?post=35674"},{"taxonomy":"post_tag","embeddable":true,"href":"https:\/\/www.justiceinfo.net\/fr\/wp-json\/wp\/v2\/tags?post=35674"},{"taxonomy":"ji_location","embeddable":true,"href":"https:\/\/www.justiceinfo.net\/fr\/wp-json\/wp\/v2\/ji_location?post=35674"}],"curies":[{"name":"wp","href":"https:\/\/api.w.org\/{rel}","templated":true}]}}