{"id":35707,"date":"2017-12-11T08:58:33","date_gmt":"2017-12-11T07:58:33","guid":{"rendered":"https:\/\/www.justiceinfo.net\/35707-la-semaine-de-la-justice-transitionnelle-le-crime-d-aggression-debattu-a-la-cpi.html"},"modified":"2017-12-11T08:58:33","modified_gmt":"2017-12-11T07:58:33","slug":"la-semaine-de-la-justice-transitionnelle-le-crime-d-aggression-debattu-a-la-cpi","status":"publish","type":"post","link":"https:\/\/www.justiceinfo.net\/fr\/35707-la-semaine-de-la-justice-transitionnelle-le-crime-d-aggression-debattu-a-la-cpi.html","title":{"rendered":"La semaine de la justice transitionnelle : que cache le d\u00e9bat sur le crime d'agression \u00e0 la CPI"},"content":{"rendered":"<div class=\"content-excerpt\">\n<p>La semaine de la justice transitionnelle a \u00e9t\u00e9 domin\u00e9e par la r\u00e9union des 123 pays parties de la Cour p\u00e9nale internationale aux Nations unies \u00e0 New York. Au menu, la cat\u00e9gorie juridique du \"crime d'agression\" \u00e0 ajouter aux trois chefs d'inculpation d\u00e9j\u00e0 en vigueur \u00e0 la CPI, \u00e0 savoir, crimes de guerre, crimes contre l\u2019humanit\u00e9 et g\u00e9nocide.<\/p>\n<\/div>\n<p>Le d\u00e9bat n\u2019est pas seulement acad\u00e9mique ou juridique.<\/p>\n<p>Le \"crime d'agression\", autrement dit l'agression d'un pays contre un autre pays divise les pays membres et les Etats non membres de la CPI car il pourrait signifier l\u2019inculpation de dirigeants d\u2019Etats, comme la Russie avec la guerre de G\u00e9orgie et l\u2019annexion de la Crim\u00e9e, des Etats-Unis, de la France, de la Grande-Bretagne \u00e0 la suite de l\u2019intervention en Libye. Les interventions de l\u2019Ouganda ou du Rwanda en R\u00e9publique D\u00e9mocratique du Congo sont aussi susceptibles de proc\u00e9dures tout comme les multiples ing\u00e9rences durant la guerre de Syrie ou les actions de l\u2019Iran et de l\u2019Arabie saoudite au Y\u00e9men actuellement.<\/p>\n<p>C\u2019est cette m\u00eame semaine que la procureure de la CPI a annonc\u00e9 que des crimes de guerre pourraient avoir \u00e9t\u00e9 commis par les forces britanniques en Irak. Une nouvelle \u00e9tape destin\u00e9e \u00e0 inciter le Royaume uni \u00e0 poursuivre les auteurs de meurtres et de mauvais traitements all\u00e9gu\u00e9s. La correspondante de JusticeInfo.net pr\u00e8s de la CPI <a href=\"fr\/justice-reconciliation\/35647-irak.html\">\u00e9cri<\/a>t\u00a0: \u00ab\u00a0<\/p>\n<p>Les autorit\u00e9s britanniques forc\u00e9es de juger les auteurs de crimes de guerre commis en Irak ? C\u2019est en substance l\u2019objet de l\u2019examen pr\u00e9liminaire ouvert en 2014 par la procureure sur les mauvais traitements commis par les forces de sa Majest\u00e9 en Irak entre mars 2003 et juillet 2009. La procureure \u00e9voque des meurtres, des traitements cruels, des atteintes \u00e0 la dignit\u00e9 de la personne et des viols\u00a0\u00bb. Ce rapport ne signifie pas pour autant que la CPI soit pr\u00eate \u00e0 ouvrir un proc\u00e8s. La procureure entend avant tout faire pression pour que la justice britannique ne se contente pas de quelques affaires symboliques et s\u2019attaque aux vrais responsables et mette en cause la chaine de commandement des forces britanniques en Irak, premier ministre de l\u2019\u00e9poque, Tony Blair, inclus. Mais, on n\u2019en est pas encore l\u00e0.<\/p>\n<p>Au Y\u00e9men aussi les interventions \u00e9trang\u00e8res\u00a0ob\u00e8rent l\u2019aide humanitaire et emp\u00eachent une solution n\u00e9goci\u00e9e, explique le patron du CICR, dans une <a href=\"fr\/justice-reconciliation\/35662-%C2%ABau-y%C3%A9men,-la-situation-humanitaire-se-d%C3%A9grade-plus-vite-que-notre-capacit%C3%A9-%C3%A0-y-r%C3%A9pondr-%C2%BB,-selon-le-pr%C3%A9sident-du-cicr.html\">interview<\/a> \u00e0 JusticeInfo.net. Selon Peter Maurer, \u00abLes d\u00e9clarations en faveur d\u2019une n\u00e9gociation sont en d\u00e9calage avec les politiques que d\u00e9ploient les Etats impliqu\u00e9s. Ils disent tous sur la sc\u00e8ne internationale vouloir des solutions politiques, mais ils encouragent en m\u00eame temps les forces sur le terrain \u00e0 ne pas faire des compromis.\u00bb<\/p>\n<h3>Urgence extr\u00eame au Yemen<\/h3>\n<p>Dans ce pays, depuis des mois, les organisations humanitaires alertent sur les crimes de guerre et les crimes contre l\u2019humanit\u00e9 commis. Comme le blocus du pays par l\u2019Arabie saoudite qui provoque une famine de la population civile. \u00ab\u00a0Nous sommes donc dans une situation d\u2019urgence extr\u00eamement aigue au Y\u00e9men. La situation se d\u00e9grade plus vite que notre capacit\u00e9 \u00e0 r\u00e9pondre aux besoins de base de la population\u00bb, s\u2019inqui\u00e8te Peter Maurer.<\/p>\n<p>Quant \u00e0 la Croatie, une semaine apr\u00e8s le suicide spectaculaire en pleine audience du Tribunal International pour la Yougoslavie (TPIR) du criminel de guerre croate Slobodan Praljak, elle n\u2019en finit pas d\u2019entretenir le d\u00e9ni. La T\u00e9l\u00e9vision nationale croate a ainsi rendu vendredi \u00e0 une heure de grande \u00e9coute hommage \u00e0 l\u2019ancien chef militaire, toujours consid\u00e9r\u00e9 comme un h\u00e9ros national. La pr\u00e9sidente croate Kolinda Grabar-Kitarovic a quand m\u00eame exhort\u00e9 les Croates \u00e0 \"avoir la force de reconna\u00eetre que certains compatriotes en Bosnie avaient commis des crimes et devaient en \u00eatre tenus pour responsables\". Mais, a-t-elle ajout\u00e9 \u201c qu\u2019en tant qu'Etat, la Croatie n'\u00e9tait pas un agresseur\"<\/p>\n<p>\u00a0<\/p>\n<p>\u00a0<\/p>\n<p>\u00a0<\/p>\n<p>\u00a0<\/p>\n","protected":false},"excerpt":{"rendered":"<p>La semaine de la justice transitionnelle a \u00e9t\u00e9 domin\u00e9e par la r\u00e9union des 123 pays parties de la Cour p\u00e9nale internationale aux Nations unies \u00e0 New York. Au menu, la cat\u00e9gorie juridique du \"crime d'agression\" \u00e0 ajouter aux trois chefs d'inculpation d\u00e9j\u00e0 en vigueur \u00e0 la CPI, \u00e0 savoir, crimes de guerre, crimes contre l\u2019humanit\u00e9 [&hellip;]<\/p>\n","protected":false},"author":58,"featured_media":67971,"comment_status":"open","ping_status":"closed","sticky":false,"template":"","format":"standard","meta":{"_acf_changed":false,"footnotes":""},"categories":[575],"tags":[],"ji_location":[2566],"class_list":["post-35707","post","type-post","status-publish","format-standard","has-post-thumbnail","hentry","category-opinions","ji_location-international"],"acf":[],"yoast_head":"<!-- This site is optimized with the Yoast SEO Premium plugin v25.3.1 (Yoast SEO v25.3.1) - https:\/\/yoast.com\/wordpress\/plugins\/seo\/ -->\n<title>La semaine de la justice transitionnelle : que cache le d\u00e9bat sur le crime d&#039;agression \u00e0 la CPI - JusticeInfo.net<\/title>\n<meta name=\"robots\" content=\"index, follow, max-snippet:-1, max-image-preview:large, max-video-preview:-1\" \/>\n<link rel=\"canonical\" href=\"https:\/\/www.justiceinfo.net\/fr\/35707-la-semaine-de-la-justice-transitionnelle-le-crime-d-aggression-debattu-a-la-cpi.html\" \/>\n<meta property=\"og:locale\" content=\"fr_FR\" \/>\n<meta property=\"og:type\" content=\"article\" \/>\n<meta property=\"og:title\" content=\"La semaine de la justice transitionnelle : que cache le d\u00e9bat sur le crime d&#039;agression \u00e0 la CPI\" \/>\n<meta property=\"og:description\" content=\"La semaine de la justice transitionnelle a \u00e9t\u00e9 domin\u00e9e par la r\u00e9union des 123 pays parties de la Cour p\u00e9nale internationale aux Nations unies \u00e0 New York. Au menu, la cat\u00e9gorie juridique du &quot;crime d&#039;agression&quot; \u00e0 ajouter aux trois chefs d&#039;inculpation d\u00e9j\u00e0 en vigueur \u00e0 la CPI, \u00e0 savoir, crimes de guerre, crimes contre l\u2019humanit\u00e9 [&hellip;]\" \/>\n<meta property=\"og:url\" content=\"https:\/\/www.justiceinfo.net\/fr\/35707-la-semaine-de-la-justice-transitionnelle-le-crime-d-aggression-debattu-a-la-cpi.html\" \/>\n<meta property=\"og:site_name\" content=\"JusticeInfo.net\" \/>\n<meta property=\"article:publisher\" content=\"https:\/\/www.facebook.com\/JusticeInfo\/\" \/>\n<meta property=\"article:author\" content=\"https:\/\/www.facebook.com\/profile.php?id=100004809918727\" \/>\n<meta property=\"article:published_time\" content=\"2017-12-11T07:58:33+00:00\" \/>\n<meta property=\"og:image\" content=\"https:\/\/www.justiceinfo.net\/wp-content\/uploads\/4bd90aa252b97bf4e7d53b093b5f8086.jpg\" \/>\n\t<meta property=\"og:image:width\" content=\"2048\" \/>\n\t<meta property=\"og:image:height\" content=\"1365\" \/>\n\t<meta property=\"og:image:type\" content=\"image\/jpeg\" \/>\n<meta name=\"author\" content=\"Fran\u00e7ois Sergent\" \/>\n<meta name=\"twitter:card\" content=\"summary_large_image\" \/>\n<meta name=\"twitter:creator\" content=\"@FrancoisSergent\" \/>\n<meta name=\"twitter:site\" content=\"@justiceinfonet\" \/>\n<meta name=\"twitter:label1\" content=\"\u00c9crit par\" \/>\n\t<meta name=\"twitter:data1\" content=\"Fran\u00e7ois Sergent\" \/>\n\t<meta name=\"twitter:label2\" content=\"Dur\u00e9e de lecture estim\u00e9e\" \/>\n\t<meta name=\"twitter:data2\" content=\"3 minutes\" \/>\n<script type=\"application\/ld+json\" class=\"yoast-schema-graph\">{\"@context\":\"https:\/\/schema.org\",\"@graph\":[{\"@type\":\"NewsArticle\",\"@id\":\"https:\/\/www.justiceinfo.net\/fr\/35707-la-semaine-de-la-justice-transitionnelle-le-crime-d-aggression-debattu-a-la-cpi.html#article\",\"isPartOf\":{\"@id\":\"https:\/\/www.justiceinfo.net\/fr\/35707-la-semaine-de-la-justice-transitionnelle-le-crime-d-aggression-debattu-a-la-cpi.html\"},\"author\":{\"name\":\"fsergent\",\"@id\":\"https:\/\/www.justiceinfo.net\/fr#\/schema\/person\/724414fc3a7779fc189a73a27563e5e1\"},\"headline\":\"La semaine de la justice transitionnelle : que cache le d\u00e9bat sur le crime d'agression \u00e0 la CPI\",\"datePublished\":\"2017-12-11T07:58:33+00:00\",\"mainEntityOfPage\":{\"@id\":\"https:\/\/www.justiceinfo.net\/fr\/35707-la-semaine-de-la-justice-transitionnelle-le-crime-d-aggression-debattu-a-la-cpi.html\"},\"wordCount\":689,\"commentCount\":0,\"publisher\":{\"@id\":\"https:\/\/www.justiceinfo.net\/fr#organization\"},\"image\":{\"@id\":\"https:\/\/www.justiceinfo.net\/fr\/35707-la-semaine-de-la-justice-transitionnelle-le-crime-d-aggression-debattu-a-la-cpi.html#primaryimage\"},\"thumbnailUrl\":\"https:\/\/www.justiceinfo.net\/wp-content\/uploads\/4bd90aa252b97bf4e7d53b093b5f8086.jpg\",\"articleSection\":[\"Opinions\"],\"inLanguage\":\"fr-FR\",\"potentialAction\":[{\"@type\":\"CommentAction\",\"name\":\"Comment\",\"target\":[\"https:\/\/www.justiceinfo.net\/fr\/35707-la-semaine-de-la-justice-transitionnelle-le-crime-d-aggression-debattu-a-la-cpi.html#respond\"]}]},{\"@type\":\"WebPage\",\"@id\":\"https:\/\/www.justiceinfo.net\/fr\/35707-la-semaine-de-la-justice-transitionnelle-le-crime-d-aggression-debattu-a-la-cpi.html\",\"url\":\"https:\/\/www.justiceinfo.net\/fr\/35707-la-semaine-de-la-justice-transitionnelle-le-crime-d-aggression-debattu-a-la-cpi.html\",\"name\":\"La semaine de la justice transitionnelle : que cache le d\u00e9bat sur le crime d'agression \u00e0 la CPI - JusticeInfo.net\",\"isPartOf\":{\"@id\":\"https:\/\/www.justiceinfo.net\/fr#website\"},\"primaryImageOfPage\":{\"@id\":\"https:\/\/www.justiceinfo.net\/fr\/35707-la-semaine-de-la-justice-transitionnelle-le-crime-d-aggression-debattu-a-la-cpi.html#primaryimage\"},\"image\":{\"@id\":\"https:\/\/www.justiceinfo.net\/fr\/35707-la-semaine-de-la-justice-transitionnelle-le-crime-d-aggression-debattu-a-la-cpi.html#primaryimage\"},\"thumbnailUrl\":\"https:\/\/www.justiceinfo.net\/wp-content\/uploads\/4bd90aa252b97bf4e7d53b093b5f8086.jpg\",\"datePublished\":\"2017-12-11T07:58:33+00:00\",\"breadcrumb\":{\"@id\":\"https:\/\/www.justiceinfo.net\/fr\/35707-la-semaine-de-la-justice-transitionnelle-le-crime-d-aggression-debattu-a-la-cpi.html#breadcrumb\"},\"inLanguage\":\"fr-FR\",\"potentialAction\":[{\"@type\":\"ReadAction\",\"target\":[\"https:\/\/www.justiceinfo.net\/fr\/35707-la-semaine-de-la-justice-transitionnelle-le-crime-d-aggression-debattu-a-la-cpi.html\"]}]},{\"@type\":\"ImageObject\",\"inLanguage\":\"fr-FR\",\"@id\":\"https:\/\/www.justiceinfo.net\/fr\/35707-la-semaine-de-la-justice-transitionnelle-le-crime-d-aggression-debattu-a-la-cpi.html#primaryimage\",\"url\":\"https:\/\/www.justiceinfo.net\/wp-content\/uploads\/4bd90aa252b97bf4e7d53b093b5f8086.jpg\",\"contentUrl\":\"https:\/\/www.justiceinfo.net\/wp-content\/uploads\/4bd90aa252b97bf4e7d53b093b5f8086.jpg\",\"width\":2048,\"height\":1365},{\"@type\":\"BreadcrumbList\",\"@id\":\"https:\/\/www.justiceinfo.net\/fr\/35707-la-semaine-de-la-justice-transitionnelle-le-crime-d-aggression-debattu-a-la-cpi.html#breadcrumb\",\"itemListElement\":[{\"@type\":\"ListItem\",\"position\":1,\"name\":\"Home\",\"item\":\"https:\/\/www.justiceinfo.net\/fr\"},{\"@type\":\"ListItem\",\"position\":2,\"name\":\"La semaine de la justice transitionnelle : que cache le d\u00e9bat sur le crime d'agression \u00e0 la CPI\"}]},{\"@type\":\"WebSite\",\"@id\":\"https:\/\/www.justiceinfo.net\/fr#website\",\"url\":\"https:\/\/www.justiceinfo.net\/fr\",\"name\":\"JusticeInfo.net\",\"description\":\"La justice doit \u00eatre vue pour \u00eatre rendue\",\"publisher\":{\"@id\":\"https:\/\/www.justiceinfo.net\/fr#organization\"},\"potentialAction\":[{\"@type\":\"SearchAction\",\"target\":{\"@type\":\"EntryPoint\",\"urlTemplate\":\"https:\/\/www.justiceinfo.net\/fr?s={search_term_string}\"},\"query-input\":{\"@type\":\"PropertyValueSpecification\",\"valueRequired\":true,\"valueName\":\"search_term_string\"}}],\"inLanguage\":\"fr-FR\"},{\"@type\":\"Organization\",\"@id\":\"https:\/\/www.justiceinfo.net\/fr#organization\",\"name\":\"Justice Info\",\"url\":\"https:\/\/www.justiceinfo.net\/fr\",\"logo\":{\"@type\":\"ImageObject\",\"inLanguage\":\"fr-FR\",\"@id\":\"https:\/\/www.justiceinfo.net\/fr#\/schema\/logo\/image\/\",\"url\":\"https:\/\/www.justiceinfo.net\/wp-content\/uploads\/justiceinfo_logo-trans_1200x1200px.png\",\"contentUrl\":\"https:\/\/www.justiceinfo.net\/wp-content\/uploads\/justiceinfo_logo-trans_1200x1200px.png\",\"width\":1199,\"height\":1200,\"caption\":\"Justice Info\"},\"image\":{\"@id\":\"https:\/\/www.justiceinfo.net\/fr#\/schema\/logo\/image\/\"},\"sameAs\":[\"https:\/\/www.facebook.com\/JusticeInfo\/\",\"https:\/\/x.com\/justiceinfonet\",\"https:\/\/www.linkedin.com\/company\/justice-info\",\"https:\/\/www.youtube.com\/channel\/UCyCEsARodyuWtkWyhn-e7pA\"]},{\"@type\":\"Person\",\"name\":\"Fran\u00e7ois Sergent\",\"sameAs\":[\"https:\/\/www.facebook.com\/profile.php?id=100004809918727\",\"https:\/\/x.com\/FrancoisSergent\"],\"url\":\"https:\/\/www.justiceinfo.net\/fr\/auteur\/fsergent\"}]}<\/script>\n<!-- \/ Yoast SEO Premium plugin. -->","yoast_head_json":{"title":"La semaine de la justice transitionnelle : que cache le d\u00e9bat sur le crime d'agression \u00e0 la CPI - JusticeInfo.net","robots":{"index":"index","follow":"follow","max-snippet":"max-snippet:-1","max-image-preview":"max-image-preview:large","max-video-preview":"max-video-preview:-1"},"canonical":"https:\/\/www.justiceinfo.net\/fr\/35707-la-semaine-de-la-justice-transitionnelle-le-crime-d-aggression-debattu-a-la-cpi.html","og_locale":"fr_FR","og_type":"article","og_title":"La semaine de la justice transitionnelle : que cache le d\u00e9bat sur le crime d'agression \u00e0 la CPI","og_description":"La semaine de la justice transitionnelle a \u00e9t\u00e9 domin\u00e9e par la r\u00e9union des 123 pays parties de la Cour p\u00e9nale internationale aux Nations unies \u00e0 New York. Au menu, la cat\u00e9gorie juridique du \"crime d'agression\" \u00e0 ajouter aux trois chefs d'inculpation d\u00e9j\u00e0 en vigueur \u00e0 la CPI, \u00e0 savoir, crimes de guerre, crimes contre l\u2019humanit\u00e9 [&hellip;]","og_url":"https:\/\/www.justiceinfo.net\/fr\/35707-la-semaine-de-la-justice-transitionnelle-le-crime-d-aggression-debattu-a-la-cpi.html","og_site_name":"JusticeInfo.net","article_publisher":"https:\/\/www.facebook.com\/JusticeInfo\/","article_author":"https:\/\/www.facebook.com\/profile.php?id=100004809918727","article_published_time":"2017-12-11T07:58:33+00:00","og_image":[{"width":2048,"height":1365,"url":"https:\/\/www.justiceinfo.net\/wp-content\/uploads\/4bd90aa252b97bf4e7d53b093b5f8086.jpg","type":"image\/jpeg"}],"author":"Fran\u00e7ois Sergent","twitter_card":"summary_large_image","twitter_creator":"@FrancoisSergent","twitter_site":"@justiceinfonet","twitter_misc":{"\u00c9crit par":"Fran\u00e7ois Sergent","Dur\u00e9e de lecture estim\u00e9e":"3 minutes"},"schema":{"@context":"https:\/\/schema.org","@graph":[{"@type":"NewsArticle","@id":"https:\/\/www.justiceinfo.net\/fr\/35707-la-semaine-de-la-justice-transitionnelle-le-crime-d-aggression-debattu-a-la-cpi.html#article","isPartOf":{"@id":"https:\/\/www.justiceinfo.net\/fr\/35707-la-semaine-de-la-justice-transitionnelle-le-crime-d-aggression-debattu-a-la-cpi.html"},"author":{"name":"fsergent","@id":"https:\/\/www.justiceinfo.net\/fr#\/schema\/person\/724414fc3a7779fc189a73a27563e5e1"},"headline":"La semaine de la justice transitionnelle : que cache le d\u00e9bat sur le crime d'agression \u00e0 la CPI","datePublished":"2017-12-11T07:58:33+00:00","mainEntityOfPage":{"@id":"https:\/\/www.justiceinfo.net\/fr\/35707-la-semaine-de-la-justice-transitionnelle-le-crime-d-aggression-debattu-a-la-cpi.html"},"wordCount":689,"commentCount":0,"publisher":{"@id":"https:\/\/www.justiceinfo.net\/fr#organization"},"image":{"@id":"https:\/\/www.justiceinfo.net\/fr\/35707-la-semaine-de-la-justice-transitionnelle-le-crime-d-aggression-debattu-a-la-cpi.html#primaryimage"},"thumbnailUrl":"https:\/\/www.justiceinfo.net\/wp-content\/uploads\/4bd90aa252b97bf4e7d53b093b5f8086.jpg","articleSection":["Opinions"],"inLanguage":"fr-FR","potentialAction":[{"@type":"CommentAction","name":"Comment","target":["https:\/\/www.justiceinfo.net\/fr\/35707-la-semaine-de-la-justice-transitionnelle-le-crime-d-aggression-debattu-a-la-cpi.html#respond"]}]},{"@type":"WebPage","@id":"https:\/\/www.justiceinfo.net\/fr\/35707-la-semaine-de-la-justice-transitionnelle-le-crime-d-aggression-debattu-a-la-cpi.html","url":"https:\/\/www.justiceinfo.net\/fr\/35707-la-semaine-de-la-justice-transitionnelle-le-crime-d-aggression-debattu-a-la-cpi.html","name":"La semaine de la justice transitionnelle : que cache le d\u00e9bat sur le crime d'agression \u00e0 la CPI - JusticeInfo.net","isPartOf":{"@id":"https:\/\/www.justiceinfo.net\/fr#website"},"primaryImageOfPage":{"@id":"https:\/\/www.justiceinfo.net\/fr\/35707-la-semaine-de-la-justice-transitionnelle-le-crime-d-aggression-debattu-a-la-cpi.html#primaryimage"},"image":{"@id":"https:\/\/www.justiceinfo.net\/fr\/35707-la-semaine-de-la-justice-transitionnelle-le-crime-d-aggression-debattu-a-la-cpi.html#primaryimage"},"thumbnailUrl":"https:\/\/www.justiceinfo.net\/wp-content\/uploads\/4bd90aa252b97bf4e7d53b093b5f8086.jpg","datePublished":"2017-12-11T07:58:33+00:00","breadcrumb":{"@id":"https:\/\/www.justiceinfo.net\/fr\/35707-la-semaine-de-la-justice-transitionnelle-le-crime-d-aggression-debattu-a-la-cpi.html#breadcrumb"},"inLanguage":"fr-FR","potentialAction":[{"@type":"ReadAction","target":["https:\/\/www.justiceinfo.net\/fr\/35707-la-semaine-de-la-justice-transitionnelle-le-crime-d-aggression-debattu-a-la-cpi.html"]}]},{"@type":"ImageObject","inLanguage":"fr-FR","@id":"https:\/\/www.justiceinfo.net\/fr\/35707-la-semaine-de-la-justice-transitionnelle-le-crime-d-aggression-debattu-a-la-cpi.html#primaryimage","url":"https:\/\/www.justiceinfo.net\/wp-content\/uploads\/4bd90aa252b97bf4e7d53b093b5f8086.jpg","contentUrl":"https:\/\/www.justiceinfo.net\/wp-content\/uploads\/4bd90aa252b97bf4e7d53b093b5f8086.jpg","width":2048,"height":1365},{"@type":"BreadcrumbList","@id":"https:\/\/www.justiceinfo.net\/fr\/35707-la-semaine-de-la-justice-transitionnelle-le-crime-d-aggression-debattu-a-la-cpi.html#breadcrumb","itemListElement":[{"@type":"ListItem","position":1,"name":"Home","item":"https:\/\/www.justiceinfo.net\/fr"},{"@type":"ListItem","position":2,"name":"La semaine de la justice transitionnelle : que cache le d\u00e9bat sur le crime d'agression \u00e0 la CPI"}]},{"@type":"WebSite","@id":"https:\/\/www.justiceinfo.net\/fr#website","url":"https:\/\/www.justiceinfo.net\/fr","name":"JusticeInfo.net","description":"La justice doit \u00eatre vue pour \u00eatre rendue","publisher":{"@id":"https:\/\/www.justiceinfo.net\/fr#organization"},"potentialAction":[{"@type":"SearchAction","target":{"@type":"EntryPoint","urlTemplate":"https:\/\/www.justiceinfo.net\/fr?s={search_term_string}"},"query-input":{"@type":"PropertyValueSpecification","valueRequired":true,"valueName":"search_term_string"}}],"inLanguage":"fr-FR"},{"@type":"Organization","@id":"https:\/\/www.justiceinfo.net\/fr#organization","name":"Justice Info","url":"https:\/\/www.justiceinfo.net\/fr","logo":{"@type":"ImageObject","inLanguage":"fr-FR","@id":"https:\/\/www.justiceinfo.net\/fr#\/schema\/logo\/image\/","url":"https:\/\/www.justiceinfo.net\/wp-content\/uploads\/justiceinfo_logo-trans_1200x1200px.png","contentUrl":"https:\/\/www.justiceinfo.net\/wp-content\/uploads\/justiceinfo_logo-trans_1200x1200px.png","width":1199,"height":1200,"caption":"Justice Info"},"image":{"@id":"https:\/\/www.justiceinfo.net\/fr#\/schema\/logo\/image\/"},"sameAs":["https:\/\/www.facebook.com\/JusticeInfo\/","https:\/\/x.com\/justiceinfonet","https:\/\/www.linkedin.com\/company\/justice-info","https:\/\/www.youtube.com\/channel\/UCyCEsARodyuWtkWyhn-e7pA"]},{"@type":"Person","name":"Fran\u00e7ois Sergent","sameAs":["https:\/\/www.facebook.com\/profile.php?id=100004809918727","https:\/\/x.com\/FrancoisSergent"],"url":"https:\/\/www.justiceinfo.net\/fr\/auteur\/fsergent"}]}},"_links":{"self":[{"href":"https:\/\/www.justiceinfo.net\/fr\/wp-json\/wp\/v2\/posts\/35707","targetHints":{"allow":["GET"]}}],"collection":[{"href":"https:\/\/www.justiceinfo.net\/fr\/wp-json\/wp\/v2\/posts"}],"about":[{"href":"https:\/\/www.justiceinfo.net\/fr\/wp-json\/wp\/v2\/types\/post"}],"author":[{"embeddable":true,"href":"https:\/\/www.justiceinfo.net\/fr\/wp-json\/wp\/v2\/users\/58"}],"replies":[{"embeddable":true,"href":"https:\/\/www.justiceinfo.net\/fr\/wp-json\/wp\/v2\/comments?post=35707"}],"version-history":[{"count":0,"href":"https:\/\/www.justiceinfo.net\/fr\/wp-json\/wp\/v2\/posts\/35707\/revisions"}],"wp:featuredmedia":[{"embeddable":true,"href":"https:\/\/www.justiceinfo.net\/fr\/wp-json\/wp\/v2\/media\/67971"}],"wp:attachment":[{"href":"https:\/\/www.justiceinfo.net\/fr\/wp-json\/wp\/v2\/media?parent=35707"}],"wp:term":[{"taxonomy":"category","embeddable":true,"href":"https:\/\/www.justiceinfo.net\/fr\/wp-json\/wp\/v2\/categories?post=35707"},{"taxonomy":"post_tag","embeddable":true,"href":"https:\/\/www.justiceinfo.net\/fr\/wp-json\/wp\/v2\/tags?post=35707"},{"taxonomy":"ji_location","embeddable":true,"href":"https:\/\/www.justiceinfo.net\/fr\/wp-json\/wp\/v2\/ji_location?post=35707"}],"curies":[{"name":"wp","href":"https:\/\/api.w.org\/{rel}","templated":true}]}}