{"id":35747,"date":"2017-12-13T13:46:51","date_gmt":"2017-12-13T12:46:51","guid":{"rendered":"https:\/\/www.justiceinfo.net\/35747-assassinat-de-thomas-sankara-enfin-la-verite.html"},"modified":"2017-12-13T13:46:51","modified_gmt":"2017-12-13T12:46:51","slug":"assassinat-de-thomas-sankara-enfin-la-verite","status":"publish","type":"post","link":"https:\/\/www.justiceinfo.net\/fr\/35747-assassinat-de-thomas-sankara-enfin-la-verite.html","title":{"rendered":"Assassinat de Thomas Sankara : la v\u00e9rit\u00e9 apr\u00e8s la lev\u00e9e du secret-d\u00e9fense par la France ?"},"content":{"rendered":"<div class=\"content-excerpt\">\n<p>La passe d\u2019armes sur la climatisation d\u00e9fectueuse entre Emmanuel Macron et les \u00e9tudiants burkinab\u00e8 r\u00e9unis, le 28\u00a0novembre, dans un amphith\u00e9\u00e2tre de l\u2019Universit\u00e9 de Ouagadougou pour \u00e9couter\u00a0<a href=\"http:\/\/lemonde.fr\/afrique\/article\/2017\/11\/29\/le-discours-de-ouagadougou-d-emmanuel-macron_5222245_3212.html\">son discours \u00e0 la \u00ab\u00a0jeunesse africaine\u00a0\u00bb<\/a>, et la pol\u00e9mique relative \u00e0 la familiarit\u00e9 \u00e0 tout le moins d\u00e9plac\u00e9e avec laquelle il s\u2019est alors adress\u00e9 au pr\u00e9sident Kabor\u00e9 ont quelque peu \u00e9clips\u00e9 les autres aspects de la tourn\u00e9e africaine du chef de l\u2019\u00c9tat fran\u00e7ais.<\/p>\n<\/div>\n<p>Non pas que celle-ci ait\u00a0<a href=\"http:\/\/lemonde.fr\/afrique\/article\/2017\/12\/06\/macron-en-afrique-le-digne-successeur-de-ses-predecesseurs_5225563_3212.html\">r\u00e9ellement renouvel\u00e9 ce genre tr\u00e8s pris\u00e9 des pr\u00e9sidents fran\u00e7ais<\/a>, nonobstant l\u2019affirmation pour la \u00e9ni\u00e8me fois de la fin de la \u00ab\u00a0Fran\u00e7afrique\u00a0\u00bb, mais parce qu\u2019elle a donn\u00e9 lieu \u00e0 une annonce attendue depuis longtemps par tous ceux qui s\u2019int\u00e9ressent \u00e0 l\u2019histoire politique du Burkina Faso au cours des trente-cinq derni\u00e8res ann\u00e9es\u00a0: la d\u00e9classification prochaine de tous les documents fran\u00e7ais concernant l\u2019assassinat, le 15\u00a0octobre 1987, de Thomas Sankara, le pr\u00e9sident du Conseil national de la r\u00e9volution (CNR) qui a dirig\u00e9 durant quatre ans le \u00ab\u00a0Pays des hommes int\u00e8gres\u00a0\u00bb.<\/p>\n<h2>Le mythe vivace de Sankara<\/h2>\n<p>Trente ans apr\u00e8s, la disparition brutale de l\u2019homme qui incarnait la r\u00e9volution burkinab\u00e8 demeure un sujet extr\u00eamement sensible au Burkina mais \u00e9galement sur tout le continent africain, et m\u00eame en France. Non seulement parce que les\u00a0<a href=\"http:\/\/webdoc.rfi.fr\/burkina-faso-qui-a-fait-tuer-sankara\/chap-02\/\">circonstances exactes de sa mort<\/a>\u00a0et de celle de la douzaine de collaborateurs qui se trouvaient \u00e0 ses c\u00f4t\u00e9s au Conseil de l\u2019Entente, ce jour-l\u00e0, restent myst\u00e9rieuses, mais aussi parce que l\u2019identit\u00e9 et les responsabilit\u00e9s des ex\u00e9cutants du massacre et de ses commanditaires n\u2019ont jamais \u00e9t\u00e9 enti\u00e8rement \u00e9claircies.<\/p>\n<p>L\u2019annonce de Macron est incontestablement bienvenue. La d\u00e9classification des documents en question \u00e9tait attendue de longue date, aussi bien par les historiens de l\u2019Afrique et des relations franco-africaines, que par les Burkinab\u00e8, notamment les jeunes g\u00e9n\u00e9rations, pour qui Thomas Sankara reste un mythe vivant.<\/p>\n<figure>\n<div class=\"fluidvids\"><iframe loading=\"lazy\" class=\"fluidvids-item\" src=\"https:\/\/www.youtube.com\/embed\/p1xZewWsTQQ?wmode=transparent&amp;start=0\" width=\"440\" height=\"260\" frameborder=\"0\" allowfullscreen=\"allowfullscreen\" data-fluidvids=\"loaded\" data-mce-fragment=\"1\"><\/iframe><\/div>\n<\/figure>\n<p>Elle \u00e9tait peut-\u00eatre m\u00eame in\u00e9vitable car comment le Pr\u00e9sident fran\u00e7ais pouvait-il se rendre au Burkina en visite officielle et pr\u00e9tendre s\u2019adresser \u00e0 la \u00ab\u00a0jeunesse africaine\u00a0\u00bb en faisant l\u2019impasse sur cette \u00e9pineuse question\u00a0? Ce d\u2019autant que beaucoup d\u2019Africains, jeunes et moins jeunes, et d\u2019observateurs voient la main de la France et singuli\u00e8rement\u00a0<a href=\"https:\/\/www.cairn.info\/revue-afrique-contemporaine-2013-1-page-136.htm\">celle de Jacques Foccart<\/a>, \u00e0 l\u2019\u00e9poque \u00ab\u00a0Monsieur Afrique\u00a0\u00bb de Jacques Chirac, premier ministre de la premi\u00e8re cohabitation au moment des faits, derri\u00e8re le complot ayant eu raison de Sankara. Son projet r\u00e9volutionnaire d\u00e9rangeait non seulement la France mais bon nombre de pays voisins du Burkina, \u00e0 commencer par la C\u00f4te d\u2019Ivoire de F\u00e9lix Houphou\u00ebt-Boigny.<\/p>\n<h2>Un enjeu de m\u00e9moire crucial<\/h2>\n<p>Nul doute donc que la lev\u00e9e du secret d\u00e9fense auquel se heurtait la justice burkinab\u00e8 depuis la chute de Blaise Compaor\u00e9, en octobre 2014, satisfasse celles et ceux qui patientent depuis trente ans que soit connue la v\u00e9rit\u00e9 et que justice soit enfin rendue. Si, comme le r\u00e9p\u00e8tent \u00e0 l\u2019envi les officiels fran\u00e7ais et ceux qui ont eu \u00e0 travailler avec Jacques Foccart dans l\u2019ombre, la France n\u2019a rien \u00e0 voir avec l\u2019assassinat de Sankara, pourquoi a-t-elle oppos\u00e9 une\u00a0<a href=\"https:\/\/www.wakatsera.com\/enquete-sur-lassassinat-de-thomas-sankara-a-propos-de-la-commission-rogatoire-du-juge-yameogo\/\">fin de non- recevoir \u00e0 la commission rogatoire lanc\u00e9e par le juge burkinab\u00e8<\/a>\u00a0en octobre 2016\u00a0?<\/p>\n<p>Pour les admirateurs de Sankara en Afrique, et ils sont nombreux, il s\u2019agit l\u00e0 d\u2019un crucial enjeu de m\u00e9moire. \u00ab\u00a0Tom\u00a0\u00bb, comme on l\u2019appelait parfois famili\u00e8rement, continue de fasciner une jeunesse africaine en mal de h\u00e9ros. Son aura n\u2019a fait que se renforcer avec le temps alors m\u00eame que le r\u00e9cit de son \u00e9limination sanglante \u2013 il s\u2019est pr\u00e9sent\u00e9 de lui-m\u00eame \u00e0 ses meurtriers en pensant que son sacrifice \u00e9pargnerait ses compagnons assi\u00e9g\u00e9s avec lui \u2013 rev\u00eat des allures de chemin de croix christique.<\/p>\n<figure>\n<div class=\"fluidvids\"><iframe loading=\"lazy\" class=\"fluidvids-item\" src=\"https:\/\/www.youtube.com\/embed\/qwjQOtGJ5Kc?wmode=transparent&amp;start=0\" width=\"440\" height=\"260\" frameborder=\"0\" allowfullscreen=\"allowfullscreen\" data-fluidvids=\"loaded\" data-mce-fragment=\"1\"><\/iframe><\/div>\n<\/figure>\n<p>Il y a dans les circonstances m\u00eames de cette mort voulue une dimension r\u00e9demptrice qui continue d\u2019entretenir puissamment les imaginaires. Il suffit pour s\u2019en convaincre d\u2019\u00e9couter quelques-unes des chansons que lui ont consacr\u00e9 des chanteurs aussi connus que les Ivoiriens Tiken Jah Fakoly et Alpha Blondy, le S\u00e9n\u00e9galais Didier Awadi ou encore le\u00a0<a href=\"http:\/\/www.rfi.fr\/afrique\/20130720-burkina-faso-balai-citoyen-mouvement-campaore-yenamarre\">Burkinab\u00e8 Smokey, cofondateur du Balai citoyen<\/a>, l\u2019un des mouvements de la soci\u00e9t\u00e9 civile dont la mobilisation, en octobre 2014, a contraint Blaise Compaor\u00e9 \u00e0 \u00ab\u00a0d\u00e9gager\u00a0\u00bb avant d\u2019\u00eatre exfiltr\u00e9 vers la C\u00f4te-d\u2019Ivoire\u00a0<a href=\"http:\/\/www.jeuneafrique.com\/40849\/politique\/exclusif-burkina-comment-la-france-a-exfiltr-blaise-compaor\/\">par les forces fran\u00e7aises stationn\u00e9es au Burkina<\/a>\u00a0dans le cadre de l\u2019op\u00e9ration Barkhane.<\/p>\n<h2>Le parfait n\u00e9gatif des dirigeants corrompus<\/h2>\n<p>La figure de Sankara nourrit donc incontestablement un culte relevant sans doute d\u2019un romantisme r\u00e9volutionnaire qu\u2019on pourrait penser d\u00e9pass\u00e9 mais dont il faut bien voir qu\u2019il fait sens pour une certaine jeunesse africaine qui aspire au changement. Le Pr\u00e9sident de l\u2019ex-CNR est, pour elle, le symbole du Juste assassin\u00e9 par son meilleur ami et successeur, Blaise Compaor\u00e9, mais aussi le parfait n\u00e9gatif de leurs chefs d\u2019\u00c9tat qu\u2019ils jugent corrompus et soumis aux int\u00e9r\u00eats \u00e9trangers.<\/p>\n<p>On peut, toutefois, se demander si ce culte n\u2019est pas plus vivace \u00e0 l\u2019ext\u00e9rieur qu\u2019au Burkina m\u00eame. Certes, il y existe, associ\u00e9 \u00e0 une culture de la contestation sociale et politique qu\u2019Emmanuel Macron a pu v\u00e9rifier \u00e0 l\u2019occasion des manifestations, ponctu\u00e9es d\u2019un jet de grenade sur un v\u00e9hicule militaires fran\u00e7ais, qui l\u2019ont accueilli \u00e0 son arriv\u00e9e \u00e0 Ouagadougou, avant de se confronter, non un certain succ\u00e8s, \u00e0 la pugnacit\u00e9 des \u00e9tudiants ouagalais.<\/p>\n<p>Mais tous les Burkinab\u00e8, notamment parmi celles et ceux qui ont connu la r\u00e9volution, n\u2019ont pas oubli\u00e9 que, si le r\u00e9gime instaur\u00e9 par Sankara et ses compagnons a engag\u00e9 et r\u00e9ussi un certain nombre de r\u00e9formes salutaires en mati\u00e8re de sant\u00e9, d\u2019\u00e9ducation, d\u2019acc\u00e8s \u00e0 l\u2019eau, de lutte contre la corruption, il s\u2019est aussi enferm\u00e9 dans une logique autoritaire qui a d\u00e9tourn\u00e9 de lui une bonne partie de ses appuis sociaux initiaux.<\/p>\n<p>Il y a donc incontestablement une part d\u2019ombre dans le mythe Sankara, qui explique en partie l\u2019incapacit\u00e9 des partis et mouvements politiques burkinab\u00e8 se revendiquant de son h\u00e9ritage \u00e0 convertir en influence politique ce capital symbolique. Leurs r\u00e9sultats plus que modestes aux diff\u00e9rentes \u00e9lections depuis des ann\u00e9es confirment amplement le constat. Le souvenir de Sankara peine \u00e0 mobiliser \u00e9lectoralement, d\u2019autant que ses h\u00e9ritiers manquent cruellement de relais dans un certain nombre de r\u00e9seaux sociaux (chefferie traditionnelle), \u00e9conomiques (milieux d\u2019affaires) et religieux (\u00c9glise catholique, mouvements protestants d\u2019ob\u00e9dience pentec\u00f4tiste ou \u00e9vang\u00e9lique) tr\u00e8s agissants.<\/p>\n<h2>Devoir de v\u00e9rit\u00e9<\/h2>\n<figure class=\"align-right \"><\/figure>\n<p>La lev\u00e9e du secret d\u00e9fense permettra-t-elle de r\u00e9pondre \u00e0 toutes ces questions\u00a0? On est en droit d\u2019en douter car, on le sait, dans ce genre de dossier, il y a rarement des traces \u00e9crites. L\u2019affaire Thomas Sankara n\u2019est peut-\u00eatre pas pr\u00e8s de conna\u00eetre son \u00e9pilogue.Il n\u2019en demeure pas moins qu\u2019un devoir de v\u00e9rit\u00e9 s\u2019impose concernant l\u2019assassinat de Thomas Sankara. Des pr\u00e9somptions de responsabilit\u00e9 existent. On a souvent \u00e9voqu\u00e9, outre le r\u00f4le que la France aurait jou\u00e9, celui du principal b\u00e9n\u00e9ficiaire du coup d\u2019\u00c9tat d\u2019octobre 1987, l\u2019ami fid\u00e8le et le compagnon de route Blaise Compaor\u00e9, et les liens \u00e9troits qu\u2019il entretenait avec F\u00e9lix Houphou\u00ebt-Boigny suite \u00e0 son mariage avec une proche de celui-ci. Il y a aussi les ramifications r\u00e9gionales du complot, qui restent obscures\u00a0: la Libye de Kadhafi y a-t-elle tremp\u00e9\u00a0? Quid de l\u2019ancien dirigeant du Liberia Charles Taylor\u00a0?<\/p>\n","protected":false},"excerpt":{"rendered":"<p>La passe d\u2019armes sur la climatisation d\u00e9fectueuse entre Emmanuel Macron et les \u00e9tudiants burkinab\u00e8 r\u00e9unis, le 28\u00a0novembre, dans un amphith\u00e9\u00e2tre de l\u2019Universit\u00e9 de Ouagadougou pour \u00e9couter\u00a0son discours \u00e0 la \u00ab\u00a0jeunesse africaine\u00a0\u00bb, et la pol\u00e9mique relative \u00e0 la familiarit\u00e9 \u00e0 tout le moins d\u00e9plac\u00e9e avec laquelle il s\u2019est alors adress\u00e9 au pr\u00e9sident Kabor\u00e9 ont quelque peu [&hellip;]<\/p>\n","protected":false},"author":63,"featured_media":62306,"comment_status":"open","ping_status":"closed","sticky":false,"template":"","format":"standard","meta":{"_acf_changed":false,"footnotes":""},"categories":[556],"tags":[],"ji_location":[2150],"class_list":["post-35747","post","type-post","status-publish","format-standard","has-post-thumbnail","hentry","category-divers","ji_location-burkina-faso"],"acf":[],"yoast_head":"<!-- This site is optimized with the Yoast SEO Premium plugin v25.3.1 (Yoast SEO v25.3.1) - https:\/\/yoast.com\/wordpress\/plugins\/seo\/ -->\n<title>Assassinat de Thomas Sankara : la v\u00e9rit\u00e9 apr\u00e8s la lev\u00e9e du secret-d\u00e9fense par la France ? - JusticeInfo.net<\/title>\n<meta name=\"robots\" content=\"index, follow, max-snippet:-1, max-image-preview:large, max-video-preview:-1\" \/>\n<link rel=\"canonical\" href=\"https:\/\/www.justiceinfo.net\/fr\/35747-assassinat-de-thomas-sankara-enfin-la-verite.html\" \/>\n<meta property=\"og:locale\" content=\"fr_FR\" \/>\n<meta property=\"og:type\" content=\"article\" \/>\n<meta property=\"og:title\" content=\"Assassinat de Thomas Sankara : la v\u00e9rit\u00e9 apr\u00e8s la lev\u00e9e du secret-d\u00e9fense par la France ?\" \/>\n<meta property=\"og:description\" content=\"La passe d\u2019armes sur la climatisation d\u00e9fectueuse entre Emmanuel Macron et les \u00e9tudiants burkinab\u00e8 r\u00e9unis, le 28\u00a0novembre, dans un amphith\u00e9\u00e2tre de l\u2019Universit\u00e9 de Ouagadougou pour \u00e9couter\u00a0son discours \u00e0 la \u00ab\u00a0jeunesse africaine\u00a0\u00bb, et la pol\u00e9mique relative \u00e0 la familiarit\u00e9 \u00e0 tout le moins d\u00e9plac\u00e9e avec laquelle il s\u2019est alors adress\u00e9 au pr\u00e9sident Kabor\u00e9 ont quelque peu [&hellip;]\" \/>\n<meta property=\"og:url\" content=\"https:\/\/www.justiceinfo.net\/fr\/35747-assassinat-de-thomas-sankara-enfin-la-verite.html\" \/>\n<meta property=\"og:site_name\" content=\"JusticeInfo.net\" \/>\n<meta property=\"article:publisher\" content=\"https:\/\/www.facebook.com\/JusticeInfo\/\" \/>\n<meta property=\"article:published_time\" content=\"2017-12-13T12:46:51+00:00\" \/>\n<meta property=\"og:image\" content=\"https:\/\/www.justiceinfo.net\/wp-content\/uploads\/e88b621e262d5cddb5957c0b2bbe882f.jpg\" \/>\n\t<meta property=\"og:image:width\" content=\"926\" \/>\n\t<meta property=\"og:image:height\" content=\"624\" \/>\n\t<meta property=\"og:image:type\" content=\"image\/jpeg\" \/>\n<meta name=\"author\" content=\"The Conversation\" \/>\n<meta name=\"twitter:card\" content=\"summary_large_image\" \/>\n<meta name=\"twitter:creator\" content=\"@justiceinfonet\" \/>\n<meta name=\"twitter:site\" content=\"@justiceinfonet\" \/>\n<meta name=\"twitter:label1\" content=\"\u00c9crit par\" \/>\n\t<meta name=\"twitter:data1\" content=\"The Conversation\" \/>\n\t<meta name=\"twitter:label2\" content=\"Dur\u00e9e de lecture estim\u00e9e\" \/>\n\t<meta name=\"twitter:data2\" content=\"7 minutes\" \/>\n<script type=\"application\/ld+json\" class=\"yoast-schema-graph\">{\"@context\":\"https:\/\/schema.org\",\"@graph\":[{\"@type\":\"NewsArticle\",\"@id\":\"https:\/\/www.justiceinfo.net\/fr\/35747-assassinat-de-thomas-sankara-enfin-la-verite.html#article\",\"isPartOf\":{\"@id\":\"https:\/\/www.justiceinfo.net\/fr\/35747-assassinat-de-thomas-sankara-enfin-la-verite.html\"},\"author\":{\"name\":\"civiliste\",\"@id\":\"https:\/\/www.justiceinfo.net\/fr#\/schema\/person\/015ad428615c9bd082c2b6aa8df6cad0\"},\"headline\":\"Assassinat de Thomas Sankara : la v\u00e9rit\u00e9 apr\u00e8s la lev\u00e9e du secret-d\u00e9fense par la France ?\",\"datePublished\":\"2017-12-13T12:46:51+00:00\",\"mainEntityOfPage\":{\"@id\":\"https:\/\/www.justiceinfo.net\/fr\/35747-assassinat-de-thomas-sankara-enfin-la-verite.html\"},\"wordCount\":1319,\"commentCount\":0,\"publisher\":{\"@id\":\"https:\/\/www.justiceinfo.net\/fr#organization\"},\"image\":{\"@id\":\"https:\/\/www.justiceinfo.net\/fr\/35747-assassinat-de-thomas-sankara-enfin-la-verite.html#primaryimage\"},\"thumbnailUrl\":\"https:\/\/www.justiceinfo.net\/wp-content\/uploads\/e88b621e262d5cddb5957c0b2bbe882f.jpg\",\"articleSection\":[\"Divers\"],\"inLanguage\":\"fr-FR\",\"potentialAction\":[{\"@type\":\"CommentAction\",\"name\":\"Comment\",\"target\":[\"https:\/\/www.justiceinfo.net\/fr\/35747-assassinat-de-thomas-sankara-enfin-la-verite.html#respond\"]}]},{\"@type\":\"WebPage\",\"@id\":\"https:\/\/www.justiceinfo.net\/fr\/35747-assassinat-de-thomas-sankara-enfin-la-verite.html\",\"url\":\"https:\/\/www.justiceinfo.net\/fr\/35747-assassinat-de-thomas-sankara-enfin-la-verite.html\",\"name\":\"Assassinat de Thomas Sankara : la v\u00e9rit\u00e9 apr\u00e8s la lev\u00e9e du secret-d\u00e9fense par la France ? - JusticeInfo.net\",\"isPartOf\":{\"@id\":\"https:\/\/www.justiceinfo.net\/fr#website\"},\"primaryImageOfPage\":{\"@id\":\"https:\/\/www.justiceinfo.net\/fr\/35747-assassinat-de-thomas-sankara-enfin-la-verite.html#primaryimage\"},\"image\":{\"@id\":\"https:\/\/www.justiceinfo.net\/fr\/35747-assassinat-de-thomas-sankara-enfin-la-verite.html#primaryimage\"},\"thumbnailUrl\":\"https:\/\/www.justiceinfo.net\/wp-content\/uploads\/e88b621e262d5cddb5957c0b2bbe882f.jpg\",\"datePublished\":\"2017-12-13T12:46:51+00:00\",\"breadcrumb\":{\"@id\":\"https:\/\/www.justiceinfo.net\/fr\/35747-assassinat-de-thomas-sankara-enfin-la-verite.html#breadcrumb\"},\"inLanguage\":\"fr-FR\",\"potentialAction\":[{\"@type\":\"ReadAction\",\"target\":[\"https:\/\/www.justiceinfo.net\/fr\/35747-assassinat-de-thomas-sankara-enfin-la-verite.html\"]}]},{\"@type\":\"ImageObject\",\"inLanguage\":\"fr-FR\",\"@id\":\"https:\/\/www.justiceinfo.net\/fr\/35747-assassinat-de-thomas-sankara-enfin-la-verite.html#primaryimage\",\"url\":\"https:\/\/www.justiceinfo.net\/wp-content\/uploads\/e88b621e262d5cddb5957c0b2bbe882f.jpg\",\"contentUrl\":\"https:\/\/www.justiceinfo.net\/wp-content\/uploads\/e88b621e262d5cddb5957c0b2bbe882f.jpg\",\"width\":926,\"height\":624},{\"@type\":\"BreadcrumbList\",\"@id\":\"https:\/\/www.justiceinfo.net\/fr\/35747-assassinat-de-thomas-sankara-enfin-la-verite.html#breadcrumb\",\"itemListElement\":[{\"@type\":\"ListItem\",\"position\":1,\"name\":\"Home\",\"item\":\"https:\/\/www.justiceinfo.net\/fr\"},{\"@type\":\"ListItem\",\"position\":2,\"name\":\"Assassinat de Thomas Sankara : la v\u00e9rit\u00e9 apr\u00e8s la lev\u00e9e du secret-d\u00e9fense par la France ?\"}]},{\"@type\":\"WebSite\",\"@id\":\"https:\/\/www.justiceinfo.net\/fr#website\",\"url\":\"https:\/\/www.justiceinfo.net\/fr\",\"name\":\"JusticeInfo.net\",\"description\":\"La justice doit \u00eatre vue pour \u00eatre rendue\",\"publisher\":{\"@id\":\"https:\/\/www.justiceinfo.net\/fr#organization\"},\"potentialAction\":[{\"@type\":\"SearchAction\",\"target\":{\"@type\":\"EntryPoint\",\"urlTemplate\":\"https:\/\/www.justiceinfo.net\/fr?s={search_term_string}\"},\"query-input\":{\"@type\":\"PropertyValueSpecification\",\"valueRequired\":true,\"valueName\":\"search_term_string\"}}],\"inLanguage\":\"fr-FR\"},{\"@type\":\"Organization\",\"@id\":\"https:\/\/www.justiceinfo.net\/fr#organization\",\"name\":\"Justice Info\",\"url\":\"https:\/\/www.justiceinfo.net\/fr\",\"logo\":{\"@type\":\"ImageObject\",\"inLanguage\":\"fr-FR\",\"@id\":\"https:\/\/www.justiceinfo.net\/fr#\/schema\/logo\/image\/\",\"url\":\"https:\/\/www.justiceinfo.net\/wp-content\/uploads\/justiceinfo_logo-trans_1200x1200px.png\",\"contentUrl\":\"https:\/\/www.justiceinfo.net\/wp-content\/uploads\/justiceinfo_logo-trans_1200x1200px.png\",\"width\":1199,\"height\":1200,\"caption\":\"Justice Info\"},\"image\":{\"@id\":\"https:\/\/www.justiceinfo.net\/fr#\/schema\/logo\/image\/\"},\"sameAs\":[\"https:\/\/www.facebook.com\/JusticeInfo\/\",\"https:\/\/x.com\/justiceinfonet\",\"https:\/\/www.linkedin.com\/company\/justice-info\",\"https:\/\/www.youtube.com\/channel\/UCyCEsARodyuWtkWyhn-e7pA\"]},{\"@type\":\"Person\",\"name\":\"The Conversation\",\"url\":\"\/fr\/?s=The Conversation\"}]}<\/script>\n<!-- \/ Yoast SEO Premium plugin. -->","yoast_head_json":{"title":"Assassinat de Thomas Sankara : la v\u00e9rit\u00e9 apr\u00e8s la lev\u00e9e du secret-d\u00e9fense par la France ? - JusticeInfo.net","robots":{"index":"index","follow":"follow","max-snippet":"max-snippet:-1","max-image-preview":"max-image-preview:large","max-video-preview":"max-video-preview:-1"},"canonical":"https:\/\/www.justiceinfo.net\/fr\/35747-assassinat-de-thomas-sankara-enfin-la-verite.html","og_locale":"fr_FR","og_type":"article","og_title":"Assassinat de Thomas Sankara : la v\u00e9rit\u00e9 apr\u00e8s la lev\u00e9e du secret-d\u00e9fense par la France ?","og_description":"La passe d\u2019armes sur la climatisation d\u00e9fectueuse entre Emmanuel Macron et les \u00e9tudiants burkinab\u00e8 r\u00e9unis, le 28\u00a0novembre, dans un amphith\u00e9\u00e2tre de l\u2019Universit\u00e9 de Ouagadougou pour \u00e9couter\u00a0son discours \u00e0 la \u00ab\u00a0jeunesse africaine\u00a0\u00bb, et la pol\u00e9mique relative \u00e0 la familiarit\u00e9 \u00e0 tout le moins d\u00e9plac\u00e9e avec laquelle il s\u2019est alors adress\u00e9 au pr\u00e9sident Kabor\u00e9 ont quelque peu [&hellip;]","og_url":"https:\/\/www.justiceinfo.net\/fr\/35747-assassinat-de-thomas-sankara-enfin-la-verite.html","og_site_name":"JusticeInfo.net","article_publisher":"https:\/\/www.facebook.com\/JusticeInfo\/","article_published_time":"2017-12-13T12:46:51+00:00","og_image":[{"width":926,"height":624,"url":"https:\/\/www.justiceinfo.net\/wp-content\/uploads\/e88b621e262d5cddb5957c0b2bbe882f.jpg","type":"image\/jpeg"}],"author":"The Conversation","twitter_card":"summary_large_image","twitter_creator":"@justiceinfonet","twitter_site":"@justiceinfonet","twitter_misc":{"\u00c9crit par":"The Conversation","Dur\u00e9e de lecture estim\u00e9e":"7 minutes"},"schema":{"@context":"https:\/\/schema.org","@graph":[{"@type":"NewsArticle","@id":"https:\/\/www.justiceinfo.net\/fr\/35747-assassinat-de-thomas-sankara-enfin-la-verite.html#article","isPartOf":{"@id":"https:\/\/www.justiceinfo.net\/fr\/35747-assassinat-de-thomas-sankara-enfin-la-verite.html"},"author":{"name":"civiliste","@id":"https:\/\/www.justiceinfo.net\/fr#\/schema\/person\/015ad428615c9bd082c2b6aa8df6cad0"},"headline":"Assassinat de Thomas Sankara : la v\u00e9rit\u00e9 apr\u00e8s la lev\u00e9e du secret-d\u00e9fense par la France ?","datePublished":"2017-12-13T12:46:51+00:00","mainEntityOfPage":{"@id":"https:\/\/www.justiceinfo.net\/fr\/35747-assassinat-de-thomas-sankara-enfin-la-verite.html"},"wordCount":1319,"commentCount":0,"publisher":{"@id":"https:\/\/www.justiceinfo.net\/fr#organization"},"image":{"@id":"https:\/\/www.justiceinfo.net\/fr\/35747-assassinat-de-thomas-sankara-enfin-la-verite.html#primaryimage"},"thumbnailUrl":"https:\/\/www.justiceinfo.net\/wp-content\/uploads\/e88b621e262d5cddb5957c0b2bbe882f.jpg","articleSection":["Divers"],"inLanguage":"fr-FR","potentialAction":[{"@type":"CommentAction","name":"Comment","target":["https:\/\/www.justiceinfo.net\/fr\/35747-assassinat-de-thomas-sankara-enfin-la-verite.html#respond"]}]},{"@type":"WebPage","@id":"https:\/\/www.justiceinfo.net\/fr\/35747-assassinat-de-thomas-sankara-enfin-la-verite.html","url":"https:\/\/www.justiceinfo.net\/fr\/35747-assassinat-de-thomas-sankara-enfin-la-verite.html","name":"Assassinat de Thomas Sankara : la v\u00e9rit\u00e9 apr\u00e8s la lev\u00e9e du secret-d\u00e9fense par la France ? - JusticeInfo.net","isPartOf":{"@id":"https:\/\/www.justiceinfo.net\/fr#website"},"primaryImageOfPage":{"@id":"https:\/\/www.justiceinfo.net\/fr\/35747-assassinat-de-thomas-sankara-enfin-la-verite.html#primaryimage"},"image":{"@id":"https:\/\/www.justiceinfo.net\/fr\/35747-assassinat-de-thomas-sankara-enfin-la-verite.html#primaryimage"},"thumbnailUrl":"https:\/\/www.justiceinfo.net\/wp-content\/uploads\/e88b621e262d5cddb5957c0b2bbe882f.jpg","datePublished":"2017-12-13T12:46:51+00:00","breadcrumb":{"@id":"https:\/\/www.justiceinfo.net\/fr\/35747-assassinat-de-thomas-sankara-enfin-la-verite.html#breadcrumb"},"inLanguage":"fr-FR","potentialAction":[{"@type":"ReadAction","target":["https:\/\/www.justiceinfo.net\/fr\/35747-assassinat-de-thomas-sankara-enfin-la-verite.html"]}]},{"@type":"ImageObject","inLanguage":"fr-FR","@id":"https:\/\/www.justiceinfo.net\/fr\/35747-assassinat-de-thomas-sankara-enfin-la-verite.html#primaryimage","url":"https:\/\/www.justiceinfo.net\/wp-content\/uploads\/e88b621e262d5cddb5957c0b2bbe882f.jpg","contentUrl":"https:\/\/www.justiceinfo.net\/wp-content\/uploads\/e88b621e262d5cddb5957c0b2bbe882f.jpg","width":926,"height":624},{"@type":"BreadcrumbList","@id":"https:\/\/www.justiceinfo.net\/fr\/35747-assassinat-de-thomas-sankara-enfin-la-verite.html#breadcrumb","itemListElement":[{"@type":"ListItem","position":1,"name":"Home","item":"https:\/\/www.justiceinfo.net\/fr"},{"@type":"ListItem","position":2,"name":"Assassinat de Thomas Sankara : la v\u00e9rit\u00e9 apr\u00e8s la lev\u00e9e du secret-d\u00e9fense par la France ?"}]},{"@type":"WebSite","@id":"https:\/\/www.justiceinfo.net\/fr#website","url":"https:\/\/www.justiceinfo.net\/fr","name":"JusticeInfo.net","description":"La justice doit \u00eatre vue pour \u00eatre rendue","publisher":{"@id":"https:\/\/www.justiceinfo.net\/fr#organization"},"potentialAction":[{"@type":"SearchAction","target":{"@type":"EntryPoint","urlTemplate":"https:\/\/www.justiceinfo.net\/fr?s={search_term_string}"},"query-input":{"@type":"PropertyValueSpecification","valueRequired":true,"valueName":"search_term_string"}}],"inLanguage":"fr-FR"},{"@type":"Organization","@id":"https:\/\/www.justiceinfo.net\/fr#organization","name":"Justice Info","url":"https:\/\/www.justiceinfo.net\/fr","logo":{"@type":"ImageObject","inLanguage":"fr-FR","@id":"https:\/\/www.justiceinfo.net\/fr#\/schema\/logo\/image\/","url":"https:\/\/www.justiceinfo.net\/wp-content\/uploads\/justiceinfo_logo-trans_1200x1200px.png","contentUrl":"https:\/\/www.justiceinfo.net\/wp-content\/uploads\/justiceinfo_logo-trans_1200x1200px.png","width":1199,"height":1200,"caption":"Justice Info"},"image":{"@id":"https:\/\/www.justiceinfo.net\/fr#\/schema\/logo\/image\/"},"sameAs":["https:\/\/www.facebook.com\/JusticeInfo\/","https:\/\/x.com\/justiceinfonet","https:\/\/www.linkedin.com\/company\/justice-info","https:\/\/www.youtube.com\/channel\/UCyCEsARodyuWtkWyhn-e7pA"]},{"@type":"Person","name":"The Conversation","url":"\/fr\/?s=The Conversation"}]}},"_links":{"self":[{"href":"https:\/\/www.justiceinfo.net\/fr\/wp-json\/wp\/v2\/posts\/35747","targetHints":{"allow":["GET"]}}],"collection":[{"href":"https:\/\/www.justiceinfo.net\/fr\/wp-json\/wp\/v2\/posts"}],"about":[{"href":"https:\/\/www.justiceinfo.net\/fr\/wp-json\/wp\/v2\/types\/post"}],"author":[{"embeddable":true,"href":"https:\/\/www.justiceinfo.net\/fr\/wp-json\/wp\/v2\/users\/63"}],"replies":[{"embeddable":true,"href":"https:\/\/www.justiceinfo.net\/fr\/wp-json\/wp\/v2\/comments?post=35747"}],"version-history":[{"count":0,"href":"https:\/\/www.justiceinfo.net\/fr\/wp-json\/wp\/v2\/posts\/35747\/revisions"}],"wp:featuredmedia":[{"embeddable":true,"href":"https:\/\/www.justiceinfo.net\/fr\/wp-json\/wp\/v2\/media\/62306"}],"wp:attachment":[{"href":"https:\/\/www.justiceinfo.net\/fr\/wp-json\/wp\/v2\/media?parent=35747"}],"wp:term":[{"taxonomy":"category","embeddable":true,"href":"https:\/\/www.justiceinfo.net\/fr\/wp-json\/wp\/v2\/categories?post=35747"},{"taxonomy":"post_tag","embeddable":true,"href":"https:\/\/www.justiceinfo.net\/fr\/wp-json\/wp\/v2\/tags?post=35747"},{"taxonomy":"ji_location","embeddable":true,"href":"https:\/\/www.justiceinfo.net\/fr\/wp-json\/wp\/v2\/ji_location?post=35747"}],"curies":[{"name":"wp","href":"https:\/\/api.w.org\/{rel}","templated":true}]}}