{"id":35770,"date":"2017-12-13T15:50:06","date_gmt":"2017-12-13T14:50:06","guid":{"rendered":"https:\/\/www.justiceinfo.net\/35770-rdc-prison-a-perpetuite-pour-12-miliciens-violeurs-d-enfants.html"},"modified":"2017-12-13T15:50:06","modified_gmt":"2017-12-13T14:50:06","slug":"rdc-prison-a-perpetuite-pour-12-miliciens-violeurs-d-enfants","status":"publish","type":"post","link":"https:\/\/www.justiceinfo.net\/fr\/35770-rdc-prison-a-perpetuite-pour-12-miliciens-violeurs-d-enfants.html","title":{"rendered":"RDC: prison \u00e0 perp\u00e9tuit\u00e9 pour un d\u00e9put\u00e9 et des miliciens violeurs d'enfants"},"content":{"rendered":"<div class=\"content-excerpt\">\n<p>Douze miliciens congolais\u00a0 dont un homme politique local ont \u00e9t\u00e9 condamn\u00e9s mercredi \u00e0 la prison \u00e0 perp\u00e9tuit\u00e9 pour des viols massifs qualifi\u00e9s par la justice de \"crime contre l'humanit\u00e9\" par un tribunal militaire dans l'est de la R\u00e9publique d\u00e9mocratique du Congo.<\/p>\n<\/div>\n<p>Le chef de milice et ex-d\u00e9put\u00e9 provincial du Sud-Kivu, Fr\u00e9d\u00e9ric Batumike, et 11 de ses coaccus\u00e9s ont \u00e9t\u00e9 \"condamn\u00e9 \u00e0 la prison \u00e0 perp\u00e9tuit\u00e9 pour crime contre l'humanit\u00e9 par viol et par meurtre\" dans cette province agit\u00e9e de l'est de la RDC.<\/p>\n<p>Deux ont \u00e9t\u00e9 condamn\u00e9s \u00e0 une ann\u00e9e de prison tandis que les six autres pr\u00e9venus ont \u00e9t\u00e9 acquitt\u00e9s dans ce proc\u00e8s portant sur le viol d'une quarantaine d'enfants de 8 mois \u00e0 12 ans dans le Sud-Kivu entre 2013 et 2016.<\/p>\n<p>Ce verdict a \u00e9t\u00e9 rendu dans une salle d'audience pleine \u00e0 craquer alors qu'une foule nombreuse avait pris d'assaut les abords du lieu bien avant m\u00eame l'ouverture de la s\u00e9ance, selon un correspondant de l'AFP.<\/p>\n<p>Accus\u00e9s d'appartenir \u00e0 la milice \"Djeshi ya Yesu\" (Arm\u00e9e de J\u00e9sus), le d\u00e9put\u00e9 provincial Fr\u00e9d\u00e9ric Batumike et ses 17 coaccus\u00e9s \u00e9taient poursuivis pour une s\u00e9rie de viols \u00e0 Kavumu, village congolais proche du Rwanda. \"Au moins deux enfants sont morts\", selon la Mission des Nations unies au Congo (Monusco).<\/p>\n<h3>Un proc\u00e8s autrefois inimaginable<\/h3>\n<p>Le verdict a fait le bonheur des parties civiles et des <a href=\"fr\/justice-reconciliation\/35172-rdc-proces-d-adeptes-de-%C2%AB-l-armee-de-j%C3%A9sus-%C2%BB-accus%C3%A9s-de-viols-systematiques-de-mineures.html\" target=\"_blank\" rel=\"noopener\">ONG<\/a> qui luttent contre l'impunit\u00e9 des crimes sexuels en RDC. \"Il y a quelques ann\u00e9es, un tel proc\u00e8s aurait \u00e9t\u00e9 inimaginable\", s'\u00e9tait f\u00e9licit\u00e9 l'ONG <em>\"Physicians for human rights<\/em>\".<\/p>\n<p>\"Pendant trop longtemps, les auteurs de viols au Congo ont cru qu'ils \u00e9taient invincibles\", ajoute l'ONG. \"Lentement des signaux commencent \u00e0 montrer que l'impunit\u00e9 n'est pas in\u00e9vitable\".<\/p>\n<p>Ce proc\u00e8s in\u00e9dit a eu lieu dans des conditions particuli\u00e8res puisque douze parents ont t\u00e9moign\u00e9 cach\u00e9s derri\u00e8re un rideau et que leurs voix \u00e9taient masqu\u00e9es.<\/p>\n<p>Selon l'ONG <em><a href=\"https:\/\/trialinternational.org\/fr\/\" target=\"_blank\" rel=\"noopener\">Trial International<\/a><\/em> tr\u00e8s engag\u00e9e aux c\u00f4t\u00e9s des victimes, \"Le proc\u00e8s Kavumu est un moment historique dans la lutte contre l\u2019impunit\u00e9 les violences sexuelles en RDC: \u00a0il est rare qu\u2019un membre du Parlement encore en fonction voit ses privil\u00e8ges immunitaires suspendus et soit traduit en justice \".<\/p>\n<p>Susannah Sirkin , directrice de\u00a0<em>Physicians for Human Rights<\/em> ajoute : \"\u00a0dans le domaine des droits de l'homme, o\u00f9 le succ\u00e8s ne se voit que sur le long terme, c'est un moment o\u00f9 l'on peut \u00a0vraiment c\u00e9l\u00e9brer la patience et la persistance qui am\u00e8nent le changement\".\u00a0<br \/>\u00a0<\/p>\n<p>\u00a0<\/p>\n","protected":false},"excerpt":{"rendered":"<p>Douze miliciens congolais\u00a0 dont un homme politique local ont \u00e9t\u00e9 condamn\u00e9s mercredi \u00e0 la prison \u00e0 perp\u00e9tuit\u00e9 pour des viols massifs qualifi\u00e9s par la justice de \"crime contre l'humanit\u00e9\" par un tribunal militaire dans l'est de la R\u00e9publique d\u00e9mocratique du Congo. Le chef de milice et ex-d\u00e9put\u00e9 provincial du Sud-Kivu, Fr\u00e9d\u00e9ric Batumike, et 11 de [&hellip;]<\/p>\n","protected":false},"author":60,"featured_media":67910,"comment_status":"open","ping_status":"closed","sticky":false,"template":"","format":"standard","meta":{"_acf_changed":false,"footnotes":""},"categories":[556],"tags":[],"ji_location":[2196],"class_list":["post-35770","post","type-post","status-publish","format-standard","has-post-thumbnail","hentry","category-divers","ji_location-republique-democratique-du-congo"],"acf":[],"yoast_head":"<!-- This site is optimized with the Yoast SEO Premium plugin v25.3.1 (Yoast SEO v25.3.1) - https:\/\/yoast.com\/wordpress\/plugins\/seo\/ -->\n<title>RDC: prison \u00e0 perp\u00e9tuit\u00e9 pour un d\u00e9put\u00e9 et des miliciens violeurs d&#039;enfants - JusticeInfo.net<\/title>\n<meta name=\"robots\" content=\"index, follow, max-snippet:-1, max-image-preview:large, max-video-preview:-1\" \/>\n<link rel=\"canonical\" href=\"https:\/\/www.justiceinfo.net\/fr\/35770-rdc-prison-a-perpetuite-pour-12-miliciens-violeurs-d-enfants.html\" \/>\n<meta property=\"og:locale\" content=\"fr_FR\" \/>\n<meta property=\"og:type\" content=\"article\" \/>\n<meta property=\"og:title\" content=\"RDC: prison \u00e0 perp\u00e9tuit\u00e9 pour un d\u00e9put\u00e9 et des miliciens violeurs d&#039;enfants\" \/>\n<meta property=\"og:description\" content=\"Douze miliciens congolais\u00a0 dont un homme politique local ont \u00e9t\u00e9 condamn\u00e9s mercredi \u00e0 la prison \u00e0 perp\u00e9tuit\u00e9 pour des viols massifs qualifi\u00e9s par la justice de &quot;crime contre l&#039;humanit\u00e9&quot; par un tribunal militaire dans l&#039;est de la R\u00e9publique d\u00e9mocratique du Congo. Le chef de milice et ex-d\u00e9put\u00e9 provincial du Sud-Kivu, Fr\u00e9d\u00e9ric Batumike, et 11 de [&hellip;]\" \/>\n<meta property=\"og:url\" content=\"https:\/\/www.justiceinfo.net\/fr\/35770-rdc-prison-a-perpetuite-pour-12-miliciens-violeurs-d-enfants.html\" \/>\n<meta property=\"og:site_name\" content=\"JusticeInfo.net\" \/>\n<meta property=\"article:publisher\" content=\"https:\/\/www.facebook.com\/JusticeInfo\/\" \/>\n<meta property=\"article:published_time\" content=\"2017-12-13T14:50:06+00:00\" \/>\n<meta property=\"og:image\" content=\"https:\/\/www.justiceinfo.net\/wp-content\/uploads\/f49be57e1059c0402da60a33edb5f823.jpg\" \/>\n\t<meta property=\"og:image:width\" content=\"1051\" \/>\n\t<meta property=\"og:image:height\" content=\"700\" \/>\n\t<meta property=\"og:image:type\" content=\"image\/jpeg\" \/>\n<meta name=\"author\" content=\"JusticeInfo avec AFP\" \/>\n<meta name=\"twitter:card\" content=\"summary_large_image\" \/>\n<meta name=\"twitter:creator\" content=\"@justiceinfonet\" \/>\n<meta name=\"twitter:site\" content=\"@justiceinfonet\" \/>\n<meta name=\"twitter:label1\" content=\"\u00c9crit par\" \/>\n\t<meta name=\"twitter:data1\" content=\"JusticeInfo avec AFP\" \/>\n\t<meta name=\"twitter:label2\" content=\"Dur\u00e9e de lecture estim\u00e9e\" \/>\n\t<meta name=\"twitter:data2\" content=\"2 minutes\" \/>\n<script type=\"application\/ld+json\" class=\"yoast-schema-graph\">{\"@context\":\"https:\/\/schema.org\",\"@graph\":[{\"@type\":\"NewsArticle\",\"@id\":\"https:\/\/www.justiceinfo.net\/fr\/35770-rdc-prison-a-perpetuite-pour-12-miliciens-violeurs-d-enfants.html#article\",\"isPartOf\":{\"@id\":\"https:\/\/www.justiceinfo.net\/fr\/35770-rdc-prison-a-perpetuite-pour-12-miliciens-violeurs-d-enfants.html\"},\"author\":{\"name\":\"afp\",\"@id\":\"https:\/\/www.justiceinfo.net\/fr#\/schema\/person\/713d340ef5f218fc36ce9b4244364a7f\"},\"headline\":\"RDC: prison \u00e0 perp\u00e9tuit\u00e9 pour un d\u00e9put\u00e9 et des miliciens violeurs d'enfants\",\"datePublished\":\"2017-12-13T14:50:06+00:00\",\"mainEntityOfPage\":{\"@id\":\"https:\/\/www.justiceinfo.net\/fr\/35770-rdc-prison-a-perpetuite-pour-12-miliciens-violeurs-d-enfants.html\"},\"wordCount\":465,\"commentCount\":0,\"publisher\":{\"@id\":\"https:\/\/www.justiceinfo.net\/fr#organization\"},\"image\":{\"@id\":\"https:\/\/www.justiceinfo.net\/fr\/35770-rdc-prison-a-perpetuite-pour-12-miliciens-violeurs-d-enfants.html#primaryimage\"},\"thumbnailUrl\":\"https:\/\/www.justiceinfo.net\/wp-content\/uploads\/f49be57e1059c0402da60a33edb5f823.jpg\",\"articleSection\":[\"Divers\"],\"inLanguage\":\"fr-FR\",\"potentialAction\":[{\"@type\":\"CommentAction\",\"name\":\"Comment\",\"target\":[\"https:\/\/www.justiceinfo.net\/fr\/35770-rdc-prison-a-perpetuite-pour-12-miliciens-violeurs-d-enfants.html#respond\"]}]},{\"@type\":\"WebPage\",\"@id\":\"https:\/\/www.justiceinfo.net\/fr\/35770-rdc-prison-a-perpetuite-pour-12-miliciens-violeurs-d-enfants.html\",\"url\":\"https:\/\/www.justiceinfo.net\/fr\/35770-rdc-prison-a-perpetuite-pour-12-miliciens-violeurs-d-enfants.html\",\"name\":\"RDC: prison \u00e0 perp\u00e9tuit\u00e9 pour un d\u00e9put\u00e9 et des miliciens violeurs d'enfants - JusticeInfo.net\",\"isPartOf\":{\"@id\":\"https:\/\/www.justiceinfo.net\/fr#website\"},\"primaryImageOfPage\":{\"@id\":\"https:\/\/www.justiceinfo.net\/fr\/35770-rdc-prison-a-perpetuite-pour-12-miliciens-violeurs-d-enfants.html#primaryimage\"},\"image\":{\"@id\":\"https:\/\/www.justiceinfo.net\/fr\/35770-rdc-prison-a-perpetuite-pour-12-miliciens-violeurs-d-enfants.html#primaryimage\"},\"thumbnailUrl\":\"https:\/\/www.justiceinfo.net\/wp-content\/uploads\/f49be57e1059c0402da60a33edb5f823.jpg\",\"datePublished\":\"2017-12-13T14:50:06+00:00\",\"breadcrumb\":{\"@id\":\"https:\/\/www.justiceinfo.net\/fr\/35770-rdc-prison-a-perpetuite-pour-12-miliciens-violeurs-d-enfants.html#breadcrumb\"},\"inLanguage\":\"fr-FR\",\"potentialAction\":[{\"@type\":\"ReadAction\",\"target\":[\"https:\/\/www.justiceinfo.net\/fr\/35770-rdc-prison-a-perpetuite-pour-12-miliciens-violeurs-d-enfants.html\"]}]},{\"@type\":\"ImageObject\",\"inLanguage\":\"fr-FR\",\"@id\":\"https:\/\/www.justiceinfo.net\/fr\/35770-rdc-prison-a-perpetuite-pour-12-miliciens-violeurs-d-enfants.html#primaryimage\",\"url\":\"https:\/\/www.justiceinfo.net\/wp-content\/uploads\/f49be57e1059c0402da60a33edb5f823.jpg\",\"contentUrl\":\"https:\/\/www.justiceinfo.net\/wp-content\/uploads\/f49be57e1059c0402da60a33edb5f823.jpg\",\"width\":1051,\"height\":700},{\"@type\":\"BreadcrumbList\",\"@id\":\"https:\/\/www.justiceinfo.net\/fr\/35770-rdc-prison-a-perpetuite-pour-12-miliciens-violeurs-d-enfants.html#breadcrumb\",\"itemListElement\":[{\"@type\":\"ListItem\",\"position\":1,\"name\":\"Home\",\"item\":\"https:\/\/www.justiceinfo.net\/fr\"},{\"@type\":\"ListItem\",\"position\":2,\"name\":\"RDC: prison \u00e0 perp\u00e9tuit\u00e9 pour un d\u00e9put\u00e9 et des miliciens violeurs d'enfants\"}]},{\"@type\":\"WebSite\",\"@id\":\"https:\/\/www.justiceinfo.net\/fr#website\",\"url\":\"https:\/\/www.justiceinfo.net\/fr\",\"name\":\"JusticeInfo.net\",\"description\":\"La justice doit \u00eatre vue pour \u00eatre rendue\",\"publisher\":{\"@id\":\"https:\/\/www.justiceinfo.net\/fr#organization\"},\"potentialAction\":[{\"@type\":\"SearchAction\",\"target\":{\"@type\":\"EntryPoint\",\"urlTemplate\":\"https:\/\/www.justiceinfo.net\/fr?s={search_term_string}\"},\"query-input\":{\"@type\":\"PropertyValueSpecification\",\"valueRequired\":true,\"valueName\":\"search_term_string\"}}],\"inLanguage\":\"fr-FR\"},{\"@type\":\"Organization\",\"@id\":\"https:\/\/www.justiceinfo.net\/fr#organization\",\"name\":\"Justice Info\",\"url\":\"https:\/\/www.justiceinfo.net\/fr\",\"logo\":{\"@type\":\"ImageObject\",\"inLanguage\":\"fr-FR\",\"@id\":\"https:\/\/www.justiceinfo.net\/fr#\/schema\/logo\/image\/\",\"url\":\"https:\/\/www.justiceinfo.net\/wp-content\/uploads\/justiceinfo_logo-trans_1200x1200px.png\",\"contentUrl\":\"https:\/\/www.justiceinfo.net\/wp-content\/uploads\/justiceinfo_logo-trans_1200x1200px.png\",\"width\":1199,\"height\":1200,\"caption\":\"Justice Info\"},\"image\":{\"@id\":\"https:\/\/www.justiceinfo.net\/fr#\/schema\/logo\/image\/\"},\"sameAs\":[\"https:\/\/www.facebook.com\/JusticeInfo\/\",\"https:\/\/x.com\/justiceinfonet\",\"https:\/\/www.linkedin.com\/company\/justice-info\",\"https:\/\/www.youtube.com\/channel\/UCyCEsARodyuWtkWyhn-e7pA\"]},{\"@type\":\"Person\",\"name\":\"JusticeInfo avec AFP\",\"url\":\"\/fr\/?s=JusticeInfo avec AFP\"}]}<\/script>\n<!-- \/ Yoast SEO Premium plugin. -->","yoast_head_json":{"title":"RDC: prison \u00e0 perp\u00e9tuit\u00e9 pour un d\u00e9put\u00e9 et des miliciens violeurs d'enfants - JusticeInfo.net","robots":{"index":"index","follow":"follow","max-snippet":"max-snippet:-1","max-image-preview":"max-image-preview:large","max-video-preview":"max-video-preview:-1"},"canonical":"https:\/\/www.justiceinfo.net\/fr\/35770-rdc-prison-a-perpetuite-pour-12-miliciens-violeurs-d-enfants.html","og_locale":"fr_FR","og_type":"article","og_title":"RDC: prison \u00e0 perp\u00e9tuit\u00e9 pour un d\u00e9put\u00e9 et des miliciens violeurs d'enfants","og_description":"Douze miliciens congolais\u00a0 dont un homme politique local ont \u00e9t\u00e9 condamn\u00e9s mercredi \u00e0 la prison \u00e0 perp\u00e9tuit\u00e9 pour des viols massifs qualifi\u00e9s par la justice de \"crime contre l'humanit\u00e9\" par un tribunal militaire dans l'est de la R\u00e9publique d\u00e9mocratique du Congo. Le chef de milice et ex-d\u00e9put\u00e9 provincial du Sud-Kivu, Fr\u00e9d\u00e9ric Batumike, et 11 de [&hellip;]","og_url":"https:\/\/www.justiceinfo.net\/fr\/35770-rdc-prison-a-perpetuite-pour-12-miliciens-violeurs-d-enfants.html","og_site_name":"JusticeInfo.net","article_publisher":"https:\/\/www.facebook.com\/JusticeInfo\/","article_published_time":"2017-12-13T14:50:06+00:00","og_image":[{"width":1051,"height":700,"url":"https:\/\/www.justiceinfo.net\/wp-content\/uploads\/f49be57e1059c0402da60a33edb5f823.jpg","type":"image\/jpeg"}],"author":"JusticeInfo avec AFP","twitter_card":"summary_large_image","twitter_creator":"@justiceinfonet","twitter_site":"@justiceinfonet","twitter_misc":{"\u00c9crit par":"JusticeInfo avec AFP","Dur\u00e9e de lecture estim\u00e9e":"2 minutes"},"schema":{"@context":"https:\/\/schema.org","@graph":[{"@type":"NewsArticle","@id":"https:\/\/www.justiceinfo.net\/fr\/35770-rdc-prison-a-perpetuite-pour-12-miliciens-violeurs-d-enfants.html#article","isPartOf":{"@id":"https:\/\/www.justiceinfo.net\/fr\/35770-rdc-prison-a-perpetuite-pour-12-miliciens-violeurs-d-enfants.html"},"author":{"name":"afp","@id":"https:\/\/www.justiceinfo.net\/fr#\/schema\/person\/713d340ef5f218fc36ce9b4244364a7f"},"headline":"RDC: prison \u00e0 perp\u00e9tuit\u00e9 pour un d\u00e9put\u00e9 et des miliciens violeurs d'enfants","datePublished":"2017-12-13T14:50:06+00:00","mainEntityOfPage":{"@id":"https:\/\/www.justiceinfo.net\/fr\/35770-rdc-prison-a-perpetuite-pour-12-miliciens-violeurs-d-enfants.html"},"wordCount":465,"commentCount":0,"publisher":{"@id":"https:\/\/www.justiceinfo.net\/fr#organization"},"image":{"@id":"https:\/\/www.justiceinfo.net\/fr\/35770-rdc-prison-a-perpetuite-pour-12-miliciens-violeurs-d-enfants.html#primaryimage"},"thumbnailUrl":"https:\/\/www.justiceinfo.net\/wp-content\/uploads\/f49be57e1059c0402da60a33edb5f823.jpg","articleSection":["Divers"],"inLanguage":"fr-FR","potentialAction":[{"@type":"CommentAction","name":"Comment","target":["https:\/\/www.justiceinfo.net\/fr\/35770-rdc-prison-a-perpetuite-pour-12-miliciens-violeurs-d-enfants.html#respond"]}]},{"@type":"WebPage","@id":"https:\/\/www.justiceinfo.net\/fr\/35770-rdc-prison-a-perpetuite-pour-12-miliciens-violeurs-d-enfants.html","url":"https:\/\/www.justiceinfo.net\/fr\/35770-rdc-prison-a-perpetuite-pour-12-miliciens-violeurs-d-enfants.html","name":"RDC: prison \u00e0 perp\u00e9tuit\u00e9 pour un d\u00e9put\u00e9 et des miliciens violeurs d'enfants - JusticeInfo.net","isPartOf":{"@id":"https:\/\/www.justiceinfo.net\/fr#website"},"primaryImageOfPage":{"@id":"https:\/\/www.justiceinfo.net\/fr\/35770-rdc-prison-a-perpetuite-pour-12-miliciens-violeurs-d-enfants.html#primaryimage"},"image":{"@id":"https:\/\/www.justiceinfo.net\/fr\/35770-rdc-prison-a-perpetuite-pour-12-miliciens-violeurs-d-enfants.html#primaryimage"},"thumbnailUrl":"https:\/\/www.justiceinfo.net\/wp-content\/uploads\/f49be57e1059c0402da60a33edb5f823.jpg","datePublished":"2017-12-13T14:50:06+00:00","breadcrumb":{"@id":"https:\/\/www.justiceinfo.net\/fr\/35770-rdc-prison-a-perpetuite-pour-12-miliciens-violeurs-d-enfants.html#breadcrumb"},"inLanguage":"fr-FR","potentialAction":[{"@type":"ReadAction","target":["https:\/\/www.justiceinfo.net\/fr\/35770-rdc-prison-a-perpetuite-pour-12-miliciens-violeurs-d-enfants.html"]}]},{"@type":"ImageObject","inLanguage":"fr-FR","@id":"https:\/\/www.justiceinfo.net\/fr\/35770-rdc-prison-a-perpetuite-pour-12-miliciens-violeurs-d-enfants.html#primaryimage","url":"https:\/\/www.justiceinfo.net\/wp-content\/uploads\/f49be57e1059c0402da60a33edb5f823.jpg","contentUrl":"https:\/\/www.justiceinfo.net\/wp-content\/uploads\/f49be57e1059c0402da60a33edb5f823.jpg","width":1051,"height":700},{"@type":"BreadcrumbList","@id":"https:\/\/www.justiceinfo.net\/fr\/35770-rdc-prison-a-perpetuite-pour-12-miliciens-violeurs-d-enfants.html#breadcrumb","itemListElement":[{"@type":"ListItem","position":1,"name":"Home","item":"https:\/\/www.justiceinfo.net\/fr"},{"@type":"ListItem","position":2,"name":"RDC: prison \u00e0 perp\u00e9tuit\u00e9 pour un d\u00e9put\u00e9 et des miliciens violeurs d'enfants"}]},{"@type":"WebSite","@id":"https:\/\/www.justiceinfo.net\/fr#website","url":"https:\/\/www.justiceinfo.net\/fr","name":"JusticeInfo.net","description":"La justice doit \u00eatre vue pour \u00eatre rendue","publisher":{"@id":"https:\/\/www.justiceinfo.net\/fr#organization"},"potentialAction":[{"@type":"SearchAction","target":{"@type":"EntryPoint","urlTemplate":"https:\/\/www.justiceinfo.net\/fr?s={search_term_string}"},"query-input":{"@type":"PropertyValueSpecification","valueRequired":true,"valueName":"search_term_string"}}],"inLanguage":"fr-FR"},{"@type":"Organization","@id":"https:\/\/www.justiceinfo.net\/fr#organization","name":"Justice Info","url":"https:\/\/www.justiceinfo.net\/fr","logo":{"@type":"ImageObject","inLanguage":"fr-FR","@id":"https:\/\/www.justiceinfo.net\/fr#\/schema\/logo\/image\/","url":"https:\/\/www.justiceinfo.net\/wp-content\/uploads\/justiceinfo_logo-trans_1200x1200px.png","contentUrl":"https:\/\/www.justiceinfo.net\/wp-content\/uploads\/justiceinfo_logo-trans_1200x1200px.png","width":1199,"height":1200,"caption":"Justice Info"},"image":{"@id":"https:\/\/www.justiceinfo.net\/fr#\/schema\/logo\/image\/"},"sameAs":["https:\/\/www.facebook.com\/JusticeInfo\/","https:\/\/x.com\/justiceinfonet","https:\/\/www.linkedin.com\/company\/justice-info","https:\/\/www.youtube.com\/channel\/UCyCEsARodyuWtkWyhn-e7pA"]},{"@type":"Person","name":"JusticeInfo avec AFP","url":"\/fr\/?s=JusticeInfo avec AFP"}]}},"_links":{"self":[{"href":"https:\/\/www.justiceinfo.net\/fr\/wp-json\/wp\/v2\/posts\/35770","targetHints":{"allow":["GET"]}}],"collection":[{"href":"https:\/\/www.justiceinfo.net\/fr\/wp-json\/wp\/v2\/posts"}],"about":[{"href":"https:\/\/www.justiceinfo.net\/fr\/wp-json\/wp\/v2\/types\/post"}],"author":[{"embeddable":true,"href":"https:\/\/www.justiceinfo.net\/fr\/wp-json\/wp\/v2\/users\/60"}],"replies":[{"embeddable":true,"href":"https:\/\/www.justiceinfo.net\/fr\/wp-json\/wp\/v2\/comments?post=35770"}],"version-history":[{"count":0,"href":"https:\/\/www.justiceinfo.net\/fr\/wp-json\/wp\/v2\/posts\/35770\/revisions"}],"wp:featuredmedia":[{"embeddable":true,"href":"https:\/\/www.justiceinfo.net\/fr\/wp-json\/wp\/v2\/media\/67910"}],"wp:attachment":[{"href":"https:\/\/www.justiceinfo.net\/fr\/wp-json\/wp\/v2\/media?parent=35770"}],"wp:term":[{"taxonomy":"category","embeddable":true,"href":"https:\/\/www.justiceinfo.net\/fr\/wp-json\/wp\/v2\/categories?post=35770"},{"taxonomy":"post_tag","embeddable":true,"href":"https:\/\/www.justiceinfo.net\/fr\/wp-json\/wp\/v2\/tags?post=35770"},{"taxonomy":"ji_location","embeddable":true,"href":"https:\/\/www.justiceinfo.net\/fr\/wp-json\/wp\/v2\/ji_location?post=35770"}],"curies":[{"name":"wp","href":"https:\/\/api.w.org\/{rel}","templated":true}]}}