{"id":35807,"date":"2017-12-18T17:50:28","date_gmt":"2017-12-18T16:50:28","guid":{"rendered":"https:\/\/www.justiceinfo.net\/35807-rdc-avancee-dans-la-lutte-contre-l-impunite-des-violences-sexuelles.html"},"modified":"2017-12-18T17:50:28","modified_gmt":"2017-12-18T16:50:28","slug":"rdc-avancee-dans-la-lutte-contre-l-impunite-des-violences-sexuelles","status":"publish","type":"post","link":"https:\/\/www.justiceinfo.net\/fr\/35807-rdc-avancee-dans-la-lutte-contre-l-impunite-des-violences-sexuelles.html","title":{"rendered":"RDC : \"avanc\u00e9e\" dans la lutte contre l'impunit\u00e9 des violences sexuelles"},"content":{"rendered":"<p>\n             La Mission de l'ONU au Congo a estim\u00e9 samedi qu'une \"avanc\u00e9e majeure\" a \u00e9t\u00e9 r\u00e9alis\u00e9e dans la lutte contre l'impunit\u00e9 des violences sexuelles en R\u00e9publique d\u00e9mocratique du Congo, trois jours apr\u00e8s la condamnation \u00e0 perp\u00e9tuit\u00e9 pour le viol de fillettes d'une dizaine de miliciens dont un notable dans l'est du pays.\n<\/p>\n<p>\n            Mercredi, un tribunal militaire a condamn\u00e9 \u00e0 perp\u00e9tuit\u00e9 le d\u00e9put\u00e9 provincial Fr\u00e9d\u00e9ric Batumike et dix de ses coaccus\u00e9s pour viol sur des fillettes \u00e2g\u00e9es de 18 mois \u00e0 12 ans \u00e0 Kavumu (Sud-Kivu) entre 2013 et 2016. Les faits ont \u00e9t\u00e9 qualifi\u00e9s de \"crime contre l'humanit\u00e9\".\n<\/p>\n<p>\n            La Monusco a salu\u00e9 \"la tenue d'un proc\u00e8s sans pr\u00e9c\u00e9dent ainsi que la d\u00e9cision prise, qui constitue une avanc\u00e9e majeure dans la lutte contre l'impunit\u00e9 des violences sexuelles en RDC\", \u00e9crit dans un communiqu\u00e9 son chef, Maman Sidikou.\n<\/p>\n<p>\n            Par cette d\u00e9cision \"la justice congolaise rappelle que personne n'est au-dessus de la loi, quel que soit son statut\", ajoute le texte.\n<\/p>\n<p>\n            Cette d\u00e9cision est un \"signe encourageant pour les nombreuses victimes de violences sexuelles et autres violations graves des droits de l'homme, dont les auteurs restent souvent impunis\", estime la Monusco.\n<\/p>\n<p>\n            M. Sidikou a cependant exhort\u00e9 les autorit\u00e9s congolaises \u00e0 \"poursuivre leurs efforts afin que tous les auteurs de violations des droits de l'homme, du droit international humanitaire et d'autres crimes graves soient traduits devant les juridictions comp\u00e9tentes, ind\u00e9pendamment de leur statut\".\n<\/p>\n<p>\n            Mercredi, \u00e0 l'annonce de la condamnation de M. Batumike - chef pr\u00e9sum\u00e9 de la milice Djeshi ya Yesu (Arm\u00e9e de J\u00e9sus) - parties civiles et ONG avaient revendiqu\u00e9 une victoire historique contre l'impunit\u00e9 des crimes sexuels en zone de conflit.\n<\/p>\n<p>\n            La partie est de la RDC est d\u00e9chir\u00e9e par des conflits arm\u00e9es depuis plus de vingt ans et des cas de violences sexuelles sont r\u00e9guli\u00e8rement rapport\u00e9es.<\/p>\n","protected":false},"excerpt":{"rendered":"<p>La Mission de l'ONU au Congo a estim\u00e9 samedi qu'une \"avanc\u00e9e majeure\" a \u00e9t\u00e9 r\u00e9alis\u00e9e dans la lutte contre l'impunit\u00e9 des violences sexuelles en R\u00e9publique d\u00e9mocratique du Congo, trois jours apr\u00e8s la condamnation \u00e0 perp\u00e9tuit\u00e9 pour le viol de fillettes d'une dizaine de miliciens dont un notable dans l'est du pays. Mercredi, un tribunal militaire [&hellip;]<\/p>\n","protected":false},"author":60,"featured_media":0,"comment_status":"open","ping_status":"closed","sticky":false,"template":"","format":"standard","meta":{"_acf_changed":false,"footnotes":""},"categories":[2576],"tags":[],"ji_location":[2196],"class_list":["post-35807","post","type-post","status-publish","format-standard","hentry","category-fil-d-actualite","ji_location-republique-democratique-du-congo"],"acf":[],"yoast_head":"<!-- This site is optimized with the Yoast SEO Premium plugin v25.3.1 (Yoast SEO v25.3.1) - https:\/\/yoast.com\/wordpress\/plugins\/seo\/ -->\n<title>RDC : &quot;avanc\u00e9e&quot; dans la lutte contre l&#039;impunit\u00e9 des violences sexuelles - JusticeInfo.net<\/title>\n<meta name=\"robots\" content=\"index, follow, max-snippet:-1, max-image-preview:large, max-video-preview:-1\" \/>\n<link rel=\"canonical\" href=\"https:\/\/www.justiceinfo.net\/fr\/35807-rdc-avancee-dans-la-lutte-contre-l-impunite-des-violences-sexuelles.html\" \/>\n<meta property=\"og:locale\" content=\"fr_FR\" \/>\n<meta property=\"og:type\" content=\"article\" \/>\n<meta property=\"og:title\" content=\"RDC : &quot;avanc\u00e9e&quot; dans la lutte contre l&#039;impunit\u00e9 des violences sexuelles\" \/>\n<meta property=\"og:description\" content=\"La Mission de l&#039;ONU au Congo a estim\u00e9 samedi qu&#039;une &quot;avanc\u00e9e majeure&quot; a \u00e9t\u00e9 r\u00e9alis\u00e9e dans la lutte contre l&#039;impunit\u00e9 des violences sexuelles en R\u00e9publique d\u00e9mocratique du Congo, trois jours apr\u00e8s la condamnation \u00e0 perp\u00e9tuit\u00e9 pour le viol de fillettes d&#039;une dizaine de miliciens dont un notable dans l&#039;est du pays. Mercredi, un tribunal militaire [&hellip;]\" \/>\n<meta property=\"og:url\" content=\"https:\/\/www.justiceinfo.net\/fr\/35807-rdc-avancee-dans-la-lutte-contre-l-impunite-des-violences-sexuelles.html\" \/>\n<meta property=\"og:site_name\" content=\"JusticeInfo.net\" \/>\n<meta property=\"article:publisher\" content=\"https:\/\/www.facebook.com\/JusticeInfo\/\" \/>\n<meta property=\"article:published_time\" content=\"2017-12-18T16:50:28+00:00\" \/>\n<meta property=\"og:image\" content=\"https:\/\/www.justiceinfo.net\/wp-content\/uploads\/JusticeInfoNet_logo_1200x630px.jpg\" \/>\n\t<meta property=\"og:image:width\" content=\"1200\" \/>\n\t<meta property=\"og:image:height\" content=\"630\" \/>\n\t<meta property=\"og:image:type\" content=\"image\/jpeg\" \/>\n<meta name=\"author\" content=\"AFP\" \/>\n<meta name=\"twitter:card\" content=\"summary_large_image\" \/>\n<meta name=\"twitter:creator\" content=\"@justiceinfonet\" \/>\n<meta name=\"twitter:site\" content=\"@justiceinfonet\" \/>\n<meta name=\"twitter:label1\" content=\"\u00c9crit par\" \/>\n\t<meta name=\"twitter:data1\" content=\"AFP\" \/>\n\t<meta name=\"twitter:label2\" content=\"Dur\u00e9e de lecture estim\u00e9e\" \/>\n\t<meta name=\"twitter:data2\" content=\"2 minutes\" \/>\n<script type=\"application\/ld+json\" class=\"yoast-schema-graph\">{\"@context\":\"https:\/\/schema.org\",\"@graph\":[{\"@type\":\"NewsArticle\",\"@id\":\"https:\/\/www.justiceinfo.net\/fr\/35807-rdc-avancee-dans-la-lutte-contre-l-impunite-des-violences-sexuelles.html#article\",\"isPartOf\":{\"@id\":\"https:\/\/www.justiceinfo.net\/fr\/35807-rdc-avancee-dans-la-lutte-contre-l-impunite-des-violences-sexuelles.html\"},\"author\":{\"name\":\"afp\",\"@id\":\"https:\/\/www.justiceinfo.net\/fr#\/schema\/person\/713d340ef5f218fc36ce9b4244364a7f\"},\"headline\":\"RDC : \\\"avanc\u00e9e\\\" dans la lutte contre l'impunit\u00e9 des violences sexuelles\",\"datePublished\":\"2017-12-18T16:50:28+00:00\",\"mainEntityOfPage\":{\"@id\":\"https:\/\/www.justiceinfo.net\/fr\/35807-rdc-avancee-dans-la-lutte-contre-l-impunite-des-violences-sexuelles.html\"},\"wordCount\":343,\"commentCount\":0,\"publisher\":{\"@id\":\"https:\/\/www.justiceinfo.net\/fr#organization\"},\"articleSection\":[\"Fil d'info AFP\"],\"inLanguage\":\"fr-FR\",\"potentialAction\":[{\"@type\":\"CommentAction\",\"name\":\"Comment\",\"target\":[\"https:\/\/www.justiceinfo.net\/fr\/35807-rdc-avancee-dans-la-lutte-contre-l-impunite-des-violences-sexuelles.html#respond\"]}]},{\"@type\":\"WebPage\",\"@id\":\"https:\/\/www.justiceinfo.net\/fr\/35807-rdc-avancee-dans-la-lutte-contre-l-impunite-des-violences-sexuelles.html\",\"url\":\"https:\/\/www.justiceinfo.net\/fr\/35807-rdc-avancee-dans-la-lutte-contre-l-impunite-des-violences-sexuelles.html\",\"name\":\"RDC : \\\"avanc\u00e9e\\\" dans la lutte contre l'impunit\u00e9 des violences sexuelles - JusticeInfo.net\",\"isPartOf\":{\"@id\":\"https:\/\/www.justiceinfo.net\/fr#website\"},\"datePublished\":\"2017-12-18T16:50:28+00:00\",\"breadcrumb\":{\"@id\":\"https:\/\/www.justiceinfo.net\/fr\/35807-rdc-avancee-dans-la-lutte-contre-l-impunite-des-violences-sexuelles.html#breadcrumb\"},\"inLanguage\":\"fr-FR\",\"potentialAction\":[{\"@type\":\"ReadAction\",\"target\":[\"https:\/\/www.justiceinfo.net\/fr\/35807-rdc-avancee-dans-la-lutte-contre-l-impunite-des-violences-sexuelles.html\"]}]},{\"@type\":\"BreadcrumbList\",\"@id\":\"https:\/\/www.justiceinfo.net\/fr\/35807-rdc-avancee-dans-la-lutte-contre-l-impunite-des-violences-sexuelles.html#breadcrumb\",\"itemListElement\":[{\"@type\":\"ListItem\",\"position\":1,\"name\":\"Home\",\"item\":\"https:\/\/www.justiceinfo.net\/fr\"},{\"@type\":\"ListItem\",\"position\":2,\"name\":\"RDC : \\\"avanc\u00e9e\\\" dans la lutte contre l'impunit\u00e9 des violences sexuelles\"}]},{\"@type\":\"WebSite\",\"@id\":\"https:\/\/www.justiceinfo.net\/fr#website\",\"url\":\"https:\/\/www.justiceinfo.net\/fr\",\"name\":\"JusticeInfo.net\",\"description\":\"La justice doit \u00eatre vue pour \u00eatre rendue\",\"publisher\":{\"@id\":\"https:\/\/www.justiceinfo.net\/fr#organization\"},\"potentialAction\":[{\"@type\":\"SearchAction\",\"target\":{\"@type\":\"EntryPoint\",\"urlTemplate\":\"https:\/\/www.justiceinfo.net\/fr?s={search_term_string}\"},\"query-input\":{\"@type\":\"PropertyValueSpecification\",\"valueRequired\":true,\"valueName\":\"search_term_string\"}}],\"inLanguage\":\"fr-FR\"},{\"@type\":\"Organization\",\"@id\":\"https:\/\/www.justiceinfo.net\/fr#organization\",\"name\":\"Justice Info\",\"url\":\"https:\/\/www.justiceinfo.net\/fr\",\"logo\":{\"@type\":\"ImageObject\",\"inLanguage\":\"fr-FR\",\"@id\":\"https:\/\/www.justiceinfo.net\/fr#\/schema\/logo\/image\/\",\"url\":\"https:\/\/www.justiceinfo.net\/wp-content\/uploads\/justiceinfo_logo-trans_1200x1200px.png\",\"contentUrl\":\"https:\/\/www.justiceinfo.net\/wp-content\/uploads\/justiceinfo_logo-trans_1200x1200px.png\",\"width\":1199,\"height\":1200,\"caption\":\"Justice Info\"},\"image\":{\"@id\":\"https:\/\/www.justiceinfo.net\/fr#\/schema\/logo\/image\/\"},\"sameAs\":[\"https:\/\/www.facebook.com\/JusticeInfo\/\",\"https:\/\/x.com\/justiceinfonet\",\"https:\/\/www.linkedin.com\/company\/justice-info\",\"https:\/\/www.youtube.com\/channel\/UCyCEsARodyuWtkWyhn-e7pA\"]},{\"@type\":\"Person\",\"name\":\"AFP\",\"url\":\"\/fr\/?s=AFP\"}]}<\/script>\n<!-- \/ Yoast SEO Premium plugin. -->","yoast_head_json":{"title":"RDC : \"avanc\u00e9e\" dans la lutte contre l'impunit\u00e9 des violences sexuelles - JusticeInfo.net","robots":{"index":"index","follow":"follow","max-snippet":"max-snippet:-1","max-image-preview":"max-image-preview:large","max-video-preview":"max-video-preview:-1"},"canonical":"https:\/\/www.justiceinfo.net\/fr\/35807-rdc-avancee-dans-la-lutte-contre-l-impunite-des-violences-sexuelles.html","og_locale":"fr_FR","og_type":"article","og_title":"RDC : \"avanc\u00e9e\" dans la lutte contre l'impunit\u00e9 des violences sexuelles","og_description":"La Mission de l'ONU au Congo a estim\u00e9 samedi qu'une \"avanc\u00e9e majeure\" a \u00e9t\u00e9 r\u00e9alis\u00e9e dans la lutte contre l'impunit\u00e9 des violences sexuelles en R\u00e9publique d\u00e9mocratique du Congo, trois jours apr\u00e8s la condamnation \u00e0 perp\u00e9tuit\u00e9 pour le viol de fillettes d'une dizaine de miliciens dont un notable dans l'est du pays. Mercredi, un tribunal militaire [&hellip;]","og_url":"https:\/\/www.justiceinfo.net\/fr\/35807-rdc-avancee-dans-la-lutte-contre-l-impunite-des-violences-sexuelles.html","og_site_name":"JusticeInfo.net","article_publisher":"https:\/\/www.facebook.com\/JusticeInfo\/","article_published_time":"2017-12-18T16:50:28+00:00","og_image":[{"width":1200,"height":630,"url":"https:\/\/www.justiceinfo.net\/wp-content\/uploads\/JusticeInfoNet_logo_1200x630px.jpg","type":"image\/jpeg"}],"author":"AFP","twitter_card":"summary_large_image","twitter_creator":"@justiceinfonet","twitter_site":"@justiceinfonet","twitter_misc":{"\u00c9crit par":"AFP","Dur\u00e9e de lecture estim\u00e9e":"2 minutes"},"schema":{"@context":"https:\/\/schema.org","@graph":[{"@type":"NewsArticle","@id":"https:\/\/www.justiceinfo.net\/fr\/35807-rdc-avancee-dans-la-lutte-contre-l-impunite-des-violences-sexuelles.html#article","isPartOf":{"@id":"https:\/\/www.justiceinfo.net\/fr\/35807-rdc-avancee-dans-la-lutte-contre-l-impunite-des-violences-sexuelles.html"},"author":{"name":"afp","@id":"https:\/\/www.justiceinfo.net\/fr#\/schema\/person\/713d340ef5f218fc36ce9b4244364a7f"},"headline":"RDC : \"avanc\u00e9e\" dans la lutte contre l'impunit\u00e9 des violences sexuelles","datePublished":"2017-12-18T16:50:28+00:00","mainEntityOfPage":{"@id":"https:\/\/www.justiceinfo.net\/fr\/35807-rdc-avancee-dans-la-lutte-contre-l-impunite-des-violences-sexuelles.html"},"wordCount":343,"commentCount":0,"publisher":{"@id":"https:\/\/www.justiceinfo.net\/fr#organization"},"articleSection":["Fil d'info AFP"],"inLanguage":"fr-FR","potentialAction":[{"@type":"CommentAction","name":"Comment","target":["https:\/\/www.justiceinfo.net\/fr\/35807-rdc-avancee-dans-la-lutte-contre-l-impunite-des-violences-sexuelles.html#respond"]}]},{"@type":"WebPage","@id":"https:\/\/www.justiceinfo.net\/fr\/35807-rdc-avancee-dans-la-lutte-contre-l-impunite-des-violences-sexuelles.html","url":"https:\/\/www.justiceinfo.net\/fr\/35807-rdc-avancee-dans-la-lutte-contre-l-impunite-des-violences-sexuelles.html","name":"RDC : \"avanc\u00e9e\" dans la lutte contre l'impunit\u00e9 des violences sexuelles - JusticeInfo.net","isPartOf":{"@id":"https:\/\/www.justiceinfo.net\/fr#website"},"datePublished":"2017-12-18T16:50:28+00:00","breadcrumb":{"@id":"https:\/\/www.justiceinfo.net\/fr\/35807-rdc-avancee-dans-la-lutte-contre-l-impunite-des-violences-sexuelles.html#breadcrumb"},"inLanguage":"fr-FR","potentialAction":[{"@type":"ReadAction","target":["https:\/\/www.justiceinfo.net\/fr\/35807-rdc-avancee-dans-la-lutte-contre-l-impunite-des-violences-sexuelles.html"]}]},{"@type":"BreadcrumbList","@id":"https:\/\/www.justiceinfo.net\/fr\/35807-rdc-avancee-dans-la-lutte-contre-l-impunite-des-violences-sexuelles.html#breadcrumb","itemListElement":[{"@type":"ListItem","position":1,"name":"Home","item":"https:\/\/www.justiceinfo.net\/fr"},{"@type":"ListItem","position":2,"name":"RDC : \"avanc\u00e9e\" dans la lutte contre l'impunit\u00e9 des violences sexuelles"}]},{"@type":"WebSite","@id":"https:\/\/www.justiceinfo.net\/fr#website","url":"https:\/\/www.justiceinfo.net\/fr","name":"JusticeInfo.net","description":"La justice doit \u00eatre vue pour \u00eatre rendue","publisher":{"@id":"https:\/\/www.justiceinfo.net\/fr#organization"},"potentialAction":[{"@type":"SearchAction","target":{"@type":"EntryPoint","urlTemplate":"https:\/\/www.justiceinfo.net\/fr?s={search_term_string}"},"query-input":{"@type":"PropertyValueSpecification","valueRequired":true,"valueName":"search_term_string"}}],"inLanguage":"fr-FR"},{"@type":"Organization","@id":"https:\/\/www.justiceinfo.net\/fr#organization","name":"Justice Info","url":"https:\/\/www.justiceinfo.net\/fr","logo":{"@type":"ImageObject","inLanguage":"fr-FR","@id":"https:\/\/www.justiceinfo.net\/fr#\/schema\/logo\/image\/","url":"https:\/\/www.justiceinfo.net\/wp-content\/uploads\/justiceinfo_logo-trans_1200x1200px.png","contentUrl":"https:\/\/www.justiceinfo.net\/wp-content\/uploads\/justiceinfo_logo-trans_1200x1200px.png","width":1199,"height":1200,"caption":"Justice Info"},"image":{"@id":"https:\/\/www.justiceinfo.net\/fr#\/schema\/logo\/image\/"},"sameAs":["https:\/\/www.facebook.com\/JusticeInfo\/","https:\/\/x.com\/justiceinfonet","https:\/\/www.linkedin.com\/company\/justice-info","https:\/\/www.youtube.com\/channel\/UCyCEsARodyuWtkWyhn-e7pA"]},{"@type":"Person","name":"AFP","url":"\/fr\/?s=AFP"}]}},"_links":{"self":[{"href":"https:\/\/www.justiceinfo.net\/fr\/wp-json\/wp\/v2\/posts\/35807","targetHints":{"allow":["GET"]}}],"collection":[{"href":"https:\/\/www.justiceinfo.net\/fr\/wp-json\/wp\/v2\/posts"}],"about":[{"href":"https:\/\/www.justiceinfo.net\/fr\/wp-json\/wp\/v2\/types\/post"}],"author":[{"embeddable":true,"href":"https:\/\/www.justiceinfo.net\/fr\/wp-json\/wp\/v2\/users\/60"}],"replies":[{"embeddable":true,"href":"https:\/\/www.justiceinfo.net\/fr\/wp-json\/wp\/v2\/comments?post=35807"}],"version-history":[{"count":0,"href":"https:\/\/www.justiceinfo.net\/fr\/wp-json\/wp\/v2\/posts\/35807\/revisions"}],"wp:attachment":[{"href":"https:\/\/www.justiceinfo.net\/fr\/wp-json\/wp\/v2\/media?parent=35807"}],"wp:term":[{"taxonomy":"category","embeddable":true,"href":"https:\/\/www.justiceinfo.net\/fr\/wp-json\/wp\/v2\/categories?post=35807"},{"taxonomy":"post_tag","embeddable":true,"href":"https:\/\/www.justiceinfo.net\/fr\/wp-json\/wp\/v2\/tags?post=35807"},{"taxonomy":"ji_location","embeddable":true,"href":"https:\/\/www.justiceinfo.net\/fr\/wp-json\/wp\/v2\/ji_location?post=35807"}],"curies":[{"name":"wp","href":"https:\/\/api.w.org\/{rel}","templated":true}]}}