{"id":35815,"date":"2017-12-18T08:10:34","date_gmt":"2017-12-18T07:10:34","guid":{"rendered":"https:\/\/www.justiceinfo.net\/35815-la-semaine-de-la-justice-transitionnelle-avancees-reelles-en-rdc-blocages-avec-le-president-du-soudan.html"},"modified":"2017-12-18T08:10:34","modified_gmt":"2017-12-18T07:10:34","slug":"la-semaine-de-la-justice-transitionnelle-avancees-reelles-en-rdc-blocages-avec-le-president-du-soudan","status":"publish","type":"post","link":"https:\/\/www.justiceinfo.net\/fr\/35815-la-semaine-de-la-justice-transitionnelle-avancees-reelles-en-rdc-blocages-avec-le-president-du-soudan.html","title":{"rendered":"La semaine de la justice transitionnelle : avanc\u00e9es r\u00e9elles en RDC, blocages avec le Pr\u00e9sident du Soudan"},"content":{"rendered":"<div class=\"content-excerpt\">\n<p>Cette semaine, un tribunal militaire d\u00e9plac\u00e9 dans une petite ville du Kivu en R\u00e9publique D\u00e9mocratique du Congo a fait l\u2019histoire de la justice transitionnelle. \u00c0 Kavumu, ces juges ont donn\u00e9 un coup d\u2019arr\u00eat \u00e0 l\u2019impunit\u00e9 qui est le plus souvent la r\u00e8gle pour les crimes sexuels et que les pr\u00e9venus sont puissants.<\/p>\n<\/div>\n<p>Le correspondant de JusticeInfo en R\u00e9publique D\u00e9mocratique du Congo Claude Sengenya <a href=\"fr\/justice-reconciliation\/35778-viols-d-enfants-en-rdc-le-jugement-sans-pr%C3%A9c%C3%A9dent-d-un-tribunal-militaire.html\">\u00e9crit<\/a>\u00a0: <em>\u00ab\u00a0c\u2019est un verdict historique qui a \u00e9t\u00e9 prononc\u00e9 le mercredi 13 d\u00e9cembre par la Cour militaire du Sud-Kivu dans le proc\u00e8s d'une vingtaine d' adeptes de la milice \u00abJeshi la Yesu \u00bb (l\u2019arm\u00e9e de J\u00e9sus, en swahili), qui \u00e9taient accus\u00e9s de crimes contre l\u2019humanit\u00e9 par viols et meurtres. Le d\u00e9put\u00e9 provincial, Fr\u00e9d\u00e9ric Batumike, chef de cette milice, et 11 de ses coaccus\u00e9s ont \u00e9t\u00e9 condamn\u00e9s \u00e0 la perp\u00e9tuit\u00e9\u00a0\u00bb.<\/em><\/p>\n<p>Les victimes, des fillettes, et leurs familles ont pu t\u00e9moigner devant les juges profitant d\u2019un syst\u00e8me \u00e9labor\u00e9 de respect de leur anonymat. Susannah Sirkin, de <a href=\"http:\/\/www.physiciansforhumanrights.org\/about\/\">Physicians for Human Rights<\/a>, l\u2019une des ONG engag\u00e9e dans ce combat avec <a href=\"https:\/\/trialinternational.org\">Trial International\u00a0<\/a>explique\u00a0: \u00ab\u00a0<em>le<\/em><em>\u00a0proc\u00e8s s\u2019est d\u00e9roul\u00e9 d\u2019une mani\u00e8re tr\u00e8s professionnelle et presque sans pr\u00e9c\u00e9dent en RDC, en ce qui concerne la protection de l\u2019identit\u00e9 de certains t\u00e9moins pour sauvegarder leur s\u00e9curit\u00e9 et pour \u00e9viter le re-traumatisme des petites filles victimes de ces crimes abominables\u201d. La cour a recueilli les preuves d\u2019une mani\u00e8re rigoureuse et scientifique\u00a0<\/em>\u00bb.<\/p>\n<p>Autre premi\u00e8re, selon Daniele Perissi, responsable du programme RDC \u00e0 Trial international <em>\u00ab Un politicien en poste est reconnu coupable, en tant que sup\u00e9rieur hi\u00e9rarchique, des crimes commis par lui-m\u00eame et la milice qu\u2019il contr\u00f4lait et finan\u00e7ait \u00bb.<\/em><\/p>\n<p>Comme le dit Susannah Sirkin, <em>\u201c dans le domaine des droits de l'homme, o\u00f9 le succ\u00e8s ne se voit que sur le long terme, c'est un moment o\u00f9 l'on peut vraiment c\u00e9l\u00e9brer la patience et la persistance qui am\u00e8nent le changement \".<\/em><\/p>\n<p>Le succ\u00e8s n\u2019est pas toujours pr\u00e9sent comme l\u2019a rappel\u00e9 la procureure de la Cour P\u00e9nale Internationale (CPI), Fatou Bensouda qui une nouvelle fois a <a href=\"fr\/justice-reconciliation\/35729-darfour-conseil-securite-cpi-al-bachir-mandat.html\">somm\u00e9<\/a> les pays membres de l\u2019ONU d\u2019appliquer le mandat d\u2019arr\u00eat \u00e9mis \u00e0 l\u2019encontre du Pr\u00e9sident Soudanais Omar Al Bachir accus\u00e9 de g\u00e9nocide au Darfour mais qui voyage librement de part le monde r\u00e9cemment en Jordanie ou en Russie. 89 d\u00e9placements depuis son inculpation, selon un dernier <a href=\"https:\/\/s3.amazonaws.com\/uploads.knightlab.com\/storymapjs\/bec643e888c2d80434574655a1e32c37\/bashir\/draft.html\">comptage<\/a>.<\/p>\n<p>La procureure a expliqu\u00e9 : <em>\u201c Toute la machinerie judiciaire de la Cour peut \u00eatre enray\u00e9e tant que les personnes recherch\u00e9es par la CPI ne sont pas arr\u00eat\u00e9es \u201d.<\/em> Rappelons que ce m\u00eame Conseil avait saisi la Cour des crimes commis au Darfour en mars 2005.<\/p>\n<p>D\u00e9senchantement toujours pour la transition d\u00e9mocratique : la Tunisie, dernier phare du printemps arabe, o\u00f9 un sondage r\u00e9cent fait part d\u2019une immense d\u00e9ception quand aux acquis de la R\u00e9volution sept ans plus tard. La correspondante de JusticeInfo en Tunisie, Olfa Belhassine, <a href=\"fr\/justice-reconciliation\/35789-selon-un-sondage,-51-des-tunisiens-estiment-que-la-r%C3%A9volution-a-%C3%A9chou%C3%A9.html\">\u00e9crit<\/a> : <em>\u201c <\/em><em>Selon l\u2019enqu\u00eate, pour 51 % des Tunisiens, \u00ab\u00a0la R\u00e9volution a \u00e9chou\u00e9\u00a0\u00bb. 56 % des personnes sond\u00e9es estiment qu\u2019\u00a0\u00ab\u00a0aucun des objectifs de la R\u00e9volution n\u2019a \u00e9t\u00e9 atteint\u00a0\u00bb, notamment, ni la dignit\u00e9, ni l\u2019emploi. 80% des Tunisiens jugent que la situation g\u00e9n\u00e9rale du pays est pire qu\u2019avant le 14 janvier\u00a02010 (date du d\u00e9but de la R\u00e9volution) \u00bb.<\/em><\/p>\n<p>Pourtant, notre <a href=\"fr\/justice-reconciliation\/35674-faut-il-juger-les-dictateurs-africains.html\">enqu\u00eate<\/a> aupr\u00e8s d\u2019activistes africains r\u00e9unis fin novembre <em> \u00e0 un contre-sommet organis\u00e9 par la soci\u00e9t\u00e9 civile en marge du 5e sommet Afrique-Europe <\/em>\u00e0 Abidjan montre que l\u2019id\u00e9e de justice et de r\u00e9conciliation n\u2019est pas morte sur le continent. Brigitte Am\u00e9ganvi, pr\u00e9sidente de \u00ab Synergie Togo \u00bb, engag\u00e9e dans la lutte contre le Pr\u00e9sident de son pays dont la famille r\u00e8gne sur le Togo depuis vingt ans, r\u00e9sume bien l\u2019\u00e9tat d\u2019esprit de nos interlocuteurs\u00a0: <em>\u00ab\u00a0Oui, je suis fermement persuad\u00e9e que, pour qu\u2019il puisse y avoir r\u00e9conciliation, il faut qu\u2019il y ait identification des torts caus\u00e9s, qui les a caus\u00e9<\/em>s\u00a0<em>quitte \u00e0 ce que les victimes d\u00e9cident de pardonner et de passer l\u2019\u00e9ponge\u00a0\u00bb.<\/em><\/p>\n<p>\u00a0<\/p>\n<p>\u00a0<\/p>\n<p>\u00a0<\/p>\n<p>\u00a0<\/p>\n<p>\u00a0<\/p>\n","protected":false},"excerpt":{"rendered":"<p>Cette semaine, un tribunal militaire d\u00e9plac\u00e9 dans une petite ville du Kivu en R\u00e9publique D\u00e9mocratique du Congo a fait l\u2019histoire de la justice transitionnelle. \u00c0 Kavumu, ces juges ont donn\u00e9 un coup d\u2019arr\u00eat \u00e0 l\u2019impunit\u00e9 qui est le plus souvent la r\u00e8gle pour les crimes sexuels et que les pr\u00e9venus sont puissants. Le correspondant de [&hellip;]<\/p>\n","protected":false},"author":58,"featured_media":67969,"comment_status":"open","ping_status":"closed","sticky":false,"template":"","format":"standard","meta":{"_acf_changed":false,"footnotes":""},"categories":[575],"tags":[],"ji_location":[2566],"class_list":["post-35815","post","type-post","status-publish","format-standard","has-post-thumbnail","hentry","category-opinions","ji_location-international"],"acf":[],"yoast_head":"<!-- This site is optimized with the Yoast SEO Premium plugin v25.3.1 (Yoast SEO v25.3.1) - https:\/\/yoast.com\/wordpress\/plugins\/seo\/ -->\n<title>La semaine de la justice transitionnelle : avanc\u00e9es r\u00e9elles en RDC, blocages avec le Pr\u00e9sident du Soudan - JusticeInfo.net<\/title>\n<meta name=\"robots\" content=\"index, follow, max-snippet:-1, max-image-preview:large, max-video-preview:-1\" \/>\n<link rel=\"canonical\" href=\"https:\/\/www.justiceinfo.net\/fr\/35815-la-semaine-de-la-justice-transitionnelle-avancees-reelles-en-rdc-blocages-avec-le-president-du-soudan.html\" \/>\n<meta property=\"og:locale\" content=\"fr_FR\" \/>\n<meta property=\"og:type\" content=\"article\" \/>\n<meta property=\"og:title\" content=\"La semaine de la justice transitionnelle : avanc\u00e9es r\u00e9elles en RDC, blocages avec le Pr\u00e9sident du Soudan\" \/>\n<meta property=\"og:description\" content=\"Cette semaine, un tribunal militaire d\u00e9plac\u00e9 dans une petite ville du Kivu en R\u00e9publique D\u00e9mocratique du Congo a fait l\u2019histoire de la justice transitionnelle. \u00c0 Kavumu, ces juges ont donn\u00e9 un coup d\u2019arr\u00eat \u00e0 l\u2019impunit\u00e9 qui est le plus souvent la r\u00e8gle pour les crimes sexuels et que les pr\u00e9venus sont puissants. Le correspondant de [&hellip;]\" \/>\n<meta property=\"og:url\" content=\"https:\/\/www.justiceinfo.net\/fr\/35815-la-semaine-de-la-justice-transitionnelle-avancees-reelles-en-rdc-blocages-avec-le-president-du-soudan.html\" \/>\n<meta property=\"og:site_name\" content=\"JusticeInfo.net\" \/>\n<meta property=\"article:publisher\" content=\"https:\/\/www.facebook.com\/JusticeInfo\/\" \/>\n<meta property=\"article:author\" content=\"https:\/\/www.facebook.com\/profile.php?id=100004809918727\" \/>\n<meta property=\"article:published_time\" content=\"2017-12-18T07:10:34+00:00\" \/>\n<meta property=\"og:image\" content=\"https:\/\/www.justiceinfo.net\/wp-content\/uploads\/fce418b0107eb85e82a47b86606da772.jpg\" \/>\n\t<meta property=\"og:image:width\" content=\"2048\" \/>\n\t<meta property=\"og:image:height\" content=\"1365\" \/>\n\t<meta property=\"og:image:type\" content=\"image\/jpeg\" \/>\n<meta name=\"author\" content=\"Fran\u00e7ois Sergent\" \/>\n<meta name=\"twitter:card\" content=\"summary_large_image\" \/>\n<meta name=\"twitter:creator\" content=\"@FrancoisSergent\" \/>\n<meta name=\"twitter:site\" content=\"@justiceinfonet\" \/>\n<meta name=\"twitter:label1\" content=\"\u00c9crit par\" \/>\n\t<meta name=\"twitter:data1\" content=\"Fran\u00e7ois Sergent\" \/>\n\t<meta name=\"twitter:label2\" content=\"Dur\u00e9e de lecture estim\u00e9e\" \/>\n\t<meta name=\"twitter:data2\" content=\"4 minutes\" \/>\n<script type=\"application\/ld+json\" class=\"yoast-schema-graph\">{\"@context\":\"https:\/\/schema.org\",\"@graph\":[{\"@type\":\"NewsArticle\",\"@id\":\"https:\/\/www.justiceinfo.net\/fr\/35815-la-semaine-de-la-justice-transitionnelle-avancees-reelles-en-rdc-blocages-avec-le-president-du-soudan.html#article\",\"isPartOf\":{\"@id\":\"https:\/\/www.justiceinfo.net\/fr\/35815-la-semaine-de-la-justice-transitionnelle-avancees-reelles-en-rdc-blocages-avec-le-president-du-soudan.html\"},\"author\":{\"name\":\"fsergent\",\"@id\":\"https:\/\/www.justiceinfo.net\/fr#\/schema\/person\/724414fc3a7779fc189a73a27563e5e1\"},\"headline\":\"La semaine de la justice transitionnelle : avanc\u00e9es r\u00e9elles en RDC, blocages avec le Pr\u00e9sident du Soudan\",\"datePublished\":\"2017-12-18T07:10:34+00:00\",\"mainEntityOfPage\":{\"@id\":\"https:\/\/www.justiceinfo.net\/fr\/35815-la-semaine-de-la-justice-transitionnelle-avancees-reelles-en-rdc-blocages-avec-le-president-du-soudan.html\"},\"wordCount\":741,\"commentCount\":0,\"publisher\":{\"@id\":\"https:\/\/www.justiceinfo.net\/fr#organization\"},\"image\":{\"@id\":\"https:\/\/www.justiceinfo.net\/fr\/35815-la-semaine-de-la-justice-transitionnelle-avancees-reelles-en-rdc-blocages-avec-le-president-du-soudan.html#primaryimage\"},\"thumbnailUrl\":\"https:\/\/www.justiceinfo.net\/wp-content\/uploads\/fce418b0107eb85e82a47b86606da772.jpg\",\"articleSection\":[\"Opinions\"],\"inLanguage\":\"fr-FR\",\"potentialAction\":[{\"@type\":\"CommentAction\",\"name\":\"Comment\",\"target\":[\"https:\/\/www.justiceinfo.net\/fr\/35815-la-semaine-de-la-justice-transitionnelle-avancees-reelles-en-rdc-blocages-avec-le-president-du-soudan.html#respond\"]}]},{\"@type\":\"WebPage\",\"@id\":\"https:\/\/www.justiceinfo.net\/fr\/35815-la-semaine-de-la-justice-transitionnelle-avancees-reelles-en-rdc-blocages-avec-le-president-du-soudan.html\",\"url\":\"https:\/\/www.justiceinfo.net\/fr\/35815-la-semaine-de-la-justice-transitionnelle-avancees-reelles-en-rdc-blocages-avec-le-president-du-soudan.html\",\"name\":\"La semaine de la justice transitionnelle : avanc\u00e9es r\u00e9elles en RDC, blocages avec le Pr\u00e9sident du Soudan - JusticeInfo.net\",\"isPartOf\":{\"@id\":\"https:\/\/www.justiceinfo.net\/fr#website\"},\"primaryImageOfPage\":{\"@id\":\"https:\/\/www.justiceinfo.net\/fr\/35815-la-semaine-de-la-justice-transitionnelle-avancees-reelles-en-rdc-blocages-avec-le-president-du-soudan.html#primaryimage\"},\"image\":{\"@id\":\"https:\/\/www.justiceinfo.net\/fr\/35815-la-semaine-de-la-justice-transitionnelle-avancees-reelles-en-rdc-blocages-avec-le-president-du-soudan.html#primaryimage\"},\"thumbnailUrl\":\"https:\/\/www.justiceinfo.net\/wp-content\/uploads\/fce418b0107eb85e82a47b86606da772.jpg\",\"datePublished\":\"2017-12-18T07:10:34+00:00\",\"breadcrumb\":{\"@id\":\"https:\/\/www.justiceinfo.net\/fr\/35815-la-semaine-de-la-justice-transitionnelle-avancees-reelles-en-rdc-blocages-avec-le-president-du-soudan.html#breadcrumb\"},\"inLanguage\":\"fr-FR\",\"potentialAction\":[{\"@type\":\"ReadAction\",\"target\":[\"https:\/\/www.justiceinfo.net\/fr\/35815-la-semaine-de-la-justice-transitionnelle-avancees-reelles-en-rdc-blocages-avec-le-president-du-soudan.html\"]}]},{\"@type\":\"ImageObject\",\"inLanguage\":\"fr-FR\",\"@id\":\"https:\/\/www.justiceinfo.net\/fr\/35815-la-semaine-de-la-justice-transitionnelle-avancees-reelles-en-rdc-blocages-avec-le-president-du-soudan.html#primaryimage\",\"url\":\"https:\/\/www.justiceinfo.net\/wp-content\/uploads\/fce418b0107eb85e82a47b86606da772.jpg\",\"contentUrl\":\"https:\/\/www.justiceinfo.net\/wp-content\/uploads\/fce418b0107eb85e82a47b86606da772.jpg\",\"width\":2048,\"height\":1365},{\"@type\":\"BreadcrumbList\",\"@id\":\"https:\/\/www.justiceinfo.net\/fr\/35815-la-semaine-de-la-justice-transitionnelle-avancees-reelles-en-rdc-blocages-avec-le-president-du-soudan.html#breadcrumb\",\"itemListElement\":[{\"@type\":\"ListItem\",\"position\":1,\"name\":\"Home\",\"item\":\"https:\/\/www.justiceinfo.net\/fr\"},{\"@type\":\"ListItem\",\"position\":2,\"name\":\"La semaine de la justice transitionnelle : avanc\u00e9es r\u00e9elles en RDC, blocages avec le Pr\u00e9sident du Soudan\"}]},{\"@type\":\"WebSite\",\"@id\":\"https:\/\/www.justiceinfo.net\/fr#website\",\"url\":\"https:\/\/www.justiceinfo.net\/fr\",\"name\":\"JusticeInfo.net\",\"description\":\"La justice doit \u00eatre vue pour \u00eatre rendue\",\"publisher\":{\"@id\":\"https:\/\/www.justiceinfo.net\/fr#organization\"},\"potentialAction\":[{\"@type\":\"SearchAction\",\"target\":{\"@type\":\"EntryPoint\",\"urlTemplate\":\"https:\/\/www.justiceinfo.net\/fr?s={search_term_string}\"},\"query-input\":{\"@type\":\"PropertyValueSpecification\",\"valueRequired\":true,\"valueName\":\"search_term_string\"}}],\"inLanguage\":\"fr-FR\"},{\"@type\":\"Organization\",\"@id\":\"https:\/\/www.justiceinfo.net\/fr#organization\",\"name\":\"Justice Info\",\"url\":\"https:\/\/www.justiceinfo.net\/fr\",\"logo\":{\"@type\":\"ImageObject\",\"inLanguage\":\"fr-FR\",\"@id\":\"https:\/\/www.justiceinfo.net\/fr#\/schema\/logo\/image\/\",\"url\":\"https:\/\/www.justiceinfo.net\/wp-content\/uploads\/justiceinfo_logo-trans_1200x1200px.png\",\"contentUrl\":\"https:\/\/www.justiceinfo.net\/wp-content\/uploads\/justiceinfo_logo-trans_1200x1200px.png\",\"width\":1199,\"height\":1200,\"caption\":\"Justice Info\"},\"image\":{\"@id\":\"https:\/\/www.justiceinfo.net\/fr#\/schema\/logo\/image\/\"},\"sameAs\":[\"https:\/\/www.facebook.com\/JusticeInfo\/\",\"https:\/\/x.com\/justiceinfonet\",\"https:\/\/www.linkedin.com\/company\/justice-info\",\"https:\/\/www.youtube.com\/channel\/UCyCEsARodyuWtkWyhn-e7pA\"]},{\"@type\":\"Person\",\"name\":\"Fran\u00e7ois Sergent\",\"sameAs\":[\"https:\/\/www.facebook.com\/profile.php?id=100004809918727\",\"https:\/\/x.com\/FrancoisSergent\"],\"url\":\"https:\/\/www.justiceinfo.net\/fr\/auteur\/fsergent\"}]}<\/script>\n<!-- \/ Yoast SEO Premium plugin. -->","yoast_head_json":{"title":"La semaine de la justice transitionnelle : avanc\u00e9es r\u00e9elles en RDC, blocages avec le Pr\u00e9sident du Soudan - JusticeInfo.net","robots":{"index":"index","follow":"follow","max-snippet":"max-snippet:-1","max-image-preview":"max-image-preview:large","max-video-preview":"max-video-preview:-1"},"canonical":"https:\/\/www.justiceinfo.net\/fr\/35815-la-semaine-de-la-justice-transitionnelle-avancees-reelles-en-rdc-blocages-avec-le-president-du-soudan.html","og_locale":"fr_FR","og_type":"article","og_title":"La semaine de la justice transitionnelle : avanc\u00e9es r\u00e9elles en RDC, blocages avec le Pr\u00e9sident du Soudan","og_description":"Cette semaine, un tribunal militaire d\u00e9plac\u00e9 dans une petite ville du Kivu en R\u00e9publique D\u00e9mocratique du Congo a fait l\u2019histoire de la justice transitionnelle. \u00c0 Kavumu, ces juges ont donn\u00e9 un coup d\u2019arr\u00eat \u00e0 l\u2019impunit\u00e9 qui est le plus souvent la r\u00e8gle pour les crimes sexuels et que les pr\u00e9venus sont puissants. Le correspondant de [&hellip;]","og_url":"https:\/\/www.justiceinfo.net\/fr\/35815-la-semaine-de-la-justice-transitionnelle-avancees-reelles-en-rdc-blocages-avec-le-president-du-soudan.html","og_site_name":"JusticeInfo.net","article_publisher":"https:\/\/www.facebook.com\/JusticeInfo\/","article_author":"https:\/\/www.facebook.com\/profile.php?id=100004809918727","article_published_time":"2017-12-18T07:10:34+00:00","og_image":[{"width":2048,"height":1365,"url":"https:\/\/www.justiceinfo.net\/wp-content\/uploads\/fce418b0107eb85e82a47b86606da772.jpg","type":"image\/jpeg"}],"author":"Fran\u00e7ois Sergent","twitter_card":"summary_large_image","twitter_creator":"@FrancoisSergent","twitter_site":"@justiceinfonet","twitter_misc":{"\u00c9crit par":"Fran\u00e7ois Sergent","Dur\u00e9e de lecture estim\u00e9e":"4 minutes"},"schema":{"@context":"https:\/\/schema.org","@graph":[{"@type":"NewsArticle","@id":"https:\/\/www.justiceinfo.net\/fr\/35815-la-semaine-de-la-justice-transitionnelle-avancees-reelles-en-rdc-blocages-avec-le-president-du-soudan.html#article","isPartOf":{"@id":"https:\/\/www.justiceinfo.net\/fr\/35815-la-semaine-de-la-justice-transitionnelle-avancees-reelles-en-rdc-blocages-avec-le-president-du-soudan.html"},"author":{"name":"fsergent","@id":"https:\/\/www.justiceinfo.net\/fr#\/schema\/person\/724414fc3a7779fc189a73a27563e5e1"},"headline":"La semaine de la justice transitionnelle : avanc\u00e9es r\u00e9elles en RDC, blocages avec le Pr\u00e9sident du Soudan","datePublished":"2017-12-18T07:10:34+00:00","mainEntityOfPage":{"@id":"https:\/\/www.justiceinfo.net\/fr\/35815-la-semaine-de-la-justice-transitionnelle-avancees-reelles-en-rdc-blocages-avec-le-president-du-soudan.html"},"wordCount":741,"commentCount":0,"publisher":{"@id":"https:\/\/www.justiceinfo.net\/fr#organization"},"image":{"@id":"https:\/\/www.justiceinfo.net\/fr\/35815-la-semaine-de-la-justice-transitionnelle-avancees-reelles-en-rdc-blocages-avec-le-president-du-soudan.html#primaryimage"},"thumbnailUrl":"https:\/\/www.justiceinfo.net\/wp-content\/uploads\/fce418b0107eb85e82a47b86606da772.jpg","articleSection":["Opinions"],"inLanguage":"fr-FR","potentialAction":[{"@type":"CommentAction","name":"Comment","target":["https:\/\/www.justiceinfo.net\/fr\/35815-la-semaine-de-la-justice-transitionnelle-avancees-reelles-en-rdc-blocages-avec-le-president-du-soudan.html#respond"]}]},{"@type":"WebPage","@id":"https:\/\/www.justiceinfo.net\/fr\/35815-la-semaine-de-la-justice-transitionnelle-avancees-reelles-en-rdc-blocages-avec-le-president-du-soudan.html","url":"https:\/\/www.justiceinfo.net\/fr\/35815-la-semaine-de-la-justice-transitionnelle-avancees-reelles-en-rdc-blocages-avec-le-president-du-soudan.html","name":"La semaine de la justice transitionnelle : avanc\u00e9es r\u00e9elles en RDC, blocages avec le Pr\u00e9sident du Soudan - JusticeInfo.net","isPartOf":{"@id":"https:\/\/www.justiceinfo.net\/fr#website"},"primaryImageOfPage":{"@id":"https:\/\/www.justiceinfo.net\/fr\/35815-la-semaine-de-la-justice-transitionnelle-avancees-reelles-en-rdc-blocages-avec-le-president-du-soudan.html#primaryimage"},"image":{"@id":"https:\/\/www.justiceinfo.net\/fr\/35815-la-semaine-de-la-justice-transitionnelle-avancees-reelles-en-rdc-blocages-avec-le-president-du-soudan.html#primaryimage"},"thumbnailUrl":"https:\/\/www.justiceinfo.net\/wp-content\/uploads\/fce418b0107eb85e82a47b86606da772.jpg","datePublished":"2017-12-18T07:10:34+00:00","breadcrumb":{"@id":"https:\/\/www.justiceinfo.net\/fr\/35815-la-semaine-de-la-justice-transitionnelle-avancees-reelles-en-rdc-blocages-avec-le-president-du-soudan.html#breadcrumb"},"inLanguage":"fr-FR","potentialAction":[{"@type":"ReadAction","target":["https:\/\/www.justiceinfo.net\/fr\/35815-la-semaine-de-la-justice-transitionnelle-avancees-reelles-en-rdc-blocages-avec-le-president-du-soudan.html"]}]},{"@type":"ImageObject","inLanguage":"fr-FR","@id":"https:\/\/www.justiceinfo.net\/fr\/35815-la-semaine-de-la-justice-transitionnelle-avancees-reelles-en-rdc-blocages-avec-le-president-du-soudan.html#primaryimage","url":"https:\/\/www.justiceinfo.net\/wp-content\/uploads\/fce418b0107eb85e82a47b86606da772.jpg","contentUrl":"https:\/\/www.justiceinfo.net\/wp-content\/uploads\/fce418b0107eb85e82a47b86606da772.jpg","width":2048,"height":1365},{"@type":"BreadcrumbList","@id":"https:\/\/www.justiceinfo.net\/fr\/35815-la-semaine-de-la-justice-transitionnelle-avancees-reelles-en-rdc-blocages-avec-le-president-du-soudan.html#breadcrumb","itemListElement":[{"@type":"ListItem","position":1,"name":"Home","item":"https:\/\/www.justiceinfo.net\/fr"},{"@type":"ListItem","position":2,"name":"La semaine de la justice transitionnelle : avanc\u00e9es r\u00e9elles en RDC, blocages avec le Pr\u00e9sident du Soudan"}]},{"@type":"WebSite","@id":"https:\/\/www.justiceinfo.net\/fr#website","url":"https:\/\/www.justiceinfo.net\/fr","name":"JusticeInfo.net","description":"La justice doit \u00eatre vue pour \u00eatre rendue","publisher":{"@id":"https:\/\/www.justiceinfo.net\/fr#organization"},"potentialAction":[{"@type":"SearchAction","target":{"@type":"EntryPoint","urlTemplate":"https:\/\/www.justiceinfo.net\/fr?s={search_term_string}"},"query-input":{"@type":"PropertyValueSpecification","valueRequired":true,"valueName":"search_term_string"}}],"inLanguage":"fr-FR"},{"@type":"Organization","@id":"https:\/\/www.justiceinfo.net\/fr#organization","name":"Justice Info","url":"https:\/\/www.justiceinfo.net\/fr","logo":{"@type":"ImageObject","inLanguage":"fr-FR","@id":"https:\/\/www.justiceinfo.net\/fr#\/schema\/logo\/image\/","url":"https:\/\/www.justiceinfo.net\/wp-content\/uploads\/justiceinfo_logo-trans_1200x1200px.png","contentUrl":"https:\/\/www.justiceinfo.net\/wp-content\/uploads\/justiceinfo_logo-trans_1200x1200px.png","width":1199,"height":1200,"caption":"Justice Info"},"image":{"@id":"https:\/\/www.justiceinfo.net\/fr#\/schema\/logo\/image\/"},"sameAs":["https:\/\/www.facebook.com\/JusticeInfo\/","https:\/\/x.com\/justiceinfonet","https:\/\/www.linkedin.com\/company\/justice-info","https:\/\/www.youtube.com\/channel\/UCyCEsARodyuWtkWyhn-e7pA"]},{"@type":"Person","name":"Fran\u00e7ois Sergent","sameAs":["https:\/\/www.facebook.com\/profile.php?id=100004809918727","https:\/\/x.com\/FrancoisSergent"],"url":"https:\/\/www.justiceinfo.net\/fr\/auteur\/fsergent"}]}},"_links":{"self":[{"href":"https:\/\/www.justiceinfo.net\/fr\/wp-json\/wp\/v2\/posts\/35815","targetHints":{"allow":["GET"]}}],"collection":[{"href":"https:\/\/www.justiceinfo.net\/fr\/wp-json\/wp\/v2\/posts"}],"about":[{"href":"https:\/\/www.justiceinfo.net\/fr\/wp-json\/wp\/v2\/types\/post"}],"author":[{"embeddable":true,"href":"https:\/\/www.justiceinfo.net\/fr\/wp-json\/wp\/v2\/users\/58"}],"replies":[{"embeddable":true,"href":"https:\/\/www.justiceinfo.net\/fr\/wp-json\/wp\/v2\/comments?post=35815"}],"version-history":[{"count":0,"href":"https:\/\/www.justiceinfo.net\/fr\/wp-json\/wp\/v2\/posts\/35815\/revisions"}],"wp:featuredmedia":[{"embeddable":true,"href":"https:\/\/www.justiceinfo.net\/fr\/wp-json\/wp\/v2\/media\/67969"}],"wp:attachment":[{"href":"https:\/\/www.justiceinfo.net\/fr\/wp-json\/wp\/v2\/media?parent=35815"}],"wp:term":[{"taxonomy":"category","embeddable":true,"href":"https:\/\/www.justiceinfo.net\/fr\/wp-json\/wp\/v2\/categories?post=35815"},{"taxonomy":"post_tag","embeddable":true,"href":"https:\/\/www.justiceinfo.net\/fr\/wp-json\/wp\/v2\/tags?post=35815"},{"taxonomy":"ji_location","embeddable":true,"href":"https:\/\/www.justiceinfo.net\/fr\/wp-json\/wp\/v2\/ji_location?post=35815"}],"curies":[{"name":"wp","href":"https:\/\/api.w.org\/{rel}","templated":true}]}}