{"id":35829,"date":"2017-12-19T14:35:02","date_gmt":"2017-12-19T13:35:02","guid":{"rendered":"https:\/\/www.justiceinfo.net\/35829-la-guerre-au-yemen-depuis-2015-2.html"},"modified":"2017-12-19T14:35:02","modified_gmt":"2017-12-19T13:35:02","slug":"la-guerre-au-yemen-depuis-2015-2","status":"publish","type":"post","link":"https:\/\/www.justiceinfo.net\/fr\/35829-la-guerre-au-yemen-depuis-2015-2.html","title":{"rendered":"La guerre au Y\u00e9men depuis 2015"},"content":{"rendered":"<div class=\"content-excerpt\">\n<p>Rappel du conflit au Y\u00e9men depuis l'intervention d'une coalition arabe sous commandement saoudien en mars 2015 pour stopper l'avanc\u00e9e des rebelles Houthis.<\/p>\n<\/div>\n<p>L'Arabie saoudite a intercept\u00e9 mardi au-dessus de la capitale Ryad un missile que les rebelles ont dit avoir tir\u00e9 contre le palais du roi Salmane.<\/p>\n<p>Le pays est le th\u00e9\u00e2tre de la \"pire crise humanitaire au monde\" et des millions de personnes sont directement menac\u00e9es par la famine, d'apr\u00e8s l'ONU. La guerre a fait plus de 8.750 morts et des dizaines de milliers de bless\u00e9s. En outre, depuis fin avril, plus de 2.000 personnes sont d\u00e9c\u00e9d\u00e9es du chol\u00e9ra.<\/p>\n<p>Originaires du nord du Y\u00e9men, les rebelles Houthis, issus de la minorit\u00e9 za\u00efdite, une branche du chiisme, sont accus\u00e9s d'\u00eatre appuy\u00e9s par l'Iran.<\/p>\n<h3>- 'Temp\u00eate d\u00e9cisive' -<\/h3>\n<p>Le 26 mars 2015, neuf pays dirig\u00e9s par l'Arabie saoudite lancent l'op\u00e9ration a\u00e9rienne \"Temp\u00eate d\u00e9cisive\" (puis \"Restaurer l'espoir\") pour contrer l'avanc\u00e9e des Houthis vers le sud.<\/p>\n<p>Ces rebelles, alors alli\u00e9s \u00e0 l'ex-pr\u00e9sident Ali Abdallah Saleh, tenaient d\u00e9j\u00e0 Sanaa, la capitale, depuis septembre 2014, ainsi que de larges parties du nord, du centre et de l'ouest.<\/p>\n<p>Le pr\u00e9sident Abd Rabbo Mansour Hadi, qui avait fui \u00e0 Aden (sud), se r\u00e9fugie \u00e0 Ryad.<\/p>\n<p>Le 17 juillet 2015, le gouvernement annonce la \"lib\u00e9ration\" de la province d'Aden (sud), premier succ\u00e8s des forces loyalistes appuy\u00e9es par la coalition.<\/p>\n<p>Jusqu'\u00e0 la mi-ao\u00fbt, les forces loyalistes parach\u00e8vent la reprise de cinq provinces m\u00e9ridionales, mais peinent \u00e0 les s\u00e9curiser face \u00e0 la pr\u00e9sence d'Al-Qa\u00efda et du groupe Etat islamique (EI).<\/p>\n<p>En octobre, les forces gouvernementales reprennent le contr\u00f4le du d\u00e9troit de Bab al-Mandeb, par o\u00f9 transite une bonne partie du trafic maritime mondial.<\/p>\n<p>Le 7 janvier 2017, les forces gouvernementales appuy\u00e9es par l'aviation et la marine de la coalition d\u00e9clenchent une op\u00e9ration dans l'ouest. Le but est de reprendre les zones longeant la mer Rouge.<\/p>\n<h3>- Carnages -<\/h3>\n<p>Le 28 septembre 2015, le bombardement d'une salle de mariage \u00e0 Mokha (sud-ouest) fait 131 morts. L'attaque est imput\u00e9e \u00e0 la coalition, qui d\u00e9ment.<\/p>\n<p>Le 15 ao\u00fbt 2016, la coalition bombarde l'h\u00f4pital de la ville d'Abs (nord-ouest): 4e attaque \u00e0 toucher une structure de M\u00e9decins sans Fronti\u00e8res en un an.<\/p>\n<p>Le 8 octobre 2016, un raid de la coalition lors d'une c\u00e9r\u00e9monie fun\u00e9raire \u00e0 Sanaa fait 140 morts et plus de 500 bless\u00e9s.<\/p>\n<p>La coalition a \u00e9t\u00e9 r\u00e9guli\u00e8rement critiqu\u00e9e pour des \"bavures\" ayant fait des victimes civiles lors de frappes a\u00e9riennes.<\/p>\n<h3>- 'Crimes de guerre' -<\/h3>\n<p>En juin 2017, Human Rights Watch (HRW) affirme que les Emirats arabes unis, deuxi\u00e8me pilier de la coalition apr\u00e8s Ryad, administrent au moins deux \"structures de d\u00e9tention informelles\" au Y\u00e9men. Abou Dhabi d\u00e9ment.<\/p>\n<p>Fin septembre, le Conseil des droits de l'Homme de l'ONU d\u00e9cide d'envoyer des experts internationaux pour enqu\u00eater sur les all\u00e9gations de crimes de guerre.<\/p>\n<h3>- Saleh tu\u00e9 par ses ex-alli\u00e9s -<\/h3>\n<p>Le 23 ao\u00fbt, la direction des Houthis qualifie de \"tra\u00eetre\" l'ex-pr\u00e9sident Saleh pour les avoir pr\u00e9sent\u00e9s comme des \"miliciens\". Fin novembre, la crise d\u00e9g\u00e9n\u00e8re \u00e0 Sanaa, o\u00f9 de violents combats \u00e9clatent entre les deux alli\u00e9s.<\/p>\n<p>Le 4 d\u00e9cembre, Ali Abdallah Saleh, qui avait tendu la main \u00e0 l'Arabie saoudite, est tu\u00e9 par les rebelles, qui renforcent leur emprise sur Sanaa.<\/p>\n<h3>- Missiles sur Ryad -<\/h3>\n<p>Le 4 novembre, l'Arabie saoudite annonce avoir intercept\u00e9 et d\u00e9truit pr\u00e8s de Ryad un missile balistique. Les rebelles affirment avoir lanc\u00e9 le missile pour viser l'a\u00e9roport de la capitale. Ryad accuse T\u00e9h\u00e9ran, qui d\u00e9ment, d'\u00eatre derri\u00e8re cette \"agression directe\".<\/p>\n<p>Deux jours plus tard, la coalition renforce le blocus qu'elle impose au Y\u00e9men, au bord de la famine.<\/p>\n<p>Le 14 d\u00e9cembre, l'ambassadrice am\u00e9ricaine \u00e0 l'ONU Nikki Haley d\u00e9clare que le missile a \u00e9t\u00e9 \"fabriqu\u00e9 en Iran\". T\u00e9h\u00e9ran r\u00e9plique que Washington cherche \u00e0 masquer son propre r\u00f4le dans le conflit y\u00e9m\u00e9nite.<\/p>\n<p>Le 19 d\u00e9cembre, l'Arabie saoudite intercepte au-dessus de Ryad un nouveau missile que les rebelles Houthis disent avoir tir\u00e9 contre le palais Yamama, la r\u00e9sidence officielle du roi Salmane.<\/p>\n","protected":false},"excerpt":{"rendered":"<p>Rappel du conflit au Y\u00e9men depuis l'intervention d'une coalition arabe sous commandement saoudien en mars 2015 pour stopper l'avanc\u00e9e des rebelles Houthis. L'Arabie saoudite a intercept\u00e9 mardi au-dessus de la capitale Ryad un missile que les rebelles ont dit avoir tir\u00e9 contre le palais du roi Salmane. Le pays est le th\u00e9\u00e2tre de la \"pire [&hellip;]<\/p>\n","protected":false},"author":60,"featured_media":0,"comment_status":"open","ping_status":"closed","sticky":false,"template":"","format":"standard","meta":{"_acf_changed":false,"footnotes":""},"categories":[556],"tags":[],"ji_location":[2560],"class_list":["post-35829","post","type-post","status-publish","format-standard","hentry","category-divers","ji_location-yemen"],"acf":[],"yoast_head":"<!-- This site is optimized with the Yoast SEO Premium plugin v25.3.1 (Yoast SEO v25.3.1) - https:\/\/yoast.com\/wordpress\/plugins\/seo\/ -->\n<title>La guerre au Y\u00e9men depuis 2015 - JusticeInfo.net<\/title>\n<meta name=\"robots\" content=\"index, follow, max-snippet:-1, max-image-preview:large, max-video-preview:-1\" \/>\n<link rel=\"canonical\" href=\"https:\/\/www.justiceinfo.net\/fr\/35829-la-guerre-au-yemen-depuis-2015-2.html\" \/>\n<meta property=\"og:locale\" content=\"fr_FR\" \/>\n<meta property=\"og:type\" content=\"article\" \/>\n<meta property=\"og:title\" content=\"La guerre au Y\u00e9men depuis 2015\" \/>\n<meta property=\"og:description\" content=\"Rappel du conflit au Y\u00e9men depuis l&#039;intervention d&#039;une coalition arabe sous commandement saoudien en mars 2015 pour stopper l&#039;avanc\u00e9e des rebelles Houthis. L&#039;Arabie saoudite a intercept\u00e9 mardi au-dessus de la capitale Ryad un missile que les rebelles ont dit avoir tir\u00e9 contre le palais du roi Salmane. Le pays est le th\u00e9\u00e2tre de la &quot;pire [&hellip;]\" \/>\n<meta property=\"og:url\" content=\"https:\/\/www.justiceinfo.net\/fr\/35829-la-guerre-au-yemen-depuis-2015-2.html\" \/>\n<meta property=\"og:site_name\" content=\"JusticeInfo.net\" \/>\n<meta property=\"article:publisher\" content=\"https:\/\/www.facebook.com\/JusticeInfo\/\" \/>\n<meta property=\"article:published_time\" content=\"2017-12-19T13:35:02+00:00\" \/>\n<meta property=\"og:image\" content=\"https:\/\/www.justiceinfo.net\/wp-content\/uploads\/JusticeInfoNet_logo_1200x630px.jpg\" \/>\n\t<meta property=\"og:image:width\" content=\"1200\" \/>\n\t<meta property=\"og:image:height\" content=\"630\" \/>\n\t<meta property=\"og:image:type\" content=\"image\/jpeg\" \/>\n<meta name=\"author\" content=\"AFP\" \/>\n<meta name=\"twitter:card\" content=\"summary_large_image\" \/>\n<meta name=\"twitter:creator\" content=\"@justiceinfonet\" \/>\n<meta name=\"twitter:site\" content=\"@justiceinfonet\" \/>\n<meta name=\"twitter:label1\" content=\"\u00c9crit par\" \/>\n\t<meta name=\"twitter:data1\" content=\"AFP\" \/>\n\t<meta name=\"twitter:label2\" content=\"Dur\u00e9e de lecture estim\u00e9e\" \/>\n\t<meta name=\"twitter:data2\" content=\"4 minutes\" \/>\n<script type=\"application\/ld+json\" class=\"yoast-schema-graph\">{\"@context\":\"https:\/\/schema.org\",\"@graph\":[{\"@type\":\"NewsArticle\",\"@id\":\"https:\/\/www.justiceinfo.net\/fr\/35829-la-guerre-au-yemen-depuis-2015-2.html#article\",\"isPartOf\":{\"@id\":\"https:\/\/www.justiceinfo.net\/fr\/35829-la-guerre-au-yemen-depuis-2015-2.html\"},\"author\":{\"name\":\"afp\",\"@id\":\"https:\/\/www.justiceinfo.net\/fr#\/schema\/person\/713d340ef5f218fc36ce9b4244364a7f\"},\"headline\":\"La guerre au Y\u00e9men depuis 2015\",\"datePublished\":\"2017-12-19T13:35:02+00:00\",\"mainEntityOfPage\":{\"@id\":\"https:\/\/www.justiceinfo.net\/fr\/35829-la-guerre-au-yemen-depuis-2015-2.html\"},\"wordCount\":747,\"commentCount\":0,\"publisher\":{\"@id\":\"https:\/\/www.justiceinfo.net\/fr#organization\"},\"articleSection\":[\"Divers\"],\"inLanguage\":\"fr-FR\",\"potentialAction\":[{\"@type\":\"CommentAction\",\"name\":\"Comment\",\"target\":[\"https:\/\/www.justiceinfo.net\/fr\/35829-la-guerre-au-yemen-depuis-2015-2.html#respond\"]}]},{\"@type\":\"WebPage\",\"@id\":\"https:\/\/www.justiceinfo.net\/fr\/35829-la-guerre-au-yemen-depuis-2015-2.html\",\"url\":\"https:\/\/www.justiceinfo.net\/fr\/35829-la-guerre-au-yemen-depuis-2015-2.html\",\"name\":\"La guerre au Y\u00e9men depuis 2015 - JusticeInfo.net\",\"isPartOf\":{\"@id\":\"https:\/\/www.justiceinfo.net\/fr#website\"},\"datePublished\":\"2017-12-19T13:35:02+00:00\",\"breadcrumb\":{\"@id\":\"https:\/\/www.justiceinfo.net\/fr\/35829-la-guerre-au-yemen-depuis-2015-2.html#breadcrumb\"},\"inLanguage\":\"fr-FR\",\"potentialAction\":[{\"@type\":\"ReadAction\",\"target\":[\"https:\/\/www.justiceinfo.net\/fr\/35829-la-guerre-au-yemen-depuis-2015-2.html\"]}]},{\"@type\":\"BreadcrumbList\",\"@id\":\"https:\/\/www.justiceinfo.net\/fr\/35829-la-guerre-au-yemen-depuis-2015-2.html#breadcrumb\",\"itemListElement\":[{\"@type\":\"ListItem\",\"position\":1,\"name\":\"Home\",\"item\":\"https:\/\/www.justiceinfo.net\/fr\"},{\"@type\":\"ListItem\",\"position\":2,\"name\":\"La guerre au Y\u00e9men depuis 2015\"}]},{\"@type\":\"WebSite\",\"@id\":\"https:\/\/www.justiceinfo.net\/fr#website\",\"url\":\"https:\/\/www.justiceinfo.net\/fr\",\"name\":\"JusticeInfo.net\",\"description\":\"La justice doit \u00eatre vue pour \u00eatre rendue\",\"publisher\":{\"@id\":\"https:\/\/www.justiceinfo.net\/fr#organization\"},\"potentialAction\":[{\"@type\":\"SearchAction\",\"target\":{\"@type\":\"EntryPoint\",\"urlTemplate\":\"https:\/\/www.justiceinfo.net\/fr?s={search_term_string}\"},\"query-input\":{\"@type\":\"PropertyValueSpecification\",\"valueRequired\":true,\"valueName\":\"search_term_string\"}}],\"inLanguage\":\"fr-FR\"},{\"@type\":\"Organization\",\"@id\":\"https:\/\/www.justiceinfo.net\/fr#organization\",\"name\":\"Justice Info\",\"url\":\"https:\/\/www.justiceinfo.net\/fr\",\"logo\":{\"@type\":\"ImageObject\",\"inLanguage\":\"fr-FR\",\"@id\":\"https:\/\/www.justiceinfo.net\/fr#\/schema\/logo\/image\/\",\"url\":\"https:\/\/www.justiceinfo.net\/wp-content\/uploads\/justiceinfo_logo-trans_1200x1200px.png\",\"contentUrl\":\"https:\/\/www.justiceinfo.net\/wp-content\/uploads\/justiceinfo_logo-trans_1200x1200px.png\",\"width\":1199,\"height\":1200,\"caption\":\"Justice Info\"},\"image\":{\"@id\":\"https:\/\/www.justiceinfo.net\/fr#\/schema\/logo\/image\/\"},\"sameAs\":[\"https:\/\/www.facebook.com\/JusticeInfo\/\",\"https:\/\/x.com\/justiceinfonet\",\"https:\/\/www.linkedin.com\/company\/justice-info\",\"https:\/\/www.youtube.com\/channel\/UCyCEsARodyuWtkWyhn-e7pA\"]},{\"@type\":\"Person\",\"name\":\"AFP\",\"url\":\"\/fr\/?s=AFP\"}]}<\/script>\n<!-- \/ Yoast SEO Premium plugin. -->","yoast_head_json":{"title":"La guerre au Y\u00e9men depuis 2015 - JusticeInfo.net","robots":{"index":"index","follow":"follow","max-snippet":"max-snippet:-1","max-image-preview":"max-image-preview:large","max-video-preview":"max-video-preview:-1"},"canonical":"https:\/\/www.justiceinfo.net\/fr\/35829-la-guerre-au-yemen-depuis-2015-2.html","og_locale":"fr_FR","og_type":"article","og_title":"La guerre au Y\u00e9men depuis 2015","og_description":"Rappel du conflit au Y\u00e9men depuis l'intervention d'une coalition arabe sous commandement saoudien en mars 2015 pour stopper l'avanc\u00e9e des rebelles Houthis. L'Arabie saoudite a intercept\u00e9 mardi au-dessus de la capitale Ryad un missile que les rebelles ont dit avoir tir\u00e9 contre le palais du roi Salmane. Le pays est le th\u00e9\u00e2tre de la \"pire [&hellip;]","og_url":"https:\/\/www.justiceinfo.net\/fr\/35829-la-guerre-au-yemen-depuis-2015-2.html","og_site_name":"JusticeInfo.net","article_publisher":"https:\/\/www.facebook.com\/JusticeInfo\/","article_published_time":"2017-12-19T13:35:02+00:00","og_image":[{"width":1200,"height":630,"url":"https:\/\/www.justiceinfo.net\/wp-content\/uploads\/JusticeInfoNet_logo_1200x630px.jpg","type":"image\/jpeg"}],"author":"AFP","twitter_card":"summary_large_image","twitter_creator":"@justiceinfonet","twitter_site":"@justiceinfonet","twitter_misc":{"\u00c9crit par":"AFP","Dur\u00e9e de lecture estim\u00e9e":"4 minutes"},"schema":{"@context":"https:\/\/schema.org","@graph":[{"@type":"NewsArticle","@id":"https:\/\/www.justiceinfo.net\/fr\/35829-la-guerre-au-yemen-depuis-2015-2.html#article","isPartOf":{"@id":"https:\/\/www.justiceinfo.net\/fr\/35829-la-guerre-au-yemen-depuis-2015-2.html"},"author":{"name":"afp","@id":"https:\/\/www.justiceinfo.net\/fr#\/schema\/person\/713d340ef5f218fc36ce9b4244364a7f"},"headline":"La guerre au Y\u00e9men depuis 2015","datePublished":"2017-12-19T13:35:02+00:00","mainEntityOfPage":{"@id":"https:\/\/www.justiceinfo.net\/fr\/35829-la-guerre-au-yemen-depuis-2015-2.html"},"wordCount":747,"commentCount":0,"publisher":{"@id":"https:\/\/www.justiceinfo.net\/fr#organization"},"articleSection":["Divers"],"inLanguage":"fr-FR","potentialAction":[{"@type":"CommentAction","name":"Comment","target":["https:\/\/www.justiceinfo.net\/fr\/35829-la-guerre-au-yemen-depuis-2015-2.html#respond"]}]},{"@type":"WebPage","@id":"https:\/\/www.justiceinfo.net\/fr\/35829-la-guerre-au-yemen-depuis-2015-2.html","url":"https:\/\/www.justiceinfo.net\/fr\/35829-la-guerre-au-yemen-depuis-2015-2.html","name":"La guerre au Y\u00e9men depuis 2015 - JusticeInfo.net","isPartOf":{"@id":"https:\/\/www.justiceinfo.net\/fr#website"},"datePublished":"2017-12-19T13:35:02+00:00","breadcrumb":{"@id":"https:\/\/www.justiceinfo.net\/fr\/35829-la-guerre-au-yemen-depuis-2015-2.html#breadcrumb"},"inLanguage":"fr-FR","potentialAction":[{"@type":"ReadAction","target":["https:\/\/www.justiceinfo.net\/fr\/35829-la-guerre-au-yemen-depuis-2015-2.html"]}]},{"@type":"BreadcrumbList","@id":"https:\/\/www.justiceinfo.net\/fr\/35829-la-guerre-au-yemen-depuis-2015-2.html#breadcrumb","itemListElement":[{"@type":"ListItem","position":1,"name":"Home","item":"https:\/\/www.justiceinfo.net\/fr"},{"@type":"ListItem","position":2,"name":"La guerre au Y\u00e9men depuis 2015"}]},{"@type":"WebSite","@id":"https:\/\/www.justiceinfo.net\/fr#website","url":"https:\/\/www.justiceinfo.net\/fr","name":"JusticeInfo.net","description":"La justice doit \u00eatre vue pour \u00eatre rendue","publisher":{"@id":"https:\/\/www.justiceinfo.net\/fr#organization"},"potentialAction":[{"@type":"SearchAction","target":{"@type":"EntryPoint","urlTemplate":"https:\/\/www.justiceinfo.net\/fr?s={search_term_string}"},"query-input":{"@type":"PropertyValueSpecification","valueRequired":true,"valueName":"search_term_string"}}],"inLanguage":"fr-FR"},{"@type":"Organization","@id":"https:\/\/www.justiceinfo.net\/fr#organization","name":"Justice Info","url":"https:\/\/www.justiceinfo.net\/fr","logo":{"@type":"ImageObject","inLanguage":"fr-FR","@id":"https:\/\/www.justiceinfo.net\/fr#\/schema\/logo\/image\/","url":"https:\/\/www.justiceinfo.net\/wp-content\/uploads\/justiceinfo_logo-trans_1200x1200px.png","contentUrl":"https:\/\/www.justiceinfo.net\/wp-content\/uploads\/justiceinfo_logo-trans_1200x1200px.png","width":1199,"height":1200,"caption":"Justice Info"},"image":{"@id":"https:\/\/www.justiceinfo.net\/fr#\/schema\/logo\/image\/"},"sameAs":["https:\/\/www.facebook.com\/JusticeInfo\/","https:\/\/x.com\/justiceinfonet","https:\/\/www.linkedin.com\/company\/justice-info","https:\/\/www.youtube.com\/channel\/UCyCEsARodyuWtkWyhn-e7pA"]},{"@type":"Person","name":"AFP","url":"\/fr\/?s=AFP"}]}},"_links":{"self":[{"href":"https:\/\/www.justiceinfo.net\/fr\/wp-json\/wp\/v2\/posts\/35829","targetHints":{"allow":["GET"]}}],"collection":[{"href":"https:\/\/www.justiceinfo.net\/fr\/wp-json\/wp\/v2\/posts"}],"about":[{"href":"https:\/\/www.justiceinfo.net\/fr\/wp-json\/wp\/v2\/types\/post"}],"author":[{"embeddable":true,"href":"https:\/\/www.justiceinfo.net\/fr\/wp-json\/wp\/v2\/users\/60"}],"replies":[{"embeddable":true,"href":"https:\/\/www.justiceinfo.net\/fr\/wp-json\/wp\/v2\/comments?post=35829"}],"version-history":[{"count":0,"href":"https:\/\/www.justiceinfo.net\/fr\/wp-json\/wp\/v2\/posts\/35829\/revisions"}],"wp:attachment":[{"href":"https:\/\/www.justiceinfo.net\/fr\/wp-json\/wp\/v2\/media?parent=35829"}],"wp:term":[{"taxonomy":"category","embeddable":true,"href":"https:\/\/www.justiceinfo.net\/fr\/wp-json\/wp\/v2\/categories?post=35829"},{"taxonomy":"post_tag","embeddable":true,"href":"https:\/\/www.justiceinfo.net\/fr\/wp-json\/wp\/v2\/tags?post=35829"},{"taxonomy":"ji_location","embeddable":true,"href":"https:\/\/www.justiceinfo.net\/fr\/wp-json\/wp\/v2\/ji_location?post=35829"}],"curies":[{"name":"wp","href":"https:\/\/api.w.org\/{rel}","templated":true}]}}