{"id":3584,"date":"2008-03-15T06:47:39","date_gmt":"2008-03-15T05:47:39","guid":{"rendered":"https:\/\/www.justiceinfo.net\/3584-130308-tpirmuvunyi-prison-a-vie-requise-en-appel-contre-le-colonel-muvunyi374.html"},"modified":"2008-03-15T06:47:39","modified_gmt":"2008-03-15T05:47:39","slug":"130308-tpirmuvunyi-prison-a-vie-requise-en-appel-contre-le-colonel-muvunyi374","status":"publish","type":"post","link":"https:\/\/www.justiceinfo.net\/fr\/3584-130308-tpirmuvunyi-prison-a-vie-requise-en-appel-contre-le-colonel-muvunyi374.html","title":{"rendered":"13.03.08 - TPIR\/MUVUNYI  - PRISON A VIE REQUISE EN APPEL CONTRE LE COLONEL MUVUNYI"},"content":{"rendered":"<p  >\nArusha, 13 mars 2008 (FH) - Le procureur a demand\u00e9 \u00e0 la chambre d\u2019appel du Tribunal p\u00e9nal international pour le Rwanda (TPIR) de condamner le lieutenant-colonel Tharcisse Muvunyi \u00e0  la prison \u00e0 vie, a-t-on constat\u00e9 jeudi \u00e0 Arusha.<br \/>\n Le 12 septembre 2006, Muvunyi, 55 ans, qui, selon le procureur, commandait l\u2019Ecole des sous-officiers (ESO) de Butare (sud) en 1994, avait \u00e9t\u00e9 condamn\u00e9 \u00e0 25 ans de prison, notamment pour incitation au g\u00e9nocide.\n<\/p>\n<p><!--more--><\/p>\n<p  >\n\u00ab Le procureur vous demande de remplacer la peine de 25 ans d\u2019emprisonnement par la prison \u00e0 vie \u00bb, a plaid\u00e9 Fran\u00e7ois-Xavier Nsanzuwera, un membre du parquet. Le juriste d\u2019origine rwandaise a expliqu\u00e9 que \u00ab la peine de 25 ans ne refl\u00e8te pas la gravit\u00e9 intrins\u00e8que du crime d\u2019incitation au g\u00e9nocide surtout qu\u2019il a \u00e9t\u00e9 perp\u00e9tr\u00e9 par un officier du rang de colonel \u00bb.<br \/>\n La chambre de premi\u00e8re instance avait conclu que Muvunyi s\u2019\u00e9tait rendu \u00e0 au moins deux endroits en pr\u00e9fecture de Butare et avait appel\u00e9 des civils hutus \u00e0 tuer les Tutsis.<br \/>\n \u00ab Sa fonction d\u2019officier le plus haut grad\u00e9 dans la pr\u00e9fecture incitant les paysans hutus au g\u00e9nocide aurait d\u00fb \u00eatre consid\u00e9r\u00e9e comme une circonstance aggravante \u00bb, a indiqu\u00e9 Nsanzuwera. \u00ab Le crime d\u2019incitation au g\u00e9nocide est un crime des plus graves qui, \u00e0 lui seul, m\u00e9rite la peine d\u2019emprisonnement \u00e0 vie \u00bb, a-t-il poursuivi.<br \/>\nLe procureur a par ailleurs all\u00e9gu\u00e9 que la chambre de premi\u00e8re instance avait accord\u00e9 peu de poids \u00e0 une r\u00e9union dirig\u00e9e par Muvunyi \u00e0 l\u2019ESO le 20 avril 1994, au cours de laquelle il aurait invit\u00e9 les soldats \u00e0 se conformer aux instructions de tuer les Tutsis donn\u00e9es la veille par le pr\u00e9sident int\u00e9rimaire, Th\u00e9odore Sindukwabo. \u00ab Les propos tenus par le colonel Muvunyi \u00e9quivalaient \u00e0 une invitation \u00e0 agir suivie par les soldats qui se sont livr\u00e9s aux massacres pendant deux mois \u00bb, a soulign\u00e9 Nsanzuwera qui a ajout\u00e9 qu\u2019\u00e0 aucun moment l\u2019officier ne les avait retir\u00e9s.<br \/>\nMuvunyi a \u00e9t\u00e9 par ailleurs condamn\u00e9 pour n\u2019avoir pas emp\u00each\u00e9 les soldats de l\u2019ESO, consid\u00e9r\u00e9s comme ses subordonn\u00e9s, \u00e0 commettre des massacres.<br \/>\nEvelyne Kamau (Kenya), une coll\u00e8gue de Nsanzuwera, de son cot\u00e9, a demand\u00e9 que l\u2019officier soit \u00e9galement puni pour des viols commis par des soldats de l\u2019ESO \u00e0 Butare.<br \/>\nPrenant la parole \u00e0 la fin des d\u00e9bats, Muvunyi a d\u00e9clar\u00e9 qu\u2019il n\u2019avait jamais \u00e9t\u00e9 commandant de l\u2019ESO. Il a par ailleurs affirm\u00e9 qu\u2019il n\u2019avait pas comp\u00e9tence de punir les soldats fautifs.  \u00ab Je voudrais encore une fois clamer haut et fort que je n\u2019ai jamais exerc\u00e9 les fonctions de commandant de l\u2019ESO m\u00eame \u00e0 titre \u00e0 titre int\u00e9rimaire \u00bb, a-t-il dit. \u00ab Il n\u2019y avait aucun texte officiel ni aucune communication qui me nommait \u00e0 ce poste \u00bb, a soulign\u00e9 Muvunyi. Il a demand\u00e9 \u00e0 la chambre de \"r\u00e9parer le tort incalculable qui lui a \u00e9t\u00e9 caus\u00e9 par les premiers juges\".<br \/>\nSon avocat, William Taylor, (Etats Unis), avait auparavant affirm\u00e9 que le colonel Marcel Gatsinzi, qui a exerc\u00e9 bri\u00e8vement la fonction de chef d\u2019\u00e9tat major de l\u2019arm\u00e9e rwandaise en avril 1994, \u00e9tait rest\u00e9 commandant \u00abde jure\u00bb de l\u2019ESO pendant les trois mois qu\u2019a dur\u00e9 le g\u00e9nocide.<br \/>\nLa chambre d\u2019appel, pr\u00e9sid\u00e9e par le juge italien Fausto Pocar, s\u2019est retir\u00e9e pour d\u00e9lib\u00e9rer. Elle n\u2019a pas indiqu\u00e9 quand elle rendra son arr\u00eat.<br \/>\n AT\/PB\/GF<\/p>\n","protected":false},"excerpt":{"rendered":"<p>Arusha, 13 mars 2008 (FH) - Le procureur a demand\u00e9 \u00e0 la chambre d\u2019appel du Tribunal p\u00e9nal international pour le Rwanda (TPIR) de condamner le lieutenant-colonel Tharcisse Muvunyi \u00e0 la prison \u00e0 vie, a-t-on constat\u00e9 jeudi \u00e0 Arusha. Le 12 septembre 2006, Muvunyi, 55 ans, qui, selon le procureur, commandait l\u2019Ecole des sous-officiers (ESO) de [&hellip;]<\/p>\n","protected":false},"author":64,"featured_media":0,"comment_status":"open","ping_status":"closed","sticky":false,"template":"","format":"standard","meta":{"_acf_changed":false,"footnotes":""},"categories":[554],"tags":[],"ji_location":[],"class_list":["post-3584","post","type-post","status-publish","format-standard","hentry","category-hirondellenews"],"acf":[],"yoast_head":"<!-- This site is optimized with the Yoast SEO Premium plugin v25.3.1 (Yoast SEO v25.3.1) - https:\/\/yoast.com\/wordpress\/plugins\/seo\/ -->\n<title>13.03.08 - TPIR\/MUVUNYI - PRISON A VIE REQUISE EN APPEL CONTRE LE COLONEL MUVUNYI - JusticeInfo.net<\/title>\n<meta name=\"robots\" content=\"index, follow, max-snippet:-1, max-image-preview:large, max-video-preview:-1\" \/>\n<link rel=\"canonical\" href=\"https:\/\/www.justiceinfo.net\/fr\/3584-130308-tpirmuvunyi-prison-a-vie-requise-en-appel-contre-le-colonel-muvunyi374.html\" \/>\n<meta property=\"og:locale\" content=\"fr_FR\" \/>\n<meta property=\"og:type\" content=\"article\" \/>\n<meta property=\"og:title\" content=\"13.03.08 - TPIR\/MUVUNYI - PRISON A VIE REQUISE EN APPEL CONTRE LE COLONEL MUVUNYI\" \/>\n<meta property=\"og:description\" content=\"Arusha, 13 mars 2008 (FH) - Le procureur a demand\u00e9 \u00e0 la chambre d\u2019appel du Tribunal p\u00e9nal international pour le Rwanda (TPIR) de condamner le lieutenant-colonel Tharcisse Muvunyi \u00e0 la prison \u00e0 vie, a-t-on constat\u00e9 jeudi \u00e0 Arusha. Le 12 septembre 2006, Muvunyi, 55 ans, qui, selon le procureur, commandait l\u2019Ecole des sous-officiers (ESO) de [&hellip;]\" \/>\n<meta property=\"og:url\" content=\"https:\/\/www.justiceinfo.net\/fr\/3584-130308-tpirmuvunyi-prison-a-vie-requise-en-appel-contre-le-colonel-muvunyi374.html\" \/>\n<meta property=\"og:site_name\" content=\"JusticeInfo.net\" \/>\n<meta property=\"article:publisher\" content=\"https:\/\/www.facebook.com\/JusticeInfo\/\" \/>\n<meta property=\"article:published_time\" content=\"2008-03-15T05:47:39+00:00\" \/>\n<meta property=\"og:image\" content=\"https:\/\/www.justiceinfo.net\/wp-content\/uploads\/JusticeInfoNet_logo_1200x630px.jpg\" \/>\n\t<meta property=\"og:image:width\" content=\"1200\" \/>\n\t<meta property=\"og:image:height\" content=\"630\" \/>\n\t<meta property=\"og:image:type\" content=\"image\/jpeg\" \/>\n<meta name=\"author\" content=\"solivri\" \/>\n<meta name=\"twitter:card\" content=\"summary_large_image\" \/>\n<meta name=\"twitter:creator\" content=\"@justiceinfonet\" \/>\n<meta name=\"twitter:site\" content=\"@justiceinfonet\" \/>\n<meta name=\"twitter:label1\" content=\"\u00c9crit par\" \/>\n\t<meta name=\"twitter:data1\" content=\"solivri\" \/>\n\t<meta name=\"twitter:label2\" content=\"Dur\u00e9e de lecture estim\u00e9e\" \/>\n\t<meta name=\"twitter:data2\" content=\"3 minutes\" \/>\n<script type=\"application\/ld+json\" class=\"yoast-schema-graph\">{\"@context\":\"https:\/\/schema.org\",\"@graph\":[{\"@type\":\"NewsArticle\",\"@id\":\"https:\/\/www.justiceinfo.net\/fr\/3584-130308-tpirmuvunyi-prison-a-vie-requise-en-appel-contre-le-colonel-muvunyi374.html#article\",\"isPartOf\":{\"@id\":\"https:\/\/www.justiceinfo.net\/fr\/3584-130308-tpirmuvunyi-prison-a-vie-requise-en-appel-contre-le-colonel-muvunyi374.html\"},\"author\":{\"name\":\"solivri\",\"@id\":\"https:\/\/www.justiceinfo.net\/fr#\/schema\/person\/6e53cba1629e2e66f3fc1821d3091865\"},\"headline\":\"13.03.08 - TPIR\/MUVUNYI - PRISON A VIE REQUISE EN APPEL CONTRE LE COLONEL MUVUNYI\",\"datePublished\":\"2008-03-15T05:47:39+00:00\",\"mainEntityOfPage\":{\"@id\":\"https:\/\/www.justiceinfo.net\/fr\/3584-130308-tpirmuvunyi-prison-a-vie-requise-en-appel-contre-le-colonel-muvunyi374.html\"},\"wordCount\":583,\"commentCount\":0,\"publisher\":{\"@id\":\"https:\/\/www.justiceinfo.net\/fr#organization\"},\"articleSection\":[\"Hirondelle News\"],\"inLanguage\":\"fr-FR\",\"potentialAction\":[{\"@type\":\"CommentAction\",\"name\":\"Comment\",\"target\":[\"https:\/\/www.justiceinfo.net\/fr\/3584-130308-tpirmuvunyi-prison-a-vie-requise-en-appel-contre-le-colonel-muvunyi374.html#respond\"]}]},{\"@type\":\"WebPage\",\"@id\":\"https:\/\/www.justiceinfo.net\/fr\/3584-130308-tpirmuvunyi-prison-a-vie-requise-en-appel-contre-le-colonel-muvunyi374.html\",\"url\":\"https:\/\/www.justiceinfo.net\/fr\/3584-130308-tpirmuvunyi-prison-a-vie-requise-en-appel-contre-le-colonel-muvunyi374.html\",\"name\":\"13.03.08 - TPIR\/MUVUNYI - PRISON A VIE REQUISE EN APPEL CONTRE LE COLONEL MUVUNYI - JusticeInfo.net\",\"isPartOf\":{\"@id\":\"https:\/\/www.justiceinfo.net\/fr#website\"},\"datePublished\":\"2008-03-15T05:47:39+00:00\",\"breadcrumb\":{\"@id\":\"https:\/\/www.justiceinfo.net\/fr\/3584-130308-tpirmuvunyi-prison-a-vie-requise-en-appel-contre-le-colonel-muvunyi374.html#breadcrumb\"},\"inLanguage\":\"fr-FR\",\"potentialAction\":[{\"@type\":\"ReadAction\",\"target\":[\"https:\/\/www.justiceinfo.net\/fr\/3584-130308-tpirmuvunyi-prison-a-vie-requise-en-appel-contre-le-colonel-muvunyi374.html\"]}]},{\"@type\":\"BreadcrumbList\",\"@id\":\"https:\/\/www.justiceinfo.net\/fr\/3584-130308-tpirmuvunyi-prison-a-vie-requise-en-appel-contre-le-colonel-muvunyi374.html#breadcrumb\",\"itemListElement\":[{\"@type\":\"ListItem\",\"position\":1,\"name\":\"Home\",\"item\":\"https:\/\/www.justiceinfo.net\/fr\"},{\"@type\":\"ListItem\",\"position\":2,\"name\":\"13.03.08 - TPIR\/MUVUNYI - PRISON A VIE REQUISE EN APPEL CONTRE LE COLONEL MUVUNYI\"}]},{\"@type\":\"WebSite\",\"@id\":\"https:\/\/www.justiceinfo.net\/fr#website\",\"url\":\"https:\/\/www.justiceinfo.net\/fr\",\"name\":\"JusticeInfo.net\",\"description\":\"La justice doit \u00eatre vue pour \u00eatre rendue\",\"publisher\":{\"@id\":\"https:\/\/www.justiceinfo.net\/fr#organization\"},\"potentialAction\":[{\"@type\":\"SearchAction\",\"target\":{\"@type\":\"EntryPoint\",\"urlTemplate\":\"https:\/\/www.justiceinfo.net\/fr?s={search_term_string}\"},\"query-input\":{\"@type\":\"PropertyValueSpecification\",\"valueRequired\":true,\"valueName\":\"search_term_string\"}}],\"inLanguage\":\"fr-FR\"},{\"@type\":\"Organization\",\"@id\":\"https:\/\/www.justiceinfo.net\/fr#organization\",\"name\":\"Justice Info\",\"url\":\"https:\/\/www.justiceinfo.net\/fr\",\"logo\":{\"@type\":\"ImageObject\",\"inLanguage\":\"fr-FR\",\"@id\":\"https:\/\/www.justiceinfo.net\/fr#\/schema\/logo\/image\/\",\"url\":\"https:\/\/www.justiceinfo.net\/wp-content\/uploads\/justiceinfo_logo-trans_1200x1200px.png\",\"contentUrl\":\"https:\/\/www.justiceinfo.net\/wp-content\/uploads\/justiceinfo_logo-trans_1200x1200px.png\",\"width\":1199,\"height\":1200,\"caption\":\"Justice Info\"},\"image\":{\"@id\":\"https:\/\/www.justiceinfo.net\/fr#\/schema\/logo\/image\/\"},\"sameAs\":[\"https:\/\/www.facebook.com\/JusticeInfo\/\",\"https:\/\/x.com\/justiceinfonet\",\"https:\/\/www.linkedin.com\/company\/justice-info\",\"https:\/\/www.youtube.com\/channel\/UCyCEsARodyuWtkWyhn-e7pA\"]},{\"@type\":\"Person\",\"name\":\"solivri\",\"url\":\"\/fr\/?s=solivri\"}]}<\/script>\n<!-- \/ Yoast SEO Premium plugin. -->","yoast_head_json":{"title":"13.03.08 - TPIR\/MUVUNYI - PRISON A VIE REQUISE EN APPEL CONTRE LE COLONEL MUVUNYI - JusticeInfo.net","robots":{"index":"index","follow":"follow","max-snippet":"max-snippet:-1","max-image-preview":"max-image-preview:large","max-video-preview":"max-video-preview:-1"},"canonical":"https:\/\/www.justiceinfo.net\/fr\/3584-130308-tpirmuvunyi-prison-a-vie-requise-en-appel-contre-le-colonel-muvunyi374.html","og_locale":"fr_FR","og_type":"article","og_title":"13.03.08 - TPIR\/MUVUNYI - PRISON A VIE REQUISE EN APPEL CONTRE LE COLONEL MUVUNYI","og_description":"Arusha, 13 mars 2008 (FH) - Le procureur a demand\u00e9 \u00e0 la chambre d\u2019appel du Tribunal p\u00e9nal international pour le Rwanda (TPIR) de condamner le lieutenant-colonel Tharcisse Muvunyi \u00e0 la prison \u00e0 vie, a-t-on constat\u00e9 jeudi \u00e0 Arusha. Le 12 septembre 2006, Muvunyi, 55 ans, qui, selon le procureur, commandait l\u2019Ecole des sous-officiers (ESO) de [&hellip;]","og_url":"https:\/\/www.justiceinfo.net\/fr\/3584-130308-tpirmuvunyi-prison-a-vie-requise-en-appel-contre-le-colonel-muvunyi374.html","og_site_name":"JusticeInfo.net","article_publisher":"https:\/\/www.facebook.com\/JusticeInfo\/","article_published_time":"2008-03-15T05:47:39+00:00","og_image":[{"width":1200,"height":630,"url":"https:\/\/www.justiceinfo.net\/wp-content\/uploads\/JusticeInfoNet_logo_1200x630px.jpg","type":"image\/jpeg"}],"author":"solivri","twitter_card":"summary_large_image","twitter_creator":"@justiceinfonet","twitter_site":"@justiceinfonet","twitter_misc":{"\u00c9crit par":"solivri","Dur\u00e9e de lecture estim\u00e9e":"3 minutes"},"schema":{"@context":"https:\/\/schema.org","@graph":[{"@type":"NewsArticle","@id":"https:\/\/www.justiceinfo.net\/fr\/3584-130308-tpirmuvunyi-prison-a-vie-requise-en-appel-contre-le-colonel-muvunyi374.html#article","isPartOf":{"@id":"https:\/\/www.justiceinfo.net\/fr\/3584-130308-tpirmuvunyi-prison-a-vie-requise-en-appel-contre-le-colonel-muvunyi374.html"},"author":{"name":"solivri","@id":"https:\/\/www.justiceinfo.net\/fr#\/schema\/person\/6e53cba1629e2e66f3fc1821d3091865"},"headline":"13.03.08 - TPIR\/MUVUNYI - PRISON A VIE REQUISE EN APPEL CONTRE LE COLONEL MUVUNYI","datePublished":"2008-03-15T05:47:39+00:00","mainEntityOfPage":{"@id":"https:\/\/www.justiceinfo.net\/fr\/3584-130308-tpirmuvunyi-prison-a-vie-requise-en-appel-contre-le-colonel-muvunyi374.html"},"wordCount":583,"commentCount":0,"publisher":{"@id":"https:\/\/www.justiceinfo.net\/fr#organization"},"articleSection":["Hirondelle News"],"inLanguage":"fr-FR","potentialAction":[{"@type":"CommentAction","name":"Comment","target":["https:\/\/www.justiceinfo.net\/fr\/3584-130308-tpirmuvunyi-prison-a-vie-requise-en-appel-contre-le-colonel-muvunyi374.html#respond"]}]},{"@type":"WebPage","@id":"https:\/\/www.justiceinfo.net\/fr\/3584-130308-tpirmuvunyi-prison-a-vie-requise-en-appel-contre-le-colonel-muvunyi374.html","url":"https:\/\/www.justiceinfo.net\/fr\/3584-130308-tpirmuvunyi-prison-a-vie-requise-en-appel-contre-le-colonel-muvunyi374.html","name":"13.03.08 - TPIR\/MUVUNYI - PRISON A VIE REQUISE EN APPEL CONTRE LE COLONEL MUVUNYI - JusticeInfo.net","isPartOf":{"@id":"https:\/\/www.justiceinfo.net\/fr#website"},"datePublished":"2008-03-15T05:47:39+00:00","breadcrumb":{"@id":"https:\/\/www.justiceinfo.net\/fr\/3584-130308-tpirmuvunyi-prison-a-vie-requise-en-appel-contre-le-colonel-muvunyi374.html#breadcrumb"},"inLanguage":"fr-FR","potentialAction":[{"@type":"ReadAction","target":["https:\/\/www.justiceinfo.net\/fr\/3584-130308-tpirmuvunyi-prison-a-vie-requise-en-appel-contre-le-colonel-muvunyi374.html"]}]},{"@type":"BreadcrumbList","@id":"https:\/\/www.justiceinfo.net\/fr\/3584-130308-tpirmuvunyi-prison-a-vie-requise-en-appel-contre-le-colonel-muvunyi374.html#breadcrumb","itemListElement":[{"@type":"ListItem","position":1,"name":"Home","item":"https:\/\/www.justiceinfo.net\/fr"},{"@type":"ListItem","position":2,"name":"13.03.08 - TPIR\/MUVUNYI - PRISON A VIE REQUISE EN APPEL CONTRE LE COLONEL MUVUNYI"}]},{"@type":"WebSite","@id":"https:\/\/www.justiceinfo.net\/fr#website","url":"https:\/\/www.justiceinfo.net\/fr","name":"JusticeInfo.net","description":"La justice doit \u00eatre vue pour \u00eatre rendue","publisher":{"@id":"https:\/\/www.justiceinfo.net\/fr#organization"},"potentialAction":[{"@type":"SearchAction","target":{"@type":"EntryPoint","urlTemplate":"https:\/\/www.justiceinfo.net\/fr?s={search_term_string}"},"query-input":{"@type":"PropertyValueSpecification","valueRequired":true,"valueName":"search_term_string"}}],"inLanguage":"fr-FR"},{"@type":"Organization","@id":"https:\/\/www.justiceinfo.net\/fr#organization","name":"Justice Info","url":"https:\/\/www.justiceinfo.net\/fr","logo":{"@type":"ImageObject","inLanguage":"fr-FR","@id":"https:\/\/www.justiceinfo.net\/fr#\/schema\/logo\/image\/","url":"https:\/\/www.justiceinfo.net\/wp-content\/uploads\/justiceinfo_logo-trans_1200x1200px.png","contentUrl":"https:\/\/www.justiceinfo.net\/wp-content\/uploads\/justiceinfo_logo-trans_1200x1200px.png","width":1199,"height":1200,"caption":"Justice Info"},"image":{"@id":"https:\/\/www.justiceinfo.net\/fr#\/schema\/logo\/image\/"},"sameAs":["https:\/\/www.facebook.com\/JusticeInfo\/","https:\/\/x.com\/justiceinfonet","https:\/\/www.linkedin.com\/company\/justice-info","https:\/\/www.youtube.com\/channel\/UCyCEsARodyuWtkWyhn-e7pA"]},{"@type":"Person","name":"solivri","url":"\/fr\/?s=solivri"}]}},"_links":{"self":[{"href":"https:\/\/www.justiceinfo.net\/fr\/wp-json\/wp\/v2\/posts\/3584","targetHints":{"allow":["GET"]}}],"collection":[{"href":"https:\/\/www.justiceinfo.net\/fr\/wp-json\/wp\/v2\/posts"}],"about":[{"href":"https:\/\/www.justiceinfo.net\/fr\/wp-json\/wp\/v2\/types\/post"}],"author":[{"embeddable":true,"href":"https:\/\/www.justiceinfo.net\/fr\/wp-json\/wp\/v2\/users\/64"}],"replies":[{"embeddable":true,"href":"https:\/\/www.justiceinfo.net\/fr\/wp-json\/wp\/v2\/comments?post=3584"}],"version-history":[{"count":0,"href":"https:\/\/www.justiceinfo.net\/fr\/wp-json\/wp\/v2\/posts\/3584\/revisions"}],"wp:attachment":[{"href":"https:\/\/www.justiceinfo.net\/fr\/wp-json\/wp\/v2\/media?parent=3584"}],"wp:term":[{"taxonomy":"category","embeddable":true,"href":"https:\/\/www.justiceinfo.net\/fr\/wp-json\/wp\/v2\/categories?post=3584"},{"taxonomy":"post_tag","embeddable":true,"href":"https:\/\/www.justiceinfo.net\/fr\/wp-json\/wp\/v2\/tags?post=3584"},{"taxonomy":"ji_location","embeddable":true,"href":"https:\/\/www.justiceinfo.net\/fr\/wp-json\/wp\/v2\/ji_location?post=3584"}],"curies":[{"name":"wp","href":"https:\/\/api.w.org\/{rel}","templated":true}]}}