{"id":3585,"date":"2008-03-15T06:58:20","date_gmt":"2008-03-15T05:58:20","guid":{"rendered":"https:\/\/www.justiceinfo.net\/3585-140308-tpirseromba-un-pretre-catholique-definitivement-condamne-pour-le-genocide-rwandais375.html"},"modified":"2008-03-15T06:58:20","modified_gmt":"2008-03-15T05:58:20","slug":"140308-tpirseromba-un-pretre-catholique-definitivement-condamne-pour-le-genocide-rwandais375","status":"publish","type":"post","link":"https:\/\/www.justiceinfo.net\/fr\/3585-140308-tpirseromba-un-pretre-catholique-definitivement-condamne-pour-le-genocide-rwandais375.html","title":{"rendered":"14.03.08 - TPIR\/SEROMBA  - UN PRETRE CATHOLIQUE DEFINITIVEMENT CONDAMNE POUR LE GENOCIDE RWANDAIS"},"content":{"rendered":"<p  >\nArusha 14 mars 2008 (FH) -  Le tribunal p\u00e9nal international pour le Rwanda (TPIR) a d\u00e9finitivement condamn\u00e9 mercredi \u00e0 la prison \u00e0 vie un pr\u00eatre catholique, Athanase seromba, pour son implication dans le g\u00e9nocide de 1994.  <\/p>\n<p>Deux autres pr\u00eatres catholiques, Hormisdas Nsengimana et Emmanuel Rukundo, sont en cours de jugement pour ce dernier g\u00e9nocide du 20\u00e8me si\u00e8cle qui a fait 800.\n<\/p>\n<p><!--more--><\/p>\n<p  >\n000 victimes selon l\u2019ONU. Apr\u00e8s le g\u00e9nocide des voix s\u2019\u00e9taient \u00e9lev\u00e9es, y compris au sein de l\u2019\u00e9glise catholique \u00e0 l\u2019ext\u00e9rieur du Rwanda, pour d\u00e9noncer la proximit\u00e9 des pr\u00eatres avec le pouvoir et les auteurs du g\u00e9nocide. <\/p>\n<p>En effet, de nombreuses \u00e9glises o\u00f9, lors des pr\u00e9c\u00e9dents massacres, en 1959 et 1973, les gens s\u2019\u00e9taient r\u00e9fugi\u00e9s, \u00e9taient devenues des pi\u00e8ges o\u00f9 les victimes ont vainement cherch\u00e9 aide et protection.\n<\/p>\n<p  >\nEnvoy\u00e9 par le pape en juin 1994 pour enqu\u00eater sur l\u2019implication de l'\u00e9glise dans le g\u00e9nocide, le cardinal fran\u00e7ais Roger Etchegaray a r\u00e9cemment \u00e9voqu\u00e9 cette mission comme son \u00ab chemin de croix \u00bb. Rome a toujours affirm\u00e9 qu\u2019il s\u2019agissait l\u00e0 de \u00abcomportements individuels \u00bb, refusant toute responsabilit\u00e9 institutionnelle. <\/p>\n<p>L\u2019\u00e9glise catholique rwandaise \u00e9tait consid\u00e9r\u00e9e comme une de meilleures d\u2019Afrique pour le nombre de fid\u00e8les et sa ferveur. Elle avait accueilli en 1990 le pape Jean Paul II et les records d\u2019assistance aux messes avaient \u00e9t\u00e9 battus. Mais elle s'\u00e9tait aussi compromise notamment par les relations privil\u00e9gi\u00e9es de certains de ses responsables avec le r\u00e9gime du pr\u00e9sident Juv\u00e9nal Habyarimana. Ainsi l'archev\u00eaque de Kigali, Mgr Vincent Nsengiyumva, un fils du nord comme Habyarimana, a-t-il \u00e9t\u00e9 \u00e0 l'\u00e9poque du monopartisme parmi les membres du Comit\u00e9 central du Mouvement r\u00e9volutionnaire national pour le d\u00e9veloppement (MRND), le parti pr\u00e9sidentiel. Au lendemain de l\u2019attaque du Front patriotique rwandais (FPR), en octobre 1990, des hymnes religieux ont \u00e9t\u00e9 compos\u00e9s \u00e0 la gloire des Forces arm\u00e9es rwandaises (FAR). <\/p>\n<p>Apr\u00e8s le g\u00e9nocide les langues se sont d\u00e9li\u00e9es, certains pr\u00eatres accusant leurs coll\u00e8gues d\u2019avoir \u00e9t\u00e9 impliqu\u00e9s dans les massacres. Pour autant, soucieuse de pr\u00e9server son image, la hi\u00e9rarchie supr\u00eame \u00e0 Rome a prot\u00e9g\u00e9 certains hommes d\u2019\u00e9glise. <\/p>\n<p>Ainsi, Seromba a \u00e9t\u00e9 accueilli dans une paroisse de Florence, au nord de l\u2019Italie, o\u00f9 il a offici\u00e9 sous un faux nom avant d\u2019\u00eatre d\u00e9masqu\u00e9 par une association de rescap\u00e9s et poursuivi par la presse. Devant le scandale qui grossissait, Rome a sugg\u00e9r\u00e9 au pr\u00eatre de se rendre. Incarc\u00e9r\u00e9 \u00e0 Arusha le 6 fevrier 2002 il a recu peu avant sa comparution la visite du nonce apostolique en Tanzanie. Lors de son proc\u00e8s l'Eglise catholique ne s'est plus manifest\u00e9e m\u00eame si l\u2019aum\u00f4nier catholique de la prison du TPIR  a assist\u00e9 \u00e0 la plus grande partie des d\u00e9bats. <\/p>\n<p>Interrog\u00e9 jeudi par l'agence Hirondelle, M. Methodius Kilaini, un collaborateur de l'archev\u00e9que de Dar es Salam, a expliqu\u00e9 qu'une fois cette condamnation d\u00e9finitive, le pr\u00eatre pourrait \u00eatre suspendu par son dioc\u00e8se puis \u00e9ventuellement excommuni\u00e9 par le Vatican. <\/p>\n<p>Seul donc, Seromba, assist\u00e9 de son avocat, Me Patrice Monthe, a tent\u00e9 de se disculper en plaidant maladroitement sa faible autorit\u00e9, ce qu\u2019avait sembl\u00e9 admettre la chambre de premi\u00e8re instance, avant que les juges d\u2019appel n\u2019en d\u00e9cident autrement mercredi et infligent pour la 11\u00e8me fois, la peine maximale, la d\u00e9tention \u00e0 perpetuite, sur les 35 jugements d\u00e9ja prononc\u00e9s au TPIR. <\/p>\n<p>Alors que les premiers juges avaient limit\u00e9 la responsabilit\u00e9 de l\u2019homme d\u2019\u00e9glise \u00e0 \u00ab l\u2019aide et encouragement \u00bb des crimes de g\u00e9nocide et d\u2019extermination, la chambre d\u2019appel a conclu que Seromba a jou\u00e9 un r\u00f4le central dans la mort des Tutsis qui s\u2019\u00e9taient r\u00e9fugi\u00e9s dans son \u00e9glise de Nyange. Il savait bien, selon l\u2019arr\u00eat, qu\u2019environ 1.500 vies humaines se trouvaient dans l\u2019\u00e9glise mais il a approuv\u00e9 la d\u00e9cision des autorit\u00e9s administratives locales de la d\u00e9truire. La chambre a aussi \u00e9voqu\u00e9 son refus de celebrer la messe pour les refugi\u00e9s tutsis qui le lui demandaient <\/p>\n<p>Quatorze ans apr\u00e8s les faits, pr\u00e8s des ruines de l\u2019\u00e9glise de Nyange, l\u00e0 ou le p\u00e8re Seromba a montr\u00e9 \u00e0 un chauffeur de bulldozer par quel cot\u00e9 il devait commencer la destruction du b\u00e2timent o\u00f9 1500 personnes \u00e9taient r\u00e9fugi\u00e9es, un vaste hangar a \u00e9t\u00e9 construit o\u00f9 se d\u00e9roulent les offices dominicaux. Interrog\u00e9 sur place lors de l\u2019ouverture du proc\u00e8s, en 2004, un diacre a expliqu\u00e9 que l\u2019assistance \u00e9tait encore plus nombreuse qu\u2019avant. <\/p>\n<p>PB\/GF<\/p>\n","protected":false},"excerpt":{"rendered":"<p>Arusha 14 mars 2008 (FH) - Le tribunal p\u00e9nal international pour le Rwanda (TPIR) a d\u00e9finitivement condamn\u00e9 mercredi \u00e0 la prison \u00e0 vie un pr\u00eatre catholique, Athanase seromba, pour son implication dans le g\u00e9nocide de 1994. Deux autres pr\u00eatres catholiques, Hormisdas Nsengimana et Emmanuel Rukundo, sont en cours de jugement pour ce dernier g\u00e9nocide du [&hellip;]<\/p>\n","protected":false},"author":64,"featured_media":0,"comment_status":"open","ping_status":"closed","sticky":false,"template":"","format":"standard","meta":{"_acf_changed":false,"footnotes":""},"categories":[554],"tags":[],"ji_location":[],"class_list":["post-3585","post","type-post","status-publish","format-standard","hentry","category-hirondellenews"],"acf":[],"yoast_head":"<!-- This site is optimized with the Yoast SEO Premium plugin v25.3.1 (Yoast SEO v25.3.1) - https:\/\/yoast.com\/wordpress\/plugins\/seo\/ -->\n<title>14.03.08 - TPIR\/SEROMBA - UN PRETRE CATHOLIQUE DEFINITIVEMENT CONDAMNE POUR LE GENOCIDE RWANDAIS - JusticeInfo.net<\/title>\n<meta name=\"robots\" content=\"index, follow, max-snippet:-1, max-image-preview:large, max-video-preview:-1\" \/>\n<link rel=\"canonical\" href=\"https:\/\/www.justiceinfo.net\/fr\/3585-140308-tpirseromba-un-pretre-catholique-definitivement-condamne-pour-le-genocide-rwandais375.html\" \/>\n<meta property=\"og:locale\" content=\"fr_FR\" \/>\n<meta property=\"og:type\" content=\"article\" \/>\n<meta property=\"og:title\" content=\"14.03.08 - TPIR\/SEROMBA - UN PRETRE CATHOLIQUE DEFINITIVEMENT CONDAMNE POUR LE GENOCIDE RWANDAIS\" \/>\n<meta property=\"og:description\" content=\"Arusha 14 mars 2008 (FH) - Le tribunal p\u00e9nal international pour le Rwanda (TPIR) a d\u00e9finitivement condamn\u00e9 mercredi \u00e0 la prison \u00e0 vie un pr\u00eatre catholique, Athanase seromba, pour son implication dans le g\u00e9nocide de 1994. Deux autres pr\u00eatres catholiques, Hormisdas Nsengimana et Emmanuel Rukundo, sont en cours de jugement pour ce dernier g\u00e9nocide du [&hellip;]\" \/>\n<meta property=\"og:url\" content=\"https:\/\/www.justiceinfo.net\/fr\/3585-140308-tpirseromba-un-pretre-catholique-definitivement-condamne-pour-le-genocide-rwandais375.html\" \/>\n<meta property=\"og:site_name\" content=\"JusticeInfo.net\" \/>\n<meta property=\"article:publisher\" content=\"https:\/\/www.facebook.com\/JusticeInfo\/\" \/>\n<meta property=\"article:published_time\" content=\"2008-03-15T05:58:20+00:00\" \/>\n<meta property=\"og:image\" content=\"https:\/\/www.justiceinfo.net\/wp-content\/uploads\/JusticeInfoNet_logo_1200x630px.jpg\" \/>\n\t<meta property=\"og:image:width\" content=\"1200\" \/>\n\t<meta property=\"og:image:height\" content=\"630\" \/>\n\t<meta property=\"og:image:type\" content=\"image\/jpeg\" \/>\n<meta name=\"author\" content=\"solivri\" \/>\n<meta name=\"twitter:card\" content=\"summary_large_image\" \/>\n<meta name=\"twitter:creator\" content=\"@justiceinfonet\" \/>\n<meta name=\"twitter:site\" content=\"@justiceinfonet\" \/>\n<meta name=\"twitter:label1\" content=\"\u00c9crit par\" \/>\n\t<meta name=\"twitter:data1\" content=\"solivri\" \/>\n\t<meta name=\"twitter:label2\" content=\"Dur\u00e9e de lecture estim\u00e9e\" \/>\n\t<meta name=\"twitter:data2\" content=\"4 minutes\" \/>\n<script type=\"application\/ld+json\" class=\"yoast-schema-graph\">{\"@context\":\"https:\/\/schema.org\",\"@graph\":[{\"@type\":\"NewsArticle\",\"@id\":\"https:\/\/www.justiceinfo.net\/fr\/3585-140308-tpirseromba-un-pretre-catholique-definitivement-condamne-pour-le-genocide-rwandais375.html#article\",\"isPartOf\":{\"@id\":\"https:\/\/www.justiceinfo.net\/fr\/3585-140308-tpirseromba-un-pretre-catholique-definitivement-condamne-pour-le-genocide-rwandais375.html\"},\"author\":{\"name\":\"solivri\",\"@id\":\"https:\/\/www.justiceinfo.net\/fr#\/schema\/person\/6e53cba1629e2e66f3fc1821d3091865\"},\"headline\":\"14.03.08 - TPIR\/SEROMBA - UN PRETRE CATHOLIQUE DEFINITIVEMENT CONDAMNE POUR LE GENOCIDE RWANDAIS\",\"datePublished\":\"2008-03-15T05:58:20+00:00\",\"mainEntityOfPage\":{\"@id\":\"https:\/\/www.justiceinfo.net\/fr\/3585-140308-tpirseromba-un-pretre-catholique-definitivement-condamne-pour-le-genocide-rwandais375.html\"},\"wordCount\":802,\"commentCount\":0,\"publisher\":{\"@id\":\"https:\/\/www.justiceinfo.net\/fr#organization\"},\"articleSection\":[\"Hirondelle News\"],\"inLanguage\":\"fr-FR\",\"potentialAction\":[{\"@type\":\"CommentAction\",\"name\":\"Comment\",\"target\":[\"https:\/\/www.justiceinfo.net\/fr\/3585-140308-tpirseromba-un-pretre-catholique-definitivement-condamne-pour-le-genocide-rwandais375.html#respond\"]}]},{\"@type\":\"WebPage\",\"@id\":\"https:\/\/www.justiceinfo.net\/fr\/3585-140308-tpirseromba-un-pretre-catholique-definitivement-condamne-pour-le-genocide-rwandais375.html\",\"url\":\"https:\/\/www.justiceinfo.net\/fr\/3585-140308-tpirseromba-un-pretre-catholique-definitivement-condamne-pour-le-genocide-rwandais375.html\",\"name\":\"14.03.08 - TPIR\/SEROMBA - UN PRETRE CATHOLIQUE DEFINITIVEMENT CONDAMNE POUR LE GENOCIDE RWANDAIS - JusticeInfo.net\",\"isPartOf\":{\"@id\":\"https:\/\/www.justiceinfo.net\/fr#website\"},\"datePublished\":\"2008-03-15T05:58:20+00:00\",\"breadcrumb\":{\"@id\":\"https:\/\/www.justiceinfo.net\/fr\/3585-140308-tpirseromba-un-pretre-catholique-definitivement-condamne-pour-le-genocide-rwandais375.html#breadcrumb\"},\"inLanguage\":\"fr-FR\",\"potentialAction\":[{\"@type\":\"ReadAction\",\"target\":[\"https:\/\/www.justiceinfo.net\/fr\/3585-140308-tpirseromba-un-pretre-catholique-definitivement-condamne-pour-le-genocide-rwandais375.html\"]}]},{\"@type\":\"BreadcrumbList\",\"@id\":\"https:\/\/www.justiceinfo.net\/fr\/3585-140308-tpirseromba-un-pretre-catholique-definitivement-condamne-pour-le-genocide-rwandais375.html#breadcrumb\",\"itemListElement\":[{\"@type\":\"ListItem\",\"position\":1,\"name\":\"Home\",\"item\":\"https:\/\/www.justiceinfo.net\/fr\"},{\"@type\":\"ListItem\",\"position\":2,\"name\":\"14.03.08 - TPIR\/SEROMBA - UN PRETRE CATHOLIQUE DEFINITIVEMENT CONDAMNE POUR LE GENOCIDE RWANDAIS\"}]},{\"@type\":\"WebSite\",\"@id\":\"https:\/\/www.justiceinfo.net\/fr#website\",\"url\":\"https:\/\/www.justiceinfo.net\/fr\",\"name\":\"JusticeInfo.net\",\"description\":\"La justice doit \u00eatre vue pour \u00eatre rendue\",\"publisher\":{\"@id\":\"https:\/\/www.justiceinfo.net\/fr#organization\"},\"potentialAction\":[{\"@type\":\"SearchAction\",\"target\":{\"@type\":\"EntryPoint\",\"urlTemplate\":\"https:\/\/www.justiceinfo.net\/fr?s={search_term_string}\"},\"query-input\":{\"@type\":\"PropertyValueSpecification\",\"valueRequired\":true,\"valueName\":\"search_term_string\"}}],\"inLanguage\":\"fr-FR\"},{\"@type\":\"Organization\",\"@id\":\"https:\/\/www.justiceinfo.net\/fr#organization\",\"name\":\"Justice Info\",\"url\":\"https:\/\/www.justiceinfo.net\/fr\",\"logo\":{\"@type\":\"ImageObject\",\"inLanguage\":\"fr-FR\",\"@id\":\"https:\/\/www.justiceinfo.net\/fr#\/schema\/logo\/image\/\",\"url\":\"https:\/\/www.justiceinfo.net\/wp-content\/uploads\/justiceinfo_logo-trans_1200x1200px.png\",\"contentUrl\":\"https:\/\/www.justiceinfo.net\/wp-content\/uploads\/justiceinfo_logo-trans_1200x1200px.png\",\"width\":1199,\"height\":1200,\"caption\":\"Justice Info\"},\"image\":{\"@id\":\"https:\/\/www.justiceinfo.net\/fr#\/schema\/logo\/image\/\"},\"sameAs\":[\"https:\/\/www.facebook.com\/JusticeInfo\/\",\"https:\/\/x.com\/justiceinfonet\",\"https:\/\/www.linkedin.com\/company\/justice-info\",\"https:\/\/www.youtube.com\/channel\/UCyCEsARodyuWtkWyhn-e7pA\"]},{\"@type\":\"Person\",\"name\":\"solivri\",\"url\":\"\/fr\/?s=solivri\"}]}<\/script>\n<!-- \/ Yoast SEO Premium plugin. -->","yoast_head_json":{"title":"14.03.08 - TPIR\/SEROMBA - UN PRETRE CATHOLIQUE DEFINITIVEMENT CONDAMNE POUR LE GENOCIDE RWANDAIS - JusticeInfo.net","robots":{"index":"index","follow":"follow","max-snippet":"max-snippet:-1","max-image-preview":"max-image-preview:large","max-video-preview":"max-video-preview:-1"},"canonical":"https:\/\/www.justiceinfo.net\/fr\/3585-140308-tpirseromba-un-pretre-catholique-definitivement-condamne-pour-le-genocide-rwandais375.html","og_locale":"fr_FR","og_type":"article","og_title":"14.03.08 - TPIR\/SEROMBA - UN PRETRE CATHOLIQUE DEFINITIVEMENT CONDAMNE POUR LE GENOCIDE RWANDAIS","og_description":"Arusha 14 mars 2008 (FH) - Le tribunal p\u00e9nal international pour le Rwanda (TPIR) a d\u00e9finitivement condamn\u00e9 mercredi \u00e0 la prison \u00e0 vie un pr\u00eatre catholique, Athanase seromba, pour son implication dans le g\u00e9nocide de 1994. Deux autres pr\u00eatres catholiques, Hormisdas Nsengimana et Emmanuel Rukundo, sont en cours de jugement pour ce dernier g\u00e9nocide du [&hellip;]","og_url":"https:\/\/www.justiceinfo.net\/fr\/3585-140308-tpirseromba-un-pretre-catholique-definitivement-condamne-pour-le-genocide-rwandais375.html","og_site_name":"JusticeInfo.net","article_publisher":"https:\/\/www.facebook.com\/JusticeInfo\/","article_published_time":"2008-03-15T05:58:20+00:00","og_image":[{"width":1200,"height":630,"url":"https:\/\/www.justiceinfo.net\/wp-content\/uploads\/JusticeInfoNet_logo_1200x630px.jpg","type":"image\/jpeg"}],"author":"solivri","twitter_card":"summary_large_image","twitter_creator":"@justiceinfonet","twitter_site":"@justiceinfonet","twitter_misc":{"\u00c9crit par":"solivri","Dur\u00e9e de lecture estim\u00e9e":"4 minutes"},"schema":{"@context":"https:\/\/schema.org","@graph":[{"@type":"NewsArticle","@id":"https:\/\/www.justiceinfo.net\/fr\/3585-140308-tpirseromba-un-pretre-catholique-definitivement-condamne-pour-le-genocide-rwandais375.html#article","isPartOf":{"@id":"https:\/\/www.justiceinfo.net\/fr\/3585-140308-tpirseromba-un-pretre-catholique-definitivement-condamne-pour-le-genocide-rwandais375.html"},"author":{"name":"solivri","@id":"https:\/\/www.justiceinfo.net\/fr#\/schema\/person\/6e53cba1629e2e66f3fc1821d3091865"},"headline":"14.03.08 - TPIR\/SEROMBA - UN PRETRE CATHOLIQUE DEFINITIVEMENT CONDAMNE POUR LE GENOCIDE RWANDAIS","datePublished":"2008-03-15T05:58:20+00:00","mainEntityOfPage":{"@id":"https:\/\/www.justiceinfo.net\/fr\/3585-140308-tpirseromba-un-pretre-catholique-definitivement-condamne-pour-le-genocide-rwandais375.html"},"wordCount":802,"commentCount":0,"publisher":{"@id":"https:\/\/www.justiceinfo.net\/fr#organization"},"articleSection":["Hirondelle News"],"inLanguage":"fr-FR","potentialAction":[{"@type":"CommentAction","name":"Comment","target":["https:\/\/www.justiceinfo.net\/fr\/3585-140308-tpirseromba-un-pretre-catholique-definitivement-condamne-pour-le-genocide-rwandais375.html#respond"]}]},{"@type":"WebPage","@id":"https:\/\/www.justiceinfo.net\/fr\/3585-140308-tpirseromba-un-pretre-catholique-definitivement-condamne-pour-le-genocide-rwandais375.html","url":"https:\/\/www.justiceinfo.net\/fr\/3585-140308-tpirseromba-un-pretre-catholique-definitivement-condamne-pour-le-genocide-rwandais375.html","name":"14.03.08 - TPIR\/SEROMBA - UN PRETRE CATHOLIQUE DEFINITIVEMENT CONDAMNE POUR LE GENOCIDE RWANDAIS - JusticeInfo.net","isPartOf":{"@id":"https:\/\/www.justiceinfo.net\/fr#website"},"datePublished":"2008-03-15T05:58:20+00:00","breadcrumb":{"@id":"https:\/\/www.justiceinfo.net\/fr\/3585-140308-tpirseromba-un-pretre-catholique-definitivement-condamne-pour-le-genocide-rwandais375.html#breadcrumb"},"inLanguage":"fr-FR","potentialAction":[{"@type":"ReadAction","target":["https:\/\/www.justiceinfo.net\/fr\/3585-140308-tpirseromba-un-pretre-catholique-definitivement-condamne-pour-le-genocide-rwandais375.html"]}]},{"@type":"BreadcrumbList","@id":"https:\/\/www.justiceinfo.net\/fr\/3585-140308-tpirseromba-un-pretre-catholique-definitivement-condamne-pour-le-genocide-rwandais375.html#breadcrumb","itemListElement":[{"@type":"ListItem","position":1,"name":"Home","item":"https:\/\/www.justiceinfo.net\/fr"},{"@type":"ListItem","position":2,"name":"14.03.08 - TPIR\/SEROMBA - UN PRETRE CATHOLIQUE DEFINITIVEMENT CONDAMNE POUR LE GENOCIDE RWANDAIS"}]},{"@type":"WebSite","@id":"https:\/\/www.justiceinfo.net\/fr#website","url":"https:\/\/www.justiceinfo.net\/fr","name":"JusticeInfo.net","description":"La justice doit \u00eatre vue pour \u00eatre rendue","publisher":{"@id":"https:\/\/www.justiceinfo.net\/fr#organization"},"potentialAction":[{"@type":"SearchAction","target":{"@type":"EntryPoint","urlTemplate":"https:\/\/www.justiceinfo.net\/fr?s={search_term_string}"},"query-input":{"@type":"PropertyValueSpecification","valueRequired":true,"valueName":"search_term_string"}}],"inLanguage":"fr-FR"},{"@type":"Organization","@id":"https:\/\/www.justiceinfo.net\/fr#organization","name":"Justice Info","url":"https:\/\/www.justiceinfo.net\/fr","logo":{"@type":"ImageObject","inLanguage":"fr-FR","@id":"https:\/\/www.justiceinfo.net\/fr#\/schema\/logo\/image\/","url":"https:\/\/www.justiceinfo.net\/wp-content\/uploads\/justiceinfo_logo-trans_1200x1200px.png","contentUrl":"https:\/\/www.justiceinfo.net\/wp-content\/uploads\/justiceinfo_logo-trans_1200x1200px.png","width":1199,"height":1200,"caption":"Justice Info"},"image":{"@id":"https:\/\/www.justiceinfo.net\/fr#\/schema\/logo\/image\/"},"sameAs":["https:\/\/www.facebook.com\/JusticeInfo\/","https:\/\/x.com\/justiceinfonet","https:\/\/www.linkedin.com\/company\/justice-info","https:\/\/www.youtube.com\/channel\/UCyCEsARodyuWtkWyhn-e7pA"]},{"@type":"Person","name":"solivri","url":"\/fr\/?s=solivri"}]}},"_links":{"self":[{"href":"https:\/\/www.justiceinfo.net\/fr\/wp-json\/wp\/v2\/posts\/3585","targetHints":{"allow":["GET"]}}],"collection":[{"href":"https:\/\/www.justiceinfo.net\/fr\/wp-json\/wp\/v2\/posts"}],"about":[{"href":"https:\/\/www.justiceinfo.net\/fr\/wp-json\/wp\/v2\/types\/post"}],"author":[{"embeddable":true,"href":"https:\/\/www.justiceinfo.net\/fr\/wp-json\/wp\/v2\/users\/64"}],"replies":[{"embeddable":true,"href":"https:\/\/www.justiceinfo.net\/fr\/wp-json\/wp\/v2\/comments?post=3585"}],"version-history":[{"count":0,"href":"https:\/\/www.justiceinfo.net\/fr\/wp-json\/wp\/v2\/posts\/3585\/revisions"}],"wp:attachment":[{"href":"https:\/\/www.justiceinfo.net\/fr\/wp-json\/wp\/v2\/media?parent=3585"}],"wp:term":[{"taxonomy":"category","embeddable":true,"href":"https:\/\/www.justiceinfo.net\/fr\/wp-json\/wp\/v2\/categories?post=3585"},{"taxonomy":"post_tag","embeddable":true,"href":"https:\/\/www.justiceinfo.net\/fr\/wp-json\/wp\/v2\/tags?post=3585"},{"taxonomy":"ji_location","embeddable":true,"href":"https:\/\/www.justiceinfo.net\/fr\/wp-json\/wp\/v2\/ji_location?post=3585"}],"curies":[{"name":"wp","href":"https:\/\/api.w.org\/{rel}","templated":true}]}}