{"id":35977,"date":"2017-12-29T09:15:03","date_gmt":"2017-12-29T08:15:03","guid":{"rendered":"https:\/\/www.justiceinfo.net\/35977-le-liberia-amorce-sa-transition-democratique-avec-weah.html"},"modified":"2017-12-29T09:15:03","modified_gmt":"2017-12-29T08:15:03","slug":"le-liberia-amorce-sa-transition-democratique-avec-weah","status":"publish","type":"post","link":"https:\/\/www.justiceinfo.net\/fr\/35977-le-liberia-amorce-sa-transition-democratique-avec-weah.html","title":{"rendered":"Premi\u00e8re transition d\u00e9mocratique pour le Liberia avec Weah"},"content":{"rendered":"<div class=\"content-excerpt\">\n<p>Le Liberia amor\u00e7ait vendredi sa premi\u00e8re alternance d\u00e9mocratique en plus de sept d\u00e9cennies apr\u00e8s avoir c\u00e9l\u00e9br\u00e9 dans l'euphorie la victoire \u00e9clatante de l'ex-star du football et s\u00e9nateur George Weah au second tour de la pr\u00e9sidentielle.<\/p>\n<\/div>\n<p>Au terme d'un scrutin salu\u00e9 pour son d\u00e9roulement pacifique, M. Weah, 51 ans, a recueilli 61,5% des suffrages, contre 38,5% \u00e0 son adversaire, le vice-pr\u00e9sident Joseph Boakai, selon des r\u00e9sultats officiels quasi complets annonc\u00e9s jeudi soir, deux jours apr\u00e8s le vote.<\/p>\n<p>Le pr\u00e9sident fran\u00e7ais Emmanuel Macron a \u00e9t\u00e9 un des premiers dirigeants \u00e9trangers \u00e0 r\u00e9agir \u00e0 la victoire de l'ancien joueur du club parisien du PSG qui doit succ\u00e9der le 22 janvier \u00e0 la pr\u00e9sidente Ellen Johnson Sirleaf.<\/p>\n<p>\"F\u00e9licitations \u00e0 George Weah pour sa brillante \u00e9lection et \u00e0 l'ensemble du peuple lib\u00e9rien pour le chemin parcouru vers la paix et la r\u00e9conciliation. Congrats Mister George\", a-t-il \u00e9crit vendredi dans un tweet.<\/p>\n<p>A Monrovia, les rues ont \u00e9t\u00e9 envahies de supporters enthousiastes \u00e0 peine la victoire de George Weah connue. Des centaines de personnes mass\u00e9es aux abords de la Commission \u00e9lectorale nationale (NEC), dans le centre de la capitale, ont laiss\u00e9 \u00e9clater leur joie, scandant le nom de leur futur pr\u00e9sident et exultant comme apr\u00e8s une victoire en Coupe du monde.<\/p>\n<p>\"On a attendu pendant 12 ans. Maintenant, le pouvoir va au peuple\", a l\u00e2ch\u00e9 la vice-pr\u00e9sidente de la Ligue de la jeunesse de la Coalition pour le changement d\u00e9mocratique (CDC), la formation de M. Weah, Josephine Davies.<\/p>\n<p>George Weah n'a pas tard\u00e9 \u00e0 se pr\u00e9senter comme \"le pr\u00e9sident \u00e9lu de la R\u00e9publique du Liberia\" sur son compte Twitter.<\/p>\n<p>Et quand ils ont appris leur victoire, l'ex-athl\u00e8te et sa vice-pr\u00e9sidente, la s\u00e9natrice Jewel Howard-Taylor, ex-femme de l'ancien chef de guerre Charles Taylor, sont tomb\u00e9s dans les bras l'un de l'autre en fondant en larmes.<\/p>\n<p>A la pr\u00e9sidentielle de 2005, Weah avait \u00e9t\u00e9 battu par Mme Sirleaf. Six ans en plus tard, il s'\u00e9tait pr\u00e9sent\u00e9 \u00e0 la vice-pr\u00e9sidence mais son ticket avait \u00e9t\u00e9 devanc\u00e9 par celui associant la prix Nobel \u00e0 Joseph Boakai.<\/p>\n<p>L'attaquant star de Monaco, du PSG et du Milan AC dans les ann\u00e9es 1990 doit pr\u00eater serment le 22 janvier, marquant ainsi la premi\u00e8re transition d\u00e9mocratique depuis plus de 70 ans dans ce pays anglophone sorti en 2003 d'une longue et cruelle guerre civile.<\/p>\n<p>Favori apr\u00e8s \u00eatre sorti vainqueur du premier tour du 10 octobre avec plus de 38% des voix, George Weah s'\u00e9tait montr\u00e9 s\u00fbr de lui avant et apr\u00e8s le jour de l'\u00e9lection. \"Le peuple lib\u00e9rien a clairement fait son choix\", avait tweet\u00e9 le Ballon d'Or 1995 d\u00e8s mercredi.<\/p>\n<p>Joseph Boakai, 73 ans, avait, lui, voulu y croire jusqu'au bout. \"On parle de Weah, mais ce sont uniquement ses comt\u00e9s\", d\u00e9clarait-il encore peu avant l'annonce du r\u00e9sultat.<\/p>\n<p>Mais la victoire de l'ancien footballer a \u00e9t\u00e9 nette et la rue l'a salu\u00e9e en m\u00ealant gloire sportive et espoir politique.<\/p>\n<p>Sur la grande avenue centrale de Monrovia, un \u00e9cran g\u00e9ant a repass\u00e9 les buts de l\u00e9gende de l'ancien attaquant de l'\u00e9quipe du Liberia.<\/p>\n<p>\"Le Liberia est notre pays. Il n'y a rien de mieux que le Liberia. On a la paix, on ne veut pas la guerre\", a lanc\u00e9 sur un rythme de slam Peter, un chauffeur de moto-taxi, casquette viss\u00e9e sur la t\u00eate, en \u00e9voquant les 14 ann\u00e9es de guerres civiles qui ont fait quelque 250.000 morts de 1989 \u00e0 2003.<\/p>\n<p>\"Jamais je n'ai \u00e9t\u00e9 aussi heureuse de ma vie. On a \u00e9t\u00e9 dans l'opposition pendant 12 ans. On va \u00e9crire l'Histoire, comme les enfants de l'Afrique du Sud l'ont fait, je suis tellement excit\u00e9e\", a rench\u00e9ri Josephine Davies, du mouvement de jeunesse de la CDC.<\/p>\n<p>Pr\u00e8s de trois d\u00e9cennies apr\u00e8s le d\u00e9but de la guerre civile, le Liberia s'appr\u00eate \u00e0 vivre une transition en douceur.<\/p>\n<p>La pr\u00e9sidente Sirleaf a sign\u00e9 mardi un d\u00e9cret \u00e9tablissant une \"\u00e9quipe de transition\" pour organiser un \"transfert ordonn\u00e9 du pouvoir\" dans un pays \u00e9galement marqu\u00e9 par l'\u00e9pid\u00e9mie d'Ebola.<\/p>\n<p>S\u00e9nateur depuis 2014 de la province la plus peupl\u00e9e du Liberia, George Weah avait choisi comme colisti\u00e8re Jewel Howard-Taylor, ex-femme de Charles Taylor. Mais tous deux affirment ne pas entretenir de lien avec l'ancien pr\u00e9sident.<\/p>\n<p>A 69 ans, l'ancien chef de guerre puis pr\u00e9sident (1997-2003) condamn\u00e9 par la justice internationale \u00e0 50 ans de prison purge sa peine en Grande-Bretagne pour crimes contre l'humanit\u00e9 et crimes de guerre perp\u00e9tr\u00e9s en Sierra Leone voisine.<\/p>\n<p>Le secr\u00e9taire g\u00e9n\u00e9ral de l'ONU, Antonio Guterres, et le chef des observateurs d'Afrique de l'Ouest, l'ancien pr\u00e9sident du Ghana John Dramani Mahama, ont salu\u00e9 \"la tenue pacifique\" du second tour qui avait \u00e9t\u00e9 report\u00e9 de sept semaines en raison de contestations des r\u00e9sultats du premier par plusieurs candidats.<\/p>\n<p>\u00a0<\/p>\n","protected":false},"excerpt":{"rendered":"<p>Le Liberia amor\u00e7ait vendredi sa premi\u00e8re alternance d\u00e9mocratique en plus de sept d\u00e9cennies apr\u00e8s avoir c\u00e9l\u00e9br\u00e9 dans l'euphorie la victoire \u00e9clatante de l'ex-star du football et s\u00e9nateur George Weah au second tour de la pr\u00e9sidentielle. Au terme d'un scrutin salu\u00e9 pour son d\u00e9roulement pacifique, M. Weah, 51 ans, a recueilli 61,5% des suffrages, contre 38,5% [&hellip;]<\/p>\n","protected":false},"author":60,"featured_media":62856,"comment_status":"open","ping_status":"closed","sticky":false,"template":"","format":"standard","meta":{"_acf_changed":false,"footnotes":""},"categories":[556],"tags":[],"ji_location":[2316],"class_list":["post-35977","post","type-post","status-publish","format-standard","has-post-thumbnail","hentry","category-divers","ji_location-liberia"],"acf":[],"yoast_head":"<!-- This site is optimized with the Yoast SEO Premium plugin v25.3.1 (Yoast SEO v25.3.1) - https:\/\/yoast.com\/wordpress\/plugins\/seo\/ -->\n<title>Premi\u00e8re transition d\u00e9mocratique pour le Liberia avec Weah - JusticeInfo.net<\/title>\n<meta name=\"robots\" content=\"index, follow, max-snippet:-1, max-image-preview:large, max-video-preview:-1\" \/>\n<link rel=\"canonical\" href=\"https:\/\/www.justiceinfo.net\/fr\/35977-le-liberia-amorce-sa-transition-democratique-avec-weah.html\" \/>\n<meta property=\"og:locale\" content=\"fr_FR\" \/>\n<meta property=\"og:type\" content=\"article\" \/>\n<meta property=\"og:title\" content=\"Premi\u00e8re transition d\u00e9mocratique pour le Liberia avec Weah\" \/>\n<meta property=\"og:description\" content=\"Le Liberia amor\u00e7ait vendredi sa premi\u00e8re alternance d\u00e9mocratique en plus de sept d\u00e9cennies apr\u00e8s avoir c\u00e9l\u00e9br\u00e9 dans l&#039;euphorie la victoire \u00e9clatante de l&#039;ex-star du football et s\u00e9nateur George Weah au second tour de la pr\u00e9sidentielle. Au terme d&#039;un scrutin salu\u00e9 pour son d\u00e9roulement pacifique, M. Weah, 51 ans, a recueilli 61,5% des suffrages, contre 38,5% [&hellip;]\" \/>\n<meta property=\"og:url\" content=\"https:\/\/www.justiceinfo.net\/fr\/35977-le-liberia-amorce-sa-transition-democratique-avec-weah.html\" \/>\n<meta property=\"og:site_name\" content=\"JusticeInfo.net\" \/>\n<meta property=\"article:publisher\" content=\"https:\/\/www.facebook.com\/JusticeInfo\/\" \/>\n<meta property=\"article:published_time\" content=\"2017-12-29T08:15:03+00:00\" \/>\n<meta property=\"og:image\" content=\"https:\/\/www.justiceinfo.net\/wp-content\/uploads\/7cd39db102ce5c1da2daa34c0270ec9b-scaled.jpg\" \/>\n\t<meta property=\"og:image:width\" content=\"2560\" \/>\n\t<meta property=\"og:image:height\" content=\"1598\" \/>\n\t<meta property=\"og:image:type\" content=\"image\/jpeg\" \/>\n<meta name=\"author\" content=\"AFP\" \/>\n<meta name=\"twitter:card\" content=\"summary_large_image\" \/>\n<meta name=\"twitter:creator\" content=\"@justiceinfonet\" \/>\n<meta name=\"twitter:site\" content=\"@justiceinfonet\" \/>\n<meta name=\"twitter:label1\" content=\"\u00c9crit par\" \/>\n\t<meta name=\"twitter:data1\" content=\"AFP\" \/>\n\t<meta name=\"twitter:label2\" content=\"Dur\u00e9e de lecture estim\u00e9e\" \/>\n\t<meta name=\"twitter:data2\" content=\"4 minutes\" \/>\n<script type=\"application\/ld+json\" class=\"yoast-schema-graph\">{\"@context\":\"https:\/\/schema.org\",\"@graph\":[{\"@type\":\"NewsArticle\",\"@id\":\"https:\/\/www.justiceinfo.net\/fr\/35977-le-liberia-amorce-sa-transition-democratique-avec-weah.html#article\",\"isPartOf\":{\"@id\":\"https:\/\/www.justiceinfo.net\/fr\/35977-le-liberia-amorce-sa-transition-democratique-avec-weah.html\"},\"author\":{\"name\":\"afp\",\"@id\":\"https:\/\/www.justiceinfo.net\/fr#\/schema\/person\/713d340ef5f218fc36ce9b4244364a7f\"},\"headline\":\"Premi\u00e8re transition d\u00e9mocratique pour le Liberia avec Weah\",\"datePublished\":\"2017-12-29T08:15:03+00:00\",\"mainEntityOfPage\":{\"@id\":\"https:\/\/www.justiceinfo.net\/fr\/35977-le-liberia-amorce-sa-transition-democratique-avec-weah.html\"},\"wordCount\":864,\"commentCount\":0,\"publisher\":{\"@id\":\"https:\/\/www.justiceinfo.net\/fr#organization\"},\"image\":{\"@id\":\"https:\/\/www.justiceinfo.net\/fr\/35977-le-liberia-amorce-sa-transition-democratique-avec-weah.html#primaryimage\"},\"thumbnailUrl\":\"https:\/\/www.justiceinfo.net\/wp-content\/uploads\/7cd39db102ce5c1da2daa34c0270ec9b-scaled.jpg\",\"articleSection\":[\"Divers\"],\"inLanguage\":\"fr-FR\",\"potentialAction\":[{\"@type\":\"CommentAction\",\"name\":\"Comment\",\"target\":[\"https:\/\/www.justiceinfo.net\/fr\/35977-le-liberia-amorce-sa-transition-democratique-avec-weah.html#respond\"]}]},{\"@type\":\"WebPage\",\"@id\":\"https:\/\/www.justiceinfo.net\/fr\/35977-le-liberia-amorce-sa-transition-democratique-avec-weah.html\",\"url\":\"https:\/\/www.justiceinfo.net\/fr\/35977-le-liberia-amorce-sa-transition-democratique-avec-weah.html\",\"name\":\"Premi\u00e8re transition d\u00e9mocratique pour le Liberia avec Weah - JusticeInfo.net\",\"isPartOf\":{\"@id\":\"https:\/\/www.justiceinfo.net\/fr#website\"},\"primaryImageOfPage\":{\"@id\":\"https:\/\/www.justiceinfo.net\/fr\/35977-le-liberia-amorce-sa-transition-democratique-avec-weah.html#primaryimage\"},\"image\":{\"@id\":\"https:\/\/www.justiceinfo.net\/fr\/35977-le-liberia-amorce-sa-transition-democratique-avec-weah.html#primaryimage\"},\"thumbnailUrl\":\"https:\/\/www.justiceinfo.net\/wp-content\/uploads\/7cd39db102ce5c1da2daa34c0270ec9b-scaled.jpg\",\"datePublished\":\"2017-12-29T08:15:03+00:00\",\"breadcrumb\":{\"@id\":\"https:\/\/www.justiceinfo.net\/fr\/35977-le-liberia-amorce-sa-transition-democratique-avec-weah.html#breadcrumb\"},\"inLanguage\":\"fr-FR\",\"potentialAction\":[{\"@type\":\"ReadAction\",\"target\":[\"https:\/\/www.justiceinfo.net\/fr\/35977-le-liberia-amorce-sa-transition-democratique-avec-weah.html\"]}]},{\"@type\":\"ImageObject\",\"inLanguage\":\"fr-FR\",\"@id\":\"https:\/\/www.justiceinfo.net\/fr\/35977-le-liberia-amorce-sa-transition-democratique-avec-weah.html#primaryimage\",\"url\":\"https:\/\/www.justiceinfo.net\/wp-content\/uploads\/7cd39db102ce5c1da2daa34c0270ec9b-scaled.jpg\",\"contentUrl\":\"https:\/\/www.justiceinfo.net\/wp-content\/uploads\/7cd39db102ce5c1da2daa34c0270ec9b-scaled.jpg\",\"width\":2560,\"height\":1598},{\"@type\":\"BreadcrumbList\",\"@id\":\"https:\/\/www.justiceinfo.net\/fr\/35977-le-liberia-amorce-sa-transition-democratique-avec-weah.html#breadcrumb\",\"itemListElement\":[{\"@type\":\"ListItem\",\"position\":1,\"name\":\"Home\",\"item\":\"https:\/\/www.justiceinfo.net\/fr\"},{\"@type\":\"ListItem\",\"position\":2,\"name\":\"Premi\u00e8re transition d\u00e9mocratique pour le Liberia avec Weah\"}]},{\"@type\":\"WebSite\",\"@id\":\"https:\/\/www.justiceinfo.net\/fr#website\",\"url\":\"https:\/\/www.justiceinfo.net\/fr\",\"name\":\"JusticeInfo.net\",\"description\":\"La justice doit \u00eatre vue pour \u00eatre rendue\",\"publisher\":{\"@id\":\"https:\/\/www.justiceinfo.net\/fr#organization\"},\"potentialAction\":[{\"@type\":\"SearchAction\",\"target\":{\"@type\":\"EntryPoint\",\"urlTemplate\":\"https:\/\/www.justiceinfo.net\/fr?s={search_term_string}\"},\"query-input\":{\"@type\":\"PropertyValueSpecification\",\"valueRequired\":true,\"valueName\":\"search_term_string\"}}],\"inLanguage\":\"fr-FR\"},{\"@type\":\"Organization\",\"@id\":\"https:\/\/www.justiceinfo.net\/fr#organization\",\"name\":\"Justice Info\",\"url\":\"https:\/\/www.justiceinfo.net\/fr\",\"logo\":{\"@type\":\"ImageObject\",\"inLanguage\":\"fr-FR\",\"@id\":\"https:\/\/www.justiceinfo.net\/fr#\/schema\/logo\/image\/\",\"url\":\"https:\/\/www.justiceinfo.net\/wp-content\/uploads\/justiceinfo_logo-trans_1200x1200px.png\",\"contentUrl\":\"https:\/\/www.justiceinfo.net\/wp-content\/uploads\/justiceinfo_logo-trans_1200x1200px.png\",\"width\":1199,\"height\":1200,\"caption\":\"Justice Info\"},\"image\":{\"@id\":\"https:\/\/www.justiceinfo.net\/fr#\/schema\/logo\/image\/\"},\"sameAs\":[\"https:\/\/www.facebook.com\/JusticeInfo\/\",\"https:\/\/x.com\/justiceinfonet\",\"https:\/\/www.linkedin.com\/company\/justice-info\",\"https:\/\/www.youtube.com\/channel\/UCyCEsARodyuWtkWyhn-e7pA\"]},{\"@type\":\"Person\",\"name\":\"AFP\",\"url\":\"\/fr\/?s=AFP\"}]}<\/script>\n<!-- \/ Yoast SEO Premium plugin. -->","yoast_head_json":{"title":"Premi\u00e8re transition d\u00e9mocratique pour le Liberia avec Weah - JusticeInfo.net","robots":{"index":"index","follow":"follow","max-snippet":"max-snippet:-1","max-image-preview":"max-image-preview:large","max-video-preview":"max-video-preview:-1"},"canonical":"https:\/\/www.justiceinfo.net\/fr\/35977-le-liberia-amorce-sa-transition-democratique-avec-weah.html","og_locale":"fr_FR","og_type":"article","og_title":"Premi\u00e8re transition d\u00e9mocratique pour le Liberia avec Weah","og_description":"Le Liberia amor\u00e7ait vendredi sa premi\u00e8re alternance d\u00e9mocratique en plus de sept d\u00e9cennies apr\u00e8s avoir c\u00e9l\u00e9br\u00e9 dans l'euphorie la victoire \u00e9clatante de l'ex-star du football et s\u00e9nateur George Weah au second tour de la pr\u00e9sidentielle. Au terme d'un scrutin salu\u00e9 pour son d\u00e9roulement pacifique, M. Weah, 51 ans, a recueilli 61,5% des suffrages, contre 38,5% [&hellip;]","og_url":"https:\/\/www.justiceinfo.net\/fr\/35977-le-liberia-amorce-sa-transition-democratique-avec-weah.html","og_site_name":"JusticeInfo.net","article_publisher":"https:\/\/www.facebook.com\/JusticeInfo\/","article_published_time":"2017-12-29T08:15:03+00:00","og_image":[{"width":2560,"height":1598,"url":"https:\/\/www.justiceinfo.net\/wp-content\/uploads\/7cd39db102ce5c1da2daa34c0270ec9b-scaled.jpg","type":"image\/jpeg"}],"author":"AFP","twitter_card":"summary_large_image","twitter_creator":"@justiceinfonet","twitter_site":"@justiceinfonet","twitter_misc":{"\u00c9crit par":"AFP","Dur\u00e9e de lecture estim\u00e9e":"4 minutes"},"schema":{"@context":"https:\/\/schema.org","@graph":[{"@type":"NewsArticle","@id":"https:\/\/www.justiceinfo.net\/fr\/35977-le-liberia-amorce-sa-transition-democratique-avec-weah.html#article","isPartOf":{"@id":"https:\/\/www.justiceinfo.net\/fr\/35977-le-liberia-amorce-sa-transition-democratique-avec-weah.html"},"author":{"name":"afp","@id":"https:\/\/www.justiceinfo.net\/fr#\/schema\/person\/713d340ef5f218fc36ce9b4244364a7f"},"headline":"Premi\u00e8re transition d\u00e9mocratique pour le Liberia avec Weah","datePublished":"2017-12-29T08:15:03+00:00","mainEntityOfPage":{"@id":"https:\/\/www.justiceinfo.net\/fr\/35977-le-liberia-amorce-sa-transition-democratique-avec-weah.html"},"wordCount":864,"commentCount":0,"publisher":{"@id":"https:\/\/www.justiceinfo.net\/fr#organization"},"image":{"@id":"https:\/\/www.justiceinfo.net\/fr\/35977-le-liberia-amorce-sa-transition-democratique-avec-weah.html#primaryimage"},"thumbnailUrl":"https:\/\/www.justiceinfo.net\/wp-content\/uploads\/7cd39db102ce5c1da2daa34c0270ec9b-scaled.jpg","articleSection":["Divers"],"inLanguage":"fr-FR","potentialAction":[{"@type":"CommentAction","name":"Comment","target":["https:\/\/www.justiceinfo.net\/fr\/35977-le-liberia-amorce-sa-transition-democratique-avec-weah.html#respond"]}]},{"@type":"WebPage","@id":"https:\/\/www.justiceinfo.net\/fr\/35977-le-liberia-amorce-sa-transition-democratique-avec-weah.html","url":"https:\/\/www.justiceinfo.net\/fr\/35977-le-liberia-amorce-sa-transition-democratique-avec-weah.html","name":"Premi\u00e8re transition d\u00e9mocratique pour le Liberia avec Weah - JusticeInfo.net","isPartOf":{"@id":"https:\/\/www.justiceinfo.net\/fr#website"},"primaryImageOfPage":{"@id":"https:\/\/www.justiceinfo.net\/fr\/35977-le-liberia-amorce-sa-transition-democratique-avec-weah.html#primaryimage"},"image":{"@id":"https:\/\/www.justiceinfo.net\/fr\/35977-le-liberia-amorce-sa-transition-democratique-avec-weah.html#primaryimage"},"thumbnailUrl":"https:\/\/www.justiceinfo.net\/wp-content\/uploads\/7cd39db102ce5c1da2daa34c0270ec9b-scaled.jpg","datePublished":"2017-12-29T08:15:03+00:00","breadcrumb":{"@id":"https:\/\/www.justiceinfo.net\/fr\/35977-le-liberia-amorce-sa-transition-democratique-avec-weah.html#breadcrumb"},"inLanguage":"fr-FR","potentialAction":[{"@type":"ReadAction","target":["https:\/\/www.justiceinfo.net\/fr\/35977-le-liberia-amorce-sa-transition-democratique-avec-weah.html"]}]},{"@type":"ImageObject","inLanguage":"fr-FR","@id":"https:\/\/www.justiceinfo.net\/fr\/35977-le-liberia-amorce-sa-transition-democratique-avec-weah.html#primaryimage","url":"https:\/\/www.justiceinfo.net\/wp-content\/uploads\/7cd39db102ce5c1da2daa34c0270ec9b-scaled.jpg","contentUrl":"https:\/\/www.justiceinfo.net\/wp-content\/uploads\/7cd39db102ce5c1da2daa34c0270ec9b-scaled.jpg","width":2560,"height":1598},{"@type":"BreadcrumbList","@id":"https:\/\/www.justiceinfo.net\/fr\/35977-le-liberia-amorce-sa-transition-democratique-avec-weah.html#breadcrumb","itemListElement":[{"@type":"ListItem","position":1,"name":"Home","item":"https:\/\/www.justiceinfo.net\/fr"},{"@type":"ListItem","position":2,"name":"Premi\u00e8re transition d\u00e9mocratique pour le Liberia avec Weah"}]},{"@type":"WebSite","@id":"https:\/\/www.justiceinfo.net\/fr#website","url":"https:\/\/www.justiceinfo.net\/fr","name":"JusticeInfo.net","description":"La justice doit \u00eatre vue pour \u00eatre rendue","publisher":{"@id":"https:\/\/www.justiceinfo.net\/fr#organization"},"potentialAction":[{"@type":"SearchAction","target":{"@type":"EntryPoint","urlTemplate":"https:\/\/www.justiceinfo.net\/fr?s={search_term_string}"},"query-input":{"@type":"PropertyValueSpecification","valueRequired":true,"valueName":"search_term_string"}}],"inLanguage":"fr-FR"},{"@type":"Organization","@id":"https:\/\/www.justiceinfo.net\/fr#organization","name":"Justice Info","url":"https:\/\/www.justiceinfo.net\/fr","logo":{"@type":"ImageObject","inLanguage":"fr-FR","@id":"https:\/\/www.justiceinfo.net\/fr#\/schema\/logo\/image\/","url":"https:\/\/www.justiceinfo.net\/wp-content\/uploads\/justiceinfo_logo-trans_1200x1200px.png","contentUrl":"https:\/\/www.justiceinfo.net\/wp-content\/uploads\/justiceinfo_logo-trans_1200x1200px.png","width":1199,"height":1200,"caption":"Justice Info"},"image":{"@id":"https:\/\/www.justiceinfo.net\/fr#\/schema\/logo\/image\/"},"sameAs":["https:\/\/www.facebook.com\/JusticeInfo\/","https:\/\/x.com\/justiceinfonet","https:\/\/www.linkedin.com\/company\/justice-info","https:\/\/www.youtube.com\/channel\/UCyCEsARodyuWtkWyhn-e7pA"]},{"@type":"Person","name":"AFP","url":"\/fr\/?s=AFP"}]}},"_links":{"self":[{"href":"https:\/\/www.justiceinfo.net\/fr\/wp-json\/wp\/v2\/posts\/35977","targetHints":{"allow":["GET"]}}],"collection":[{"href":"https:\/\/www.justiceinfo.net\/fr\/wp-json\/wp\/v2\/posts"}],"about":[{"href":"https:\/\/www.justiceinfo.net\/fr\/wp-json\/wp\/v2\/types\/post"}],"author":[{"embeddable":true,"href":"https:\/\/www.justiceinfo.net\/fr\/wp-json\/wp\/v2\/users\/60"}],"replies":[{"embeddable":true,"href":"https:\/\/www.justiceinfo.net\/fr\/wp-json\/wp\/v2\/comments?post=35977"}],"version-history":[{"count":0,"href":"https:\/\/www.justiceinfo.net\/fr\/wp-json\/wp\/v2\/posts\/35977\/revisions"}],"wp:featuredmedia":[{"embeddable":true,"href":"https:\/\/www.justiceinfo.net\/fr\/wp-json\/wp\/v2\/media\/62856"}],"wp:attachment":[{"href":"https:\/\/www.justiceinfo.net\/fr\/wp-json\/wp\/v2\/media?parent=35977"}],"wp:term":[{"taxonomy":"category","embeddable":true,"href":"https:\/\/www.justiceinfo.net\/fr\/wp-json\/wp\/v2\/categories?post=35977"},{"taxonomy":"post_tag","embeddable":true,"href":"https:\/\/www.justiceinfo.net\/fr\/wp-json\/wp\/v2\/tags?post=35977"},{"taxonomy":"ji_location","embeddable":true,"href":"https:\/\/www.justiceinfo.net\/fr\/wp-json\/wp\/v2\/ji_location?post=35977"}],"curies":[{"name":"wp","href":"https:\/\/api.w.org\/{rel}","templated":true}]}}