{"id":3599,"date":"2008-03-27T05:29:05","date_gmt":"2008-03-27T04:29:05","guid":{"rendered":"https:\/\/www.justiceinfo.net\/3599-260308-rwandagenocide-un-pretre-condamne-a-15-ans-de-prison-pour-genocide389.html"},"modified":"2008-03-27T05:29:05","modified_gmt":"2008-03-27T04:29:05","slug":"260308-rwandagenocide-un-pretre-condamne-a-15-ans-de-prison-pour-genocide389","status":"publish","type":"post","link":"https:\/\/www.justiceinfo.net\/fr\/3599-260308-rwandagenocide-un-pretre-condamne-a-15-ans-de-prison-pour-genocide389.html","title":{"rendered":"26.03.08-RWANDA\/GENOCIDE  - UN PRETRE CONDAMNE A 15 ANS DE PRISON POUR GENOCIDE"},"content":{"rendered":"<p  >\nArusha, 26 mars 2008 (FH) - Le cur\u00e9 de la paroisse Ruyenzi, dans le sud du Rwanda, l\u2019abb\u00e9 Denis Sekamana, a \u00e9t\u00e9 condamn\u00e9 mercredi dernier \u00e0 15 ans de prison ferme apr\u00e8s avoir \u00e9t\u00e9 reconnu coupable d\u2019avoir jou\u00e9 un r\u00f4le dans le g\u00e9nocide de 1994, a-t-on appris lundi de source associative rwandaise.<br \/>\nLe pr\u00eatre a \u00e9t\u00e9 condamn\u00e9 par la juridiction gacaca du secteur Huye, rapporte, sur son site internet, la Ligue des droits de la personne dans la r\u00e9gion des Grands lacs (LDGL), un collectif bas\u00e9 \u00e0 Kigali.\n<\/p>\n<p><!--more--><\/p>\n<p  >\nLes juges ont conclu \u00e0 la responsabilit\u00e9 de l\u2019homme d\u2019\u00e9glise dans le meurtre de trois personnes, dont une avait \u00e9t\u00e9 tu\u00e9e \u00e0 un barrage routier o\u00f9 se tenait Sekamana, non loin de l\u2019Institut cat\u00e9ch\u00e9tique africain (ICA) \u00e0 Butare, indique la LDGL.<br \/>\nLes juges l\u2019ont \u00e9galement reconnu coupable d\u2019avoir distribu\u00e9 de la nourriture aux tueurs pour leur permettre de poursuivre \u00ab leur travail \u00bb, poursuit l\u2019organisation.<br \/>\nPendant le g\u00e9nocide, l\u2019abb\u00e9 Sekamana \u00e9tait directeur de l\u2019ICA, un centre de formation appartenant \u00e0 l\u2019\u00e9glise catholique.<br \/>\nLe pr\u00eatre avait d\u2019abord \u00e9t\u00e9 incarc\u00e9r\u00e9 en septembre 1994 puis rel\u00e2ch\u00e9, 4 ans plus tard, apr\u00e8s avoir purg\u00e9 sa peine. Il avait comparu devant la justice conventionnelle.<br \/>\nPlusieurs eccl\u00e9siastiques poursuivis pour g\u00e9nocide ont comparu au Rwanda devant les tribunaux classiques ou devant les juridictions gacacas inspir\u00e9es de l\u2019ancienne justice villageoise rwandaise.<br \/>\nAu Tribunal p\u00e9nal international pour le Rwanda (TPIR), bas\u00e9 \u00e0 Arusha, en Tanzanie, l\u2019abb\u00e9 Athanase Seromba, premier pr\u00eatre jug\u00e9 par cette juridiction des Nations unies, a \u00e9t\u00e9 condamn\u00e9 en appel \u00e0 la prison \u00e0 vie le 12 mars dernier.\n<\/p>\n<p  >\nER\/AT\/GF<\/p>\n","protected":false},"excerpt":{"rendered":"<p>Arusha, 26 mars 2008 (FH) - Le cur\u00e9 de la paroisse Ruyenzi, dans le sud du Rwanda, l\u2019abb\u00e9 Denis Sekamana, a \u00e9t\u00e9 condamn\u00e9 mercredi dernier \u00e0 15 ans de prison ferme apr\u00e8s avoir \u00e9t\u00e9 reconnu coupable d\u2019avoir jou\u00e9 un r\u00f4le dans le g\u00e9nocide de 1994, a-t-on appris lundi de source associative rwandaise. Le pr\u00eatre a [&hellip;]<\/p>\n","protected":false},"author":64,"featured_media":0,"comment_status":"open","ping_status":"closed","sticky":false,"template":"","format":"standard","meta":{"_acf_changed":false,"footnotes":""},"categories":[554],"tags":[],"ji_location":[],"class_list":["post-3599","post","type-post","status-publish","format-standard","hentry","category-hirondellenews"],"acf":[],"yoast_head":"<!-- This site is optimized with the Yoast SEO Premium plugin v25.3.1 (Yoast SEO v25.3.1) - https:\/\/yoast.com\/wordpress\/plugins\/seo\/ -->\n<title>26.03.08-RWANDA\/GENOCIDE - UN PRETRE CONDAMNE A 15 ANS DE PRISON POUR GENOCIDE - JusticeInfo.net<\/title>\n<meta name=\"robots\" content=\"index, follow, max-snippet:-1, max-image-preview:large, max-video-preview:-1\" \/>\n<link rel=\"canonical\" href=\"https:\/\/www.justiceinfo.net\/fr\/3599-260308-rwandagenocide-un-pretre-condamne-a-15-ans-de-prison-pour-genocide389.html\" \/>\n<meta property=\"og:locale\" content=\"fr_FR\" \/>\n<meta property=\"og:type\" content=\"article\" \/>\n<meta property=\"og:title\" content=\"26.03.08-RWANDA\/GENOCIDE - UN PRETRE CONDAMNE A 15 ANS DE PRISON POUR GENOCIDE\" \/>\n<meta property=\"og:description\" content=\"Arusha, 26 mars 2008 (FH) - Le cur\u00e9 de la paroisse Ruyenzi, dans le sud du Rwanda, l\u2019abb\u00e9 Denis Sekamana, a \u00e9t\u00e9 condamn\u00e9 mercredi dernier \u00e0 15 ans de prison ferme apr\u00e8s avoir \u00e9t\u00e9 reconnu coupable d\u2019avoir jou\u00e9 un r\u00f4le dans le g\u00e9nocide de 1994, a-t-on appris lundi de source associative rwandaise. Le pr\u00eatre a [&hellip;]\" \/>\n<meta property=\"og:url\" content=\"https:\/\/www.justiceinfo.net\/fr\/3599-260308-rwandagenocide-un-pretre-condamne-a-15-ans-de-prison-pour-genocide389.html\" \/>\n<meta property=\"og:site_name\" content=\"JusticeInfo.net\" \/>\n<meta property=\"article:publisher\" content=\"https:\/\/www.facebook.com\/JusticeInfo\/\" \/>\n<meta property=\"article:published_time\" content=\"2008-03-27T04:29:05+00:00\" \/>\n<meta property=\"og:image\" content=\"https:\/\/www.justiceinfo.net\/wp-content\/uploads\/JusticeInfoNet_logo_1200x630px.jpg\" \/>\n\t<meta property=\"og:image:width\" content=\"1200\" \/>\n\t<meta property=\"og:image:height\" content=\"630\" \/>\n\t<meta property=\"og:image:type\" content=\"image\/jpeg\" \/>\n<meta name=\"author\" content=\"solivri\" \/>\n<meta name=\"twitter:card\" content=\"summary_large_image\" \/>\n<meta name=\"twitter:creator\" content=\"@justiceinfonet\" \/>\n<meta name=\"twitter:site\" content=\"@justiceinfonet\" \/>\n<meta name=\"twitter:label1\" content=\"\u00c9crit par\" \/>\n\t<meta name=\"twitter:data1\" content=\"solivri\" \/>\n\t<meta name=\"twitter:label2\" content=\"Dur\u00e9e de lecture estim\u00e9e\" \/>\n\t<meta name=\"twitter:data2\" content=\"1 minute\" \/>\n<script type=\"application\/ld+json\" class=\"yoast-schema-graph\">{\"@context\":\"https:\/\/schema.org\",\"@graph\":[{\"@type\":\"NewsArticle\",\"@id\":\"https:\/\/www.justiceinfo.net\/fr\/3599-260308-rwandagenocide-un-pretre-condamne-a-15-ans-de-prison-pour-genocide389.html#article\",\"isPartOf\":{\"@id\":\"https:\/\/www.justiceinfo.net\/fr\/3599-260308-rwandagenocide-un-pretre-condamne-a-15-ans-de-prison-pour-genocide389.html\"},\"author\":{\"name\":\"solivri\",\"@id\":\"https:\/\/www.justiceinfo.net\/fr#\/schema\/person\/6e53cba1629e2e66f3fc1821d3091865\"},\"headline\":\"26.03.08-RWANDA\/GENOCIDE - UN PRETRE CONDAMNE A 15 ANS DE PRISON POUR GENOCIDE\",\"datePublished\":\"2008-03-27T04:29:05+00:00\",\"mainEntityOfPage\":{\"@id\":\"https:\/\/www.justiceinfo.net\/fr\/3599-260308-rwandagenocide-un-pretre-condamne-a-15-ans-de-prison-pour-genocide389.html\"},\"wordCount\":289,\"commentCount\":0,\"publisher\":{\"@id\":\"https:\/\/www.justiceinfo.net\/fr#organization\"},\"articleSection\":[\"Hirondelle News\"],\"inLanguage\":\"fr-FR\",\"potentialAction\":[{\"@type\":\"CommentAction\",\"name\":\"Comment\",\"target\":[\"https:\/\/www.justiceinfo.net\/fr\/3599-260308-rwandagenocide-un-pretre-condamne-a-15-ans-de-prison-pour-genocide389.html#respond\"]}]},{\"@type\":\"WebPage\",\"@id\":\"https:\/\/www.justiceinfo.net\/fr\/3599-260308-rwandagenocide-un-pretre-condamne-a-15-ans-de-prison-pour-genocide389.html\",\"url\":\"https:\/\/www.justiceinfo.net\/fr\/3599-260308-rwandagenocide-un-pretre-condamne-a-15-ans-de-prison-pour-genocide389.html\",\"name\":\"26.03.08-RWANDA\/GENOCIDE - UN PRETRE CONDAMNE A 15 ANS DE PRISON POUR GENOCIDE - JusticeInfo.net\",\"isPartOf\":{\"@id\":\"https:\/\/www.justiceinfo.net\/fr#website\"},\"datePublished\":\"2008-03-27T04:29:05+00:00\",\"breadcrumb\":{\"@id\":\"https:\/\/www.justiceinfo.net\/fr\/3599-260308-rwandagenocide-un-pretre-condamne-a-15-ans-de-prison-pour-genocide389.html#breadcrumb\"},\"inLanguage\":\"fr-FR\",\"potentialAction\":[{\"@type\":\"ReadAction\",\"target\":[\"https:\/\/www.justiceinfo.net\/fr\/3599-260308-rwandagenocide-un-pretre-condamne-a-15-ans-de-prison-pour-genocide389.html\"]}]},{\"@type\":\"BreadcrumbList\",\"@id\":\"https:\/\/www.justiceinfo.net\/fr\/3599-260308-rwandagenocide-un-pretre-condamne-a-15-ans-de-prison-pour-genocide389.html#breadcrumb\",\"itemListElement\":[{\"@type\":\"ListItem\",\"position\":1,\"name\":\"Home\",\"item\":\"https:\/\/www.justiceinfo.net\/fr\"},{\"@type\":\"ListItem\",\"position\":2,\"name\":\"26.03.08-RWANDA\/GENOCIDE - UN PRETRE CONDAMNE A 15 ANS DE PRISON POUR GENOCIDE\"}]},{\"@type\":\"WebSite\",\"@id\":\"https:\/\/www.justiceinfo.net\/fr#website\",\"url\":\"https:\/\/www.justiceinfo.net\/fr\",\"name\":\"JusticeInfo.net\",\"description\":\"La justice doit \u00eatre vue pour \u00eatre rendue\",\"publisher\":{\"@id\":\"https:\/\/www.justiceinfo.net\/fr#organization\"},\"potentialAction\":[{\"@type\":\"SearchAction\",\"target\":{\"@type\":\"EntryPoint\",\"urlTemplate\":\"https:\/\/www.justiceinfo.net\/fr?s={search_term_string}\"},\"query-input\":{\"@type\":\"PropertyValueSpecification\",\"valueRequired\":true,\"valueName\":\"search_term_string\"}}],\"inLanguage\":\"fr-FR\"},{\"@type\":\"Organization\",\"@id\":\"https:\/\/www.justiceinfo.net\/fr#organization\",\"name\":\"Justice Info\",\"url\":\"https:\/\/www.justiceinfo.net\/fr\",\"logo\":{\"@type\":\"ImageObject\",\"inLanguage\":\"fr-FR\",\"@id\":\"https:\/\/www.justiceinfo.net\/fr#\/schema\/logo\/image\/\",\"url\":\"https:\/\/www.justiceinfo.net\/wp-content\/uploads\/justiceinfo_logo-trans_1200x1200px.png\",\"contentUrl\":\"https:\/\/www.justiceinfo.net\/wp-content\/uploads\/justiceinfo_logo-trans_1200x1200px.png\",\"width\":1199,\"height\":1200,\"caption\":\"Justice Info\"},\"image\":{\"@id\":\"https:\/\/www.justiceinfo.net\/fr#\/schema\/logo\/image\/\"},\"sameAs\":[\"https:\/\/www.facebook.com\/JusticeInfo\/\",\"https:\/\/x.com\/justiceinfonet\",\"https:\/\/www.linkedin.com\/company\/justice-info\",\"https:\/\/www.youtube.com\/channel\/UCyCEsARodyuWtkWyhn-e7pA\"]},{\"@type\":\"Person\",\"name\":\"solivri\",\"url\":\"\/fr\/?s=solivri\"}]}<\/script>\n<!-- \/ Yoast SEO Premium plugin. -->","yoast_head_json":{"title":"26.03.08-RWANDA\/GENOCIDE - UN PRETRE CONDAMNE A 15 ANS DE PRISON POUR GENOCIDE - JusticeInfo.net","robots":{"index":"index","follow":"follow","max-snippet":"max-snippet:-1","max-image-preview":"max-image-preview:large","max-video-preview":"max-video-preview:-1"},"canonical":"https:\/\/www.justiceinfo.net\/fr\/3599-260308-rwandagenocide-un-pretre-condamne-a-15-ans-de-prison-pour-genocide389.html","og_locale":"fr_FR","og_type":"article","og_title":"26.03.08-RWANDA\/GENOCIDE - UN PRETRE CONDAMNE A 15 ANS DE PRISON POUR GENOCIDE","og_description":"Arusha, 26 mars 2008 (FH) - Le cur\u00e9 de la paroisse Ruyenzi, dans le sud du Rwanda, l\u2019abb\u00e9 Denis Sekamana, a \u00e9t\u00e9 condamn\u00e9 mercredi dernier \u00e0 15 ans de prison ferme apr\u00e8s avoir \u00e9t\u00e9 reconnu coupable d\u2019avoir jou\u00e9 un r\u00f4le dans le g\u00e9nocide de 1994, a-t-on appris lundi de source associative rwandaise. Le pr\u00eatre a [&hellip;]","og_url":"https:\/\/www.justiceinfo.net\/fr\/3599-260308-rwandagenocide-un-pretre-condamne-a-15-ans-de-prison-pour-genocide389.html","og_site_name":"JusticeInfo.net","article_publisher":"https:\/\/www.facebook.com\/JusticeInfo\/","article_published_time":"2008-03-27T04:29:05+00:00","og_image":[{"width":1200,"height":630,"url":"https:\/\/www.justiceinfo.net\/wp-content\/uploads\/JusticeInfoNet_logo_1200x630px.jpg","type":"image\/jpeg"}],"author":"solivri","twitter_card":"summary_large_image","twitter_creator":"@justiceinfonet","twitter_site":"@justiceinfonet","twitter_misc":{"\u00c9crit par":"solivri","Dur\u00e9e de lecture estim\u00e9e":"1 minute"},"schema":{"@context":"https:\/\/schema.org","@graph":[{"@type":"NewsArticle","@id":"https:\/\/www.justiceinfo.net\/fr\/3599-260308-rwandagenocide-un-pretre-condamne-a-15-ans-de-prison-pour-genocide389.html#article","isPartOf":{"@id":"https:\/\/www.justiceinfo.net\/fr\/3599-260308-rwandagenocide-un-pretre-condamne-a-15-ans-de-prison-pour-genocide389.html"},"author":{"name":"solivri","@id":"https:\/\/www.justiceinfo.net\/fr#\/schema\/person\/6e53cba1629e2e66f3fc1821d3091865"},"headline":"26.03.08-RWANDA\/GENOCIDE - UN PRETRE CONDAMNE A 15 ANS DE PRISON POUR GENOCIDE","datePublished":"2008-03-27T04:29:05+00:00","mainEntityOfPage":{"@id":"https:\/\/www.justiceinfo.net\/fr\/3599-260308-rwandagenocide-un-pretre-condamne-a-15-ans-de-prison-pour-genocide389.html"},"wordCount":289,"commentCount":0,"publisher":{"@id":"https:\/\/www.justiceinfo.net\/fr#organization"},"articleSection":["Hirondelle News"],"inLanguage":"fr-FR","potentialAction":[{"@type":"CommentAction","name":"Comment","target":["https:\/\/www.justiceinfo.net\/fr\/3599-260308-rwandagenocide-un-pretre-condamne-a-15-ans-de-prison-pour-genocide389.html#respond"]}]},{"@type":"WebPage","@id":"https:\/\/www.justiceinfo.net\/fr\/3599-260308-rwandagenocide-un-pretre-condamne-a-15-ans-de-prison-pour-genocide389.html","url":"https:\/\/www.justiceinfo.net\/fr\/3599-260308-rwandagenocide-un-pretre-condamne-a-15-ans-de-prison-pour-genocide389.html","name":"26.03.08-RWANDA\/GENOCIDE - UN PRETRE CONDAMNE A 15 ANS DE PRISON POUR GENOCIDE - JusticeInfo.net","isPartOf":{"@id":"https:\/\/www.justiceinfo.net\/fr#website"},"datePublished":"2008-03-27T04:29:05+00:00","breadcrumb":{"@id":"https:\/\/www.justiceinfo.net\/fr\/3599-260308-rwandagenocide-un-pretre-condamne-a-15-ans-de-prison-pour-genocide389.html#breadcrumb"},"inLanguage":"fr-FR","potentialAction":[{"@type":"ReadAction","target":["https:\/\/www.justiceinfo.net\/fr\/3599-260308-rwandagenocide-un-pretre-condamne-a-15-ans-de-prison-pour-genocide389.html"]}]},{"@type":"BreadcrumbList","@id":"https:\/\/www.justiceinfo.net\/fr\/3599-260308-rwandagenocide-un-pretre-condamne-a-15-ans-de-prison-pour-genocide389.html#breadcrumb","itemListElement":[{"@type":"ListItem","position":1,"name":"Home","item":"https:\/\/www.justiceinfo.net\/fr"},{"@type":"ListItem","position":2,"name":"26.03.08-RWANDA\/GENOCIDE - UN PRETRE CONDAMNE A 15 ANS DE PRISON POUR GENOCIDE"}]},{"@type":"WebSite","@id":"https:\/\/www.justiceinfo.net\/fr#website","url":"https:\/\/www.justiceinfo.net\/fr","name":"JusticeInfo.net","description":"La justice doit \u00eatre vue pour \u00eatre rendue","publisher":{"@id":"https:\/\/www.justiceinfo.net\/fr#organization"},"potentialAction":[{"@type":"SearchAction","target":{"@type":"EntryPoint","urlTemplate":"https:\/\/www.justiceinfo.net\/fr?s={search_term_string}"},"query-input":{"@type":"PropertyValueSpecification","valueRequired":true,"valueName":"search_term_string"}}],"inLanguage":"fr-FR"},{"@type":"Organization","@id":"https:\/\/www.justiceinfo.net\/fr#organization","name":"Justice Info","url":"https:\/\/www.justiceinfo.net\/fr","logo":{"@type":"ImageObject","inLanguage":"fr-FR","@id":"https:\/\/www.justiceinfo.net\/fr#\/schema\/logo\/image\/","url":"https:\/\/www.justiceinfo.net\/wp-content\/uploads\/justiceinfo_logo-trans_1200x1200px.png","contentUrl":"https:\/\/www.justiceinfo.net\/wp-content\/uploads\/justiceinfo_logo-trans_1200x1200px.png","width":1199,"height":1200,"caption":"Justice Info"},"image":{"@id":"https:\/\/www.justiceinfo.net\/fr#\/schema\/logo\/image\/"},"sameAs":["https:\/\/www.facebook.com\/JusticeInfo\/","https:\/\/x.com\/justiceinfonet","https:\/\/www.linkedin.com\/company\/justice-info","https:\/\/www.youtube.com\/channel\/UCyCEsARodyuWtkWyhn-e7pA"]},{"@type":"Person","name":"solivri","url":"\/fr\/?s=solivri"}]}},"_links":{"self":[{"href":"https:\/\/www.justiceinfo.net\/fr\/wp-json\/wp\/v2\/posts\/3599","targetHints":{"allow":["GET"]}}],"collection":[{"href":"https:\/\/www.justiceinfo.net\/fr\/wp-json\/wp\/v2\/posts"}],"about":[{"href":"https:\/\/www.justiceinfo.net\/fr\/wp-json\/wp\/v2\/types\/post"}],"author":[{"embeddable":true,"href":"https:\/\/www.justiceinfo.net\/fr\/wp-json\/wp\/v2\/users\/64"}],"replies":[{"embeddable":true,"href":"https:\/\/www.justiceinfo.net\/fr\/wp-json\/wp\/v2\/comments?post=3599"}],"version-history":[{"count":0,"href":"https:\/\/www.justiceinfo.net\/fr\/wp-json\/wp\/v2\/posts\/3599\/revisions"}],"wp:attachment":[{"href":"https:\/\/www.justiceinfo.net\/fr\/wp-json\/wp\/v2\/media?parent=3599"}],"wp:term":[{"taxonomy":"category","embeddable":true,"href":"https:\/\/www.justiceinfo.net\/fr\/wp-json\/wp\/v2\/categories?post=3599"},{"taxonomy":"post_tag","embeddable":true,"href":"https:\/\/www.justiceinfo.net\/fr\/wp-json\/wp\/v2\/tags?post=3599"},{"taxonomy":"ji_location","embeddable":true,"href":"https:\/\/www.justiceinfo.net\/fr\/wp-json\/wp\/v2\/ji_location?post=3599"}],"curies":[{"name":"wp","href":"https:\/\/api.w.org\/{rel}","templated":true}]}}