{"id":36041,"date":"2018-01-09T07:24:00","date_gmt":"2018-01-09T06:24:00","guid":{"rendered":"https:\/\/www.justiceinfo.net\/36041-tunisie-6.html"},"modified":"2018-01-09T07:24:00","modified_gmt":"2018-01-09T06:24:00","slug":"tunisie-6","status":"publish","type":"post","link":"https:\/\/www.justiceinfo.net\/fr\/36041-tunisie-6.html","title":{"rendered":"Tunisie : 34 ans d'injustice pour les victimes des \u00e9meutes de la faim"},"content":{"rendered":"<div class=\"content-excerpt\">\n<p><strong>Les auditions publiques de l\u2019Instance v\u00e9rit\u00e9 et dignit\u00e9 (IVD) ont abord\u00e9 jeudi 4 janvier le dossier des \u00e9meutes du pain de janvier 1984. La police avait tir\u00e9 \u00e0 balles r\u00e9elles sur des manifestants contre la hausse des prix de la semoule et du pain. Devant l\u2019IVD, les victimes ont d\u00e9voil\u00e9 l\u2019injustice qu\u2019ils ont continu\u00e9 \u00e0 subir des ann\u00e9es apr\u00e8s.<\/strong><\/p>\n<\/div>\n<p>C\u2019est une audition collective qui a \u00e9t\u00e9 organis\u00e9e au si\u00e8ge de l\u2019<a href=\"https:\/\/www.facebook.com\/IVDTN\" target=\"_blank\" rel=\"noopener\">Instance v\u00e9rit\u00e9 et dignit\u00e9<\/a> jeudi dernier. Une vingtaine de victimes et de t\u00e9moins y ont pris part. Ils sont revenus sur un dossier remontant \u00e0 il y a 34 ans mais encore non r\u00e9solu, la v\u00e9rit\u00e9 n\u2019ayant encore pas \u00e9t\u00e9 enti\u00e8rement \u00e9tablie sur ces \u00e9meutes. Par ailleurs des centaines d\u2019hommes et de femmes s\u2019\u00e9tant soulev\u00e9s contre l\u2019augmentation vertigineuse des prix du pain de l\u2019\u00e9poque n\u2019ont \u00e9t\u00e9 ni r\u00e9habilit\u00e9s, ni r\u00e9par\u00e9s. L\u2019IVD a d\u00e9clar\u00e9 avoir re\u00e7u 1230 dossiers relatifs \u00e0 la r\u00e9volte du pain dont 85 pour meurtre, 213 pour agressions physiques, durant ou \u00e0 l\u2019occasion des \u00e9meutes, et 932 pour arrestations arbitraires et torture.<\/p>\n<p>En 1983, les finances de la Tunisie vont mal, en raison en particulier de la baisse des prix du p\u00e9trole conjugu\u00e9e \u00e0 d'\u00e9normes d\u00e9penses.\u00a0Le Fond Mon\u00e9taire International (FMI) exige de la Tunisie la mise en place d'une politique d'aust\u00e9rit\u00e9 due \u00e0 l'augmentation de sa dette. Pour diminuer son d\u00e9ficit budg\u00e9taire, le gouvernement d\u00e9cide de supprimer les subventions aux produits c\u00e9r\u00e9aliers, autour des quels s\u2019articule le r\u00e9gime alimentaire de la majorit\u00e9 des Tunisiens. Le doublement des prix du pain, des p\u00e2tes et de la semoule devient effectif les derniers jours du mois de d\u00e9cembre 1983. Ce qui commence par semer la col\u00e8re \u00e0 Douz, une petite oasis situ\u00e9e \u00e0 500 km au sud de Tunis. Une col\u00e8re qui sera tr\u00e8s vite contagieuse.<\/p>\n<p>\u00a0<\/p>\n<h3><strong>La r\u00e9volte se r\u00e9pand dans tout le pays <\/strong><\/h3>\n<p>La nouvelle se r\u00e9pand comme un feu de paille en ce jeudi 29 d\u00e9cembre, jour de march\u00e9 dans cette paisible palmeraie. Les notables d\u00e9cident de communiquer au d\u00e9l\u00e9gu\u00e9 de la r\u00e9gion, repr\u00e9sentant officiel du minist\u00e8re de l\u2019Int\u00e9rieur, la d\u00e9sapprobation de la population quant \u00e0 cette d\u00e9cision d\u00e9cr\u00e9t\u00e9e par les pouvoirs publics. Mais ils se voient refoul\u00e9s par le responsable.<\/p>\n<p>\u00ab\u00a0Un acte que nous avons interpr\u00e9t\u00e9 comme une humiliation. Des manifestations pacifiques anim\u00e9es par les jeunes se d\u00e9clenchent alors \u00e0 Douz. On y brandit des slogans oppos\u00e9s au d\u00e9nigrement du peuple et \u00e0 notre droit au respect et \u00e0 la dignit\u00e9. La r\u00e9pression polici\u00e8re est f\u00e9roce. Les coups de matraque pleuvent. Des victimes touch\u00e9es par balles tombent. Puis d\u00e9barquent chez nous les Brigades anti \u00e9meutes. Je suis arr\u00eat\u00e9 avec plusieurs autres jeunes. A part les insulte, la torture et les s\u00e9vices que nous subissons, notre r\u00e9gion sera longtemps marginalis\u00e9e, une mesure de sanction appliqu\u00e9e \u00e0 Douz, qui sera bannie de projets de d\u00e9veloppement pendant plus de 30 ans \u00bb, t\u00e9moigne Ahmed Ben Messaoud, enseignant de 27 ans au moment des faits.<\/p>\n<p>Les \u00e9meutes vont se r\u00e9pandre par la suite dans l\u2019ensemble des villes et villages du pays, Kebili, El Hamma, Sfax, Kasserine, Sidi Bouzid, Kairouan, Gab\u00e8s, Jendouba, B\u00e9ja, le Kef, Nabeul, Sousse, Monastir, Mahdia, Tunis.<\/p>\n<h3><strong>123 morts, 1500 bless\u00e9s, des milliers d\u2019arrestations <\/strong><\/h3>\n<p>Le 3 janvier le soul\u00e8vement atteint la capitale o\u00f9 les manifestants bravent l\u2019\u00e9tat d\u2019urgence et le couvre feu install\u00e9s d\u00e8s le 1<sup>er<\/sup> janvier et affrontent les forces de l\u2019ordre \u00e0 coups de jets de pierres. Les protestataires qui investissent les rues ont souvent moins de 20 ans, ce sont des lyc\u00e9ens, des paysans, des ch\u00f4meurs et des ouvriers qui vivent dans des situations de pr\u00e9carit\u00e9. La riposte des autorit\u00e9s est excessivement violente. Les chars envahissent les villes et on tire \u00e0 balles r\u00e9elles sur les foules entrainant la mort de 123 personnes selon un rapport \u00e9tabli par la ligue Tunisienne des droits de l\u2019homme (LTDH). 1\u00a0500 autres personnes sont bless\u00e9es selon le m\u00eame rapport. Le 6 janvier le pr\u00e9sident Bourguiba intervient \u00e0 la t\u00e9l\u00e9vision pour annuler toutes les augmentations.<\/p>\n<p>Moncef La\u00e2jimi avait 17 ans lorsque la r\u00e9volte atteint le 3 janvier 1984 le Kram Ouest, une banlieue d\u00e9favoris\u00e9e de Tunis. Il prend part \u00e0 une manifestation pacifiste et se voit arr\u00eat\u00e9 avec 34 de ses amis de quartier, f\u00e9rocement tortur\u00e9 pendant un mois au minist\u00e8re de l\u2019Int\u00e9rieur puis condamn\u00e9 \u00e0\u202617 ans de prison ferme.<\/p>\n<p>\u00ab\u00a0Tout \u00e7a pour avoir implor\u00e9 le pr\u00e9sident Bourguiba \u00e0 travers des slogans \u00e0 r\u00e9viser \u00e0 la baisser le prix du pain\u00a0!\u00a0\u00bb, s\u2019exclame-t-il pendant son t\u00e9moignage devant l\u2019IVD. Apr\u00e8s avoir \u00e9cop\u00e9 sa peine dans des conditions inhumaines de promiscuit\u00e9 avec des criminels de droit public o\u00f9 les s\u00e9vices des gardes p\u00e9nitenciers se sont poursuivis comme mesures de repr\u00e9sailles \u00e0 ces \u00ab\u00a0initiateurs de la r\u00e9volte\u00a0\u00bb, Moncef La\u00e2jimi est lib\u00e9r\u00e9 en 1988, avec l\u2019acc\u00e8s du pr\u00e9sident Ben Ali au pouvoir. \u00ab\u00a0Or, les \u00e9preuves continueront durant toute la p\u00e9riode de son r\u00e8gne et jusqu'\u00e0 aujourd\u2019hui. Pendant toutes ces ann\u00e9es, la pr\u00e9carit\u00e9 a \u00e9t\u00e9 notre pain quotidien ma famille et moi stigmatis\u00e9s que nous sommes par cet \u00e9pisode des \u00e9meutes de 1984\u00a0\u00bb, assure-t-il.<\/p>\n<p><iframe loading=\"lazy\" src=\"https:\/\/www.youtube.com\/embed\/z4spMY_BI94\" width=\"560\" height=\"315\" frameborder=\"0\" allowfullscreen=\"allowfullscreen\"><\/iframe><\/p>\n<p>\u00a0<\/p>\n<h3><strong>Le deuil d\u2019un p\u00e8re confisqu\u00e9 par la police<\/strong><\/h3>\n<p>Dans la r\u00e9gion de Sfax, les victimes qui tombent sous les balles des forces de l\u2019ordre sont inhum\u00e9es en secret, dans la pr\u00e9cipitation, le soir par la police. Les familles sont interdites de deuil.<\/p>\n<p>Mohamed Sallami garde ouvertes les blessures de son deuil confisqu\u00e9 par la police \u00e0 la mort de son fils de 18 ans.<\/p>\n<p>\u00abJ\u2019\u00e9tais devenu leur prisonnier. Mes gestes et mouvements \u00e9taient sous contr\u00f4le. M\u00eame lorsque je m\u2019installais devant ma maison pour respirer, on m\u2019obligeait \u00e0 m\u2019enfermer chez moi pour ne pas recevoir les condol\u00e9ances de mes voisins\u00a0et ameuter ainsi le quartier sur mon drame \u00bb, se souvient le vieil homme.<\/p>\n<p>Saber Ben Rachida a 12 ans lorsqu\u2019il assiste dans une rue en \u00e9bullition de Jbenyana, ville proche de Sfax, \u00e0 l\u2019assassinat de son fr\u00e8re ain\u00e9, \u00e2g\u00e9 de 17 ans \u00e0 l\u2019\u00e9poque des faits. Il ne peut pardonner au pouvoir le parcours du combattant qui a \u00e9t\u00e9 impos\u00e9 \u00e0 sa famille pour r\u00e9cup\u00e9rer la d\u00e9pouille du fr\u00e8re, l\u2019engagement officiel que le p\u00e8re a \u00e9t\u00e9 contraint de signer pour organiser des fun\u00e9railles priv\u00e9es puis finalement l\u2019inhumation par la police du corps du fr\u00e8re loin de leur ville natal.<\/p>\n<p>\u00ab\u00a0Aujourd\u2019hui nous ne sommes m\u00eame pas s\u00fbrs que dans la tombe que nous visitons r\u00e9guli\u00e8rement git le corps de mon fr\u00e8re\u00a0\u00bb, s\u2019\u00e9meut Saber Ben Rachida.<\/p>\n<h3><strong>Un second janvier 1984 est-il possible\u00a0? <\/strong><\/h3>\n<p>L\u2019audition de jeudi dernier survient dans un contexte de grogne sociale \u00e0 la suite de la hausse r\u00e9cente des prix des carburants ainsi que de l\u2019impact de la l\u2019augmentation de la TVA, d\u00e9cid\u00e9e dans le cadre de la loi des Finances 2018, sur plusieurs produits de consommation. Des partis de gauche ont appel\u00e9 la semaine pass\u00e9e le peuple \u00e0 descendre dans la rue pour s\u2019opposer pacifiquement \u00e0 ces mesures qui portent atteinte \u00ab\u00a0\u00e0 ce qui reste du pouvoir d'achat Tunisiens et qui font porter la responsabilit\u00e9 de la crise \u00e9conomique \u00e0 ceux qui n'en sont pas responsables\u00a0\u00bb, cite dans un communiqu\u00e9 le parti des Travailleurs. Ce weekend, des manifestations organis\u00e9es contre la chert\u00e9 de la vie par la campagne<em> \u00ab <a href=\"https:\/\/www.facebook.com\/%D9%81%D8%A7%D8%B4-%D9%86%D8%B3%D8%AA%D9%86%D8%A7%D9%88--1784313681639144\/?hc_ref=ARTfgVleTCixWaumerkR2SCIJztznZGhMCLqbjlcMp-F0FaPIbcihHqeIk6_MVprH-w\" target=\"_blank\" rel=\"noopener\">Fach Nistanaw<\/a> \u00bb<\/em> (<em>Qu\u2019attendons-nous\u00a0?<\/em>) ont sillonn\u00e9 plusieurs villes du pays. Les jeunes qui les dirigent se disent a politiques et s\u2019inspirent des mouvements des Indign\u00e9s pour occuper de nuit la rue. Objectif\u00a0: faire tomber la Loi des Fiances 2018. Des arrestations ont \u00e9t\u00e9 enregistr\u00e9es parmi les rangs des manifestants.<\/p>\n<p>Un second janvier 1984 est-il envisageable aujourd\u2019hui\u00a0? 34 ans apr\u00e8s ces \u00e9v\u00e8nements sanglants\u00a0et sept ans apr\u00e8s la R\u00e9volution ? Certaines victimes semblent convaincues de son possible retournement notamment si cette page sombre de l\u2019histoire de la Tunisie reste consid\u00e9r\u00e9e comme class\u00e9e par l\u2019Etat et ses repr\u00e9sentants.<\/p>\n<p><strong>\u00a0<\/strong>\u00a0<\/p>\n","protected":false},"excerpt":{"rendered":"<p>Les auditions publiques de l\u2019Instance v\u00e9rit\u00e9 et dignit\u00e9 (IVD) ont abord\u00e9 jeudi 4 janvier le dossier des \u00e9meutes du pain de janvier 1984. La police avait tir\u00e9 \u00e0 balles r\u00e9elles sur des manifestants contre la hausse des prix de la semoule et du pain. Devant l\u2019IVD, les victimes ont d\u00e9voil\u00e9 l\u2019injustice qu\u2019ils ont continu\u00e9 \u00e0 [&hellip;]<\/p>\n","protected":false},"author":64,"featured_media":67514,"comment_status":"open","ping_status":"closed","sticky":false,"template":"","format":"standard","meta":{"_acf_changed":false,"footnotes":""},"categories":[549],"tags":[],"ji_location":[2520],"class_list":["post-36041","post","type-post","status-publish","format-standard","has-post-thumbnail","hentry","category-reconciliation","ji_location-tunisie"],"acf":[],"yoast_head":"<!-- This site is optimized with the Yoast SEO Premium plugin v25.3.1 (Yoast SEO v25.3.1) - https:\/\/yoast.com\/wordpress\/plugins\/seo\/ -->\n<title>Tunisie : 34 ans d&#039;injustice pour les victimes des \u00e9meutes de la faim - JusticeInfo.net<\/title>\n<meta name=\"robots\" content=\"index, follow, max-snippet:-1, max-image-preview:large, max-video-preview:-1\" \/>\n<link rel=\"canonical\" href=\"https:\/\/www.justiceinfo.net\/fr\/36041-tunisie-6.html\" \/>\n<meta property=\"og:locale\" content=\"fr_FR\" \/>\n<meta property=\"og:type\" content=\"article\" \/>\n<meta property=\"og:title\" content=\"Tunisie : 34 ans d&#039;injustice pour les victimes des \u00e9meutes de la faim\" \/>\n<meta property=\"og:description\" content=\"Les auditions publiques de l\u2019Instance v\u00e9rit\u00e9 et dignit\u00e9 (IVD) ont abord\u00e9 jeudi 4 janvier le dossier des \u00e9meutes du pain de janvier 1984. La police avait tir\u00e9 \u00e0 balles r\u00e9elles sur des manifestants contre la hausse des prix de la semoule et du pain. Devant l\u2019IVD, les victimes ont d\u00e9voil\u00e9 l\u2019injustice qu\u2019ils ont continu\u00e9 \u00e0 [&hellip;]\" \/>\n<meta property=\"og:url\" content=\"https:\/\/www.justiceinfo.net\/fr\/36041-tunisie-6.html\" \/>\n<meta property=\"og:site_name\" content=\"JusticeInfo.net\" \/>\n<meta property=\"article:publisher\" content=\"https:\/\/www.facebook.com\/JusticeInfo\/\" \/>\n<meta property=\"article:published_time\" content=\"2018-01-09T06:24:00+00:00\" \/>\n<meta property=\"og:image\" content=\"https:\/\/www.justiceinfo.net\/wp-content\/uploads\/fcb17221b31171a80d4a9beb3cd45d62-scaled.jpg\" \/>\n\t<meta property=\"og:image:width\" content=\"2560\" \/>\n\t<meta property=\"og:image:height\" content=\"1853\" \/>\n\t<meta property=\"og:image:type\" content=\"image\/jpeg\" \/>\n<meta name=\"author\" content=\"Olfa Belhassine de notre correspondante \u00e0 Tunis\" \/>\n<meta name=\"twitter:card\" content=\"summary_large_image\" \/>\n<meta name=\"twitter:creator\" content=\"@justiceinfonet\" \/>\n<meta name=\"twitter:site\" content=\"@justiceinfonet\" \/>\n<meta name=\"twitter:label1\" content=\"\u00c9crit par\" \/>\n\t<meta name=\"twitter:data1\" content=\"Olfa Belhassine de notre correspondante \u00e0 Tunis\" \/>\n\t<meta name=\"twitter:label2\" content=\"Dur\u00e9e de lecture estim\u00e9e\" \/>\n\t<meta name=\"twitter:data2\" content=\"7 minutes\" \/>\n<script type=\"application\/ld+json\" class=\"yoast-schema-graph\">{\"@context\":\"https:\/\/schema.org\",\"@graph\":[{\"@type\":\"NewsArticle\",\"@id\":\"https:\/\/www.justiceinfo.net\/fr\/36041-tunisie-6.html#article\",\"isPartOf\":{\"@id\":\"https:\/\/www.justiceinfo.net\/fr\/36041-tunisie-6.html\"},\"author\":{\"name\":\"solivri\",\"@id\":\"https:\/\/www.justiceinfo.net\/fr#\/schema\/person\/6e53cba1629e2e66f3fc1821d3091865\"},\"headline\":\"Tunisie : 34 ans d'injustice pour les victimes des \u00e9meutes de la faim\",\"datePublished\":\"2018-01-09T06:24:00+00:00\",\"mainEntityOfPage\":{\"@id\":\"https:\/\/www.justiceinfo.net\/fr\/36041-tunisie-6.html\"},\"wordCount\":1417,\"commentCount\":0,\"publisher\":{\"@id\":\"https:\/\/www.justiceinfo.net\/fr#organization\"},\"image\":{\"@id\":\"https:\/\/www.justiceinfo.net\/fr\/36041-tunisie-6.html#primaryimage\"},\"thumbnailUrl\":\"https:\/\/www.justiceinfo.net\/wp-content\/uploads\/fcb17221b31171a80d4a9beb3cd45d62-scaled.jpg\",\"articleSection\":[\"R\u00e9conciliation\"],\"inLanguage\":\"fr-FR\",\"potentialAction\":[{\"@type\":\"CommentAction\",\"name\":\"Comment\",\"target\":[\"https:\/\/www.justiceinfo.net\/fr\/36041-tunisie-6.html#respond\"]}]},{\"@type\":\"WebPage\",\"@id\":\"https:\/\/www.justiceinfo.net\/fr\/36041-tunisie-6.html\",\"url\":\"https:\/\/www.justiceinfo.net\/fr\/36041-tunisie-6.html\",\"name\":\"Tunisie : 34 ans d'injustice pour les victimes des \u00e9meutes de la faim - JusticeInfo.net\",\"isPartOf\":{\"@id\":\"https:\/\/www.justiceinfo.net\/fr#website\"},\"primaryImageOfPage\":{\"@id\":\"https:\/\/www.justiceinfo.net\/fr\/36041-tunisie-6.html#primaryimage\"},\"image\":{\"@id\":\"https:\/\/www.justiceinfo.net\/fr\/36041-tunisie-6.html#primaryimage\"},\"thumbnailUrl\":\"https:\/\/www.justiceinfo.net\/wp-content\/uploads\/fcb17221b31171a80d4a9beb3cd45d62-scaled.jpg\",\"datePublished\":\"2018-01-09T06:24:00+00:00\",\"breadcrumb\":{\"@id\":\"https:\/\/www.justiceinfo.net\/fr\/36041-tunisie-6.html#breadcrumb\"},\"inLanguage\":\"fr-FR\",\"potentialAction\":[{\"@type\":\"ReadAction\",\"target\":[\"https:\/\/www.justiceinfo.net\/fr\/36041-tunisie-6.html\"]}]},{\"@type\":\"ImageObject\",\"inLanguage\":\"fr-FR\",\"@id\":\"https:\/\/www.justiceinfo.net\/fr\/36041-tunisie-6.html#primaryimage\",\"url\":\"https:\/\/www.justiceinfo.net\/wp-content\/uploads\/fcb17221b31171a80d4a9beb3cd45d62-scaled.jpg\",\"contentUrl\":\"https:\/\/www.justiceinfo.net\/wp-content\/uploads\/fcb17221b31171a80d4a9beb3cd45d62-scaled.jpg\",\"width\":2560,\"height\":1853},{\"@type\":\"BreadcrumbList\",\"@id\":\"https:\/\/www.justiceinfo.net\/fr\/36041-tunisie-6.html#breadcrumb\",\"itemListElement\":[{\"@type\":\"ListItem\",\"position\":1,\"name\":\"Home\",\"item\":\"https:\/\/www.justiceinfo.net\/fr\"},{\"@type\":\"ListItem\",\"position\":2,\"name\":\"Tunisie : 34 ans d'injustice pour les victimes des \u00e9meutes de la faim\"}]},{\"@type\":\"WebSite\",\"@id\":\"https:\/\/www.justiceinfo.net\/fr#website\",\"url\":\"https:\/\/www.justiceinfo.net\/fr\",\"name\":\"JusticeInfo.net\",\"description\":\"La justice doit \u00eatre vue pour \u00eatre rendue\",\"publisher\":{\"@id\":\"https:\/\/www.justiceinfo.net\/fr#organization\"},\"potentialAction\":[{\"@type\":\"SearchAction\",\"target\":{\"@type\":\"EntryPoint\",\"urlTemplate\":\"https:\/\/www.justiceinfo.net\/fr?s={search_term_string}\"},\"query-input\":{\"@type\":\"PropertyValueSpecification\",\"valueRequired\":true,\"valueName\":\"search_term_string\"}}],\"inLanguage\":\"fr-FR\"},{\"@type\":\"Organization\",\"@id\":\"https:\/\/www.justiceinfo.net\/fr#organization\",\"name\":\"Justice Info\",\"url\":\"https:\/\/www.justiceinfo.net\/fr\",\"logo\":{\"@type\":\"ImageObject\",\"inLanguage\":\"fr-FR\",\"@id\":\"https:\/\/www.justiceinfo.net\/fr#\/schema\/logo\/image\/\",\"url\":\"https:\/\/www.justiceinfo.net\/wp-content\/uploads\/justiceinfo_logo-trans_1200x1200px.png\",\"contentUrl\":\"https:\/\/www.justiceinfo.net\/wp-content\/uploads\/justiceinfo_logo-trans_1200x1200px.png\",\"width\":1199,\"height\":1200,\"caption\":\"Justice Info\"},\"image\":{\"@id\":\"https:\/\/www.justiceinfo.net\/fr#\/schema\/logo\/image\/\"},\"sameAs\":[\"https:\/\/www.facebook.com\/JusticeInfo\/\",\"https:\/\/x.com\/justiceinfonet\",\"https:\/\/www.linkedin.com\/company\/justice-info\",\"https:\/\/www.youtube.com\/channel\/UCyCEsARodyuWtkWyhn-e7pA\"]},{\"@type\":\"Person\",\"name\":\"Olfa Belhassine de notre correspondante \u00e0 Tunis\",\"url\":\"\/fr\/?s=Olfa Belhassine de notre correspondante \u00e0 Tunis\"}]}<\/script>\n<!-- \/ Yoast SEO Premium plugin. -->","yoast_head_json":{"title":"Tunisie : 34 ans d'injustice pour les victimes des \u00e9meutes de la faim - JusticeInfo.net","robots":{"index":"index","follow":"follow","max-snippet":"max-snippet:-1","max-image-preview":"max-image-preview:large","max-video-preview":"max-video-preview:-1"},"canonical":"https:\/\/www.justiceinfo.net\/fr\/36041-tunisie-6.html","og_locale":"fr_FR","og_type":"article","og_title":"Tunisie : 34 ans d'injustice pour les victimes des \u00e9meutes de la faim","og_description":"Les auditions publiques de l\u2019Instance v\u00e9rit\u00e9 et dignit\u00e9 (IVD) ont abord\u00e9 jeudi 4 janvier le dossier des \u00e9meutes du pain de janvier 1984. La police avait tir\u00e9 \u00e0 balles r\u00e9elles sur des manifestants contre la hausse des prix de la semoule et du pain. Devant l\u2019IVD, les victimes ont d\u00e9voil\u00e9 l\u2019injustice qu\u2019ils ont continu\u00e9 \u00e0 [&hellip;]","og_url":"https:\/\/www.justiceinfo.net\/fr\/36041-tunisie-6.html","og_site_name":"JusticeInfo.net","article_publisher":"https:\/\/www.facebook.com\/JusticeInfo\/","article_published_time":"2018-01-09T06:24:00+00:00","og_image":[{"width":2560,"height":1853,"url":"https:\/\/www.justiceinfo.net\/wp-content\/uploads\/fcb17221b31171a80d4a9beb3cd45d62-scaled.jpg","type":"image\/jpeg"}],"author":"Olfa Belhassine de notre correspondante \u00e0 Tunis","twitter_card":"summary_large_image","twitter_creator":"@justiceinfonet","twitter_site":"@justiceinfonet","twitter_misc":{"\u00c9crit par":"Olfa Belhassine de notre correspondante \u00e0 Tunis","Dur\u00e9e de lecture estim\u00e9e":"7 minutes"},"schema":{"@context":"https:\/\/schema.org","@graph":[{"@type":"NewsArticle","@id":"https:\/\/www.justiceinfo.net\/fr\/36041-tunisie-6.html#article","isPartOf":{"@id":"https:\/\/www.justiceinfo.net\/fr\/36041-tunisie-6.html"},"author":{"name":"solivri","@id":"https:\/\/www.justiceinfo.net\/fr#\/schema\/person\/6e53cba1629e2e66f3fc1821d3091865"},"headline":"Tunisie : 34 ans d'injustice pour les victimes des \u00e9meutes de la faim","datePublished":"2018-01-09T06:24:00+00:00","mainEntityOfPage":{"@id":"https:\/\/www.justiceinfo.net\/fr\/36041-tunisie-6.html"},"wordCount":1417,"commentCount":0,"publisher":{"@id":"https:\/\/www.justiceinfo.net\/fr#organization"},"image":{"@id":"https:\/\/www.justiceinfo.net\/fr\/36041-tunisie-6.html#primaryimage"},"thumbnailUrl":"https:\/\/www.justiceinfo.net\/wp-content\/uploads\/fcb17221b31171a80d4a9beb3cd45d62-scaled.jpg","articleSection":["R\u00e9conciliation"],"inLanguage":"fr-FR","potentialAction":[{"@type":"CommentAction","name":"Comment","target":["https:\/\/www.justiceinfo.net\/fr\/36041-tunisie-6.html#respond"]}]},{"@type":"WebPage","@id":"https:\/\/www.justiceinfo.net\/fr\/36041-tunisie-6.html","url":"https:\/\/www.justiceinfo.net\/fr\/36041-tunisie-6.html","name":"Tunisie : 34 ans d'injustice pour les victimes des \u00e9meutes de la faim - JusticeInfo.net","isPartOf":{"@id":"https:\/\/www.justiceinfo.net\/fr#website"},"primaryImageOfPage":{"@id":"https:\/\/www.justiceinfo.net\/fr\/36041-tunisie-6.html#primaryimage"},"image":{"@id":"https:\/\/www.justiceinfo.net\/fr\/36041-tunisie-6.html#primaryimage"},"thumbnailUrl":"https:\/\/www.justiceinfo.net\/wp-content\/uploads\/fcb17221b31171a80d4a9beb3cd45d62-scaled.jpg","datePublished":"2018-01-09T06:24:00+00:00","breadcrumb":{"@id":"https:\/\/www.justiceinfo.net\/fr\/36041-tunisie-6.html#breadcrumb"},"inLanguage":"fr-FR","potentialAction":[{"@type":"ReadAction","target":["https:\/\/www.justiceinfo.net\/fr\/36041-tunisie-6.html"]}]},{"@type":"ImageObject","inLanguage":"fr-FR","@id":"https:\/\/www.justiceinfo.net\/fr\/36041-tunisie-6.html#primaryimage","url":"https:\/\/www.justiceinfo.net\/wp-content\/uploads\/fcb17221b31171a80d4a9beb3cd45d62-scaled.jpg","contentUrl":"https:\/\/www.justiceinfo.net\/wp-content\/uploads\/fcb17221b31171a80d4a9beb3cd45d62-scaled.jpg","width":2560,"height":1853},{"@type":"BreadcrumbList","@id":"https:\/\/www.justiceinfo.net\/fr\/36041-tunisie-6.html#breadcrumb","itemListElement":[{"@type":"ListItem","position":1,"name":"Home","item":"https:\/\/www.justiceinfo.net\/fr"},{"@type":"ListItem","position":2,"name":"Tunisie : 34 ans d'injustice pour les victimes des \u00e9meutes de la faim"}]},{"@type":"WebSite","@id":"https:\/\/www.justiceinfo.net\/fr#website","url":"https:\/\/www.justiceinfo.net\/fr","name":"JusticeInfo.net","description":"La justice doit \u00eatre vue pour \u00eatre rendue","publisher":{"@id":"https:\/\/www.justiceinfo.net\/fr#organization"},"potentialAction":[{"@type":"SearchAction","target":{"@type":"EntryPoint","urlTemplate":"https:\/\/www.justiceinfo.net\/fr?s={search_term_string}"},"query-input":{"@type":"PropertyValueSpecification","valueRequired":true,"valueName":"search_term_string"}}],"inLanguage":"fr-FR"},{"@type":"Organization","@id":"https:\/\/www.justiceinfo.net\/fr#organization","name":"Justice Info","url":"https:\/\/www.justiceinfo.net\/fr","logo":{"@type":"ImageObject","inLanguage":"fr-FR","@id":"https:\/\/www.justiceinfo.net\/fr#\/schema\/logo\/image\/","url":"https:\/\/www.justiceinfo.net\/wp-content\/uploads\/justiceinfo_logo-trans_1200x1200px.png","contentUrl":"https:\/\/www.justiceinfo.net\/wp-content\/uploads\/justiceinfo_logo-trans_1200x1200px.png","width":1199,"height":1200,"caption":"Justice Info"},"image":{"@id":"https:\/\/www.justiceinfo.net\/fr#\/schema\/logo\/image\/"},"sameAs":["https:\/\/www.facebook.com\/JusticeInfo\/","https:\/\/x.com\/justiceinfonet","https:\/\/www.linkedin.com\/company\/justice-info","https:\/\/www.youtube.com\/channel\/UCyCEsARodyuWtkWyhn-e7pA"]},{"@type":"Person","name":"Olfa Belhassine de notre correspondante \u00e0 Tunis","url":"\/fr\/?s=Olfa Belhassine de notre correspondante \u00e0 Tunis"}]}},"_links":{"self":[{"href":"https:\/\/www.justiceinfo.net\/fr\/wp-json\/wp\/v2\/posts\/36041","targetHints":{"allow":["GET"]}}],"collection":[{"href":"https:\/\/www.justiceinfo.net\/fr\/wp-json\/wp\/v2\/posts"}],"about":[{"href":"https:\/\/www.justiceinfo.net\/fr\/wp-json\/wp\/v2\/types\/post"}],"author":[{"embeddable":true,"href":"https:\/\/www.justiceinfo.net\/fr\/wp-json\/wp\/v2\/users\/64"}],"replies":[{"embeddable":true,"href":"https:\/\/www.justiceinfo.net\/fr\/wp-json\/wp\/v2\/comments?post=36041"}],"version-history":[{"count":0,"href":"https:\/\/www.justiceinfo.net\/fr\/wp-json\/wp\/v2\/posts\/36041\/revisions"}],"wp:featuredmedia":[{"embeddable":true,"href":"https:\/\/www.justiceinfo.net\/fr\/wp-json\/wp\/v2\/media\/67514"}],"wp:attachment":[{"href":"https:\/\/www.justiceinfo.net\/fr\/wp-json\/wp\/v2\/media?parent=36041"}],"wp:term":[{"taxonomy":"category","embeddable":true,"href":"https:\/\/www.justiceinfo.net\/fr\/wp-json\/wp\/v2\/categories?post=36041"},{"taxonomy":"post_tag","embeddable":true,"href":"https:\/\/www.justiceinfo.net\/fr\/wp-json\/wp\/v2\/tags?post=36041"},{"taxonomy":"ji_location","embeddable":true,"href":"https:\/\/www.justiceinfo.net\/fr\/wp-json\/wp\/v2\/ji_location?post=36041"}],"curies":[{"name":"wp","href":"https:\/\/api.w.org\/{rel}","templated":true}]}}